{"id":18959,"date":"2024-02-29T16:03:52","date_gmt":"2024-02-29T16:03:52","guid":{"rendered":"https:\/\/www.prooptica.pt\/?p=18959"},"modified":"2024-02-29T16:03:52","modified_gmt":"2024-02-29T16:03:52","slug":"lanidor-nueva-coleccion-de-gafas-2","status":"publish","type":"post","link":"https:\/\/www.prooptica.pt\/es\/lanidor-nova-colecao-eyewear-2\/","title":{"rendered":"Lanidor | Nueva colecci\u00f3n de gafas"},"content":{"rendered":"<p>Lanidor es una marca de moda portuguesa de alta calidad y renombre internacional, conocida por sus dise\u00f1os modernos y su atenci\u00f3n al detalle.<\/p>\n<p>Dedicada a mujeres con una personalidad independiente y cosmopolita, Lanidor crea un estilo de vida \u00fanico y exclusivo, basado en la innovaci\u00f3n y la diferenciaci\u00f3n, siempre inspirada en su Visi\u00f3n \"hacer a las personas m\u00e1s felices\".<\/p>\n<p>La colecci\u00f3n de gafas Lanidor es una extensi\u00f3n natural de la filosof\u00eda de la marca, con la misma visi\u00f3n y atenci\u00f3n al detalle. La nueva colecci\u00f3n sigue centr\u00e1ndose en modelos elegantes y modernos, siempre en l\u00ednea con las tendencias actuales. Los acetatos presentan dise\u00f1os sencillos, vers\u00e1tiles y comerciales, mientras que los metales siguen revelando detalles de color entre ellos. Los grifones vuelven a la colecci\u00f3n, con el toque de elegancia caracter\u00edstico de la marca.<\/p>\n<p><img fetchpriority=\"high\" decoding=\"async\" class=\"aligncenter wp-image-18960 size-full\" src=\"https:\/\/www.prooptica.pt\/wp-content\/uploads\/2024\/02\/Lanidor-Jan2024-4.png\" alt=\"Lanidor - Nueva colecci\u00f3n\" width=\"940\" height=\"788\" srcset=\"https:\/\/www.prooptica.pt\/wp-content\/uploads\/2024\/02\/Lanidor-Jan2024-4.png 940w, https:\/\/www.prooptica.pt\/wp-content\/uploads\/2024\/02\/Lanidor-Jan2024-4-300x251.png 300w, https:\/\/www.prooptica.pt\/wp-content\/uploads\/2024\/02\/Lanidor-Jan2024-4-768x644.png 768w\" sizes=\"(max-width: 940px) 100vw, 940px\" \/><\/p>\n<p>Descubra toda la colecci\u00f3n Lanidor Eyewear en <strong><span style=\"color: #000080;\"><a style=\"color: #000080;\" href=\"https:\/\/www.prooptica.pt\/wp-content\/uploads\/2024\/02\/Catalogo-Lanidor-jan2024_web.pdf\">cat\u00e1logo.<\/a><\/span><\/strong><\/p>","protected":false},"excerpt":{"rendered":"<p>A Lanidor \u00e9 uma marca de moda portuguesa de alta qualidade e renome internacional, conhecida pelos seus designs modernos e aten\u00e7\u00e3o aos detalhes. Dedicada a mulheres com personalidade independente e cosmopolita, a Lanidor cria um estilo de vida \u00fanico e exclusivo, baseado na inova\u00e7\u00e3o e diferencia\u00e7\u00e3o, tendo sempre como inspira\u00e7\u00e3o a sua Vis\u00e3o \u201cmaking people [&hellip;]<\/p>\n","protected":false},"author":2,"featured_media":18962,"comment_status":"closed","ping_status":"closed","sticky":false,"template":"","format":"standard","meta":{"footnotes":""},"categories":[67,189],"tags":[],"class_list":["post-18959","post","type-post","status-publish","format-standard","has-post-thumbnail","hentry","category-moda-portuguesa","category-oculos"],"yoast_head":"<!-- This site is optimized with the Yoast SEO plugin v27.4 - https:\/\/yoast.com\/product\/yoast-seo-wordpress\/ -->\n<title>Lanidor | Nova cole\u00e7\u00e3o Eyewear<\/title>\n<meta name=\"description\" content=\"Conhe\u00e7a as novidades da cole\u00e7\u00e3o Lanidor Eyewear, sempre alinhadas com as tend\u00eancias atuais, bem como as novas imagens da marca.\" \/>\n<meta name=\"robots\" content=\"index, follow, max-snippet:-1, max-image-preview:large, max-video-preview:-1\" \/>\n<link rel=\"canonical\" href=\"https:\/\/www.prooptica.pt\/es\/lanidor-nueva-coleccion-de-gafas-2\/\" \/>\n<meta property=\"og:locale\" content=\"es_ES\" \/>\n<meta property=\"og:type\" content=\"article\" \/>\n<meta property=\"og:title\" content=\"Lanidor | Nova cole\u00e7\u00e3o Eyewear\" \/>\n<meta property=\"og:description\" content=\"Conhe\u00e7a as novidades da cole\u00e7\u00e3o Lanidor Eyewear, sempre alinhadas com as tend\u00eancias atuais, bem como as novas imagens da marca.\" \/>\n<meta property=\"og:url\" content=\"https:\/\/www.prooptica.pt\/es\/lanidor-nueva-coleccion-de-gafas-2\/\" \/>\n<meta property=\"og:site_name\" content=\"Prooptica\" \/>\n<meta property=\"article:published_time\" content=\"2024-02-29T16:03:52+00:00\" \/>\n<meta property=\"og:image\" content=\"https:\/\/www.prooptica.pt\/wp-content\/uploads\/2024\/02\/Capa-artigo-blog-Lanidor.jpg\" \/>\n\t<meta property=\"og:image:width\" content=\"854\" \/>\n\t<meta property=\"og:image:height\" content=\"514\" \/>\n\t<meta property=\"og:image:type\" content=\"image\/jpeg\" \/>\n<meta name=\"author\" content=\"admin\" \/>\n<meta name=\"twitter:card\" content=\"summary_large_image\" \/>\n<meta name=\"twitter:label1\" content=\"Escrito por\" \/>\n\t<meta name=\"twitter:data1\" content=\"admin\" \/>\n\t<meta name=\"twitter:label2\" content=\"Tiempo de lectura\" \/>\n\t<meta name=\"twitter:data2\" content=\"1 minuto\" \/>\n<script type=\"application\/ld+json\" class=\"yoast-schema-graph\">{\"@context\":\"https:\\\/\\\/schema.org\",\"@graph\":[{\"@type\":\"Article\",\"@id\":\"https:\\\/\\\/www.prooptica.pt\\\/lanidor-nova-colecao-eyewear-2\\\/#article\",\"isPartOf\":{\"@id\":\"https:\\\/\\\/www.prooptica.pt\\\/lanidor-nova-colecao-eyewear-2\\\/\"},\"author\":{\"name\":\"admin\",\"@id\":\"https:\\\/\\\/www.prooptica.pt\\\/home\\\/#\\\/schema\\\/person\\\/1cbd826a9322a3c38a052e43d1638306\"},\"headline\":\"Lanidor | Nova cole\u00e7\u00e3o Eyewear\",\"datePublished\":\"2024-02-29T16:03:52+00:00\",\"mainEntityOfPage\":{\"@id\":\"https:\\\/\\\/www.prooptica.pt\\\/lanidor-nova-colecao-eyewear-2\\\/\"},\"wordCount\":158,\"image\":{\"@id\":\"https:\\\/\\\/www.prooptica.pt\\\/lanidor-nova-colecao-eyewear-2\\\/#primaryimage\"},\"thumbnailUrl\":\"https:\\\/\\\/www.prooptica.pt\\\/wp-content\\\/uploads\\\/2024\\\/02\\\/Capa-artigo-blog-Lanidor.jpg\",\"articleSection\":[\"Moda Portuguesa\",\"\u00d3culos\"],\"inLanguage\":\"es\"},{\"@type\":\"WebPage\",\"@id\":\"https:\\\/\\\/www.prooptica.pt\\\/lanidor-nova-colecao-eyewear-2\\\/\",\"url\":\"https:\\\/\\\/www.prooptica.pt\\\/lanidor-nova-colecao-eyewear-2\\\/\",\"name\":\"Lanidor | Nova cole\u00e7\u00e3o Eyewear\",\"isPartOf\":{\"@id\":\"https:\\\/\\\/www.prooptica.pt\\\/home\\\/#website\"},\"primaryImageOfPage\":{\"@id\":\"https:\\\/\\\/www.prooptica.pt\\\/lanidor-nova-colecao-eyewear-2\\\/#primaryimage\"},\"image\":{\"@id\":\"https:\\\/\\\/www.prooptica.pt\\\/lanidor-nova-colecao-eyewear-2\\\/#primaryimage\"},\"thumbnailUrl\":\"https:\\\/\\\/www.prooptica.pt\\\/wp-content\\\/uploads\\\/2024\\\/02\\\/Capa-artigo-blog-Lanidor.jpg\",\"datePublished\":\"2024-02-29T16:03:52+00:00\",\"author\":{\"@id\":\"https:\\\/\\\/www.prooptica.pt\\\/home\\\/#\\\/schema\\\/person\\\/1cbd826a9322a3c38a052e43d1638306\"},\"description\":\"Conhe\u00e7a as novidades da cole\u00e7\u00e3o Lanidor Eyewear, sempre alinhadas com as tend\u00eancias atuais, bem como as novas imagens da marca.\",\"breadcrumb\":{\"@id\":\"https:\\\/\\\/www.prooptica.pt\\\/lanidor-nova-colecao-eyewear-2\\\/#breadcrumb\"},\"inLanguage\":\"es\",\"potentialAction\":[{\"@type\":\"ReadAction\",\"target\":[\"https:\\\/\\\/www.prooptica.pt\\\/lanidor-nova-colecao-eyewear-2\\\/\"]}]},{\"@type\":\"ImageObject\",\"inLanguage\":\"es\",\"@id\":\"https:\\\/\\\/www.prooptica.pt\\\/lanidor-nova-colecao-eyewear-2\\\/#primaryimage\",\"url\":\"https:\\\/\\\/www.prooptica.pt\\\/wp-content\\\/uploads\\\/2024\\\/02\\\/Capa-artigo-blog-Lanidor.jpg\",\"contentUrl\":\"https:\\\/\\\/www.prooptica.pt\\\/wp-content\\\/uploads\\\/2024\\\/02\\\/Capa-artigo-blog-Lanidor.jpg\",\"width\":854,\"height\":514},{\"@type\":\"BreadcrumbList\",\"@id\":\"https:\\\/\\\/www.prooptica.pt\\\/lanidor-nova-colecao-eyewear-2\\\/#breadcrumb\",\"itemListElement\":[{\"@type\":\"ListItem\",\"position\":1,\"name\":\"In\u00edcio\",\"item\":\"https:\\\/\\\/www.prooptica.pt\\\/\"},{\"@type\":\"ListItem\",\"position\":2,\"name\":\"Lanidor | Nova cole\u00e7\u00e3o Eyewear\"}]},{\"@type\":\"WebSite\",\"@id\":\"https:\\\/\\\/www.prooptica.pt\\\/home\\\/#website\",\"url\":\"https:\\\/\\\/www.prooptica.pt\\\/home\\\/\",\"name\":\"Prooptica\",\"description\":\"Full Eyewear Concept\",\"potentialAction\":[{\"@type\":\"SearchAction\",\"target\":{\"@type\":\"EntryPoint\",\"urlTemplate\":\"https:\\\/\\\/www.prooptica.pt\\\/home\\\/?s={search_term_string}\"},\"query-input\":{\"@type\":\"PropertyValueSpecification\",\"valueRequired\":true,\"valueName\":\"search_term_string\"}}],\"inLanguage\":\"es\"},{\"@type\":\"Person\",\"@id\":\"https:\\\/\\\/www.prooptica.pt\\\/home\\\/#\\\/schema\\\/person\\\/1cbd826a9322a3c38a052e43d1638306\",\"name\":\"admin\",\"image\":{\"@type\":\"ImageObject\",\"inLanguage\":\"es\",\"@id\":\"https:\\\/\\\/secure.gravatar.com\\\/avatar\\\/528c714482569d81724b02603aa719344e9ad7c0b50becf07272b2086b2c1cfd?s=96&d=mm&r=g\",\"url\":\"https:\\\/\\\/secure.gravatar.com\\\/avatar\\\/528c714482569d81724b02603aa719344e9ad7c0b50becf07272b2086b2c1cfd?s=96&d=mm&r=g\",\"contentUrl\":\"https:\\\/\\\/secure.gravatar.com\\\/avatar\\\/528c714482569d81724b02603aa719344e9ad7c0b50becf07272b2086b2c1cfd?s=96&d=mm&r=g\",\"caption\":\"admin\"},\"url\":\"https:\\\/\\\/www.prooptica.pt\\\/es\\\/author\\\/admin\\\/\"}]}<\/script>\n<!-- \/ Yoast SEO plugin. -->","yoast_head_json":{"title":"Lanidor | Nueva colecci\u00f3n de gafas","description":"Descubra las novedades de la colecci\u00f3n Lanidor Eyewear, siempre en l\u00ednea con las tendencias actuales, as\u00ed como las nuevas im\u00e1genes de la marca.","robots":{"index":"index","follow":"follow","max-snippet":"max-snippet:-1","max-image-preview":"max-image-preview:large","max-video-preview":"max-video-preview:-1"},"canonical":"https:\/\/www.prooptica.pt\/es\/lanidor-nueva-coleccion-de-gafas-2\/","og_locale":"es_ES","og_type":"article","og_title":"Lanidor | Nova cole\u00e7\u00e3o Eyewear","og_description":"Conhe\u00e7a as novidades da cole\u00e7\u00e3o Lanidor Eyewear, sempre alinhadas com as tend\u00eancias atuais, bem como as novas imagens da marca.","og_url":"https:\/\/www.prooptica.pt\/es\/lanidor-nueva-coleccion-de-gafas-2\/","og_site_name":"Prooptica","article_published_time":"2024-02-29T16:03:52+00:00","og_image":[{"width":854,"height":514,"url":"https:\/\/www.prooptica.pt\/wp-content\/uploads\/2024\/02\/Capa-artigo-blog-Lanidor.jpg","type":"image\/jpeg"}],"author":"admin","twitter_card":"summary_large_image","twitter_misc":{"Escrito por":"admin","Tiempo de lectura":"1 minuto"},"schema":{"@context":"https:\/\/schema.org","@graph":[{"@type":"Article","@id":"https:\/\/www.prooptica.pt\/lanidor-nova-colecao-eyewear-2\/#article","isPartOf":{"@id":"https:\/\/www.prooptica.pt\/lanidor-nova-colecao-eyewear-2\/"},"author":{"name":"admin","@id":"https:\/\/www.prooptica.pt\/home\/#\/schema\/person\/1cbd826a9322a3c38a052e43d1638306"},"headline":"Lanidor | Nova cole\u00e7\u00e3o Eyewear","datePublished":"2024-02-29T16:03:52+00:00","mainEntityOfPage":{"@id":"https:\/\/www.prooptica.pt\/lanidor-nova-colecao-eyewear-2\/"},"wordCount":158,"image":{"@id":"https:\/\/www.prooptica.pt\/lanidor-nova-colecao-eyewear-2\/#primaryimage"},"thumbnailUrl":"https:\/\/www.prooptica.pt\/wp-content\/uploads\/2024\/02\/Capa-artigo-blog-Lanidor.jpg","articleSection":["Moda Portuguesa","\u00d3culos"],"inLanguage":"es"},{"@type":"WebPage","@id":"https:\/\/www.prooptica.pt\/lanidor-nova-colecao-eyewear-2\/","url":"https:\/\/www.prooptica.pt\/lanidor-nova-colecao-eyewear-2\/","name":"Lanidor | Nueva colecci\u00f3n de gafas","isPartOf":{"@id":"https:\/\/www.prooptica.pt\/home\/#website"},"primaryImageOfPage":{"@id":"https:\/\/www.prooptica.pt\/lanidor-nova-colecao-eyewear-2\/#primaryimage"},"image":{"@id":"https:\/\/www.prooptica.pt\/lanidor-nova-colecao-eyewear-2\/#primaryimage"},"thumbnailUrl":"https:\/\/www.prooptica.pt\/wp-content\/uploads\/2024\/02\/Capa-artigo-blog-Lanidor.jpg","datePublished":"2024-02-29T16:03:52+00:00","author":{"@id":"https:\/\/www.prooptica.pt\/home\/#\/schema\/person\/1cbd826a9322a3c38a052e43d1638306"},"description":"Descubra las novedades de la colecci\u00f3n Lanidor Eyewear, siempre en l\u00ednea con las tendencias actuales, as\u00ed como las nuevas im\u00e1genes de la marca.","breadcrumb":{"@id":"https:\/\/www.prooptica.pt\/lanidor-nova-colecao-eyewear-2\/#breadcrumb"},"inLanguage":"es","potentialAction":[{"@type":"ReadAction","target":["https:\/\/www.prooptica.pt\/lanidor-nova-colecao-eyewear-2\/"]}]},{"@type":"ImageObject","inLanguage":"es","@id":"https:\/\/www.prooptica.pt\/lanidor-nova-colecao-eyewear-2\/#primaryimage","url":"https:\/\/www.prooptica.pt\/wp-content\/uploads\/2024\/02\/Capa-artigo-blog-Lanidor.jpg","contentUrl":"https:\/\/www.prooptica.pt\/wp-content\/uploads\/2024\/02\/Capa-artigo-blog-Lanidor.jpg","width":854,"height":514},{"@type":"BreadcrumbList","@id":"https:\/\/www.prooptica.pt\/lanidor-nova-colecao-eyewear-2\/#breadcrumb","itemListElement":[{"@type":"ListItem","position":1,"name":"In\u00edcio","item":"https:\/\/www.prooptica.pt\/"},{"@type":"ListItem","position":2,"name":"Lanidor | Nova cole\u00e7\u00e3o Eyewear"}]},{"@type":"WebSite","@id":"https:\/\/www.prooptica.pt\/home\/#website","url":"https:\/\/www.prooptica.pt\/home\/","name":"Prooptica","description":"Concepto de gafas completas","potentialAction":[{"@type":"SearchAction","target":{"@type":"EntryPoint","urlTemplate":"https:\/\/www.prooptica.pt\/home\/?s={search_term_string}"},"query-input":{"@type":"PropertyValueSpecification","valueRequired":true,"valueName":"search_term_string"}}],"inLanguage":"es"},{"@type":"Person","@id":"https:\/\/www.prooptica.pt\/home\/#\/schema\/person\/1cbd826a9322a3c38a052e43d1638306","name":"admin","image":{"@type":"ImageObject","inLanguage":"es","@id":"https:\/\/secure.gravatar.com\/avatar\/528c714482569d81724b02603aa719344e9ad7c0b50becf07272b2086b2c1cfd?s=96&d=mm&r=g","url":"https:\/\/secure.gravatar.com\/avatar\/528c714482569d81724b02603aa719344e9ad7c0b50becf07272b2086b2c1cfd?s=96&d=mm&r=g","contentUrl":"https:\/\/secure.gravatar.com\/avatar\/528c714482569d81724b02603aa719344e9ad7c0b50becf07272b2086b2c1cfd?s=96&d=mm&r=g","caption":"admin"},"url":"https:\/\/www.prooptica.pt\/es\/author\/admin\/"}]}},"_links":{"self":[{"href":"https:\/\/www.prooptica.pt\/es\/wp-json\/wp\/v2\/posts\/18959","targetHints":{"allow":["GET"]}}],"collection":[{"href":"https:\/\/www.prooptica.pt\/es\/wp-json\/wp\/v2\/posts"}],"about":[{"href":"https:\/\/www.prooptica.pt\/es\/wp-json\/wp\/v2\/types\/post"}],"author":[{"embeddable":true,"href":"https:\/\/www.prooptica.pt\/es\/wp-json\/wp\/v2\/users\/2"}],"replies":[{"embeddable":true,"href":"https:\/\/www.prooptica.pt\/es\/wp-json\/wp\/v2\/comments?post=18959"}],"version-history":[{"count":2,"href":"https:\/\/www.prooptica.pt\/es\/wp-json\/wp\/v2\/posts\/18959\/revisions"}],"predecessor-version":[{"id":18964,"href":"https:\/\/www.prooptica.pt\/es\/wp-json\/wp\/v2\/posts\/18959\/revisions\/18964"}],"wp:featuredmedia":[{"embeddable":true,"href":"https:\/\/www.prooptica.pt\/es\/wp-json\/wp\/v2\/media\/18962"}],"wp:attachment":[{"href":"https:\/\/www.prooptica.pt\/es\/wp-json\/wp\/v2\/media?parent=18959"}],"wp:term":[{"taxonomy":"category","embeddable":true,"href":"https:\/\/www.prooptica.pt\/es\/wp-json\/wp\/v2\/categories?post=18959"},{"taxonomy":"post_tag","embeddable":true,"href":"https:\/\/www.prooptica.pt\/es\/wp-json\/wp\/v2\/tags?post=18959"}],"curies":[{"name":"wp","href":"https:\/\/api.w.org\/{rel}","templated":true}]}}