{"id":19121,"date":"2024-03-12T18:34:49","date_gmt":"2024-03-12T18:34:49","guid":{"rendered":"https:\/\/www.prooptica.pt\/?p=19121"},"modified":"2024-03-12T18:34:49","modified_gmt":"2024-03-12T18:34:49","slug":"dia-mundial-del-glaucoma-sensibilizacion-y-prevencion","status":"publish","type":"post","link":"https:\/\/www.prooptica.pt\/es\/dia-mundial-do-glaucoma-sensibilizar-e-prevenir\/","title":{"rendered":"D\u00eda Mundial del Glaucoma: sensibilizaci\u00f3n y prevenci\u00f3n"},"content":{"rendered":"<p>El D\u00eda Mundial del Glaucoma es una importante oportunidad para concienciar sobre una de las principales causas de ceguera irreversible en todo el mundo. El glaucoma es un t\u00e9rmino gen\u00e9rico que engloba un grupo de enfermedades oculares que da\u00f1an el nervio \u00f3ptico, esencial para una buena visi\u00f3n. Esta enfermedad puede afectar a personas de todas las edades, pero es m\u00e1s frecuente en los grupos de mayor edad.<\/p>\n<p><strong>\u00bfQu\u00e9 es el glaucoma?<\/strong><br \/>\nEsta enfermedad se caracteriza principalmente por el aumento de la presi\u00f3n intraocular (PIO), que con el tiempo puede da\u00f1ar el nervio \u00f3ptico. Este da\u00f1o impide que las se\u00f1ales visuales lleguen al cerebro y puede provocar p\u00e9rdida de visi\u00f3n o incluso ceguera. Es importante destacar que, en la mayor\u00eda de los casos, el glaucoma no presenta s\u00edntomas en sus primeras fases. Cuando los s\u00edntomas empiezan a aparecer, la p\u00e9rdida de visi\u00f3n ya puede ser significativa. De ah\u00ed la importancia de un diagn\u00f3stico peri\u00f3dico, sobre todo para las personas con mayor riesgo de padecerlo.<\/p>\n<p><strong>\u00bfPor qu\u00e9 se produce el glaucoma?<\/strong><br \/>\nPuede surgir por varias razones. La m\u00e1s com\u00fan est\u00e1 relacionada con el aumento de la presi\u00f3n dentro del ojo, que puede deberse a una acumulaci\u00f3n de l\u00edquido acuoso que fluye por el interior del ojo. Cuando este l\u00edquido no drena correctamente, la presi\u00f3n aumenta, da\u00f1ando el nervio \u00f3ptico. Los factores de riesgo del glaucoma son la edad avanzada, los antecedentes familiares de la enfermedad, la presi\u00f3n intraocular elevada, el origen \u00e9tnico (los afrodescendientes y los asi\u00e1ticos tienen mayor riesgo), la miop\u00eda y afecciones m\u00e9dicas como la diabetes.<\/p>\n<p><strong>\u00bfQu\u00e9 tratamientos existen?<\/strong><br \/>\nAunque el glaucoma no tiene cura, existen tratamientos que pueden ayudar a controlar la enfermedad y evitar la progresi\u00f3n de la p\u00e9rdida de visi\u00f3n. El tratamiento depende del tipo de glaucoma y de la gravedad de la enfermedad. Las opciones incluyen:<\/p>\n<p>- Medicaci\u00f3n: Los colirios o los medicamentos orales pueden ayudar a reducir la presi\u00f3n intraocular.<br \/>\n- Terapia con l\u00e1ser: los procedimientos con l\u00e1ser pueden aumentar el flujo de l\u00edquido ocular o disminuir su producci\u00f3n.<br \/>\n- Cirug\u00eda convencional: Cuando la medicaci\u00f3n y la terapia con l\u00e1ser no son suficientes, la cirug\u00eda puede ser una opci\u00f3n para crear un canal de drenaje para el l\u00edquido ocular o para eliminar el tejido que bloquea el drenaje.<\/p>\n<p><strong>Atenci\u00f3n<\/strong><br \/>\nLa detecci\u00f3n y el tratamiento precoces son fundamentales para prevenir la p\u00e9rdida de visi\u00f3n causada por el glaucoma. Las personas con alto riesgo deben someterse a revisiones oftalmol\u00f3gicas peri\u00f3dicas que incluyan mediciones de la presi\u00f3n intraocular. Adem\u00e1s, mantener un estilo de vida saludable, con ejercicio regular y control de otros problemas de salud, puede ayudar a reducir el riesgo de desarrollar glaucoma. Para quienes ya han sido diagnosticados, es crucial seguir el plan de tratamiento recomendado por el oftalm\u00f3logo y someterse a revisiones peri\u00f3dicas para controlar la progresi\u00f3n de la enfermedad.<\/p>\n<p>En resumen, aunque el glaucoma es una enfermedad grave y potencialmente discapacitante, con una detecci\u00f3n precoz y un tratamiento adecuado, muchas personas pueden llevar una vida plena y tener una visi\u00f3n sana. El D\u00eda Mundial del Glaucoma es un recordatorio vital de la importancia del cuidado de los ojos y de la necesidad de concienciar sobre esta enfermedad silenciosa pero devastadora.<\/p>\n<p><img fetchpriority=\"high\" decoding=\"async\" class=\"alignnone wp-image-19122 size-full\" src=\"https:\/\/www.prooptica.pt\/wp-content\/uploads\/2024\/03\/Capa-artigo-blog-1.jpg\" alt=\"\" width=\"854\" height=\"514\" srcset=\"https:\/\/www.prooptica.pt\/wp-content\/uploads\/2024\/03\/Capa-artigo-blog-1.jpg 854w, https:\/\/www.prooptica.pt\/wp-content\/uploads\/2024\/03\/Capa-artigo-blog-1-300x181.jpg 300w, https:\/\/www.prooptica.pt\/wp-content\/uploads\/2024\/03\/Capa-artigo-blog-1-768x462.jpg 768w\" sizes=\"(max-width: 854px) 100vw, 854px\" \/><\/p>","protected":false},"excerpt":{"rendered":"<p>O Dia Mundial do Glaucoma \u00e9 uma oportunidade importante para sensibilizar a popula\u00e7\u00e3o para uma das principais causas de cegueira irrevers\u00edvel em todo o mundo. Glaucoma \u00e9 um termo que engloba um grupo de doen\u00e7as oculares que danificam o nervo \u00f3tico, essencial para uma boa vis\u00e3o. Esta condi\u00e7\u00e3o pode afetar pessoas de todas as idades, [&hellip;]<\/p>\n","protected":false},"author":2,"featured_media":19123,"comment_status":"closed","ping_status":"closed","sticky":false,"template":"","format":"standard","meta":{"footnotes":""},"categories":[1],"tags":[],"class_list":["post-19121","post","type-post","status-publish","format-standard","has-post-thumbnail","hentry","category-design"],"yoast_head":"<!-- This site is optimized with the Yoast SEO plugin v27.5 - https:\/\/yoast.com\/product\/yoast-seo-wordpress\/ -->\n<title>Dia Mundial do Glaucoma: Sensibilizar e Prevenir<\/title>\n<meta name=\"description\" content=\"O Dia Mundial do Glaucoma \u00e9 uma oportunidade importante para sensibilizar a popula\u00e7\u00e3o para uma das principais causas de cegueira irrevers\u00edvel em todo o mundo.\" \/>\n<meta name=\"robots\" content=\"index, follow, max-snippet:-1, max-image-preview:large, max-video-preview:-1\" \/>\n<link rel=\"canonical\" href=\"https:\/\/www.prooptica.pt\/es\/dia-mundial-del-glaucoma-sensibilizacion-y-prevencion\/\" \/>\n<meta property=\"og:locale\" content=\"es_ES\" \/>\n<meta property=\"og:type\" content=\"article\" \/>\n<meta property=\"og:title\" content=\"Dia Mundial do Glaucoma: Sensibilizar e Prevenir\" \/>\n<meta property=\"og:description\" content=\"O Dia Mundial do Glaucoma \u00e9 uma oportunidade importante para sensibilizar a popula\u00e7\u00e3o para uma das principais causas de cegueira irrevers\u00edvel em todo o mundo.\" \/>\n<meta property=\"og:url\" content=\"https:\/\/www.prooptica.pt\/es\/dia-mundial-del-glaucoma-sensibilizacion-y-prevencion\/\" \/>\n<meta property=\"og:site_name\" content=\"Prooptica\" \/>\n<meta property=\"article:published_time\" content=\"2024-03-12T18:34:49+00:00\" \/>\n<meta property=\"og:image\" content=\"https:\/\/www.prooptica.pt\/wp-content\/uploads\/2024\/03\/shutterstock_1718540251.jpg\" \/>\n\t<meta property=\"og:image:width\" content=\"854\" \/>\n\t<meta property=\"og:image:height\" content=\"514\" \/>\n\t<meta property=\"og:image:type\" content=\"image\/jpeg\" \/>\n<meta name=\"author\" content=\"admin\" \/>\n<meta name=\"twitter:card\" content=\"summary_large_image\" \/>\n<meta name=\"twitter:label1\" content=\"Escrito por\" \/>\n\t<meta name=\"twitter:data1\" content=\"admin\" \/>\n\t<meta name=\"twitter:label2\" content=\"Tiempo de lectura\" \/>\n\t<meta name=\"twitter:data2\" content=\"3 minutos\" \/>\n<script type=\"application\/ld+json\" class=\"yoast-schema-graph\">{\"@context\":\"https:\\\/\\\/schema.org\",\"@graph\":[{\"@type\":\"Article\",\"@id\":\"https:\\\/\\\/www.prooptica.pt\\\/dia-mundial-do-glaucoma-sensibilizar-e-prevenir\\\/#article\",\"isPartOf\":{\"@id\":\"https:\\\/\\\/www.prooptica.pt\\\/dia-mundial-do-glaucoma-sensibilizar-e-prevenir\\\/\"},\"author\":{\"name\":\"admin\",\"@id\":\"https:\\\/\\\/www.prooptica.pt\\\/home\\\/#\\\/schema\\\/person\\\/1cbd826a9322a3c38a052e43d1638306\"},\"headline\":\"Dia Mundial do Glaucoma: Sensibilizar e Prevenir\",\"datePublished\":\"2024-03-12T18:34:49+00:00\",\"mainEntityOfPage\":{\"@id\":\"https:\\\/\\\/www.prooptica.pt\\\/dia-mundial-do-glaucoma-sensibilizar-e-prevenir\\\/\"},\"wordCount\":553,\"image\":{\"@id\":\"https:\\\/\\\/www.prooptica.pt\\\/dia-mundial-do-glaucoma-sensibilizar-e-prevenir\\\/#primaryimage\"},\"thumbnailUrl\":\"https:\\\/\\\/www.prooptica.pt\\\/wp-content\\\/uploads\\\/2024\\\/03\\\/shutterstock_1718540251.jpg\",\"articleSection\":[\"Design\"],\"inLanguage\":\"es\"},{\"@type\":\"WebPage\",\"@id\":\"https:\\\/\\\/www.prooptica.pt\\\/dia-mundial-do-glaucoma-sensibilizar-e-prevenir\\\/\",\"url\":\"https:\\\/\\\/www.prooptica.pt\\\/dia-mundial-do-glaucoma-sensibilizar-e-prevenir\\\/\",\"name\":\"Dia Mundial do Glaucoma: Sensibilizar e Prevenir\",\"isPartOf\":{\"@id\":\"https:\\\/\\\/www.prooptica.pt\\\/home\\\/#website\"},\"primaryImageOfPage\":{\"@id\":\"https:\\\/\\\/www.prooptica.pt\\\/dia-mundial-do-glaucoma-sensibilizar-e-prevenir\\\/#primaryimage\"},\"image\":{\"@id\":\"https:\\\/\\\/www.prooptica.pt\\\/dia-mundial-do-glaucoma-sensibilizar-e-prevenir\\\/#primaryimage\"},\"thumbnailUrl\":\"https:\\\/\\\/www.prooptica.pt\\\/wp-content\\\/uploads\\\/2024\\\/03\\\/shutterstock_1718540251.jpg\",\"datePublished\":\"2024-03-12T18:34:49+00:00\",\"author\":{\"@id\":\"https:\\\/\\\/www.prooptica.pt\\\/home\\\/#\\\/schema\\\/person\\\/1cbd826a9322a3c38a052e43d1638306\"},\"description\":\"O Dia Mundial do Glaucoma \u00e9 uma oportunidade importante para sensibilizar a popula\u00e7\u00e3o para uma das principais causas de cegueira irrevers\u00edvel em todo o mundo.\",\"breadcrumb\":{\"@id\":\"https:\\\/\\\/www.prooptica.pt\\\/dia-mundial-do-glaucoma-sensibilizar-e-prevenir\\\/#breadcrumb\"},\"inLanguage\":\"es\",\"potentialAction\":[{\"@type\":\"ReadAction\",\"target\":[\"https:\\\/\\\/www.prooptica.pt\\\/dia-mundial-do-glaucoma-sensibilizar-e-prevenir\\\/\"]}]},{\"@type\":\"ImageObject\",\"inLanguage\":\"es\",\"@id\":\"https:\\\/\\\/www.prooptica.pt\\\/dia-mundial-do-glaucoma-sensibilizar-e-prevenir\\\/#primaryimage\",\"url\":\"https:\\\/\\\/www.prooptica.pt\\\/wp-content\\\/uploads\\\/2024\\\/03\\\/shutterstock_1718540251.jpg\",\"contentUrl\":\"https:\\\/\\\/www.prooptica.pt\\\/wp-content\\\/uploads\\\/2024\\\/03\\\/shutterstock_1718540251.jpg\",\"width\":854,\"height\":514},{\"@type\":\"BreadcrumbList\",\"@id\":\"https:\\\/\\\/www.prooptica.pt\\\/dia-mundial-do-glaucoma-sensibilizar-e-prevenir\\\/#breadcrumb\",\"itemListElement\":[{\"@type\":\"ListItem\",\"position\":1,\"name\":\"In\u00edcio\",\"item\":\"https:\\\/\\\/www.prooptica.pt\\\/\"},{\"@type\":\"ListItem\",\"position\":2,\"name\":\"Dia Mundial do Glaucoma: Sensibilizar e Prevenir\"}]},{\"@type\":\"WebSite\",\"@id\":\"https:\\\/\\\/www.prooptica.pt\\\/home\\\/#website\",\"url\":\"https:\\\/\\\/www.prooptica.pt\\\/home\\\/\",\"name\":\"Prooptica\",\"description\":\"Full Eyewear Concept\",\"potentialAction\":[{\"@type\":\"SearchAction\",\"target\":{\"@type\":\"EntryPoint\",\"urlTemplate\":\"https:\\\/\\\/www.prooptica.pt\\\/home\\\/?s={search_term_string}\"},\"query-input\":{\"@type\":\"PropertyValueSpecification\",\"valueRequired\":true,\"valueName\":\"search_term_string\"}}],\"inLanguage\":\"es\"},{\"@type\":\"Person\",\"@id\":\"https:\\\/\\\/www.prooptica.pt\\\/home\\\/#\\\/schema\\\/person\\\/1cbd826a9322a3c38a052e43d1638306\",\"name\":\"admin\",\"image\":{\"@type\":\"ImageObject\",\"inLanguage\":\"es\",\"@id\":\"https:\\\/\\\/secure.gravatar.com\\\/avatar\\\/528c714482569d81724b02603aa719344e9ad7c0b50becf07272b2086b2c1cfd?s=96&d=mm&r=g\",\"url\":\"https:\\\/\\\/secure.gravatar.com\\\/avatar\\\/528c714482569d81724b02603aa719344e9ad7c0b50becf07272b2086b2c1cfd?s=96&d=mm&r=g\",\"contentUrl\":\"https:\\\/\\\/secure.gravatar.com\\\/avatar\\\/528c714482569d81724b02603aa719344e9ad7c0b50becf07272b2086b2c1cfd?s=96&d=mm&r=g\",\"caption\":\"admin\"},\"url\":\"https:\\\/\\\/www.prooptica.pt\\\/es\\\/author\\\/admin\\\/\"}]}<\/script>\n<!-- \/ Yoast SEO plugin. -->","yoast_head_json":{"title":"D\u00eda Mundial del Glaucoma: sensibilizaci\u00f3n y prevenci\u00f3n","description":"El D\u00eda Mundial del Glaucoma es una importante oportunidad para concienciar sobre una de las principales causas de ceguera irreversible en todo el mundo.","robots":{"index":"index","follow":"follow","max-snippet":"max-snippet:-1","max-image-preview":"max-image-preview:large","max-video-preview":"max-video-preview:-1"},"canonical":"https:\/\/www.prooptica.pt\/es\/dia-mundial-del-glaucoma-sensibilizacion-y-prevencion\/","og_locale":"es_ES","og_type":"article","og_title":"Dia Mundial do Glaucoma: Sensibilizar e Prevenir","og_description":"O Dia Mundial do Glaucoma \u00e9 uma oportunidade importante para sensibilizar a popula\u00e7\u00e3o para uma das principais causas de cegueira irrevers\u00edvel em todo o mundo.","og_url":"https:\/\/www.prooptica.pt\/es\/dia-mundial-del-glaucoma-sensibilizacion-y-prevencion\/","og_site_name":"Prooptica","article_published_time":"2024-03-12T18:34:49+00:00","og_image":[{"width":854,"height":514,"url":"https:\/\/www.prooptica.pt\/wp-content\/uploads\/2024\/03\/shutterstock_1718540251.jpg","type":"image\/jpeg"}],"author":"admin","twitter_card":"summary_large_image","twitter_misc":{"Escrito por":"admin","Tiempo de lectura":"3 minutos"},"schema":{"@context":"https:\/\/schema.org","@graph":[{"@type":"Article","@id":"https:\/\/www.prooptica.pt\/dia-mundial-do-glaucoma-sensibilizar-e-prevenir\/#article","isPartOf":{"@id":"https:\/\/www.prooptica.pt\/dia-mundial-do-glaucoma-sensibilizar-e-prevenir\/"},"author":{"name":"admin","@id":"https:\/\/www.prooptica.pt\/home\/#\/schema\/person\/1cbd826a9322a3c38a052e43d1638306"},"headline":"Dia Mundial do Glaucoma: Sensibilizar e Prevenir","datePublished":"2024-03-12T18:34:49+00:00","mainEntityOfPage":{"@id":"https:\/\/www.prooptica.pt\/dia-mundial-do-glaucoma-sensibilizar-e-prevenir\/"},"wordCount":553,"image":{"@id":"https:\/\/www.prooptica.pt\/dia-mundial-do-glaucoma-sensibilizar-e-prevenir\/#primaryimage"},"thumbnailUrl":"https:\/\/www.prooptica.pt\/wp-content\/uploads\/2024\/03\/shutterstock_1718540251.jpg","articleSection":["Design"],"inLanguage":"es"},{"@type":"WebPage","@id":"https:\/\/www.prooptica.pt\/dia-mundial-do-glaucoma-sensibilizar-e-prevenir\/","url":"https:\/\/www.prooptica.pt\/dia-mundial-do-glaucoma-sensibilizar-e-prevenir\/","name":"D\u00eda Mundial del Glaucoma: sensibilizaci\u00f3n y prevenci\u00f3n","isPartOf":{"@id":"https:\/\/www.prooptica.pt\/home\/#website"},"primaryImageOfPage":{"@id":"https:\/\/www.prooptica.pt\/dia-mundial-do-glaucoma-sensibilizar-e-prevenir\/#primaryimage"},"image":{"@id":"https:\/\/www.prooptica.pt\/dia-mundial-do-glaucoma-sensibilizar-e-prevenir\/#primaryimage"},"thumbnailUrl":"https:\/\/www.prooptica.pt\/wp-content\/uploads\/2024\/03\/shutterstock_1718540251.jpg","datePublished":"2024-03-12T18:34:49+00:00","author":{"@id":"https:\/\/www.prooptica.pt\/home\/#\/schema\/person\/1cbd826a9322a3c38a052e43d1638306"},"description":"El D\u00eda Mundial del Glaucoma es una importante oportunidad para concienciar sobre una de las principales causas de ceguera irreversible en todo el mundo.","breadcrumb":{"@id":"https:\/\/www.prooptica.pt\/dia-mundial-do-glaucoma-sensibilizar-e-prevenir\/#breadcrumb"},"inLanguage":"es","potentialAction":[{"@type":"ReadAction","target":["https:\/\/www.prooptica.pt\/dia-mundial-do-glaucoma-sensibilizar-e-prevenir\/"]}]},{"@type":"ImageObject","inLanguage":"es","@id":"https:\/\/www.prooptica.pt\/dia-mundial-do-glaucoma-sensibilizar-e-prevenir\/#primaryimage","url":"https:\/\/www.prooptica.pt\/wp-content\/uploads\/2024\/03\/shutterstock_1718540251.jpg","contentUrl":"https:\/\/www.prooptica.pt\/wp-content\/uploads\/2024\/03\/shutterstock_1718540251.jpg","width":854,"height":514},{"@type":"BreadcrumbList","@id":"https:\/\/www.prooptica.pt\/dia-mundial-do-glaucoma-sensibilizar-e-prevenir\/#breadcrumb","itemListElement":[{"@type":"ListItem","position":1,"name":"In\u00edcio","item":"https:\/\/www.prooptica.pt\/"},{"@type":"ListItem","position":2,"name":"Dia Mundial do Glaucoma: Sensibilizar e Prevenir"}]},{"@type":"WebSite","@id":"https:\/\/www.prooptica.pt\/home\/#website","url":"https:\/\/www.prooptica.pt\/home\/","name":"Prooptica","description":"Concepto de gafas completas","potentialAction":[{"@type":"SearchAction","target":{"@type":"EntryPoint","urlTemplate":"https:\/\/www.prooptica.pt\/home\/?s={search_term_string}"},"query-input":{"@type":"PropertyValueSpecification","valueRequired":true,"valueName":"search_term_string"}}],"inLanguage":"es"},{"@type":"Person","@id":"https:\/\/www.prooptica.pt\/home\/#\/schema\/person\/1cbd826a9322a3c38a052e43d1638306","name":"admin","image":{"@type":"ImageObject","inLanguage":"es","@id":"https:\/\/secure.gravatar.com\/avatar\/528c714482569d81724b02603aa719344e9ad7c0b50becf07272b2086b2c1cfd?s=96&d=mm&r=g","url":"https:\/\/secure.gravatar.com\/avatar\/528c714482569d81724b02603aa719344e9ad7c0b50becf07272b2086b2c1cfd?s=96&d=mm&r=g","contentUrl":"https:\/\/secure.gravatar.com\/avatar\/528c714482569d81724b02603aa719344e9ad7c0b50becf07272b2086b2c1cfd?s=96&d=mm&r=g","caption":"admin"},"url":"https:\/\/www.prooptica.pt\/es\/author\/admin\/"}]}},"_links":{"self":[{"href":"https:\/\/www.prooptica.pt\/es\/wp-json\/wp\/v2\/posts\/19121","targetHints":{"allow":["GET"]}}],"collection":[{"href":"https:\/\/www.prooptica.pt\/es\/wp-json\/wp\/v2\/posts"}],"about":[{"href":"https:\/\/www.prooptica.pt\/es\/wp-json\/wp\/v2\/types\/post"}],"author":[{"embeddable":true,"href":"https:\/\/www.prooptica.pt\/es\/wp-json\/wp\/v2\/users\/2"}],"replies":[{"embeddable":true,"href":"https:\/\/www.prooptica.pt\/es\/wp-json\/wp\/v2\/comments?post=19121"}],"version-history":[{"count":2,"href":"https:\/\/www.prooptica.pt\/es\/wp-json\/wp\/v2\/posts\/19121\/revisions"}],"predecessor-version":[{"id":19125,"href":"https:\/\/www.prooptica.pt\/es\/wp-json\/wp\/v2\/posts\/19121\/revisions\/19125"}],"wp:featuredmedia":[{"embeddable":true,"href":"https:\/\/www.prooptica.pt\/es\/wp-json\/wp\/v2\/media\/19123"}],"wp:attachment":[{"href":"https:\/\/www.prooptica.pt\/es\/wp-json\/wp\/v2\/media?parent=19121"}],"wp:term":[{"taxonomy":"category","embeddable":true,"href":"https:\/\/www.prooptica.pt\/es\/wp-json\/wp\/v2\/categories?post=19121"},{"taxonomy":"post_tag","embeddable":true,"href":"https:\/\/www.prooptica.pt\/es\/wp-json\/wp\/v2\/tags?post=19121"}],"curies":[{"name":"wp","href":"https:\/\/api.w.org\/{rel}","templated":true}]}}