{"id":19486,"date":"2024-04-08T12:04:48","date_gmt":"2024-04-08T12:04:48","guid":{"rendered":"https:\/\/www.prooptica.pt\/?p=19486"},"modified":"2024-04-08T12:04:48","modified_gmt":"2024-04-08T12:04:48","slug":"prooptica-en-expooptica-2024-noticias-y-anticipacion","status":"publish","type":"post","link":"https:\/\/www.prooptica.pt\/es\/prooptica-na-expooptica-2024-novidades-e-antecipacao\/","title":{"rendered":"Prooptica en Expo\u00d3ptica 2024: Novedades y anticipaci\u00f3n"},"content":{"rendered":"<p>Con gran entusiasmo, Prooptica anuncia su presencia en Expo\u00d3ptica 2024, el Sal\u00f3n Internacional de \u00d3ptica, Optometr\u00eda y Audiolog\u00eda, principal evento del sector en la Pen\u00ednsula Ib\u00e9rica y punto de encuentro de todos los profesionales del \u00e1mbito.<\/p>\n<p>En 2022 tuvimos el privilegio de participar por primera vez en este evento y recibimos una respuesta incre\u00edblemente positiva por parte de los visitantes. Nuestro equipo de ventas estuvo all\u00ed para compartir nuestras colecciones, forjando v\u00ednculos significativos con profesionales del sector y amantes de la moda y la \u00f3ptica. La c\u00e1lida acogida y las valiosas conexiones que establecimos nos impulsaron a superar las expectativas en esta segunda participaci\u00f3n.<\/p>\n<p>Este a\u00f1o traemos las \u00faltimas colecciones de gafas, lentes oft\u00e1lmicas, accesorios para el comercio y el taller, soluciones tecnol\u00f3gicas y dise\u00f1o y arquitectura, \u00e1reas que forman parte de nuestro \"Concepto Full Eyewear\".<\/p>\n<p>Destacaremos la colecci\u00f3n Duyos, la primera marca espa\u00f1ola de Prooptica, fruto de nuestra colaboraci\u00f3n con el dise\u00f1ador Juan Duyos. Tambi\u00e9n presentaremos las \u00faltimas colecciones de moda portuguesa.<\/p>\n<p>Valoramos profundamente las relaciones y vemos este evento como un momento privilegiado para estrechar a\u00fan m\u00e1s nuestros lazos con el mercado ib\u00e9rico, as\u00ed como para forjar v\u00ednculos m\u00e1s estrechos con nuestros clientes y socios.<\/p>\n<p>Estamos deseando verle. Ser\u00e1 bienvenido en nuestro stand.<\/p>","protected":false},"excerpt":{"rendered":"<p>\u00c9 com grande entusiasmo que a Prooptica anuncia a sua presen\u00e7a na Expo\u00d3ptica 2024, Sal\u00e3o Internacional de \u00d3ptica, Optometria e Audiologia, o principal evento do setor na Pen\u00ednsula Ib\u00e9rica e ponto de encontro de todos os profissionais da \u00e1rea. Em 2022 tivemos o privil\u00e9gio de participar pela primeira vez neste evento e recebemos uma resposta [&hellip;]<\/p>\n","protected":false},"author":2,"featured_media":19487,"comment_status":"closed","ping_status":"closed","sticky":false,"template":"","format":"standard","meta":{"footnotes":""},"categories":[195],"tags":[],"class_list":["post-19486","post","type-post","status-publish","format-standard","has-post-thumbnail","hentry","category-institucional"],"yoast_head":"<!-- This site is optimized with the Yoast SEO plugin v27.4 - https:\/\/yoast.com\/product\/yoast-seo-wordpress\/ -->\n<title>Prooptica na Expo\u00d3ptica 2024: Novidades e antecipa\u00e7\u00e3o - Prooptica<\/title>\n<meta name=\"description\" content=\"Teremos como destaque a cole\u00e7\u00e3o Duyos, primeira marca espanhola da Prooptica, resultante da nossa parceria com o estilista Juan Duyos.\" \/>\n<meta name=\"robots\" content=\"index, follow, max-snippet:-1, max-image-preview:large, max-video-preview:-1\" \/>\n<link rel=\"canonical\" href=\"https:\/\/www.prooptica.pt\/es\/prooptica-en-expooptica-2024-noticias-y-anticipacion\/\" \/>\n<meta property=\"og:locale\" content=\"es_ES\" \/>\n<meta property=\"og:type\" content=\"article\" \/>\n<meta property=\"og:title\" content=\"Prooptica na Expo\u00d3ptica 2024: Novidades e antecipa\u00e7\u00e3o - Prooptica\" \/>\n<meta property=\"og:description\" content=\"Teremos como destaque a cole\u00e7\u00e3o Duyos, primeira marca espanhola da Prooptica, resultante da nossa parceria com o estilista Juan Duyos.\" \/>\n<meta property=\"og:url\" content=\"https:\/\/www.prooptica.pt\/es\/prooptica-en-expooptica-2024-noticias-y-anticipacion\/\" \/>\n<meta property=\"og:site_name\" content=\"Prooptica\" \/>\n<meta property=\"article:published_time\" content=\"2024-04-08T12:04:48+00:00\" \/>\n<meta property=\"og:image\" content=\"https:\/\/www.prooptica.pt\/wp-content\/uploads\/2024\/04\/Capa-artigo-blog.jpg\" \/>\n\t<meta property=\"og:image:width\" content=\"854\" \/>\n\t<meta property=\"og:image:height\" content=\"514\" \/>\n\t<meta property=\"og:image:type\" content=\"image\/jpeg\" \/>\n<meta name=\"author\" content=\"admin\" \/>\n<meta name=\"twitter:card\" content=\"summary_large_image\" \/>\n<meta name=\"twitter:label1\" content=\"Escrito por\" \/>\n\t<meta name=\"twitter:data1\" content=\"admin\" \/>\n\t<meta name=\"twitter:label2\" content=\"Tiempo de lectura\" \/>\n\t<meta name=\"twitter:data2\" content=\"2 minutos\" \/>\n<script type=\"application\/ld+json\" class=\"yoast-schema-graph\">{\"@context\":\"https:\\\/\\\/schema.org\",\"@graph\":[{\"@type\":\"Article\",\"@id\":\"https:\\\/\\\/www.prooptica.pt\\\/prooptica-na-expooptica-2024-novidades-e-antecipacao\\\/#article\",\"isPartOf\":{\"@id\":\"https:\\\/\\\/www.prooptica.pt\\\/prooptica-na-expooptica-2024-novidades-e-antecipacao\\\/\"},\"author\":{\"name\":\"admin\",\"@id\":\"https:\\\/\\\/www.prooptica.pt\\\/home\\\/#\\\/schema\\\/person\\\/1cbd826a9322a3c38a052e43d1638306\"},\"headline\":\"Prooptica na Expo\u00d3ptica 2024: Novidades e antecipa\u00e7\u00e3o\",\"datePublished\":\"2024-04-08T12:04:48+00:00\",\"mainEntityOfPage\":{\"@id\":\"https:\\\/\\\/www.prooptica.pt\\\/prooptica-na-expooptica-2024-novidades-e-antecipacao\\\/\"},\"wordCount\":240,\"image\":{\"@id\":\"https:\\\/\\\/www.prooptica.pt\\\/prooptica-na-expooptica-2024-novidades-e-antecipacao\\\/#primaryimage\"},\"thumbnailUrl\":\"https:\\\/\\\/www.prooptica.pt\\\/wp-content\\\/uploads\\\/2024\\\/04\\\/Capa-artigo-blog.jpg\",\"articleSection\":[\"Institucional\"],\"inLanguage\":\"es\"},{\"@type\":\"WebPage\",\"@id\":\"https:\\\/\\\/www.prooptica.pt\\\/prooptica-na-expooptica-2024-novidades-e-antecipacao\\\/\",\"url\":\"https:\\\/\\\/www.prooptica.pt\\\/prooptica-na-expooptica-2024-novidades-e-antecipacao\\\/\",\"name\":\"Prooptica na Expo\u00d3ptica 2024: Novidades e antecipa\u00e7\u00e3o - Prooptica\",\"isPartOf\":{\"@id\":\"https:\\\/\\\/www.prooptica.pt\\\/home\\\/#website\"},\"primaryImageOfPage\":{\"@id\":\"https:\\\/\\\/www.prooptica.pt\\\/prooptica-na-expooptica-2024-novidades-e-antecipacao\\\/#primaryimage\"},\"image\":{\"@id\":\"https:\\\/\\\/www.prooptica.pt\\\/prooptica-na-expooptica-2024-novidades-e-antecipacao\\\/#primaryimage\"},\"thumbnailUrl\":\"https:\\\/\\\/www.prooptica.pt\\\/wp-content\\\/uploads\\\/2024\\\/04\\\/Capa-artigo-blog.jpg\",\"datePublished\":\"2024-04-08T12:04:48+00:00\",\"author\":{\"@id\":\"https:\\\/\\\/www.prooptica.pt\\\/home\\\/#\\\/schema\\\/person\\\/1cbd826a9322a3c38a052e43d1638306\"},\"description\":\"Teremos como destaque a cole\u00e7\u00e3o Duyos, primeira marca espanhola da Prooptica, resultante da nossa parceria com o estilista Juan Duyos.\",\"breadcrumb\":{\"@id\":\"https:\\\/\\\/www.prooptica.pt\\\/prooptica-na-expooptica-2024-novidades-e-antecipacao\\\/#breadcrumb\"},\"inLanguage\":\"es\",\"potentialAction\":[{\"@type\":\"ReadAction\",\"target\":[\"https:\\\/\\\/www.prooptica.pt\\\/prooptica-na-expooptica-2024-novidades-e-antecipacao\\\/\"]}]},{\"@type\":\"ImageObject\",\"inLanguage\":\"es\",\"@id\":\"https:\\\/\\\/www.prooptica.pt\\\/prooptica-na-expooptica-2024-novidades-e-antecipacao\\\/#primaryimage\",\"url\":\"https:\\\/\\\/www.prooptica.pt\\\/wp-content\\\/uploads\\\/2024\\\/04\\\/Capa-artigo-blog.jpg\",\"contentUrl\":\"https:\\\/\\\/www.prooptica.pt\\\/wp-content\\\/uploads\\\/2024\\\/04\\\/Capa-artigo-blog.jpg\",\"width\":854,\"height\":514},{\"@type\":\"BreadcrumbList\",\"@id\":\"https:\\\/\\\/www.prooptica.pt\\\/prooptica-na-expooptica-2024-novidades-e-antecipacao\\\/#breadcrumb\",\"itemListElement\":[{\"@type\":\"ListItem\",\"position\":1,\"name\":\"In\u00edcio\",\"item\":\"https:\\\/\\\/www.prooptica.pt\\\/\"},{\"@type\":\"ListItem\",\"position\":2,\"name\":\"Prooptica na Expo\u00d3ptica 2024: Novidades e antecipa\u00e7\u00e3o\"}]},{\"@type\":\"WebSite\",\"@id\":\"https:\\\/\\\/www.prooptica.pt\\\/home\\\/#website\",\"url\":\"https:\\\/\\\/www.prooptica.pt\\\/home\\\/\",\"name\":\"Prooptica\",\"description\":\"Full Eyewear Concept\",\"potentialAction\":[{\"@type\":\"SearchAction\",\"target\":{\"@type\":\"EntryPoint\",\"urlTemplate\":\"https:\\\/\\\/www.prooptica.pt\\\/home\\\/?s={search_term_string}\"},\"query-input\":{\"@type\":\"PropertyValueSpecification\",\"valueRequired\":true,\"valueName\":\"search_term_string\"}}],\"inLanguage\":\"es\"},{\"@type\":\"Person\",\"@id\":\"https:\\\/\\\/www.prooptica.pt\\\/home\\\/#\\\/schema\\\/person\\\/1cbd826a9322a3c38a052e43d1638306\",\"name\":\"admin\",\"image\":{\"@type\":\"ImageObject\",\"inLanguage\":\"es\",\"@id\":\"https:\\\/\\\/secure.gravatar.com\\\/avatar\\\/528c714482569d81724b02603aa719344e9ad7c0b50becf07272b2086b2c1cfd?s=96&d=mm&r=g\",\"url\":\"https:\\\/\\\/secure.gravatar.com\\\/avatar\\\/528c714482569d81724b02603aa719344e9ad7c0b50becf07272b2086b2c1cfd?s=96&d=mm&r=g\",\"contentUrl\":\"https:\\\/\\\/secure.gravatar.com\\\/avatar\\\/528c714482569d81724b02603aa719344e9ad7c0b50becf07272b2086b2c1cfd?s=96&d=mm&r=g\",\"caption\":\"admin\"},\"url\":\"https:\\\/\\\/www.prooptica.pt\\\/es\\\/author\\\/admin\\\/\"}]}<\/script>\n<!-- \/ Yoast SEO plugin. -->","yoast_head_json":{"title":"Prooptica en Expo\u00d3ptica 2024: Noticias y anticipaciones - Prooptica","description":"Destacaremos la colecci\u00f3n Duyos, la primera marca espa\u00f1ola de Prooptica, fruto de nuestra colaboraci\u00f3n con el dise\u00f1ador Juan Duyos.","robots":{"index":"index","follow":"follow","max-snippet":"max-snippet:-1","max-image-preview":"max-image-preview:large","max-video-preview":"max-video-preview:-1"},"canonical":"https:\/\/www.prooptica.pt\/es\/prooptica-en-expooptica-2024-noticias-y-anticipacion\/","og_locale":"es_ES","og_type":"article","og_title":"Prooptica na Expo\u00d3ptica 2024: Novidades e antecipa\u00e7\u00e3o - Prooptica","og_description":"Teremos como destaque a cole\u00e7\u00e3o Duyos, primeira marca espanhola da Prooptica, resultante da nossa parceria com o estilista Juan Duyos.","og_url":"https:\/\/www.prooptica.pt\/es\/prooptica-en-expooptica-2024-noticias-y-anticipacion\/","og_site_name":"Prooptica","article_published_time":"2024-04-08T12:04:48+00:00","og_image":[{"width":854,"height":514,"url":"https:\/\/www.prooptica.pt\/wp-content\/uploads\/2024\/04\/Capa-artigo-blog.jpg","type":"image\/jpeg"}],"author":"admin","twitter_card":"summary_large_image","twitter_misc":{"Escrito por":"admin","Tiempo de lectura":"2 minutos"},"schema":{"@context":"https:\/\/schema.org","@graph":[{"@type":"Article","@id":"https:\/\/www.prooptica.pt\/prooptica-na-expooptica-2024-novidades-e-antecipacao\/#article","isPartOf":{"@id":"https:\/\/www.prooptica.pt\/prooptica-na-expooptica-2024-novidades-e-antecipacao\/"},"author":{"name":"admin","@id":"https:\/\/www.prooptica.pt\/home\/#\/schema\/person\/1cbd826a9322a3c38a052e43d1638306"},"headline":"Prooptica na Expo\u00d3ptica 2024: Novidades e antecipa\u00e7\u00e3o","datePublished":"2024-04-08T12:04:48+00:00","mainEntityOfPage":{"@id":"https:\/\/www.prooptica.pt\/prooptica-na-expooptica-2024-novidades-e-antecipacao\/"},"wordCount":240,"image":{"@id":"https:\/\/www.prooptica.pt\/prooptica-na-expooptica-2024-novidades-e-antecipacao\/#primaryimage"},"thumbnailUrl":"https:\/\/www.prooptica.pt\/wp-content\/uploads\/2024\/04\/Capa-artigo-blog.jpg","articleSection":["Institucional"],"inLanguage":"es"},{"@type":"WebPage","@id":"https:\/\/www.prooptica.pt\/prooptica-na-expooptica-2024-novidades-e-antecipacao\/","url":"https:\/\/www.prooptica.pt\/prooptica-na-expooptica-2024-novidades-e-antecipacao\/","name":"Prooptica en Expo\u00d3ptica 2024: Noticias y anticipaciones - Prooptica","isPartOf":{"@id":"https:\/\/www.prooptica.pt\/home\/#website"},"primaryImageOfPage":{"@id":"https:\/\/www.prooptica.pt\/prooptica-na-expooptica-2024-novidades-e-antecipacao\/#primaryimage"},"image":{"@id":"https:\/\/www.prooptica.pt\/prooptica-na-expooptica-2024-novidades-e-antecipacao\/#primaryimage"},"thumbnailUrl":"https:\/\/www.prooptica.pt\/wp-content\/uploads\/2024\/04\/Capa-artigo-blog.jpg","datePublished":"2024-04-08T12:04:48+00:00","author":{"@id":"https:\/\/www.prooptica.pt\/home\/#\/schema\/person\/1cbd826a9322a3c38a052e43d1638306"},"description":"Destacaremos la colecci\u00f3n Duyos, la primera marca espa\u00f1ola de Prooptica, fruto de nuestra colaboraci\u00f3n con el dise\u00f1ador Juan Duyos.","breadcrumb":{"@id":"https:\/\/www.prooptica.pt\/prooptica-na-expooptica-2024-novidades-e-antecipacao\/#breadcrumb"},"inLanguage":"es","potentialAction":[{"@type":"ReadAction","target":["https:\/\/www.prooptica.pt\/prooptica-na-expooptica-2024-novidades-e-antecipacao\/"]}]},{"@type":"ImageObject","inLanguage":"es","@id":"https:\/\/www.prooptica.pt\/prooptica-na-expooptica-2024-novidades-e-antecipacao\/#primaryimage","url":"https:\/\/www.prooptica.pt\/wp-content\/uploads\/2024\/04\/Capa-artigo-blog.jpg","contentUrl":"https:\/\/www.prooptica.pt\/wp-content\/uploads\/2024\/04\/Capa-artigo-blog.jpg","width":854,"height":514},{"@type":"BreadcrumbList","@id":"https:\/\/www.prooptica.pt\/prooptica-na-expooptica-2024-novidades-e-antecipacao\/#breadcrumb","itemListElement":[{"@type":"ListItem","position":1,"name":"In\u00edcio","item":"https:\/\/www.prooptica.pt\/"},{"@type":"ListItem","position":2,"name":"Prooptica na Expo\u00d3ptica 2024: Novidades e antecipa\u00e7\u00e3o"}]},{"@type":"WebSite","@id":"https:\/\/www.prooptica.pt\/home\/#website","url":"https:\/\/www.prooptica.pt\/home\/","name":"Prooptica","description":"Concepto de gafas completas","potentialAction":[{"@type":"SearchAction","target":{"@type":"EntryPoint","urlTemplate":"https:\/\/www.prooptica.pt\/home\/?s={search_term_string}"},"query-input":{"@type":"PropertyValueSpecification","valueRequired":true,"valueName":"search_term_string"}}],"inLanguage":"es"},{"@type":"Person","@id":"https:\/\/www.prooptica.pt\/home\/#\/schema\/person\/1cbd826a9322a3c38a052e43d1638306","name":"admin","image":{"@type":"ImageObject","inLanguage":"es","@id":"https:\/\/secure.gravatar.com\/avatar\/528c714482569d81724b02603aa719344e9ad7c0b50becf07272b2086b2c1cfd?s=96&d=mm&r=g","url":"https:\/\/secure.gravatar.com\/avatar\/528c714482569d81724b02603aa719344e9ad7c0b50becf07272b2086b2c1cfd?s=96&d=mm&r=g","contentUrl":"https:\/\/secure.gravatar.com\/avatar\/528c714482569d81724b02603aa719344e9ad7c0b50becf07272b2086b2c1cfd?s=96&d=mm&r=g","caption":"admin"},"url":"https:\/\/www.prooptica.pt\/es\/author\/admin\/"}]}},"_links":{"self":[{"href":"https:\/\/www.prooptica.pt\/es\/wp-json\/wp\/v2\/posts\/19486","targetHints":{"allow":["GET"]}}],"collection":[{"href":"https:\/\/www.prooptica.pt\/es\/wp-json\/wp\/v2\/posts"}],"about":[{"href":"https:\/\/www.prooptica.pt\/es\/wp-json\/wp\/v2\/types\/post"}],"author":[{"embeddable":true,"href":"https:\/\/www.prooptica.pt\/es\/wp-json\/wp\/v2\/users\/2"}],"replies":[{"embeddable":true,"href":"https:\/\/www.prooptica.pt\/es\/wp-json\/wp\/v2\/comments?post=19486"}],"version-history":[{"count":1,"href":"https:\/\/www.prooptica.pt\/es\/wp-json\/wp\/v2\/posts\/19486\/revisions"}],"predecessor-version":[{"id":19488,"href":"https:\/\/www.prooptica.pt\/es\/wp-json\/wp\/v2\/posts\/19486\/revisions\/19488"}],"wp:featuredmedia":[{"embeddable":true,"href":"https:\/\/www.prooptica.pt\/es\/wp-json\/wp\/v2\/media\/19487"}],"wp:attachment":[{"href":"https:\/\/www.prooptica.pt\/es\/wp-json\/wp\/v2\/media?parent=19486"}],"wp:term":[{"taxonomy":"category","embeddable":true,"href":"https:\/\/www.prooptica.pt\/es\/wp-json\/wp\/v2\/categories?post=19486"},{"taxonomy":"post_tag","embeddable":true,"href":"https:\/\/www.prooptica.pt\/es\/wp-json\/wp\/v2\/tags?post=19486"}],"curies":[{"name":"wp","href":"https:\/\/api.w.org\/{rel}","templated":true}]}}