{"id":19628,"date":"2024-05-03T14:31:54","date_gmt":"2024-05-03T14:31:54","guid":{"rendered":"https:\/\/www.prooptica.pt\/?p=19628"},"modified":"2024-05-03T14:31:54","modified_gmt":"2024-05-03T14:31:54","slug":"dia-mundial-del-trafico-y-concienciacion-sobre-la-cortesia-al-volante","status":"publish","type":"post","link":"https:\/\/www.prooptica.pt\/es\/dia-mundial-do-transito-e-da-cortesia-ao-volante-consciencializacao\/","title":{"rendered":"D\u00eda Mundial del Tr\u00e1fico y la Cortes\u00eda al Volante | Jornada de sensibilizaci\u00f3n"},"content":{"rendered":"<p>El D\u00eda Mundial del Tr\u00e1fico y la Cortes\u00eda al Volante est\u00e1 dedicado a promover una conducci\u00f3n responsable y respetuosa en las carreteras. Este d\u00eda sirve para recordar a todos los conductores la importancia de mantener una actitud cort\u00e9s y consciente al volante, contribuyendo as\u00ed a la seguridad y el bienestar de todos.<\/p>\n<p>Este d\u00eda nos parece la ocasi\u00f3n ideal para insistir en la importancia de utilizar una correcci\u00f3n visual adecuada al conducir, un tema crucial para la seguridad de los conductores y de todos los que comparten la carretera. A continuaci\u00f3n se exponen algunas razones por las que la correcci\u00f3n visual es tan importante para conducir y recomendaciones sobre esta pr\u00e1ctica.<\/p>\n<h4><strong>La importancia de la correcci\u00f3n visual en la conducci\u00f3n<\/strong><\/h4>\n<ol>\n<li><strong>Prevenci\u00f3n de accidentes<\/strong>La visi\u00f3n n\u00edtida es esencial para percibir las se\u00f1ales de tr\u00e1fico, los obst\u00e1culos de la carretera y las acciones de otros conductores y peatones. Las estad\u00edsticas demuestran que una visi\u00f3n deficiente puede aumentar considerablemente el riesgo de accidentes.<\/li>\n<li><strong>Confort y reducci\u00f3n de la fatiga<\/strong>La correcci\u00f3n visual adecuada ayuda a evitar la fatiga ocular, habitual en los viajes largos. Conducir sin la correcci\u00f3n adecuada puede provocar dolores de cabeza y fatiga, lo que a su vez reduce la concentraci\u00f3n.<\/li>\n<\/ol>\n<h4><strong>Recomendaciones para los conductores<\/strong><\/h4>\n<ol>\n<li><strong>Pruebas visuales peri\u00f3dicas<\/strong>Es esencial que todos los conductores se sometan a revisiones oculares peri\u00f3dicas, al menos cada dos a\u00f1os, o seg\u00fan recomiende su oftalm\u00f3logo. As\u00ed se garantiza que cualquier cambio en la visi\u00f3n se corrija con prontitud.<\/li>\n<li><strong>Gafas o lentillas<\/strong>Para quienes necesitan correcci\u00f3n visual, es importante llevar gafas o lentes de contacto actualizadas y adecuadas para conducir. Aseg\u00farate de que tus lentes est\u00e9n limpias y en buen estado antes de empezar a conducir.<\/li>\n<li><strong>Gafas de sol<\/strong>En los d\u00edas soleados, llevar gafas de sol que ofrezcan protecci\u00f3n contra los rayos UVA y UVB puede ayudar a mejorar la visibilidad y proteger los ojos de la fatiga causada por el deslumbramiento intenso.<\/li>\n<\/ol>\n<p>En este d\u00eda hacemos un llamamiento al respeto mutuo entre los conductores y al uso de medios de correcci\u00f3n adecuados, con el fin de promover un entorno seguro para todos.<\/p>","protected":false},"excerpt":{"rendered":"<p>O Dia Mundial do Tr\u00e2nsito e da Cortesia ao Volante \u00e9 dedicado a promover a condu\u00e7\u00e3o respons\u00e1vel e respeitosa nas estradas. Este dia serve para lembrar a todos os condutores a import\u00e2ncia de manter uma postura cort\u00eas e consciente ao volante, contribuindo assim para a seguran\u00e7a e o bem-estar de todos. Este dia, pensamos ser [&hellip;]<\/p>\n","protected":false},"author":2,"featured_media":19629,"comment_status":"closed","ping_status":"closed","sticky":false,"template":"","format":"standard","meta":{"footnotes":""},"categories":[195],"tags":[],"class_list":["post-19628","post","type-post","status-publish","format-standard","has-post-thumbnail","hentry","category-institucional"],"yoast_head":"<!-- This site is optimized with the Yoast SEO plugin v27.5 - https:\/\/yoast.com\/product\/yoast-seo-wordpress\/ -->\n<title>Dia Mundial do Tr\u00e2nsito e da Cortesia ao Volante<\/title>\n<meta name=\"description\" content=\"A Prooptica pensa ser a oportunidade ideal para enfatizar a import\u00e2ncia da utiliza\u00e7\u00e3o de corre\u00e7\u00e3o visual adequada na condu\u00e7\u00e3o.\" \/>\n<meta name=\"robots\" content=\"index, follow, max-snippet:-1, max-image-preview:large, max-video-preview:-1\" \/>\n<link rel=\"canonical\" href=\"https:\/\/www.prooptica.pt\/es\/dia-mundial-del-trafico-y-concienciacion-sobre-la-cortesia-al-volante\/\" \/>\n<meta property=\"og:locale\" content=\"es_ES\" \/>\n<meta property=\"og:type\" content=\"article\" \/>\n<meta property=\"og:title\" content=\"Dia Mundial do Tr\u00e2nsito e da Cortesia ao Volante\" \/>\n<meta property=\"og:description\" content=\"A Prooptica pensa ser a oportunidade ideal para enfatizar a import\u00e2ncia da utiliza\u00e7\u00e3o de corre\u00e7\u00e3o visual adequada na condu\u00e7\u00e3o.\" \/>\n<meta property=\"og:url\" content=\"https:\/\/www.prooptica.pt\/es\/dia-mundial-del-trafico-y-concienciacion-sobre-la-cortesia-al-volante\/\" \/>\n<meta property=\"og:site_name\" content=\"Prooptica\" \/>\n<meta property=\"article:published_time\" content=\"2024-05-03T14:31:54+00:00\" \/>\n<meta property=\"og:image\" content=\"https:\/\/www.prooptica.pt\/wp-content\/uploads\/2024\/05\/Fotos-Prooptica-2024-05-02T145817.250-1024x726.png\" \/>\n\t<meta property=\"og:image:width\" content=\"1024\" \/>\n\t<meta property=\"og:image:height\" content=\"726\" \/>\n\t<meta property=\"og:image:type\" content=\"image\/png\" \/>\n<meta name=\"author\" content=\"admin\" \/>\n<meta name=\"twitter:card\" content=\"summary_large_image\" \/>\n<meta name=\"twitter:label1\" content=\"Escrito por\" \/>\n\t<meta name=\"twitter:data1\" content=\"admin\" \/>\n\t<meta name=\"twitter:label2\" content=\"Tiempo de lectura\" \/>\n\t<meta name=\"twitter:data2\" content=\"2 minutos\" \/>\n<script type=\"application\/ld+json\" class=\"yoast-schema-graph\">{\"@context\":\"https:\\\/\\\/schema.org\",\"@graph\":[{\"@type\":\"Article\",\"@id\":\"https:\\\/\\\/www.prooptica.pt\\\/dia-mundial-do-transito-e-da-cortesia-ao-volante-consciencializacao\\\/#article\",\"isPartOf\":{\"@id\":\"https:\\\/\\\/www.prooptica.pt\\\/dia-mundial-do-transito-e-da-cortesia-ao-volante-consciencializacao\\\/\"},\"author\":{\"name\":\"admin\",\"@id\":\"https:\\\/\\\/www.prooptica.pt\\\/home\\\/#\\\/schema\\\/person\\\/1cbd826a9322a3c38a052e43d1638306\"},\"headline\":\"Dia Mundial do Tr\u00e2nsito e da Cortesia ao Volante | Consciencializa\u00e7\u00e3o\",\"datePublished\":\"2024-05-03T14:31:54+00:00\",\"mainEntityOfPage\":{\"@id\":\"https:\\\/\\\/www.prooptica.pt\\\/dia-mundial-do-transito-e-da-cortesia-ao-volante-consciencializacao\\\/\"},\"wordCount\":382,\"image\":{\"@id\":\"https:\\\/\\\/www.prooptica.pt\\\/dia-mundial-do-transito-e-da-cortesia-ao-volante-consciencializacao\\\/#primaryimage\"},\"thumbnailUrl\":\"https:\\\/\\\/www.prooptica.pt\\\/wp-content\\\/uploads\\\/2024\\\/05\\\/Fotos-Prooptica-2024-05-02T145817.250.png\",\"articleSection\":[\"Institucional\"],\"inLanguage\":\"es\"},{\"@type\":\"WebPage\",\"@id\":\"https:\\\/\\\/www.prooptica.pt\\\/dia-mundial-do-transito-e-da-cortesia-ao-volante-consciencializacao\\\/\",\"url\":\"https:\\\/\\\/www.prooptica.pt\\\/dia-mundial-do-transito-e-da-cortesia-ao-volante-consciencializacao\\\/\",\"name\":\"Dia Mundial do Tr\u00e2nsito e da Cortesia ao Volante\",\"isPartOf\":{\"@id\":\"https:\\\/\\\/www.prooptica.pt\\\/home\\\/#website\"},\"primaryImageOfPage\":{\"@id\":\"https:\\\/\\\/www.prooptica.pt\\\/dia-mundial-do-transito-e-da-cortesia-ao-volante-consciencializacao\\\/#primaryimage\"},\"image\":{\"@id\":\"https:\\\/\\\/www.prooptica.pt\\\/dia-mundial-do-transito-e-da-cortesia-ao-volante-consciencializacao\\\/#primaryimage\"},\"thumbnailUrl\":\"https:\\\/\\\/www.prooptica.pt\\\/wp-content\\\/uploads\\\/2024\\\/05\\\/Fotos-Prooptica-2024-05-02T145817.250.png\",\"datePublished\":\"2024-05-03T14:31:54+00:00\",\"author\":{\"@id\":\"https:\\\/\\\/www.prooptica.pt\\\/home\\\/#\\\/schema\\\/person\\\/1cbd826a9322a3c38a052e43d1638306\"},\"description\":\"A Prooptica pensa ser a oportunidade ideal para enfatizar a import\u00e2ncia da utiliza\u00e7\u00e3o de corre\u00e7\u00e3o visual adequada na condu\u00e7\u00e3o.\",\"breadcrumb\":{\"@id\":\"https:\\\/\\\/www.prooptica.pt\\\/dia-mundial-do-transito-e-da-cortesia-ao-volante-consciencializacao\\\/#breadcrumb\"},\"inLanguage\":\"es\",\"potentialAction\":[{\"@type\":\"ReadAction\",\"target\":[\"https:\\\/\\\/www.prooptica.pt\\\/dia-mundial-do-transito-e-da-cortesia-ao-volante-consciencializacao\\\/\"]}]},{\"@type\":\"ImageObject\",\"inLanguage\":\"es\",\"@id\":\"https:\\\/\\\/www.prooptica.pt\\\/dia-mundial-do-transito-e-da-cortesia-ao-volante-consciencializacao\\\/#primaryimage\",\"url\":\"https:\\\/\\\/www.prooptica.pt\\\/wp-content\\\/uploads\\\/2024\\\/05\\\/Fotos-Prooptica-2024-05-02T145817.250.png\",\"contentUrl\":\"https:\\\/\\\/www.prooptica.pt\\\/wp-content\\\/uploads\\\/2024\\\/05\\\/Fotos-Prooptica-2024-05-02T145817.250.png\",\"width\":5463,\"height\":3875},{\"@type\":\"BreadcrumbList\",\"@id\":\"https:\\\/\\\/www.prooptica.pt\\\/dia-mundial-do-transito-e-da-cortesia-ao-volante-consciencializacao\\\/#breadcrumb\",\"itemListElement\":[{\"@type\":\"ListItem\",\"position\":1,\"name\":\"In\u00edcio\",\"item\":\"https:\\\/\\\/www.prooptica.pt\\\/\"},{\"@type\":\"ListItem\",\"position\":2,\"name\":\"Dia Mundial do Tr\u00e2nsito e da Cortesia ao Volante | Consciencializa\u00e7\u00e3o\"}]},{\"@type\":\"WebSite\",\"@id\":\"https:\\\/\\\/www.prooptica.pt\\\/home\\\/#website\",\"url\":\"https:\\\/\\\/www.prooptica.pt\\\/home\\\/\",\"name\":\"Prooptica\",\"description\":\"Full Eyewear Concept\",\"potentialAction\":[{\"@type\":\"SearchAction\",\"target\":{\"@type\":\"EntryPoint\",\"urlTemplate\":\"https:\\\/\\\/www.prooptica.pt\\\/home\\\/?s={search_term_string}\"},\"query-input\":{\"@type\":\"PropertyValueSpecification\",\"valueRequired\":true,\"valueName\":\"search_term_string\"}}],\"inLanguage\":\"es\"},{\"@type\":\"Person\",\"@id\":\"https:\\\/\\\/www.prooptica.pt\\\/home\\\/#\\\/schema\\\/person\\\/1cbd826a9322a3c38a052e43d1638306\",\"name\":\"admin\",\"image\":{\"@type\":\"ImageObject\",\"inLanguage\":\"es\",\"@id\":\"https:\\\/\\\/secure.gravatar.com\\\/avatar\\\/528c714482569d81724b02603aa719344e9ad7c0b50becf07272b2086b2c1cfd?s=96&d=mm&r=g\",\"url\":\"https:\\\/\\\/secure.gravatar.com\\\/avatar\\\/528c714482569d81724b02603aa719344e9ad7c0b50becf07272b2086b2c1cfd?s=96&d=mm&r=g\",\"contentUrl\":\"https:\\\/\\\/secure.gravatar.com\\\/avatar\\\/528c714482569d81724b02603aa719344e9ad7c0b50becf07272b2086b2c1cfd?s=96&d=mm&r=g\",\"caption\":\"admin\"},\"url\":\"https:\\\/\\\/www.prooptica.pt\\\/es\\\/author\\\/admin\\\/\"}]}<\/script>\n<!-- \/ Yoast SEO plugin. -->","yoast_head_json":{"title":"D\u00eda Mundial del Tr\u00e1fico y la Cortes\u00eda al volante","description":"Prooptica considera que esta es la oportunidad ideal para insistir en la importancia de utilizar una correcci\u00f3n visual adecuada al conducir.","robots":{"index":"index","follow":"follow","max-snippet":"max-snippet:-1","max-image-preview":"max-image-preview:large","max-video-preview":"max-video-preview:-1"},"canonical":"https:\/\/www.prooptica.pt\/es\/dia-mundial-del-trafico-y-concienciacion-sobre-la-cortesia-al-volante\/","og_locale":"es_ES","og_type":"article","og_title":"Dia Mundial do Tr\u00e2nsito e da Cortesia ao Volante","og_description":"A Prooptica pensa ser a oportunidade ideal para enfatizar a import\u00e2ncia da utiliza\u00e7\u00e3o de corre\u00e7\u00e3o visual adequada na condu\u00e7\u00e3o.","og_url":"https:\/\/www.prooptica.pt\/es\/dia-mundial-del-trafico-y-concienciacion-sobre-la-cortesia-al-volante\/","og_site_name":"Prooptica","article_published_time":"2024-05-03T14:31:54+00:00","og_image":[{"width":1024,"height":726,"url":"https:\/\/www.prooptica.pt\/wp-content\/uploads\/2024\/05\/Fotos-Prooptica-2024-05-02T145817.250-1024x726.png","type":"image\/png"}],"author":"admin","twitter_card":"summary_large_image","twitter_misc":{"Escrito por":"admin","Tiempo de lectura":"2 minutos"},"schema":{"@context":"https:\/\/schema.org","@graph":[{"@type":"Article","@id":"https:\/\/www.prooptica.pt\/dia-mundial-do-transito-e-da-cortesia-ao-volante-consciencializacao\/#article","isPartOf":{"@id":"https:\/\/www.prooptica.pt\/dia-mundial-do-transito-e-da-cortesia-ao-volante-consciencializacao\/"},"author":{"name":"admin","@id":"https:\/\/www.prooptica.pt\/home\/#\/schema\/person\/1cbd826a9322a3c38a052e43d1638306"},"headline":"Dia Mundial do Tr\u00e2nsito e da Cortesia ao Volante | Consciencializa\u00e7\u00e3o","datePublished":"2024-05-03T14:31:54+00:00","mainEntityOfPage":{"@id":"https:\/\/www.prooptica.pt\/dia-mundial-do-transito-e-da-cortesia-ao-volante-consciencializacao\/"},"wordCount":382,"image":{"@id":"https:\/\/www.prooptica.pt\/dia-mundial-do-transito-e-da-cortesia-ao-volante-consciencializacao\/#primaryimage"},"thumbnailUrl":"https:\/\/www.prooptica.pt\/wp-content\/uploads\/2024\/05\/Fotos-Prooptica-2024-05-02T145817.250.png","articleSection":["Institucional"],"inLanguage":"es"},{"@type":"WebPage","@id":"https:\/\/www.prooptica.pt\/dia-mundial-do-transito-e-da-cortesia-ao-volante-consciencializacao\/","url":"https:\/\/www.prooptica.pt\/dia-mundial-do-transito-e-da-cortesia-ao-volante-consciencializacao\/","name":"D\u00eda Mundial del Tr\u00e1fico y la Cortes\u00eda al volante","isPartOf":{"@id":"https:\/\/www.prooptica.pt\/home\/#website"},"primaryImageOfPage":{"@id":"https:\/\/www.prooptica.pt\/dia-mundial-do-transito-e-da-cortesia-ao-volante-consciencializacao\/#primaryimage"},"image":{"@id":"https:\/\/www.prooptica.pt\/dia-mundial-do-transito-e-da-cortesia-ao-volante-consciencializacao\/#primaryimage"},"thumbnailUrl":"https:\/\/www.prooptica.pt\/wp-content\/uploads\/2024\/05\/Fotos-Prooptica-2024-05-02T145817.250.png","datePublished":"2024-05-03T14:31:54+00:00","author":{"@id":"https:\/\/www.prooptica.pt\/home\/#\/schema\/person\/1cbd826a9322a3c38a052e43d1638306"},"description":"Prooptica considera que esta es la oportunidad ideal para insistir en la importancia de utilizar una correcci\u00f3n visual adecuada al conducir.","breadcrumb":{"@id":"https:\/\/www.prooptica.pt\/dia-mundial-do-transito-e-da-cortesia-ao-volante-consciencializacao\/#breadcrumb"},"inLanguage":"es","potentialAction":[{"@type":"ReadAction","target":["https:\/\/www.prooptica.pt\/dia-mundial-do-transito-e-da-cortesia-ao-volante-consciencializacao\/"]}]},{"@type":"ImageObject","inLanguage":"es","@id":"https:\/\/www.prooptica.pt\/dia-mundial-do-transito-e-da-cortesia-ao-volante-consciencializacao\/#primaryimage","url":"https:\/\/www.prooptica.pt\/wp-content\/uploads\/2024\/05\/Fotos-Prooptica-2024-05-02T145817.250.png","contentUrl":"https:\/\/www.prooptica.pt\/wp-content\/uploads\/2024\/05\/Fotos-Prooptica-2024-05-02T145817.250.png","width":5463,"height":3875},{"@type":"BreadcrumbList","@id":"https:\/\/www.prooptica.pt\/dia-mundial-do-transito-e-da-cortesia-ao-volante-consciencializacao\/#breadcrumb","itemListElement":[{"@type":"ListItem","position":1,"name":"In\u00edcio","item":"https:\/\/www.prooptica.pt\/"},{"@type":"ListItem","position":2,"name":"Dia Mundial do Tr\u00e2nsito e da Cortesia ao Volante | Consciencializa\u00e7\u00e3o"}]},{"@type":"WebSite","@id":"https:\/\/www.prooptica.pt\/home\/#website","url":"https:\/\/www.prooptica.pt\/home\/","name":"Prooptica","description":"Concepto de gafas completas","potentialAction":[{"@type":"SearchAction","target":{"@type":"EntryPoint","urlTemplate":"https:\/\/www.prooptica.pt\/home\/?s={search_term_string}"},"query-input":{"@type":"PropertyValueSpecification","valueRequired":true,"valueName":"search_term_string"}}],"inLanguage":"es"},{"@type":"Person","@id":"https:\/\/www.prooptica.pt\/home\/#\/schema\/person\/1cbd826a9322a3c38a052e43d1638306","name":"admin","image":{"@type":"ImageObject","inLanguage":"es","@id":"https:\/\/secure.gravatar.com\/avatar\/528c714482569d81724b02603aa719344e9ad7c0b50becf07272b2086b2c1cfd?s=96&d=mm&r=g","url":"https:\/\/secure.gravatar.com\/avatar\/528c714482569d81724b02603aa719344e9ad7c0b50becf07272b2086b2c1cfd?s=96&d=mm&r=g","contentUrl":"https:\/\/secure.gravatar.com\/avatar\/528c714482569d81724b02603aa719344e9ad7c0b50becf07272b2086b2c1cfd?s=96&d=mm&r=g","caption":"admin"},"url":"https:\/\/www.prooptica.pt\/es\/author\/admin\/"}]}},"_links":{"self":[{"href":"https:\/\/www.prooptica.pt\/es\/wp-json\/wp\/v2\/posts\/19628","targetHints":{"allow":["GET"]}}],"collection":[{"href":"https:\/\/www.prooptica.pt\/es\/wp-json\/wp\/v2\/posts"}],"about":[{"href":"https:\/\/www.prooptica.pt\/es\/wp-json\/wp\/v2\/types\/post"}],"author":[{"embeddable":true,"href":"https:\/\/www.prooptica.pt\/es\/wp-json\/wp\/v2\/users\/2"}],"replies":[{"embeddable":true,"href":"https:\/\/www.prooptica.pt\/es\/wp-json\/wp\/v2\/comments?post=19628"}],"version-history":[{"count":2,"href":"https:\/\/www.prooptica.pt\/es\/wp-json\/wp\/v2\/posts\/19628\/revisions"}],"predecessor-version":[{"id":19631,"href":"https:\/\/www.prooptica.pt\/es\/wp-json\/wp\/v2\/posts\/19628\/revisions\/19631"}],"wp:featuredmedia":[{"embeddable":true,"href":"https:\/\/www.prooptica.pt\/es\/wp-json\/wp\/v2\/media\/19629"}],"wp:attachment":[{"href":"https:\/\/www.prooptica.pt\/es\/wp-json\/wp\/v2\/media?parent=19628"}],"wp:term":[{"taxonomy":"category","embeddable":true,"href":"https:\/\/www.prooptica.pt\/es\/wp-json\/wp\/v2\/categories?post=19628"},{"taxonomy":"post_tag","embeddable":true,"href":"https:\/\/www.prooptica.pt\/es\/wp-json\/wp\/v2\/tags?post=19628"}],"curies":[{"name":"wp","href":"https:\/\/api.w.org\/{rel}","templated":true}]}}