{"id":19914,"date":"2024-05-17T12:18:49","date_gmt":"2024-05-17T12:18:49","guid":{"rendered":"https:\/\/www.prooptica.pt\/?p=19914"},"modified":"2024-05-17T12:18:49","modified_gmt":"2024-05-17T12:18:49","slug":"dia-de-internet-los-avances-de-la-tecnologia","status":"publish","type":"post","link":"https:\/\/www.prooptica.pt\/es\/dia-da-internet-os-avancos-da-tecnologia\/","title":{"rendered":"D\u00eda de Internet | Avances tecnol\u00f3gicos"},"content":{"rendered":"<p>En el marco del D\u00eda de Internet, debemos destacar los avances tecnol\u00f3gicos, especialmente la realidad aumentada (RA), que en \u00f3ptica es un \u00e1mbito especialmente apasionante que est\u00e1 configurando el futuro de las experiencias visuales y la salud ocular. Esta tecnolog\u00eda ofrece un enorme potencial para transformar la forma en que los consumidores eligen y compran gafas y el modo en que los \u00f3pticos realizan ex\u00e1menes y procedimientos.<\/p>\n<p>La aplicaci\u00f3n de la RA en las \u00f3pticas puede revolucionar la experiencia de compra del consumidor. Por ejemplo, con la RA, los clientes pueden probarse virtualmente diferentes estilos de gafas, ajust\u00e1ndolas en tiempo real para ver c\u00f3mo les quedan en la cara antes de hacer la compra.  Esta tecnolog\u00eda no solo aumenta la confianza del consumidor a la hora de elegir las gafas ideales, sino que tambi\u00e9n mejora la accesibilidad, permitiendo experiencias personalizadas sin necesidad de acudir f\u00edsicamente a una tienda.<\/p>\n<p>Para los \u00f3pticos, la realidad aumentada puede ser una valiosa herramienta en los ex\u00e1menes visuales y diagn\u00f3sticos. Las gafas equipadas con RA pueden superponer informaci\u00f3n digital, como gr\u00e1ficos o im\u00e1genes, que ayuden a evaluar la salud ocular del paciente. Esto puede ir desde la simulaci\u00f3n de condiciones visuales para un mejor diagn\u00f3stico hasta el uso de aplicaciones que eval\u00faan con precisi\u00f3n la visi\u00f3n del paciente.<\/p>\n<p>Celebrar la integraci\u00f3n de la realidad aumentada en la \u00f3ptica durante el D\u00eda de Internet pone de manifiesto el compromiso permanente con la innovaci\u00f3n y la mejora de la calidad de vida y el bienestar de los consumidores. Se trata de un claro ejemplo de c\u00f3mo la tecnolog\u00eda puede aplicarse de forma pr\u00e1ctica y beneficiosa, promoviendo no solo el avance t\u00e9cnico, sino tambi\u00e9n mejorando la interacci\u00f3n humana en el \u00e1mbito de la salud visual.<\/p>","protected":false},"excerpt":{"rendered":"<p>No \u00e2mbito do Dia da Internet, temos de salientar os avan\u00e7os tecnol\u00f3gicos, em especial a realidade aumentada (AR) que na \u00f3ptica \u00e9 uma \u00e1rea particularmente excitante que est\u00e1 a moldar o futuro das experi\u00eancias visuais e da sa\u00fade ocular. Esta tecnologia oferece um potencial vasto para transformar a forma como os consumidores escolhem e compram [&hellip;]<\/p>\n","protected":false},"author":2,"featured_media":19915,"comment_status":"closed","ping_status":"closed","sticky":false,"template":"","format":"standard","meta":{"footnotes":""},"categories":[238,191],"tags":[],"class_list":["post-19914","post","type-post","status-publish","format-standard","has-post-thumbnail","hentry","category-insight","category-it"],"yoast_head":"<!-- This site is optimized with the Yoast SEO plugin v27.5 - https:\/\/yoast.com\/product\/yoast-seo-wordpress\/ -->\n<title>Dia da Internet | Os avan\u00e7os da tecnologia<\/title>\n<meta name=\"description\" content=\"Para os profissionais de \u00f3ptica, a realidade aumentada pode ser uma ferramenta valiosa em exames visuais e de diagn\u00f3stico.\" \/>\n<meta name=\"robots\" content=\"index, follow, max-snippet:-1, max-image-preview:large, max-video-preview:-1\" \/>\n<link rel=\"canonical\" href=\"https:\/\/www.prooptica.pt\/es\/dia-de-internet-los-avances-de-la-tecnologia\/\" \/>\n<meta property=\"og:locale\" content=\"es_ES\" \/>\n<meta property=\"og:type\" content=\"article\" \/>\n<meta property=\"og:title\" content=\"Dia da Internet | Os avan\u00e7os da tecnologia\" \/>\n<meta property=\"og:description\" content=\"Para os profissionais de \u00f3ptica, a realidade aumentada pode ser uma ferramenta valiosa em exames visuais e de diagn\u00f3stico.\" \/>\n<meta property=\"og:url\" content=\"https:\/\/www.prooptica.pt\/es\/dia-de-internet-los-avances-de-la-tecnologia\/\" \/>\n<meta property=\"og:site_name\" content=\"Prooptica\" \/>\n<meta property=\"article:published_time\" content=\"2024-05-17T12:18:49+00:00\" \/>\n<meta property=\"og:image\" content=\"https:\/\/www.prooptica.pt\/wp-content\/uploads\/2024\/05\/Capa-artigo-blog-3.jpg\" \/>\n\t<meta property=\"og:image:width\" content=\"854\" \/>\n\t<meta property=\"og:image:height\" content=\"514\" \/>\n\t<meta property=\"og:image:type\" content=\"image\/jpeg\" \/>\n<meta name=\"author\" content=\"admin\" \/>\n<meta name=\"twitter:card\" content=\"summary_large_image\" \/>\n<meta name=\"twitter:label1\" content=\"Escrito por\" \/>\n\t<meta name=\"twitter:data1\" content=\"admin\" \/>\n\t<meta name=\"twitter:label2\" content=\"Tiempo de lectura\" \/>\n\t<meta name=\"twitter:data2\" content=\"2 minutos\" \/>\n<script type=\"application\/ld+json\" class=\"yoast-schema-graph\">{\"@context\":\"https:\\\/\\\/schema.org\",\"@graph\":[{\"@type\":\"Article\",\"@id\":\"https:\\\/\\\/www.prooptica.pt\\\/dia-da-internet-os-avancos-da-tecnologia\\\/#article\",\"isPartOf\":{\"@id\":\"https:\\\/\\\/www.prooptica.pt\\\/dia-da-internet-os-avancos-da-tecnologia\\\/\"},\"author\":{\"name\":\"admin\",\"@id\":\"https:\\\/\\\/www.prooptica.pt\\\/home\\\/#\\\/schema\\\/person\\\/1cbd826a9322a3c38a052e43d1638306\"},\"headline\":\"Dia da Internet | Os avan\u00e7os da tecnologia\",\"datePublished\":\"2024-05-17T12:18:49+00:00\",\"mainEntityOfPage\":{\"@id\":\"https:\\\/\\\/www.prooptica.pt\\\/dia-da-internet-os-avancos-da-tecnologia\\\/\"},\"wordCount\":310,\"image\":{\"@id\":\"https:\\\/\\\/www.prooptica.pt\\\/dia-da-internet-os-avancos-da-tecnologia\\\/#primaryimage\"},\"thumbnailUrl\":\"https:\\\/\\\/www.prooptica.pt\\\/wp-content\\\/uploads\\\/2024\\\/05\\\/Capa-artigo-blog-3.jpg\",\"articleSection\":[\"Insight\",\"IT\"],\"inLanguage\":\"es\"},{\"@type\":\"WebPage\",\"@id\":\"https:\\\/\\\/www.prooptica.pt\\\/dia-da-internet-os-avancos-da-tecnologia\\\/\",\"url\":\"https:\\\/\\\/www.prooptica.pt\\\/dia-da-internet-os-avancos-da-tecnologia\\\/\",\"name\":\"Dia da Internet | Os avan\u00e7os da tecnologia\",\"isPartOf\":{\"@id\":\"https:\\\/\\\/www.prooptica.pt\\\/home\\\/#website\"},\"primaryImageOfPage\":{\"@id\":\"https:\\\/\\\/www.prooptica.pt\\\/dia-da-internet-os-avancos-da-tecnologia\\\/#primaryimage\"},\"image\":{\"@id\":\"https:\\\/\\\/www.prooptica.pt\\\/dia-da-internet-os-avancos-da-tecnologia\\\/#primaryimage\"},\"thumbnailUrl\":\"https:\\\/\\\/www.prooptica.pt\\\/wp-content\\\/uploads\\\/2024\\\/05\\\/Capa-artigo-blog-3.jpg\",\"datePublished\":\"2024-05-17T12:18:49+00:00\",\"author\":{\"@id\":\"https:\\\/\\\/www.prooptica.pt\\\/home\\\/#\\\/schema\\\/person\\\/1cbd826a9322a3c38a052e43d1638306\"},\"description\":\"Para os profissionais de \u00f3ptica, a realidade aumentada pode ser uma ferramenta valiosa em exames visuais e de diagn\u00f3stico.\",\"breadcrumb\":{\"@id\":\"https:\\\/\\\/www.prooptica.pt\\\/dia-da-internet-os-avancos-da-tecnologia\\\/#breadcrumb\"},\"inLanguage\":\"es\",\"potentialAction\":[{\"@type\":\"ReadAction\",\"target\":[\"https:\\\/\\\/www.prooptica.pt\\\/dia-da-internet-os-avancos-da-tecnologia\\\/\"]}]},{\"@type\":\"ImageObject\",\"inLanguage\":\"es\",\"@id\":\"https:\\\/\\\/www.prooptica.pt\\\/dia-da-internet-os-avancos-da-tecnologia\\\/#primaryimage\",\"url\":\"https:\\\/\\\/www.prooptica.pt\\\/wp-content\\\/uploads\\\/2024\\\/05\\\/Capa-artigo-blog-3.jpg\",\"contentUrl\":\"https:\\\/\\\/www.prooptica.pt\\\/wp-content\\\/uploads\\\/2024\\\/05\\\/Capa-artigo-blog-3.jpg\",\"width\":854,\"height\":514},{\"@type\":\"BreadcrumbList\",\"@id\":\"https:\\\/\\\/www.prooptica.pt\\\/dia-da-internet-os-avancos-da-tecnologia\\\/#breadcrumb\",\"itemListElement\":[{\"@type\":\"ListItem\",\"position\":1,\"name\":\"In\u00edcio\",\"item\":\"https:\\\/\\\/www.prooptica.pt\\\/\"},{\"@type\":\"ListItem\",\"position\":2,\"name\":\"Dia da Internet | Os avan\u00e7os da tecnologia\"}]},{\"@type\":\"WebSite\",\"@id\":\"https:\\\/\\\/www.prooptica.pt\\\/home\\\/#website\",\"url\":\"https:\\\/\\\/www.prooptica.pt\\\/home\\\/\",\"name\":\"Prooptica\",\"description\":\"Full Eyewear Concept\",\"potentialAction\":[{\"@type\":\"SearchAction\",\"target\":{\"@type\":\"EntryPoint\",\"urlTemplate\":\"https:\\\/\\\/www.prooptica.pt\\\/home\\\/?s={search_term_string}\"},\"query-input\":{\"@type\":\"PropertyValueSpecification\",\"valueRequired\":true,\"valueName\":\"search_term_string\"}}],\"inLanguage\":\"es\"},{\"@type\":\"Person\",\"@id\":\"https:\\\/\\\/www.prooptica.pt\\\/home\\\/#\\\/schema\\\/person\\\/1cbd826a9322a3c38a052e43d1638306\",\"name\":\"admin\",\"image\":{\"@type\":\"ImageObject\",\"inLanguage\":\"es\",\"@id\":\"https:\\\/\\\/secure.gravatar.com\\\/avatar\\\/528c714482569d81724b02603aa719344e9ad7c0b50becf07272b2086b2c1cfd?s=96&d=mm&r=g\",\"url\":\"https:\\\/\\\/secure.gravatar.com\\\/avatar\\\/528c714482569d81724b02603aa719344e9ad7c0b50becf07272b2086b2c1cfd?s=96&d=mm&r=g\",\"contentUrl\":\"https:\\\/\\\/secure.gravatar.com\\\/avatar\\\/528c714482569d81724b02603aa719344e9ad7c0b50becf07272b2086b2c1cfd?s=96&d=mm&r=g\",\"caption\":\"admin\"},\"url\":\"https:\\\/\\\/www.prooptica.pt\\\/es\\\/author\\\/admin\\\/\"}]}<\/script>\n<!-- \/ Yoast SEO plugin. -->","yoast_head_json":{"title":"D\u00eda de Internet | Avances tecnol\u00f3gicos","description":"Para los \u00f3pticos, la realidad aumentada puede ser una valiosa herramienta en los ex\u00e1menes visuales y diagn\u00f3sticos.","robots":{"index":"index","follow":"follow","max-snippet":"max-snippet:-1","max-image-preview":"max-image-preview:large","max-video-preview":"max-video-preview:-1"},"canonical":"https:\/\/www.prooptica.pt\/es\/dia-de-internet-los-avances-de-la-tecnologia\/","og_locale":"es_ES","og_type":"article","og_title":"Dia da Internet | Os avan\u00e7os da tecnologia","og_description":"Para os profissionais de \u00f3ptica, a realidade aumentada pode ser uma ferramenta valiosa em exames visuais e de diagn\u00f3stico.","og_url":"https:\/\/www.prooptica.pt\/es\/dia-de-internet-los-avances-de-la-tecnologia\/","og_site_name":"Prooptica","article_published_time":"2024-05-17T12:18:49+00:00","og_image":[{"width":854,"height":514,"url":"https:\/\/www.prooptica.pt\/wp-content\/uploads\/2024\/05\/Capa-artigo-blog-3.jpg","type":"image\/jpeg"}],"author":"admin","twitter_card":"summary_large_image","twitter_misc":{"Escrito por":"admin","Tiempo de lectura":"2 minutos"},"schema":{"@context":"https:\/\/schema.org","@graph":[{"@type":"Article","@id":"https:\/\/www.prooptica.pt\/dia-da-internet-os-avancos-da-tecnologia\/#article","isPartOf":{"@id":"https:\/\/www.prooptica.pt\/dia-da-internet-os-avancos-da-tecnologia\/"},"author":{"name":"admin","@id":"https:\/\/www.prooptica.pt\/home\/#\/schema\/person\/1cbd826a9322a3c38a052e43d1638306"},"headline":"Dia da Internet | Os avan\u00e7os da tecnologia","datePublished":"2024-05-17T12:18:49+00:00","mainEntityOfPage":{"@id":"https:\/\/www.prooptica.pt\/dia-da-internet-os-avancos-da-tecnologia\/"},"wordCount":310,"image":{"@id":"https:\/\/www.prooptica.pt\/dia-da-internet-os-avancos-da-tecnologia\/#primaryimage"},"thumbnailUrl":"https:\/\/www.prooptica.pt\/wp-content\/uploads\/2024\/05\/Capa-artigo-blog-3.jpg","articleSection":["Insight","IT"],"inLanguage":"es"},{"@type":"WebPage","@id":"https:\/\/www.prooptica.pt\/dia-da-internet-os-avancos-da-tecnologia\/","url":"https:\/\/www.prooptica.pt\/dia-da-internet-os-avancos-da-tecnologia\/","name":"D\u00eda de Internet | Avances tecnol\u00f3gicos","isPartOf":{"@id":"https:\/\/www.prooptica.pt\/home\/#website"},"primaryImageOfPage":{"@id":"https:\/\/www.prooptica.pt\/dia-da-internet-os-avancos-da-tecnologia\/#primaryimage"},"image":{"@id":"https:\/\/www.prooptica.pt\/dia-da-internet-os-avancos-da-tecnologia\/#primaryimage"},"thumbnailUrl":"https:\/\/www.prooptica.pt\/wp-content\/uploads\/2024\/05\/Capa-artigo-blog-3.jpg","datePublished":"2024-05-17T12:18:49+00:00","author":{"@id":"https:\/\/www.prooptica.pt\/home\/#\/schema\/person\/1cbd826a9322a3c38a052e43d1638306"},"description":"Para los \u00f3pticos, la realidad aumentada puede ser una valiosa herramienta en los ex\u00e1menes visuales y diagn\u00f3sticos.","breadcrumb":{"@id":"https:\/\/www.prooptica.pt\/dia-da-internet-os-avancos-da-tecnologia\/#breadcrumb"},"inLanguage":"es","potentialAction":[{"@type":"ReadAction","target":["https:\/\/www.prooptica.pt\/dia-da-internet-os-avancos-da-tecnologia\/"]}]},{"@type":"ImageObject","inLanguage":"es","@id":"https:\/\/www.prooptica.pt\/dia-da-internet-os-avancos-da-tecnologia\/#primaryimage","url":"https:\/\/www.prooptica.pt\/wp-content\/uploads\/2024\/05\/Capa-artigo-blog-3.jpg","contentUrl":"https:\/\/www.prooptica.pt\/wp-content\/uploads\/2024\/05\/Capa-artigo-blog-3.jpg","width":854,"height":514},{"@type":"BreadcrumbList","@id":"https:\/\/www.prooptica.pt\/dia-da-internet-os-avancos-da-tecnologia\/#breadcrumb","itemListElement":[{"@type":"ListItem","position":1,"name":"In\u00edcio","item":"https:\/\/www.prooptica.pt\/"},{"@type":"ListItem","position":2,"name":"Dia da Internet | Os avan\u00e7os da tecnologia"}]},{"@type":"WebSite","@id":"https:\/\/www.prooptica.pt\/home\/#website","url":"https:\/\/www.prooptica.pt\/home\/","name":"Prooptica","description":"Concepto de gafas completas","potentialAction":[{"@type":"SearchAction","target":{"@type":"EntryPoint","urlTemplate":"https:\/\/www.prooptica.pt\/home\/?s={search_term_string}"},"query-input":{"@type":"PropertyValueSpecification","valueRequired":true,"valueName":"search_term_string"}}],"inLanguage":"es"},{"@type":"Person","@id":"https:\/\/www.prooptica.pt\/home\/#\/schema\/person\/1cbd826a9322a3c38a052e43d1638306","name":"admin","image":{"@type":"ImageObject","inLanguage":"es","@id":"https:\/\/secure.gravatar.com\/avatar\/528c714482569d81724b02603aa719344e9ad7c0b50becf07272b2086b2c1cfd?s=96&d=mm&r=g","url":"https:\/\/secure.gravatar.com\/avatar\/528c714482569d81724b02603aa719344e9ad7c0b50becf07272b2086b2c1cfd?s=96&d=mm&r=g","contentUrl":"https:\/\/secure.gravatar.com\/avatar\/528c714482569d81724b02603aa719344e9ad7c0b50becf07272b2086b2c1cfd?s=96&d=mm&r=g","caption":"admin"},"url":"https:\/\/www.prooptica.pt\/es\/author\/admin\/"}]}},"_links":{"self":[{"href":"https:\/\/www.prooptica.pt\/es\/wp-json\/wp\/v2\/posts\/19914","targetHints":{"allow":["GET"]}}],"collection":[{"href":"https:\/\/www.prooptica.pt\/es\/wp-json\/wp\/v2\/posts"}],"about":[{"href":"https:\/\/www.prooptica.pt\/es\/wp-json\/wp\/v2\/types\/post"}],"author":[{"embeddable":true,"href":"https:\/\/www.prooptica.pt\/es\/wp-json\/wp\/v2\/users\/2"}],"replies":[{"embeddable":true,"href":"https:\/\/www.prooptica.pt\/es\/wp-json\/wp\/v2\/comments?post=19914"}],"version-history":[{"count":2,"href":"https:\/\/www.prooptica.pt\/es\/wp-json\/wp\/v2\/posts\/19914\/revisions"}],"predecessor-version":[{"id":19917,"href":"https:\/\/www.prooptica.pt\/es\/wp-json\/wp\/v2\/posts\/19914\/revisions\/19917"}],"wp:featuredmedia":[{"embeddable":true,"href":"https:\/\/www.prooptica.pt\/es\/wp-json\/wp\/v2\/media\/19915"}],"wp:attachment":[{"href":"https:\/\/www.prooptica.pt\/es\/wp-json\/wp\/v2\/media?parent=19914"}],"wp:term":[{"taxonomy":"category","embeddable":true,"href":"https:\/\/www.prooptica.pt\/es\/wp-json\/wp\/v2\/categories?post=19914"},{"taxonomy":"post_tag","embeddable":true,"href":"https:\/\/www.prooptica.pt\/es\/wp-json\/wp\/v2\/tags?post=19914"}],"curies":[{"name":"wp","href":"https:\/\/api.w.org\/{rel}","templated":true}]}}