{"id":19973,"date":"2024-05-29T09:56:13","date_gmt":"2024-05-29T09:56:13","guid":{"rendered":"https:\/\/www.prooptica.pt\/?p=19973"},"modified":"2024-05-29T10:03:31","modified_gmt":"2024-05-29T10:03:31","slug":"dia-del-nino-la-importancia-de-llevar-gafas-de-sol","status":"publish","type":"post","link":"https:\/\/www.prooptica.pt\/es\/dia-da-crianca-a-importancia-de-usar-oculos-de-sol\/","title":{"rendered":"D\u00eda del Ni\u00f1o | La importancia de llevar gafas de sol"},"content":{"rendered":"<p>Sabemos que el uso de crema solar es estrictamente necesario para proteger la delicada piel de los ni\u00f1os. Sin embargo, es igualmente importante advertir del efecto nocivo de no llevar gafas de sol en la infancia. La misma radiaci\u00f3n UV contra la que protege la crema solar tambi\u00e9n llega a los ojos y puede da\u00f1ar la vista de los ni\u00f1os. Proteger adecuadamente a un ni\u00f1o del sol es esencial, ya sea con sombreros, crema solar o gafas de sol.<\/p>\n<h5><strong>7 razones por las que los ni\u00f1os deben llevar gafas de sol<\/strong><\/h5>\n<h6><strong>1- Los ojos de los ni\u00f1os son especialmente sensibles a la radiaci\u00f3n UV<\/strong><\/h6>\n<p>Los ojos de los ni\u00f1os son m\u00e1s vulnerables a la radiaci\u00f3n UV que los de los adultos porque su iris contiene menos pigmento y su pupila es m\u00e1s grande. La exposici\u00f3n prolongada a la luz solar puede ser perjudicial para sus ojos, especialmente en los beb\u00e9s. Los beb\u00e9s en su primer a\u00f1o de vida tienen un cristalino transparente, que permite que 90% de rayos UVA y 50% de rayos UVB penetren en la retina, de ah\u00ed la importancia crucial de la protecci\u00f3n.<\/p>\n<h6>2- <strong>No protegerse de la radiaci\u00f3n UV hace que los ni\u00f1os sean m\u00e1s propensos a desarrollar futuras enfermedades oculares<\/strong><\/h6>\n<p>La exposici\u00f3n a la radiaci\u00f3n UV puede causar da\u00f1os en la c\u00f3rnea, aumentando el riesgo de enfermedades oculares como cataratas, melanomas oculares e inflamaci\u00f3n de la c\u00f3rnea. Las consecuencias de la radiaci\u00f3n UV en los ojos pueden tardar a\u00f1os en desarrollarse y no son inmediatamente diagnosticables. La Organizaci\u00f3n Mundial de la Salud calcula que 10% de todos los casos de ceguera por cataratas pueden deberse a la exposici\u00f3n a la radiaci\u00f3n UV.<\/p>\n<h6>3 <strong>- La funci\u00f3n del parpadeo en beb\u00e9s y ni\u00f1os peque\u00f1os a\u00fan no est\u00e1 completamente desarrollada.<\/strong><\/h6>\n<p>Los beb\u00e9s y los ni\u00f1os peque\u00f1os no parpadean tanto como los adultos, por lo que son m\u00e1s susceptibles a la radiaci\u00f3n UV.<\/p>\n<h6><strong>4 - No llevar gafas de sol puede provocar dolores de cabeza<\/strong><\/h6>\n<p>No llevar gafas de sol durante las actividades al aire libre con luz solar intensa puede provocar dolores de cabeza, ya que entrecerrar los ojos puede causar tensi\u00f3n muscular alrededor de los ojos y la frente.<\/p>\n<h6>5 &#8211; <strong>Las gafas de sol protegen del deslumbramiento<\/strong><\/h6>\n<p>Mientras que una sombrilla protege de la radiaci\u00f3n UV directa, las gafas de sol son esenciales para proteger los ojos del deslumbramiento, sobre todo en la playa o cerca del agua.<\/p>\n<h6>6- <strong>Crear buenos h\u00e1bitos<\/strong><\/h6>\n<p>Ya que a los peque\u00f1os les toca el pepino, ense\u00f1emos a los ni\u00f1os la buena costumbre de llevar gafas de sol desde peque\u00f1os. Cuando salgan a la calle en un bonito d\u00eda soleado, ser\u00e1 natural que piensen en ponerse crema solar, pero tambi\u00e9n en llevar gafas de sol.<\/p>\n<h6>7-\u00a0 <strong>Crea un look elegante<\/strong><\/h6>\n<p>No hace falta que te lo explique: con unas gafas de sol chulas, \u00a1estar\u00e1s a la \u00faltima!<\/p>","protected":false},"excerpt":{"rendered":"<p>Sabemos que usar protetor solar \u00e9 estritamente necess\u00e1rio para proteger a pele delicada das crian\u00e7as. No entanto, \u00e9 igualmente importante alertar para o efeito nocivo de n\u00e3o usar \u00f3culos de sol na inf\u00e2ncia. A mesma radia\u00e7\u00e3o UV que o protetor solar protege, tamb\u00e9m atinge a vis\u00e3o e pode prejudicar os olhos das crian\u00e7as. Proteger adequadamente [&hellip;]<\/p>\n","protected":false},"author":2,"featured_media":19974,"comment_status":"closed","ping_status":"closed","sticky":false,"template":"","format":"standard","meta":{"footnotes":""},"categories":[195,189],"tags":[],"class_list":["post-19973","post","type-post","status-publish","format-standard","has-post-thumbnail","hentry","category-institucional","category-oculos"],"yoast_head":"<!-- This site is optimized with the Yoast SEO plugin v27.5 - https:\/\/yoast.com\/product\/yoast-seo-wordpress\/ -->\n<title>Dia da Crian\u00e7a | A import\u00e2ncia de usar \u00f3culos de sol<\/title>\n<meta name=\"description\" content=\"A mesma radia\u00e7\u00e3o UV que o protetor solar protege, tamb\u00e9m atinge a vis\u00e3o e pode prejudicar os olhos das crian\u00e7as.\" \/>\n<meta name=\"robots\" content=\"index, follow, max-snippet:-1, max-image-preview:large, max-video-preview:-1\" \/>\n<link rel=\"canonical\" href=\"https:\/\/www.prooptica.pt\/es\/dia-del-nino-la-importancia-de-llevar-gafas-de-sol\/\" \/>\n<meta property=\"og:locale\" content=\"es_ES\" \/>\n<meta property=\"og:type\" content=\"article\" \/>\n<meta property=\"og:title\" content=\"Dia da Crian\u00e7a | A import\u00e2ncia de usar \u00f3culos de sol\" \/>\n<meta property=\"og:description\" content=\"A mesma radia\u00e7\u00e3o UV que o protetor solar protege, tamb\u00e9m atinge a vis\u00e3o e pode prejudicar os olhos das crian\u00e7as.\" \/>\n<meta property=\"og:url\" content=\"https:\/\/www.prooptica.pt\/es\/dia-del-nino-la-importancia-de-llevar-gafas-de-sol\/\" \/>\n<meta property=\"og:site_name\" content=\"Prooptica\" \/>\n<meta property=\"article:published_time\" content=\"2024-05-29T09:56:13+00:00\" \/>\n<meta property=\"article:modified_time\" content=\"2024-05-29T10:03:31+00:00\" \/>\n<meta property=\"og:image\" content=\"https:\/\/www.prooptica.pt\/wp-content\/uploads\/2024\/05\/Capa-artigo-blog-4.jpg\" \/>\n\t<meta property=\"og:image:width\" content=\"854\" \/>\n\t<meta property=\"og:image:height\" content=\"514\" \/>\n\t<meta property=\"og:image:type\" content=\"image\/jpeg\" \/>\n<meta name=\"author\" content=\"admin\" \/>\n<meta name=\"twitter:card\" content=\"summary_large_image\" \/>\n<meta name=\"twitter:label1\" content=\"Escrito por\" \/>\n\t<meta name=\"twitter:data1\" content=\"admin\" \/>\n\t<meta name=\"twitter:label2\" content=\"Tiempo de lectura\" \/>\n\t<meta name=\"twitter:data2\" content=\"3 minutos\" \/>\n<script type=\"application\/ld+json\" class=\"yoast-schema-graph\">{\"@context\":\"https:\\\/\\\/schema.org\",\"@graph\":[{\"@type\":\"Article\",\"@id\":\"https:\\\/\\\/www.prooptica.pt\\\/dia-da-crianca-a-importancia-de-usar-oculos-de-sol\\\/#article\",\"isPartOf\":{\"@id\":\"https:\\\/\\\/www.prooptica.pt\\\/dia-da-crianca-a-importancia-de-usar-oculos-de-sol\\\/\"},\"author\":{\"name\":\"admin\",\"@id\":\"https:\\\/\\\/www.prooptica.pt\\\/home\\\/#\\\/schema\\\/person\\\/1cbd826a9322a3c38a052e43d1638306\"},\"headline\":\"Dia da Crian\u00e7a | A import\u00e2ncia de usar \u00f3culos de sol\",\"datePublished\":\"2024-05-29T09:56:13+00:00\",\"dateModified\":\"2024-05-29T10:03:31+00:00\",\"mainEntityOfPage\":{\"@id\":\"https:\\\/\\\/www.prooptica.pt\\\/dia-da-crianca-a-importancia-de-usar-oculos-de-sol\\\/\"},\"wordCount\":508,\"image\":{\"@id\":\"https:\\\/\\\/www.prooptica.pt\\\/dia-da-crianca-a-importancia-de-usar-oculos-de-sol\\\/#primaryimage\"},\"thumbnailUrl\":\"https:\\\/\\\/www.prooptica.pt\\\/wp-content\\\/uploads\\\/2024\\\/05\\\/Capa-artigo-blog-4.jpg\",\"articleSection\":[\"Institucional\",\"\u00d3culos\"],\"inLanguage\":\"es\"},{\"@type\":\"WebPage\",\"@id\":\"https:\\\/\\\/www.prooptica.pt\\\/dia-da-crianca-a-importancia-de-usar-oculos-de-sol\\\/\",\"url\":\"https:\\\/\\\/www.prooptica.pt\\\/dia-da-crianca-a-importancia-de-usar-oculos-de-sol\\\/\",\"name\":\"Dia da Crian\u00e7a | A import\u00e2ncia de usar \u00f3culos de sol\",\"isPartOf\":{\"@id\":\"https:\\\/\\\/www.prooptica.pt\\\/home\\\/#website\"},\"primaryImageOfPage\":{\"@id\":\"https:\\\/\\\/www.prooptica.pt\\\/dia-da-crianca-a-importancia-de-usar-oculos-de-sol\\\/#primaryimage\"},\"image\":{\"@id\":\"https:\\\/\\\/www.prooptica.pt\\\/dia-da-crianca-a-importancia-de-usar-oculos-de-sol\\\/#primaryimage\"},\"thumbnailUrl\":\"https:\\\/\\\/www.prooptica.pt\\\/wp-content\\\/uploads\\\/2024\\\/05\\\/Capa-artigo-blog-4.jpg\",\"datePublished\":\"2024-05-29T09:56:13+00:00\",\"dateModified\":\"2024-05-29T10:03:31+00:00\",\"author\":{\"@id\":\"https:\\\/\\\/www.prooptica.pt\\\/home\\\/#\\\/schema\\\/person\\\/1cbd826a9322a3c38a052e43d1638306\"},\"description\":\"A mesma radia\u00e7\u00e3o UV que o protetor solar protege, tamb\u00e9m atinge a vis\u00e3o e pode prejudicar os olhos das crian\u00e7as.\",\"breadcrumb\":{\"@id\":\"https:\\\/\\\/www.prooptica.pt\\\/dia-da-crianca-a-importancia-de-usar-oculos-de-sol\\\/#breadcrumb\"},\"inLanguage\":\"es\",\"potentialAction\":[{\"@type\":\"ReadAction\",\"target\":[\"https:\\\/\\\/www.prooptica.pt\\\/dia-da-crianca-a-importancia-de-usar-oculos-de-sol\\\/\"]}]},{\"@type\":\"ImageObject\",\"inLanguage\":\"es\",\"@id\":\"https:\\\/\\\/www.prooptica.pt\\\/dia-da-crianca-a-importancia-de-usar-oculos-de-sol\\\/#primaryimage\",\"url\":\"https:\\\/\\\/www.prooptica.pt\\\/wp-content\\\/uploads\\\/2024\\\/05\\\/Capa-artigo-blog-4.jpg\",\"contentUrl\":\"https:\\\/\\\/www.prooptica.pt\\\/wp-content\\\/uploads\\\/2024\\\/05\\\/Capa-artigo-blog-4.jpg\",\"width\":854,\"height\":514},{\"@type\":\"BreadcrumbList\",\"@id\":\"https:\\\/\\\/www.prooptica.pt\\\/dia-da-crianca-a-importancia-de-usar-oculos-de-sol\\\/#breadcrumb\",\"itemListElement\":[{\"@type\":\"ListItem\",\"position\":1,\"name\":\"In\u00edcio\",\"item\":\"https:\\\/\\\/www.prooptica.pt\\\/\"},{\"@type\":\"ListItem\",\"position\":2,\"name\":\"Dia da Crian\u00e7a | A import\u00e2ncia de usar \u00f3culos de sol\"}]},{\"@type\":\"WebSite\",\"@id\":\"https:\\\/\\\/www.prooptica.pt\\\/home\\\/#website\",\"url\":\"https:\\\/\\\/www.prooptica.pt\\\/home\\\/\",\"name\":\"Prooptica\",\"description\":\"Full Eyewear Concept\",\"potentialAction\":[{\"@type\":\"SearchAction\",\"target\":{\"@type\":\"EntryPoint\",\"urlTemplate\":\"https:\\\/\\\/www.prooptica.pt\\\/home\\\/?s={search_term_string}\"},\"query-input\":{\"@type\":\"PropertyValueSpecification\",\"valueRequired\":true,\"valueName\":\"search_term_string\"}}],\"inLanguage\":\"es\"},{\"@type\":\"Person\",\"@id\":\"https:\\\/\\\/www.prooptica.pt\\\/home\\\/#\\\/schema\\\/person\\\/1cbd826a9322a3c38a052e43d1638306\",\"name\":\"admin\",\"image\":{\"@type\":\"ImageObject\",\"inLanguage\":\"es\",\"@id\":\"https:\\\/\\\/secure.gravatar.com\\\/avatar\\\/528c714482569d81724b02603aa719344e9ad7c0b50becf07272b2086b2c1cfd?s=96&d=mm&r=g\",\"url\":\"https:\\\/\\\/secure.gravatar.com\\\/avatar\\\/528c714482569d81724b02603aa719344e9ad7c0b50becf07272b2086b2c1cfd?s=96&d=mm&r=g\",\"contentUrl\":\"https:\\\/\\\/secure.gravatar.com\\\/avatar\\\/528c714482569d81724b02603aa719344e9ad7c0b50becf07272b2086b2c1cfd?s=96&d=mm&r=g\",\"caption\":\"admin\"},\"url\":\"https:\\\/\\\/www.prooptica.pt\\\/es\\\/author\\\/admin\\\/\"}]}<\/script>\n<!-- \/ Yoast SEO plugin. -->","yoast_head_json":{"title":"D\u00eda del Ni\u00f1o | La importancia de llevar gafas de sol","description":"La misma radiaci\u00f3n UV contra la que protege el protector solar tambi\u00e9n afecta a la visi\u00f3n y puede da\u00f1ar los ojos de los ni\u00f1os.","robots":{"index":"index","follow":"follow","max-snippet":"max-snippet:-1","max-image-preview":"max-image-preview:large","max-video-preview":"max-video-preview:-1"},"canonical":"https:\/\/www.prooptica.pt\/es\/dia-del-nino-la-importancia-de-llevar-gafas-de-sol\/","og_locale":"es_ES","og_type":"article","og_title":"Dia da Crian\u00e7a | A import\u00e2ncia de usar \u00f3culos de sol","og_description":"A mesma radia\u00e7\u00e3o UV que o protetor solar protege, tamb\u00e9m atinge a vis\u00e3o e pode prejudicar os olhos das crian\u00e7as.","og_url":"https:\/\/www.prooptica.pt\/es\/dia-del-nino-la-importancia-de-llevar-gafas-de-sol\/","og_site_name":"Prooptica","article_published_time":"2024-05-29T09:56:13+00:00","article_modified_time":"2024-05-29T10:03:31+00:00","og_image":[{"width":854,"height":514,"url":"https:\/\/www.prooptica.pt\/wp-content\/uploads\/2024\/05\/Capa-artigo-blog-4.jpg","type":"image\/jpeg"}],"author":"admin","twitter_card":"summary_large_image","twitter_misc":{"Escrito por":"admin","Tiempo de lectura":"3 minutos"},"schema":{"@context":"https:\/\/schema.org","@graph":[{"@type":"Article","@id":"https:\/\/www.prooptica.pt\/dia-da-crianca-a-importancia-de-usar-oculos-de-sol\/#article","isPartOf":{"@id":"https:\/\/www.prooptica.pt\/dia-da-crianca-a-importancia-de-usar-oculos-de-sol\/"},"author":{"name":"admin","@id":"https:\/\/www.prooptica.pt\/home\/#\/schema\/person\/1cbd826a9322a3c38a052e43d1638306"},"headline":"Dia da Crian\u00e7a | A import\u00e2ncia de usar \u00f3culos de sol","datePublished":"2024-05-29T09:56:13+00:00","dateModified":"2024-05-29T10:03:31+00:00","mainEntityOfPage":{"@id":"https:\/\/www.prooptica.pt\/dia-da-crianca-a-importancia-de-usar-oculos-de-sol\/"},"wordCount":508,"image":{"@id":"https:\/\/www.prooptica.pt\/dia-da-crianca-a-importancia-de-usar-oculos-de-sol\/#primaryimage"},"thumbnailUrl":"https:\/\/www.prooptica.pt\/wp-content\/uploads\/2024\/05\/Capa-artigo-blog-4.jpg","articleSection":["Institucional","\u00d3culos"],"inLanguage":"es"},{"@type":"WebPage","@id":"https:\/\/www.prooptica.pt\/dia-da-crianca-a-importancia-de-usar-oculos-de-sol\/","url":"https:\/\/www.prooptica.pt\/dia-da-crianca-a-importancia-de-usar-oculos-de-sol\/","name":"D\u00eda del Ni\u00f1o | La importancia de llevar gafas de sol","isPartOf":{"@id":"https:\/\/www.prooptica.pt\/home\/#website"},"primaryImageOfPage":{"@id":"https:\/\/www.prooptica.pt\/dia-da-crianca-a-importancia-de-usar-oculos-de-sol\/#primaryimage"},"image":{"@id":"https:\/\/www.prooptica.pt\/dia-da-crianca-a-importancia-de-usar-oculos-de-sol\/#primaryimage"},"thumbnailUrl":"https:\/\/www.prooptica.pt\/wp-content\/uploads\/2024\/05\/Capa-artigo-blog-4.jpg","datePublished":"2024-05-29T09:56:13+00:00","dateModified":"2024-05-29T10:03:31+00:00","author":{"@id":"https:\/\/www.prooptica.pt\/home\/#\/schema\/person\/1cbd826a9322a3c38a052e43d1638306"},"description":"La misma radiaci\u00f3n UV contra la que protege el protector solar tambi\u00e9n afecta a la visi\u00f3n y puede da\u00f1ar los ojos de los ni\u00f1os.","breadcrumb":{"@id":"https:\/\/www.prooptica.pt\/dia-da-crianca-a-importancia-de-usar-oculos-de-sol\/#breadcrumb"},"inLanguage":"es","potentialAction":[{"@type":"ReadAction","target":["https:\/\/www.prooptica.pt\/dia-da-crianca-a-importancia-de-usar-oculos-de-sol\/"]}]},{"@type":"ImageObject","inLanguage":"es","@id":"https:\/\/www.prooptica.pt\/dia-da-crianca-a-importancia-de-usar-oculos-de-sol\/#primaryimage","url":"https:\/\/www.prooptica.pt\/wp-content\/uploads\/2024\/05\/Capa-artigo-blog-4.jpg","contentUrl":"https:\/\/www.prooptica.pt\/wp-content\/uploads\/2024\/05\/Capa-artigo-blog-4.jpg","width":854,"height":514},{"@type":"BreadcrumbList","@id":"https:\/\/www.prooptica.pt\/dia-da-crianca-a-importancia-de-usar-oculos-de-sol\/#breadcrumb","itemListElement":[{"@type":"ListItem","position":1,"name":"In\u00edcio","item":"https:\/\/www.prooptica.pt\/"},{"@type":"ListItem","position":2,"name":"Dia da Crian\u00e7a | A import\u00e2ncia de usar \u00f3culos de sol"}]},{"@type":"WebSite","@id":"https:\/\/www.prooptica.pt\/home\/#website","url":"https:\/\/www.prooptica.pt\/home\/","name":"Prooptica","description":"Concepto de gafas completas","potentialAction":[{"@type":"SearchAction","target":{"@type":"EntryPoint","urlTemplate":"https:\/\/www.prooptica.pt\/home\/?s={search_term_string}"},"query-input":{"@type":"PropertyValueSpecification","valueRequired":true,"valueName":"search_term_string"}}],"inLanguage":"es"},{"@type":"Person","@id":"https:\/\/www.prooptica.pt\/home\/#\/schema\/person\/1cbd826a9322a3c38a052e43d1638306","name":"admin","image":{"@type":"ImageObject","inLanguage":"es","@id":"https:\/\/secure.gravatar.com\/avatar\/528c714482569d81724b02603aa719344e9ad7c0b50becf07272b2086b2c1cfd?s=96&d=mm&r=g","url":"https:\/\/secure.gravatar.com\/avatar\/528c714482569d81724b02603aa719344e9ad7c0b50becf07272b2086b2c1cfd?s=96&d=mm&r=g","contentUrl":"https:\/\/secure.gravatar.com\/avatar\/528c714482569d81724b02603aa719344e9ad7c0b50becf07272b2086b2c1cfd?s=96&d=mm&r=g","caption":"admin"},"url":"https:\/\/www.prooptica.pt\/es\/author\/admin\/"}]}},"_links":{"self":[{"href":"https:\/\/www.prooptica.pt\/es\/wp-json\/wp\/v2\/posts\/19973","targetHints":{"allow":["GET"]}}],"collection":[{"href":"https:\/\/www.prooptica.pt\/es\/wp-json\/wp\/v2\/posts"}],"about":[{"href":"https:\/\/www.prooptica.pt\/es\/wp-json\/wp\/v2\/types\/post"}],"author":[{"embeddable":true,"href":"https:\/\/www.prooptica.pt\/es\/wp-json\/wp\/v2\/users\/2"}],"replies":[{"embeddable":true,"href":"https:\/\/www.prooptica.pt\/es\/wp-json\/wp\/v2\/comments?post=19973"}],"version-history":[{"count":5,"href":"https:\/\/www.prooptica.pt\/es\/wp-json\/wp\/v2\/posts\/19973\/revisions"}],"predecessor-version":[{"id":19979,"href":"https:\/\/www.prooptica.pt\/es\/wp-json\/wp\/v2\/posts\/19973\/revisions\/19979"}],"wp:featuredmedia":[{"embeddable":true,"href":"https:\/\/www.prooptica.pt\/es\/wp-json\/wp\/v2\/media\/19974"}],"wp:attachment":[{"href":"https:\/\/www.prooptica.pt\/es\/wp-json\/wp\/v2\/media?parent=19973"}],"wp:term":[{"taxonomy":"category","embeddable":true,"href":"https:\/\/www.prooptica.pt\/es\/wp-json\/wp\/v2\/categories?post=19973"},{"taxonomy":"post_tag","embeddable":true,"href":"https:\/\/www.prooptica.pt\/es\/wp-json\/wp\/v2\/tags?post=19973"}],"curies":[{"name":"wp","href":"https:\/\/api.w.org\/{rel}","templated":true}]}}