{"id":20434,"date":"2024-08-19T16:31:01","date_gmt":"2024-08-19T16:31:01","guid":{"rendered":"https:\/\/www.prooptica.pt\/?p=20434"},"modified":"2024-08-19T16:31:01","modified_gmt":"2024-08-19T16:31:01","slug":"nikon-y-kodak-dia-mundial-de-la-fotografia","status":"publish","type":"post","link":"https:\/\/www.prooptica.pt\/es\/dia-mundial-da-fotografia-nikon-e-kodak\/","title":{"rendered":"D\u00eda Mundial de la Fotograf\u00eda | Nikon y Kodak"},"content":{"rendered":"<p>El D\u00eda Mundial de la Fotograf\u00eda rinde homenaje al arte y la ciencia de captar momentos a trav\u00e9s del objetivo. A lo largo de los a\u00f1os, la fotograf\u00eda ha sido una poderosa herramienta para registrar historias, transmitir emociones y conectar a personas de todo el mundo. En este contexto, Prooptica se enorgullece de ser distribuidor de dos gigantes mundiales de la fotograf\u00eda, Nikon y Kodak, que cuentan con un legado innegable en el mundo de la imagen.<\/p>\n<p><strong>El legado fotogr\u00e1fico de Nikon y Kodak<\/strong><\/p>\n<p>Nikon, fundada en 1917, destac\u00f3 r\u00e1pidamente por su innovaci\u00f3n y precisi\u00f3n \u00f3ptica. Sus c\u00e1maras y objetivos revolucionaron la forma de ver y registrar el mundo. Kodak, por su parte, fue pionera en el desarrollo de pel\u00edculas fotogr\u00e1ficas y c\u00e1maras asequibles, convirtiendo la fotograf\u00eda en una actividad popular y accesible para millones de personas.<\/p>\n<p><strong>La transici\u00f3n de la fotograf\u00eda a la \u00f3ptica oft\u00e1lmica<\/strong><\/p>\n<p>La experiencia \u00f3ptica de estas dos marcas era un paso natural hacia la creaci\u00f3n de lentes oft\u00e1lmicas de alta calidad.<\/p>\n<p>Nikon, conocida por sus lentes precisas y n\u00edtidas, ha aplicado su tecnolog\u00eda de vanguardia al desarrollo de lentes oft\u00e1lmicas que ofrecen una visi\u00f3n clara y c\u00f3moda.<\/p>\n<p>Kodak, con su rica historia de innovaci\u00f3n fotogr\u00e1fica, ha trasladado esta tradici\u00f3n al campo de las lentes oft\u00e1lmicas. Las lentes oft\u00e1lmicas Kodak son conocidas por su durabilidad y claridad, proporcionando una experiencia visual de primera.<\/p>\n<p><strong>Prooptica y la comercializaci\u00f3n de objetivos Nikon y Kodak<\/strong><\/p>\n<p>En Prooptica, nos comprometemos a ofrecer lo mejor en tecnolog\u00eda de lentes oft\u00e1lmicas. La comercializaci\u00f3n de lentes Nikon y Kodak es un reflejo de nuestro compromiso con la calidad y la innovaci\u00f3n. Cada par de lentes es el producto de d\u00e9cadas de innovaci\u00f3n y excelencia \u00f3ptica.<\/p>","protected":false},"excerpt":{"rendered":"<p>O Dia Mundial da Fotografia homenageia a arte e a ci\u00eancia de captar momentos atrav\u00e9s das lentes. A fotografia, ao longo dos anos, tem sido uma ferramenta poderosa para registar hist\u00f3rias, transmitir emo\u00e7\u00f5es e interligar pessoas em todo o mundo. Neste contexto, a Prooptica tem o orgulho de ser o distribuidor de dois gigantes da [&hellip;]<\/p>\n","protected":false},"author":2,"featured_media":20435,"comment_status":"closed","ping_status":"closed","sticky":false,"template":"","format":"standard","meta":{"footnotes":""},"categories":[187],"tags":[],"class_list":["post-20434","post","type-post","status-publish","format-standard","has-post-thumbnail","hentry","category-lentes"],"yoast_head":"<!-- This site is optimized with the Yoast SEO plugin v27.5 - https:\/\/yoast.com\/product\/yoast-seo-wordpress\/ -->\n<title>Dia Mundial da Fotografia | Nikon e Kodak<\/title>\n<meta name=\"description\" content=\"Na Prooptica estamos comprometidos em oferecer o melhor em lentes oft\u00e1lmicas. Comercializar lentes Nikon e Kodak \u00e9 um reflexo disso.\" \/>\n<meta name=\"robots\" content=\"index, follow, max-snippet:-1, max-image-preview:large, max-video-preview:-1\" \/>\n<link rel=\"canonical\" href=\"https:\/\/www.prooptica.pt\/es\/nikon-y-kodak-dia-mundial-de-la-fotografia\/\" \/>\n<meta property=\"og:locale\" content=\"es_ES\" \/>\n<meta property=\"og:type\" content=\"article\" \/>\n<meta property=\"og:title\" content=\"Dia Mundial da Fotografia | Nikon e Kodak\" \/>\n<meta property=\"og:description\" content=\"Na Prooptica estamos comprometidos em oferecer o melhor em lentes oft\u00e1lmicas. Comercializar lentes Nikon e Kodak \u00e9 um reflexo disso.\" \/>\n<meta property=\"og:url\" content=\"https:\/\/www.prooptica.pt\/es\/nikon-y-kodak-dia-mundial-de-la-fotografia\/\" \/>\n<meta property=\"og:site_name\" content=\"Prooptica\" \/>\n<meta property=\"article:published_time\" content=\"2024-08-19T16:31:01+00:00\" \/>\n<meta property=\"og:image\" content=\"https:\/\/www.prooptica.pt\/wp-content\/uploads\/2024\/08\/Capa-artigo-blog.jpg\" \/>\n\t<meta property=\"og:image:width\" content=\"854\" \/>\n\t<meta property=\"og:image:height\" content=\"514\" \/>\n\t<meta property=\"og:image:type\" content=\"image\/jpeg\" \/>\n<meta name=\"author\" content=\"admin\" \/>\n<meta name=\"twitter:card\" content=\"summary_large_image\" \/>\n<meta name=\"twitter:label1\" content=\"Escrito por\" \/>\n\t<meta name=\"twitter:data1\" content=\"admin\" \/>\n\t<meta name=\"twitter:label2\" content=\"Tiempo de lectura\" \/>\n\t<meta name=\"twitter:data2\" content=\"2 minutos\" \/>\n<script type=\"application\/ld+json\" class=\"yoast-schema-graph\">{\"@context\":\"https:\\\/\\\/schema.org\",\"@graph\":[{\"@type\":\"Article\",\"@id\":\"https:\\\/\\\/www.prooptica.pt\\\/dia-mundial-da-fotografia-nikon-e-kodak\\\/#article\",\"isPartOf\":{\"@id\":\"https:\\\/\\\/www.prooptica.pt\\\/dia-mundial-da-fotografia-nikon-e-kodak\\\/\"},\"author\":{\"name\":\"admin\",\"@id\":\"https:\\\/\\\/www.prooptica.pt\\\/home\\\/#\\\/schema\\\/person\\\/1cbd826a9322a3c38a052e43d1638306\"},\"headline\":\"Dia Mundial da Fotografia | Nikon e Kodak\",\"datePublished\":\"2024-08-19T16:31:01+00:00\",\"mainEntityOfPage\":{\"@id\":\"https:\\\/\\\/www.prooptica.pt\\\/dia-mundial-da-fotografia-nikon-e-kodak\\\/\"},\"wordCount\":319,\"image\":{\"@id\":\"https:\\\/\\\/www.prooptica.pt\\\/dia-mundial-da-fotografia-nikon-e-kodak\\\/#primaryimage\"},\"thumbnailUrl\":\"https:\\\/\\\/www.prooptica.pt\\\/wp-content\\\/uploads\\\/2024\\\/08\\\/Capa-artigo-blog.jpg\",\"articleSection\":[\"Lentes\"],\"inLanguage\":\"es\"},{\"@type\":\"WebPage\",\"@id\":\"https:\\\/\\\/www.prooptica.pt\\\/dia-mundial-da-fotografia-nikon-e-kodak\\\/\",\"url\":\"https:\\\/\\\/www.prooptica.pt\\\/dia-mundial-da-fotografia-nikon-e-kodak\\\/\",\"name\":\"Dia Mundial da Fotografia | Nikon e Kodak\",\"isPartOf\":{\"@id\":\"https:\\\/\\\/www.prooptica.pt\\\/home\\\/#website\"},\"primaryImageOfPage\":{\"@id\":\"https:\\\/\\\/www.prooptica.pt\\\/dia-mundial-da-fotografia-nikon-e-kodak\\\/#primaryimage\"},\"image\":{\"@id\":\"https:\\\/\\\/www.prooptica.pt\\\/dia-mundial-da-fotografia-nikon-e-kodak\\\/#primaryimage\"},\"thumbnailUrl\":\"https:\\\/\\\/www.prooptica.pt\\\/wp-content\\\/uploads\\\/2024\\\/08\\\/Capa-artigo-blog.jpg\",\"datePublished\":\"2024-08-19T16:31:01+00:00\",\"author\":{\"@id\":\"https:\\\/\\\/www.prooptica.pt\\\/home\\\/#\\\/schema\\\/person\\\/1cbd826a9322a3c38a052e43d1638306\"},\"description\":\"Na Prooptica estamos comprometidos em oferecer o melhor em lentes oft\u00e1lmicas. Comercializar lentes Nikon e Kodak \u00e9 um reflexo disso.\",\"breadcrumb\":{\"@id\":\"https:\\\/\\\/www.prooptica.pt\\\/dia-mundial-da-fotografia-nikon-e-kodak\\\/#breadcrumb\"},\"inLanguage\":\"es\",\"potentialAction\":[{\"@type\":\"ReadAction\",\"target\":[\"https:\\\/\\\/www.prooptica.pt\\\/dia-mundial-da-fotografia-nikon-e-kodak\\\/\"]}]},{\"@type\":\"ImageObject\",\"inLanguage\":\"es\",\"@id\":\"https:\\\/\\\/www.prooptica.pt\\\/dia-mundial-da-fotografia-nikon-e-kodak\\\/#primaryimage\",\"url\":\"https:\\\/\\\/www.prooptica.pt\\\/wp-content\\\/uploads\\\/2024\\\/08\\\/Capa-artigo-blog.jpg\",\"contentUrl\":\"https:\\\/\\\/www.prooptica.pt\\\/wp-content\\\/uploads\\\/2024\\\/08\\\/Capa-artigo-blog.jpg\",\"width\":854,\"height\":514},{\"@type\":\"BreadcrumbList\",\"@id\":\"https:\\\/\\\/www.prooptica.pt\\\/dia-mundial-da-fotografia-nikon-e-kodak\\\/#breadcrumb\",\"itemListElement\":[{\"@type\":\"ListItem\",\"position\":1,\"name\":\"In\u00edcio\",\"item\":\"https:\\\/\\\/www.prooptica.pt\\\/\"},{\"@type\":\"ListItem\",\"position\":2,\"name\":\"Dia Mundial da Fotografia | Nikon e Kodak\"}]},{\"@type\":\"WebSite\",\"@id\":\"https:\\\/\\\/www.prooptica.pt\\\/home\\\/#website\",\"url\":\"https:\\\/\\\/www.prooptica.pt\\\/home\\\/\",\"name\":\"Prooptica\",\"description\":\"Full Eyewear Concept\",\"potentialAction\":[{\"@type\":\"SearchAction\",\"target\":{\"@type\":\"EntryPoint\",\"urlTemplate\":\"https:\\\/\\\/www.prooptica.pt\\\/home\\\/?s={search_term_string}\"},\"query-input\":{\"@type\":\"PropertyValueSpecification\",\"valueRequired\":true,\"valueName\":\"search_term_string\"}}],\"inLanguage\":\"es\"},{\"@type\":\"Person\",\"@id\":\"https:\\\/\\\/www.prooptica.pt\\\/home\\\/#\\\/schema\\\/person\\\/1cbd826a9322a3c38a052e43d1638306\",\"name\":\"admin\",\"image\":{\"@type\":\"ImageObject\",\"inLanguage\":\"es\",\"@id\":\"https:\\\/\\\/secure.gravatar.com\\\/avatar\\\/528c714482569d81724b02603aa719344e9ad7c0b50becf07272b2086b2c1cfd?s=96&d=mm&r=g\",\"url\":\"https:\\\/\\\/secure.gravatar.com\\\/avatar\\\/528c714482569d81724b02603aa719344e9ad7c0b50becf07272b2086b2c1cfd?s=96&d=mm&r=g\",\"contentUrl\":\"https:\\\/\\\/secure.gravatar.com\\\/avatar\\\/528c714482569d81724b02603aa719344e9ad7c0b50becf07272b2086b2c1cfd?s=96&d=mm&r=g\",\"caption\":\"admin\"},\"url\":\"https:\\\/\\\/www.prooptica.pt\\\/es\\\/author\\\/admin\\\/\"}]}<\/script>\n<!-- \/ Yoast SEO plugin. -->","yoast_head_json":{"title":"D\u00eda Mundial de la Fotograf\u00eda | Nikon y Kodak","description":"En Prooptica nos comprometemos a ofrecer lo mejor en lentes oft\u00e1lmicas. Comercializar lentes Nikon y Kodak es un reflejo de ello.","robots":{"index":"index","follow":"follow","max-snippet":"max-snippet:-1","max-image-preview":"max-image-preview:large","max-video-preview":"max-video-preview:-1"},"canonical":"https:\/\/www.prooptica.pt\/es\/nikon-y-kodak-dia-mundial-de-la-fotografia\/","og_locale":"es_ES","og_type":"article","og_title":"Dia Mundial da Fotografia | Nikon e Kodak","og_description":"Na Prooptica estamos comprometidos em oferecer o melhor em lentes oft\u00e1lmicas. Comercializar lentes Nikon e Kodak \u00e9 um reflexo disso.","og_url":"https:\/\/www.prooptica.pt\/es\/nikon-y-kodak-dia-mundial-de-la-fotografia\/","og_site_name":"Prooptica","article_published_time":"2024-08-19T16:31:01+00:00","og_image":[{"width":854,"height":514,"url":"https:\/\/www.prooptica.pt\/wp-content\/uploads\/2024\/08\/Capa-artigo-blog.jpg","type":"image\/jpeg"}],"author":"admin","twitter_card":"summary_large_image","twitter_misc":{"Escrito por":"admin","Tiempo de lectura":"2 minutos"},"schema":{"@context":"https:\/\/schema.org","@graph":[{"@type":"Article","@id":"https:\/\/www.prooptica.pt\/dia-mundial-da-fotografia-nikon-e-kodak\/#article","isPartOf":{"@id":"https:\/\/www.prooptica.pt\/dia-mundial-da-fotografia-nikon-e-kodak\/"},"author":{"name":"admin","@id":"https:\/\/www.prooptica.pt\/home\/#\/schema\/person\/1cbd826a9322a3c38a052e43d1638306"},"headline":"Dia Mundial da Fotografia | Nikon e Kodak","datePublished":"2024-08-19T16:31:01+00:00","mainEntityOfPage":{"@id":"https:\/\/www.prooptica.pt\/dia-mundial-da-fotografia-nikon-e-kodak\/"},"wordCount":319,"image":{"@id":"https:\/\/www.prooptica.pt\/dia-mundial-da-fotografia-nikon-e-kodak\/#primaryimage"},"thumbnailUrl":"https:\/\/www.prooptica.pt\/wp-content\/uploads\/2024\/08\/Capa-artigo-blog.jpg","articleSection":["Lentes"],"inLanguage":"es"},{"@type":"WebPage","@id":"https:\/\/www.prooptica.pt\/dia-mundial-da-fotografia-nikon-e-kodak\/","url":"https:\/\/www.prooptica.pt\/dia-mundial-da-fotografia-nikon-e-kodak\/","name":"D\u00eda Mundial de la Fotograf\u00eda | Nikon y Kodak","isPartOf":{"@id":"https:\/\/www.prooptica.pt\/home\/#website"},"primaryImageOfPage":{"@id":"https:\/\/www.prooptica.pt\/dia-mundial-da-fotografia-nikon-e-kodak\/#primaryimage"},"image":{"@id":"https:\/\/www.prooptica.pt\/dia-mundial-da-fotografia-nikon-e-kodak\/#primaryimage"},"thumbnailUrl":"https:\/\/www.prooptica.pt\/wp-content\/uploads\/2024\/08\/Capa-artigo-blog.jpg","datePublished":"2024-08-19T16:31:01+00:00","author":{"@id":"https:\/\/www.prooptica.pt\/home\/#\/schema\/person\/1cbd826a9322a3c38a052e43d1638306"},"description":"En Prooptica nos comprometemos a ofrecer lo mejor en lentes oft\u00e1lmicas. Comercializar lentes Nikon y Kodak es un reflejo de ello.","breadcrumb":{"@id":"https:\/\/www.prooptica.pt\/dia-mundial-da-fotografia-nikon-e-kodak\/#breadcrumb"},"inLanguage":"es","potentialAction":[{"@type":"ReadAction","target":["https:\/\/www.prooptica.pt\/dia-mundial-da-fotografia-nikon-e-kodak\/"]}]},{"@type":"ImageObject","inLanguage":"es","@id":"https:\/\/www.prooptica.pt\/dia-mundial-da-fotografia-nikon-e-kodak\/#primaryimage","url":"https:\/\/www.prooptica.pt\/wp-content\/uploads\/2024\/08\/Capa-artigo-blog.jpg","contentUrl":"https:\/\/www.prooptica.pt\/wp-content\/uploads\/2024\/08\/Capa-artigo-blog.jpg","width":854,"height":514},{"@type":"BreadcrumbList","@id":"https:\/\/www.prooptica.pt\/dia-mundial-da-fotografia-nikon-e-kodak\/#breadcrumb","itemListElement":[{"@type":"ListItem","position":1,"name":"In\u00edcio","item":"https:\/\/www.prooptica.pt\/"},{"@type":"ListItem","position":2,"name":"Dia Mundial da Fotografia | Nikon e Kodak"}]},{"@type":"WebSite","@id":"https:\/\/www.prooptica.pt\/home\/#website","url":"https:\/\/www.prooptica.pt\/home\/","name":"Prooptica","description":"Concepto de gafas completas","potentialAction":[{"@type":"SearchAction","target":{"@type":"EntryPoint","urlTemplate":"https:\/\/www.prooptica.pt\/home\/?s={search_term_string}"},"query-input":{"@type":"PropertyValueSpecification","valueRequired":true,"valueName":"search_term_string"}}],"inLanguage":"es"},{"@type":"Person","@id":"https:\/\/www.prooptica.pt\/home\/#\/schema\/person\/1cbd826a9322a3c38a052e43d1638306","name":"admin","image":{"@type":"ImageObject","inLanguage":"es","@id":"https:\/\/secure.gravatar.com\/avatar\/528c714482569d81724b02603aa719344e9ad7c0b50becf07272b2086b2c1cfd?s=96&d=mm&r=g","url":"https:\/\/secure.gravatar.com\/avatar\/528c714482569d81724b02603aa719344e9ad7c0b50becf07272b2086b2c1cfd?s=96&d=mm&r=g","contentUrl":"https:\/\/secure.gravatar.com\/avatar\/528c714482569d81724b02603aa719344e9ad7c0b50becf07272b2086b2c1cfd?s=96&d=mm&r=g","caption":"admin"},"url":"https:\/\/www.prooptica.pt\/es\/author\/admin\/"}]}},"_links":{"self":[{"href":"https:\/\/www.prooptica.pt\/es\/wp-json\/wp\/v2\/posts\/20434","targetHints":{"allow":["GET"]}}],"collection":[{"href":"https:\/\/www.prooptica.pt\/es\/wp-json\/wp\/v2\/posts"}],"about":[{"href":"https:\/\/www.prooptica.pt\/es\/wp-json\/wp\/v2\/types\/post"}],"author":[{"embeddable":true,"href":"https:\/\/www.prooptica.pt\/es\/wp-json\/wp\/v2\/users\/2"}],"replies":[{"embeddable":true,"href":"https:\/\/www.prooptica.pt\/es\/wp-json\/wp\/v2\/comments?post=20434"}],"version-history":[{"count":1,"href":"https:\/\/www.prooptica.pt\/es\/wp-json\/wp\/v2\/posts\/20434\/revisions"}],"predecessor-version":[{"id":20436,"href":"https:\/\/www.prooptica.pt\/es\/wp-json\/wp\/v2\/posts\/20434\/revisions\/20436"}],"wp:featuredmedia":[{"embeddable":true,"href":"https:\/\/www.prooptica.pt\/es\/wp-json\/wp\/v2\/media\/20435"}],"wp:attachment":[{"href":"https:\/\/www.prooptica.pt\/es\/wp-json\/wp\/v2\/media?parent=20434"}],"wp:term":[{"taxonomy":"category","embeddable":true,"href":"https:\/\/www.prooptica.pt\/es\/wp-json\/wp\/v2\/categories?post=20434"},{"taxonomy":"post_tag","embeddable":true,"href":"https:\/\/www.prooptica.pt\/es\/wp-json\/wp\/v2\/tags?post=20434"}],"curies":[{"name":"wp","href":"https:\/\/api.w.org\/{rel}","templated":true}]}}