{"id":20547,"date":"2024-08-29T12:45:46","date_gmt":"2024-08-29T12:45:46","guid":{"rendered":"https:\/\/www.prooptica.pt\/?p=20547"},"modified":"2024-08-29T12:45:46","modified_gmt":"2024-08-29T12:45:46","slug":"el-lanzamiento-de-sevenoaks-promete-desafiar-lo-convencional-y-hacer-hincapie-en-la-irreverencia","status":"publish","type":"post","link":"https:\/\/www.prooptica.pt\/es\/lancamento-sevenoaks-promete-desafiar-o-convencional-e-vincar-irreverencia\/","title":{"rendered":"Lanzamiento de SEVENOAKS | Promete desafiar lo convencional y hacer hincapi\u00e9 en la irreverencia"},"content":{"rendered":"<p>SEVENOAKS, la nueva marca de gafas que pretende desafiar lo convencional y aportar una nueva perspectiva al mundo de las gafas.<\/p>\n<p>Inspirada en la vibrante e hist\u00f3rica ciudad inglesa de SEVENOAKS, en el condado de Kent, la marca combina irreverencia, independencia y autenticidad para crear gafas que son m\u00e1s que un accesorio: son una expresi\u00f3n de la personalidad.<\/p>\n<p>Cada pieza de esta colecci\u00f3n es una oda a la energ\u00eda y el esp\u00edritu refinado de una regi\u00f3n conocida por sus tesoros arquitect\u00f3nicos y su sofisticado estilo de vida.<\/p>\n<p>La colecci\u00f3n unisex con detalles vintage, compuesta por monturas y gafas de sol, ha sido dise\u00f1ada con acetatos y resinas de primera calidad que, al combinarse, dan como resultado una explosi\u00f3n de colores originales y distintivos, que recuerdan a la artesan\u00eda de la ciudad. \u00a1D\u00e9jese seducir por esta vibrante colecci\u00f3n!<\/p>\n<p><img fetchpriority=\"high\" decoding=\"async\" class=\"aligncenter wp-image-20548 size-medium\" src=\"https:\/\/www.prooptica.pt\/wp-content\/uploads\/2024\/08\/Capa-artigo-blog2-06-233x300.jpg\" alt=\"\" width=\"233\" height=\"300\" srcset=\"https:\/\/www.prooptica.pt\/wp-content\/uploads\/2024\/08\/Capa-artigo-blog2-06-233x300.jpg 233w, https:\/\/www.prooptica.pt\/wp-content\/uploads\/2024\/08\/Capa-artigo-blog2-06-795x1024.jpg 795w, https:\/\/www.prooptica.pt\/wp-content\/uploads\/2024\/08\/Capa-artigo-blog2-06-768x989.jpg 768w, https:\/\/www.prooptica.pt\/wp-content\/uploads\/2024\/08\/Capa-artigo-blog2-06-1192x1536.jpg 1192w, https:\/\/www.prooptica.pt\/wp-content\/uploads\/2024\/08\/Capa-artigo-blog2-06.jpg 1281w\" sizes=\"(max-width: 233px) 100vw, 233px\" \/><\/p>\n<p>&nbsp;<\/p>","protected":false},"excerpt":{"rendered":"<p>SEVENOAKS, a nova marca de eyewear que pretende desafiar o convencional e trazer uma nova perspetiva ao mundo dos \u00f3culos. Inspirada na vibrante e hist\u00f3rica cidade inglesa de SEVENOAKS, no condado de Kent, a marca combina irrever\u00eancia, independ\u00eancia e autenticidade para criar \u00f3culos que s\u00e3o mais do que um acess\u00f3rio \u2013 s\u00e3o uma express\u00e3o de [&hellip;]<\/p>\n","protected":false},"author":2,"featured_media":20551,"comment_status":"closed","ping_status":"closed","sticky":false,"template":"","format":"standard","meta":{"footnotes":""},"categories":[189],"tags":[],"class_list":["post-20547","post","type-post","status-publish","format-standard","has-post-thumbnail","hentry","category-oculos"],"yoast_head":"<!-- This site is optimized with the Yoast SEO plugin v27.4 - https:\/\/yoast.com\/product\/yoast-seo-wordpress\/ -->\n<title>Lan\u00e7amento SEVENOAKS | Promete desafiar o convencional<\/title>\n<meta name=\"description\" content=\"SEVENOAKS, a nova marca de eyewear que pretende desafiar o convencional e trazer uma nova perspetiva ao mundo dos \u00f3culos.\" \/>\n<meta name=\"robots\" content=\"index, follow, max-snippet:-1, max-image-preview:large, max-video-preview:-1\" \/>\n<link rel=\"canonical\" href=\"https:\/\/www.prooptica.pt\/es\/el-lanzamiento-de-sevenoaks-promete-desafiar-lo-convencional-y-hacer-hincapie-en-la-irreverencia\/\" \/>\n<meta property=\"og:locale\" content=\"es_ES\" \/>\n<meta property=\"og:type\" content=\"article\" \/>\n<meta property=\"og:title\" content=\"Lan\u00e7amento SEVENOAKS | Promete desafiar o convencional\" \/>\n<meta property=\"og:description\" content=\"SEVENOAKS, a nova marca de eyewear que pretende desafiar o convencional e trazer uma nova perspetiva ao mundo dos \u00f3culos.\" \/>\n<meta property=\"og:url\" content=\"https:\/\/www.prooptica.pt\/es\/el-lanzamiento-de-sevenoaks-promete-desafiar-lo-convencional-y-hacer-hincapie-en-la-irreverencia\/\" \/>\n<meta property=\"og:site_name\" content=\"Prooptica\" \/>\n<meta property=\"article:published_time\" content=\"2024-08-29T12:45:46+00:00\" \/>\n<meta property=\"og:image\" content=\"https:\/\/www.prooptica.pt\/wp-content\/uploads\/2024\/08\/Capa-artigo-blog1.jpg\" \/>\n\t<meta property=\"og:image:width\" content=\"854\" \/>\n\t<meta property=\"og:image:height\" content=\"514\" \/>\n\t<meta property=\"og:image:type\" content=\"image\/jpeg\" \/>\n<meta name=\"author\" content=\"admin\" \/>\n<meta name=\"twitter:card\" content=\"summary_large_image\" \/>\n<meta name=\"twitter:label1\" content=\"Escrito por\" \/>\n\t<meta name=\"twitter:data1\" content=\"admin\" \/>\n\t<meta name=\"twitter:label2\" content=\"Tiempo de lectura\" \/>\n\t<meta name=\"twitter:data2\" content=\"1 minuto\" \/>\n<script type=\"application\/ld+json\" class=\"yoast-schema-graph\">{\"@context\":\"https:\\\/\\\/schema.org\",\"@graph\":[{\"@type\":\"Article\",\"@id\":\"https:\\\/\\\/www.prooptica.pt\\\/lancamento-sevenoaks-promete-desafiar-o-convencional-e-vincar-irreverencia\\\/#article\",\"isPartOf\":{\"@id\":\"https:\\\/\\\/www.prooptica.pt\\\/lancamento-sevenoaks-promete-desafiar-o-convencional-e-vincar-irreverencia\\\/\"},\"author\":{\"name\":\"admin\",\"@id\":\"https:\\\/\\\/www.prooptica.pt\\\/home\\\/#\\\/schema\\\/person\\\/1cbd826a9322a3c38a052e43d1638306\"},\"headline\":\"Lan\u00e7amento SEVENOAKS | Promete desafiar o convencional e vincar irrever\u00eancia\",\"datePublished\":\"2024-08-29T12:45:46+00:00\",\"mainEntityOfPage\":{\"@id\":\"https:\\\/\\\/www.prooptica.pt\\\/lancamento-sevenoaks-promete-desafiar-o-convencional-e-vincar-irreverencia\\\/\"},\"wordCount\":150,\"image\":{\"@id\":\"https:\\\/\\\/www.prooptica.pt\\\/lancamento-sevenoaks-promete-desafiar-o-convencional-e-vincar-irreverencia\\\/#primaryimage\"},\"thumbnailUrl\":\"https:\\\/\\\/www.prooptica.pt\\\/wp-content\\\/uploads\\\/2024\\\/08\\\/Capa-artigo-blog1.jpg\",\"articleSection\":[\"\u00d3culos\"],\"inLanguage\":\"es\"},{\"@type\":\"WebPage\",\"@id\":\"https:\\\/\\\/www.prooptica.pt\\\/lancamento-sevenoaks-promete-desafiar-o-convencional-e-vincar-irreverencia\\\/\",\"url\":\"https:\\\/\\\/www.prooptica.pt\\\/lancamento-sevenoaks-promete-desafiar-o-convencional-e-vincar-irreverencia\\\/\",\"name\":\"Lan\u00e7amento SEVENOAKS | Promete desafiar o convencional\",\"isPartOf\":{\"@id\":\"https:\\\/\\\/www.prooptica.pt\\\/home\\\/#website\"},\"primaryImageOfPage\":{\"@id\":\"https:\\\/\\\/www.prooptica.pt\\\/lancamento-sevenoaks-promete-desafiar-o-convencional-e-vincar-irreverencia\\\/#primaryimage\"},\"image\":{\"@id\":\"https:\\\/\\\/www.prooptica.pt\\\/lancamento-sevenoaks-promete-desafiar-o-convencional-e-vincar-irreverencia\\\/#primaryimage\"},\"thumbnailUrl\":\"https:\\\/\\\/www.prooptica.pt\\\/wp-content\\\/uploads\\\/2024\\\/08\\\/Capa-artigo-blog1.jpg\",\"datePublished\":\"2024-08-29T12:45:46+00:00\",\"author\":{\"@id\":\"https:\\\/\\\/www.prooptica.pt\\\/home\\\/#\\\/schema\\\/person\\\/1cbd826a9322a3c38a052e43d1638306\"},\"description\":\"SEVENOAKS, a nova marca de eyewear que pretende desafiar o convencional e trazer uma nova perspetiva ao mundo dos \u00f3culos.\",\"breadcrumb\":{\"@id\":\"https:\\\/\\\/www.prooptica.pt\\\/lancamento-sevenoaks-promete-desafiar-o-convencional-e-vincar-irreverencia\\\/#breadcrumb\"},\"inLanguage\":\"es\",\"potentialAction\":[{\"@type\":\"ReadAction\",\"target\":[\"https:\\\/\\\/www.prooptica.pt\\\/lancamento-sevenoaks-promete-desafiar-o-convencional-e-vincar-irreverencia\\\/\"]}]},{\"@type\":\"ImageObject\",\"inLanguage\":\"es\",\"@id\":\"https:\\\/\\\/www.prooptica.pt\\\/lancamento-sevenoaks-promete-desafiar-o-convencional-e-vincar-irreverencia\\\/#primaryimage\",\"url\":\"https:\\\/\\\/www.prooptica.pt\\\/wp-content\\\/uploads\\\/2024\\\/08\\\/Capa-artigo-blog1.jpg\",\"contentUrl\":\"https:\\\/\\\/www.prooptica.pt\\\/wp-content\\\/uploads\\\/2024\\\/08\\\/Capa-artigo-blog1.jpg\",\"width\":854,\"height\":514},{\"@type\":\"BreadcrumbList\",\"@id\":\"https:\\\/\\\/www.prooptica.pt\\\/lancamento-sevenoaks-promete-desafiar-o-convencional-e-vincar-irreverencia\\\/#breadcrumb\",\"itemListElement\":[{\"@type\":\"ListItem\",\"position\":1,\"name\":\"In\u00edcio\",\"item\":\"https:\\\/\\\/www.prooptica.pt\\\/\"},{\"@type\":\"ListItem\",\"position\":2,\"name\":\"Lan\u00e7amento SEVENOAKS | Promete desafiar o convencional e vincar irrever\u00eancia\"}]},{\"@type\":\"WebSite\",\"@id\":\"https:\\\/\\\/www.prooptica.pt\\\/home\\\/#website\",\"url\":\"https:\\\/\\\/www.prooptica.pt\\\/home\\\/\",\"name\":\"Prooptica\",\"description\":\"Full Eyewear Concept\",\"potentialAction\":[{\"@type\":\"SearchAction\",\"target\":{\"@type\":\"EntryPoint\",\"urlTemplate\":\"https:\\\/\\\/www.prooptica.pt\\\/home\\\/?s={search_term_string}\"},\"query-input\":{\"@type\":\"PropertyValueSpecification\",\"valueRequired\":true,\"valueName\":\"search_term_string\"}}],\"inLanguage\":\"es\"},{\"@type\":\"Person\",\"@id\":\"https:\\\/\\\/www.prooptica.pt\\\/home\\\/#\\\/schema\\\/person\\\/1cbd826a9322a3c38a052e43d1638306\",\"name\":\"admin\",\"image\":{\"@type\":\"ImageObject\",\"inLanguage\":\"es\",\"@id\":\"https:\\\/\\\/secure.gravatar.com\\\/avatar\\\/528c714482569d81724b02603aa719344e9ad7c0b50becf07272b2086b2c1cfd?s=96&d=mm&r=g\",\"url\":\"https:\\\/\\\/secure.gravatar.com\\\/avatar\\\/528c714482569d81724b02603aa719344e9ad7c0b50becf07272b2086b2c1cfd?s=96&d=mm&r=g\",\"contentUrl\":\"https:\\\/\\\/secure.gravatar.com\\\/avatar\\\/528c714482569d81724b02603aa719344e9ad7c0b50becf07272b2086b2c1cfd?s=96&d=mm&r=g\",\"caption\":\"admin\"},\"url\":\"https:\\\/\\\/www.prooptica.pt\\\/es\\\/author\\\/admin\\\/\"}]}<\/script>\n<!-- \/ Yoast SEO plugin. -->","yoast_head_json":{"title":"Lanzamiento de SEVENOAKS | Promete desafiar lo convencional","description":"SEVENOAKS, la nueva marca de gafas que pretende desafiar lo convencional y aportar una nueva perspectiva al mundo de las gafas.","robots":{"index":"index","follow":"follow","max-snippet":"max-snippet:-1","max-image-preview":"max-image-preview:large","max-video-preview":"max-video-preview:-1"},"canonical":"https:\/\/www.prooptica.pt\/es\/el-lanzamiento-de-sevenoaks-promete-desafiar-lo-convencional-y-hacer-hincapie-en-la-irreverencia\/","og_locale":"es_ES","og_type":"article","og_title":"Lan\u00e7amento SEVENOAKS | Promete desafiar o convencional","og_description":"SEVENOAKS, a nova marca de eyewear que pretende desafiar o convencional e trazer uma nova perspetiva ao mundo dos \u00f3culos.","og_url":"https:\/\/www.prooptica.pt\/es\/el-lanzamiento-de-sevenoaks-promete-desafiar-lo-convencional-y-hacer-hincapie-en-la-irreverencia\/","og_site_name":"Prooptica","article_published_time":"2024-08-29T12:45:46+00:00","og_image":[{"width":854,"height":514,"url":"https:\/\/www.prooptica.pt\/wp-content\/uploads\/2024\/08\/Capa-artigo-blog1.jpg","type":"image\/jpeg"}],"author":"admin","twitter_card":"summary_large_image","twitter_misc":{"Escrito por":"admin","Tiempo de lectura":"1 minuto"},"schema":{"@context":"https:\/\/schema.org","@graph":[{"@type":"Article","@id":"https:\/\/www.prooptica.pt\/lancamento-sevenoaks-promete-desafiar-o-convencional-e-vincar-irreverencia\/#article","isPartOf":{"@id":"https:\/\/www.prooptica.pt\/lancamento-sevenoaks-promete-desafiar-o-convencional-e-vincar-irreverencia\/"},"author":{"name":"admin","@id":"https:\/\/www.prooptica.pt\/home\/#\/schema\/person\/1cbd826a9322a3c38a052e43d1638306"},"headline":"Lan\u00e7amento SEVENOAKS | Promete desafiar o convencional e vincar irrever\u00eancia","datePublished":"2024-08-29T12:45:46+00:00","mainEntityOfPage":{"@id":"https:\/\/www.prooptica.pt\/lancamento-sevenoaks-promete-desafiar-o-convencional-e-vincar-irreverencia\/"},"wordCount":150,"image":{"@id":"https:\/\/www.prooptica.pt\/lancamento-sevenoaks-promete-desafiar-o-convencional-e-vincar-irreverencia\/#primaryimage"},"thumbnailUrl":"https:\/\/www.prooptica.pt\/wp-content\/uploads\/2024\/08\/Capa-artigo-blog1.jpg","articleSection":["\u00d3culos"],"inLanguage":"es"},{"@type":"WebPage","@id":"https:\/\/www.prooptica.pt\/lancamento-sevenoaks-promete-desafiar-o-convencional-e-vincar-irreverencia\/","url":"https:\/\/www.prooptica.pt\/lancamento-sevenoaks-promete-desafiar-o-convencional-e-vincar-irreverencia\/","name":"Lanzamiento de SEVENOAKS | Promete desafiar lo convencional","isPartOf":{"@id":"https:\/\/www.prooptica.pt\/home\/#website"},"primaryImageOfPage":{"@id":"https:\/\/www.prooptica.pt\/lancamento-sevenoaks-promete-desafiar-o-convencional-e-vincar-irreverencia\/#primaryimage"},"image":{"@id":"https:\/\/www.prooptica.pt\/lancamento-sevenoaks-promete-desafiar-o-convencional-e-vincar-irreverencia\/#primaryimage"},"thumbnailUrl":"https:\/\/www.prooptica.pt\/wp-content\/uploads\/2024\/08\/Capa-artigo-blog1.jpg","datePublished":"2024-08-29T12:45:46+00:00","author":{"@id":"https:\/\/www.prooptica.pt\/home\/#\/schema\/person\/1cbd826a9322a3c38a052e43d1638306"},"description":"SEVENOAKS, la nueva marca de gafas que pretende desafiar lo convencional y aportar una nueva perspectiva al mundo de las gafas.","breadcrumb":{"@id":"https:\/\/www.prooptica.pt\/lancamento-sevenoaks-promete-desafiar-o-convencional-e-vincar-irreverencia\/#breadcrumb"},"inLanguage":"es","potentialAction":[{"@type":"ReadAction","target":["https:\/\/www.prooptica.pt\/lancamento-sevenoaks-promete-desafiar-o-convencional-e-vincar-irreverencia\/"]}]},{"@type":"ImageObject","inLanguage":"es","@id":"https:\/\/www.prooptica.pt\/lancamento-sevenoaks-promete-desafiar-o-convencional-e-vincar-irreverencia\/#primaryimage","url":"https:\/\/www.prooptica.pt\/wp-content\/uploads\/2024\/08\/Capa-artigo-blog1.jpg","contentUrl":"https:\/\/www.prooptica.pt\/wp-content\/uploads\/2024\/08\/Capa-artigo-blog1.jpg","width":854,"height":514},{"@type":"BreadcrumbList","@id":"https:\/\/www.prooptica.pt\/lancamento-sevenoaks-promete-desafiar-o-convencional-e-vincar-irreverencia\/#breadcrumb","itemListElement":[{"@type":"ListItem","position":1,"name":"In\u00edcio","item":"https:\/\/www.prooptica.pt\/"},{"@type":"ListItem","position":2,"name":"Lan\u00e7amento SEVENOAKS | Promete desafiar o convencional e vincar irrever\u00eancia"}]},{"@type":"WebSite","@id":"https:\/\/www.prooptica.pt\/home\/#website","url":"https:\/\/www.prooptica.pt\/home\/","name":"Prooptica","description":"Concepto de gafas completas","potentialAction":[{"@type":"SearchAction","target":{"@type":"EntryPoint","urlTemplate":"https:\/\/www.prooptica.pt\/home\/?s={search_term_string}"},"query-input":{"@type":"PropertyValueSpecification","valueRequired":true,"valueName":"search_term_string"}}],"inLanguage":"es"},{"@type":"Person","@id":"https:\/\/www.prooptica.pt\/home\/#\/schema\/person\/1cbd826a9322a3c38a052e43d1638306","name":"admin","image":{"@type":"ImageObject","inLanguage":"es","@id":"https:\/\/secure.gravatar.com\/avatar\/528c714482569d81724b02603aa719344e9ad7c0b50becf07272b2086b2c1cfd?s=96&d=mm&r=g","url":"https:\/\/secure.gravatar.com\/avatar\/528c714482569d81724b02603aa719344e9ad7c0b50becf07272b2086b2c1cfd?s=96&d=mm&r=g","contentUrl":"https:\/\/secure.gravatar.com\/avatar\/528c714482569d81724b02603aa719344e9ad7c0b50becf07272b2086b2c1cfd?s=96&d=mm&r=g","caption":"admin"},"url":"https:\/\/www.prooptica.pt\/es\/author\/admin\/"}]}},"_links":{"self":[{"href":"https:\/\/www.prooptica.pt\/es\/wp-json\/wp\/v2\/posts\/20547","targetHints":{"allow":["GET"]}}],"collection":[{"href":"https:\/\/www.prooptica.pt\/es\/wp-json\/wp\/v2\/posts"}],"about":[{"href":"https:\/\/www.prooptica.pt\/es\/wp-json\/wp\/v2\/types\/post"}],"author":[{"embeddable":true,"href":"https:\/\/www.prooptica.pt\/es\/wp-json\/wp\/v2\/users\/2"}],"replies":[{"embeddable":true,"href":"https:\/\/www.prooptica.pt\/es\/wp-json\/wp\/v2\/comments?post=20547"}],"version-history":[{"count":3,"href":"https:\/\/www.prooptica.pt\/es\/wp-json\/wp\/v2\/posts\/20547\/revisions"}],"predecessor-version":[{"id":20552,"href":"https:\/\/www.prooptica.pt\/es\/wp-json\/wp\/v2\/posts\/20547\/revisions\/20552"}],"wp:featuredmedia":[{"embeddable":true,"href":"https:\/\/www.prooptica.pt\/es\/wp-json\/wp\/v2\/media\/20551"}],"wp:attachment":[{"href":"https:\/\/www.prooptica.pt\/es\/wp-json\/wp\/v2\/media?parent=20547"}],"wp:term":[{"taxonomy":"category","embeddable":true,"href":"https:\/\/www.prooptica.pt\/es\/wp-json\/wp\/v2\/categories?post=20547"},{"taxonomy":"post_tag","embeddable":true,"href":"https:\/\/www.prooptica.pt\/es\/wp-json\/wp\/v2\/tags?post=20547"}],"curies":[{"name":"wp","href":"https:\/\/api.w.org\/{rel}","templated":true}]}}