{"id":20668,"date":"2024-09-02T15:42:25","date_gmt":"2024-09-02T15:42:25","guid":{"rendered":"https:\/\/www.prooptica.pt\/?p=20668"},"modified":"2024-09-02T15:42:25","modified_gmt":"2024-09-02T15:42:25","slug":"piper-la-marca-mas-alegre-y-divertida-del-momento","status":"publish","type":"post","link":"https:\/\/www.prooptica.pt\/es\/piper-a-marca-mais-alegre-e-divertida-do-momento\/","title":{"rendered":"PIPER | La marca m\u00e1s alegre y divertida del momento"},"content":{"rendered":"<p>Fue en una divertida ma\u00f1ana de verano cuando rodamos la campa\u00f1a de la nueva Piper, bajo la atenta mirada de nuestros peque\u00f1os modelos. En el complejo deportivo Jamor conseguimos captar la esencia de la marca, que pretende ser muy divertida y din\u00e1mica, capaz de cautivar a su p\u00fablico objetivo, \u00a1los ni\u00f1os!<\/p>\n<p>La marca Piper se ha dise\u00f1ado especialmente para los ni\u00f1os y es a\u00fan m\u00e1s resistente y duradera para seguir el ritmo de los peque\u00f1os aventureros en sus actividades diarias. \u00a1Cada modelo ha sido estrat\u00e9gicamente dise\u00f1ado para soportar travesuras y juegos!<\/p>\n<p>Con una paleta de colores en\u00e9rgica y colorida, la nueva colecci\u00f3n promete hacer las delicias de los m\u00e1s peque\u00f1os, aportando mucha alegr\u00eda y diversi\u00f3n sin renunciar a la comodidad.  Piper, la marca m\u00e1s alegre y divertida del momento.<\/p>\n<div style=\"width: 852px;\" class=\"wp-video\"><video class=\"wp-video-shortcode\" id=\"video-20668-1\" width=\"852\" height=\"480\" preload=\"metadata\" controls=\"controls\"><source type=\"video\/mp4\" src=\"https:\/\/www.prooptica.pt\/wp-content\/uploads\/2024\/09\/horizontal-PIPER-1.mp4?_=1\" \/><a href=\"https:\/\/www.prooptica.pt\/wp-content\/uploads\/2024\/09\/horizontal-PIPER-1.mp4\">https:\/\/www.prooptica.pt\/wp-content\/uploads\/2024\/09\/horizontal-PIPER-1.mp4<\/a><\/video><\/div>\n<p>&nbsp;<\/p>\n<p>&nbsp;<\/p>","protected":false},"excerpt":{"rendered":"<p>Foi numa divertida manh\u00e3 de ver\u00e3o, que film\u00e1mos a campanha da renovada Piper, sob o olhar atento dos nossos pequenos modelos. No complexo desportivo do jamor conseguimos captar a ess\u00eancia da marca, que se pretende muito divertida e din\u00e2mica, capaz de cativar o p\u00fablico a que se destina, as crian\u00e7as! A marca Piper foi especialmente [&hellip;]<\/p>\n","protected":false},"author":2,"featured_media":20702,"comment_status":"closed","ping_status":"closed","sticky":false,"template":"","format":"standard","meta":{"footnotes":""},"categories":[189],"tags":[],"class_list":["post-20668","post","type-post","status-publish","format-standard","has-post-thumbnail","hentry","category-oculos"],"yoast_head":"<!-- This site is optimized with the Yoast SEO plugin v27.4 - https:\/\/yoast.com\/product\/yoast-seo-wordpress\/ -->\n<title>PIPER | A marca mais alegre e divertida do momento<\/title>\n<meta name=\"description\" content=\"Com uma palete de cores en\u00e9rgica e colorida, a nova cole\u00e7\u00e3o promete fazer as del\u00edcias dos mais novos, trazendo muita alegria e divers\u00e3o.\" \/>\n<meta name=\"robots\" content=\"index, follow, max-snippet:-1, max-image-preview:large, max-video-preview:-1\" \/>\n<link rel=\"canonical\" href=\"https:\/\/www.prooptica.pt\/es\/piper-la-marca-mas-alegre-y-divertida-del-momento\/\" \/>\n<meta property=\"og:locale\" content=\"es_ES\" \/>\n<meta property=\"og:type\" content=\"article\" \/>\n<meta property=\"og:title\" content=\"PIPER | A marca mais alegre e divertida do momento\" \/>\n<meta property=\"og:description\" content=\"Com uma palete de cores en\u00e9rgica e colorida, a nova cole\u00e7\u00e3o promete fazer as del\u00edcias dos mais novos, trazendo muita alegria e divers\u00e3o.\" \/>\n<meta property=\"og:url\" content=\"https:\/\/www.prooptica.pt\/es\/piper-la-marca-mas-alegre-y-divertida-del-momento\/\" \/>\n<meta property=\"og:site_name\" content=\"Prooptica\" \/>\n<meta property=\"article:published_time\" content=\"2024-09-02T15:42:25+00:00\" \/>\n<meta property=\"og:image\" content=\"https:\/\/www.prooptica.pt\/wp-content\/uploads\/2024\/09\/Capa-artigo-blog-1.jpg\" \/>\n\t<meta property=\"og:image:width\" content=\"854\" \/>\n\t<meta property=\"og:image:height\" content=\"514\" \/>\n\t<meta property=\"og:image:type\" content=\"image\/jpeg\" \/>\n<meta name=\"author\" content=\"admin\" \/>\n<meta name=\"twitter:card\" content=\"summary_large_image\" \/>\n<meta name=\"twitter:label1\" content=\"Escrito por\" \/>\n\t<meta name=\"twitter:data1\" content=\"admin\" \/>\n\t<meta name=\"twitter:label2\" content=\"Tiempo de lectura\" \/>\n\t<meta name=\"twitter:data2\" content=\"1 minuto\" \/>\n<script type=\"application\/ld+json\" class=\"yoast-schema-graph\">{\"@context\":\"https:\\\/\\\/schema.org\",\"@graph\":[{\"@type\":\"Article\",\"@id\":\"https:\\\/\\\/www.prooptica.pt\\\/piper-a-marca-mais-alegre-e-divertida-do-momento\\\/#article\",\"isPartOf\":{\"@id\":\"https:\\\/\\\/www.prooptica.pt\\\/piper-a-marca-mais-alegre-e-divertida-do-momento\\\/\"},\"author\":{\"name\":\"admin\",\"@id\":\"https:\\\/\\\/www.prooptica.pt\\\/home\\\/#\\\/schema\\\/person\\\/1cbd826a9322a3c38a052e43d1638306\"},\"headline\":\"PIPER | A marca mais alegre e divertida do momento\",\"datePublished\":\"2024-09-02T15:42:25+00:00\",\"mainEntityOfPage\":{\"@id\":\"https:\\\/\\\/www.prooptica.pt\\\/piper-a-marca-mais-alegre-e-divertida-do-momento\\\/\"},\"wordCount\":165,\"image\":{\"@id\":\"https:\\\/\\\/www.prooptica.pt\\\/piper-a-marca-mais-alegre-e-divertida-do-momento\\\/#primaryimage\"},\"thumbnailUrl\":\"https:\\\/\\\/www.prooptica.pt\\\/wp-content\\\/uploads\\\/2024\\\/09\\\/Capa-artigo-blog-1.jpg\",\"articleSection\":[\"\u00d3culos\"],\"inLanguage\":\"es\"},{\"@type\":\"WebPage\",\"@id\":\"https:\\\/\\\/www.prooptica.pt\\\/piper-a-marca-mais-alegre-e-divertida-do-momento\\\/\",\"url\":\"https:\\\/\\\/www.prooptica.pt\\\/piper-a-marca-mais-alegre-e-divertida-do-momento\\\/\",\"name\":\"PIPER | A marca mais alegre e divertida do momento\",\"isPartOf\":{\"@id\":\"https:\\\/\\\/www.prooptica.pt\\\/home\\\/#website\"},\"primaryImageOfPage\":{\"@id\":\"https:\\\/\\\/www.prooptica.pt\\\/piper-a-marca-mais-alegre-e-divertida-do-momento\\\/#primaryimage\"},\"image\":{\"@id\":\"https:\\\/\\\/www.prooptica.pt\\\/piper-a-marca-mais-alegre-e-divertida-do-momento\\\/#primaryimage\"},\"thumbnailUrl\":\"https:\\\/\\\/www.prooptica.pt\\\/wp-content\\\/uploads\\\/2024\\\/09\\\/Capa-artigo-blog-1.jpg\",\"datePublished\":\"2024-09-02T15:42:25+00:00\",\"author\":{\"@id\":\"https:\\\/\\\/www.prooptica.pt\\\/home\\\/#\\\/schema\\\/person\\\/1cbd826a9322a3c38a052e43d1638306\"},\"description\":\"Com uma palete de cores en\u00e9rgica e colorida, a nova cole\u00e7\u00e3o promete fazer as del\u00edcias dos mais novos, trazendo muita alegria e divers\u00e3o.\",\"breadcrumb\":{\"@id\":\"https:\\\/\\\/www.prooptica.pt\\\/piper-a-marca-mais-alegre-e-divertida-do-momento\\\/#breadcrumb\"},\"inLanguage\":\"es\",\"potentialAction\":[{\"@type\":\"ReadAction\",\"target\":[\"https:\\\/\\\/www.prooptica.pt\\\/piper-a-marca-mais-alegre-e-divertida-do-momento\\\/\"]}]},{\"@type\":\"ImageObject\",\"inLanguage\":\"es\",\"@id\":\"https:\\\/\\\/www.prooptica.pt\\\/piper-a-marca-mais-alegre-e-divertida-do-momento\\\/#primaryimage\",\"url\":\"https:\\\/\\\/www.prooptica.pt\\\/wp-content\\\/uploads\\\/2024\\\/09\\\/Capa-artigo-blog-1.jpg\",\"contentUrl\":\"https:\\\/\\\/www.prooptica.pt\\\/wp-content\\\/uploads\\\/2024\\\/09\\\/Capa-artigo-blog-1.jpg\",\"width\":854,\"height\":514},{\"@type\":\"BreadcrumbList\",\"@id\":\"https:\\\/\\\/www.prooptica.pt\\\/piper-a-marca-mais-alegre-e-divertida-do-momento\\\/#breadcrumb\",\"itemListElement\":[{\"@type\":\"ListItem\",\"position\":1,\"name\":\"In\u00edcio\",\"item\":\"https:\\\/\\\/www.prooptica.pt\\\/\"},{\"@type\":\"ListItem\",\"position\":2,\"name\":\"PIPER | A marca mais alegre e divertida do momento\"}]},{\"@type\":\"WebSite\",\"@id\":\"https:\\\/\\\/www.prooptica.pt\\\/home\\\/#website\",\"url\":\"https:\\\/\\\/www.prooptica.pt\\\/home\\\/\",\"name\":\"Prooptica\",\"description\":\"Full Eyewear Concept\",\"potentialAction\":[{\"@type\":\"SearchAction\",\"target\":{\"@type\":\"EntryPoint\",\"urlTemplate\":\"https:\\\/\\\/www.prooptica.pt\\\/home\\\/?s={search_term_string}\"},\"query-input\":{\"@type\":\"PropertyValueSpecification\",\"valueRequired\":true,\"valueName\":\"search_term_string\"}}],\"inLanguage\":\"es\"},{\"@type\":\"Person\",\"@id\":\"https:\\\/\\\/www.prooptica.pt\\\/home\\\/#\\\/schema\\\/person\\\/1cbd826a9322a3c38a052e43d1638306\",\"name\":\"admin\",\"image\":{\"@type\":\"ImageObject\",\"inLanguage\":\"es\",\"@id\":\"https:\\\/\\\/secure.gravatar.com\\\/avatar\\\/528c714482569d81724b02603aa719344e9ad7c0b50becf07272b2086b2c1cfd?s=96&d=mm&r=g\",\"url\":\"https:\\\/\\\/secure.gravatar.com\\\/avatar\\\/528c714482569d81724b02603aa719344e9ad7c0b50becf07272b2086b2c1cfd?s=96&d=mm&r=g\",\"contentUrl\":\"https:\\\/\\\/secure.gravatar.com\\\/avatar\\\/528c714482569d81724b02603aa719344e9ad7c0b50becf07272b2086b2c1cfd?s=96&d=mm&r=g\",\"caption\":\"admin\"},\"url\":\"https:\\\/\\\/www.prooptica.pt\\\/es\\\/author\\\/admin\\\/\"}]}<\/script>\n<!-- \/ Yoast SEO plugin. -->","yoast_head_json":{"title":"PIPER | La marca m\u00e1s alegre y divertida del momento","description":"Con una paleta en\u00e9rgica y colorida, la nueva colecci\u00f3n promete hacer las delicias de los m\u00e1s peque\u00f1os, aport\u00e1ndoles mucha alegr\u00eda y diversi\u00f3n.","robots":{"index":"index","follow":"follow","max-snippet":"max-snippet:-1","max-image-preview":"max-image-preview:large","max-video-preview":"max-video-preview:-1"},"canonical":"https:\/\/www.prooptica.pt\/es\/piper-la-marca-mas-alegre-y-divertida-del-momento\/","og_locale":"es_ES","og_type":"article","og_title":"PIPER | A marca mais alegre e divertida do momento","og_description":"Com uma palete de cores en\u00e9rgica e colorida, a nova cole\u00e7\u00e3o promete fazer as del\u00edcias dos mais novos, trazendo muita alegria e divers\u00e3o.","og_url":"https:\/\/www.prooptica.pt\/es\/piper-la-marca-mas-alegre-y-divertida-del-momento\/","og_site_name":"Prooptica","article_published_time":"2024-09-02T15:42:25+00:00","og_image":[{"width":854,"height":514,"url":"https:\/\/www.prooptica.pt\/wp-content\/uploads\/2024\/09\/Capa-artigo-blog-1.jpg","type":"image\/jpeg"}],"author":"admin","twitter_card":"summary_large_image","twitter_misc":{"Escrito por":"admin","Tiempo de lectura":"1 minuto"},"schema":{"@context":"https:\/\/schema.org","@graph":[{"@type":"Article","@id":"https:\/\/www.prooptica.pt\/piper-a-marca-mais-alegre-e-divertida-do-momento\/#article","isPartOf":{"@id":"https:\/\/www.prooptica.pt\/piper-a-marca-mais-alegre-e-divertida-do-momento\/"},"author":{"name":"admin","@id":"https:\/\/www.prooptica.pt\/home\/#\/schema\/person\/1cbd826a9322a3c38a052e43d1638306"},"headline":"PIPER | A marca mais alegre e divertida do momento","datePublished":"2024-09-02T15:42:25+00:00","mainEntityOfPage":{"@id":"https:\/\/www.prooptica.pt\/piper-a-marca-mais-alegre-e-divertida-do-momento\/"},"wordCount":165,"image":{"@id":"https:\/\/www.prooptica.pt\/piper-a-marca-mais-alegre-e-divertida-do-momento\/#primaryimage"},"thumbnailUrl":"https:\/\/www.prooptica.pt\/wp-content\/uploads\/2024\/09\/Capa-artigo-blog-1.jpg","articleSection":["\u00d3culos"],"inLanguage":"es"},{"@type":"WebPage","@id":"https:\/\/www.prooptica.pt\/piper-a-marca-mais-alegre-e-divertida-do-momento\/","url":"https:\/\/www.prooptica.pt\/piper-a-marca-mais-alegre-e-divertida-do-momento\/","name":"PIPER | La marca m\u00e1s alegre y divertida del momento","isPartOf":{"@id":"https:\/\/www.prooptica.pt\/home\/#website"},"primaryImageOfPage":{"@id":"https:\/\/www.prooptica.pt\/piper-a-marca-mais-alegre-e-divertida-do-momento\/#primaryimage"},"image":{"@id":"https:\/\/www.prooptica.pt\/piper-a-marca-mais-alegre-e-divertida-do-momento\/#primaryimage"},"thumbnailUrl":"https:\/\/www.prooptica.pt\/wp-content\/uploads\/2024\/09\/Capa-artigo-blog-1.jpg","datePublished":"2024-09-02T15:42:25+00:00","author":{"@id":"https:\/\/www.prooptica.pt\/home\/#\/schema\/person\/1cbd826a9322a3c38a052e43d1638306"},"description":"Con una paleta en\u00e9rgica y colorida, la nueva colecci\u00f3n promete hacer las delicias de los m\u00e1s peque\u00f1os, aport\u00e1ndoles mucha alegr\u00eda y diversi\u00f3n.","breadcrumb":{"@id":"https:\/\/www.prooptica.pt\/piper-a-marca-mais-alegre-e-divertida-do-momento\/#breadcrumb"},"inLanguage":"es","potentialAction":[{"@type":"ReadAction","target":["https:\/\/www.prooptica.pt\/piper-a-marca-mais-alegre-e-divertida-do-momento\/"]}]},{"@type":"ImageObject","inLanguage":"es","@id":"https:\/\/www.prooptica.pt\/piper-a-marca-mais-alegre-e-divertida-do-momento\/#primaryimage","url":"https:\/\/www.prooptica.pt\/wp-content\/uploads\/2024\/09\/Capa-artigo-blog-1.jpg","contentUrl":"https:\/\/www.prooptica.pt\/wp-content\/uploads\/2024\/09\/Capa-artigo-blog-1.jpg","width":854,"height":514},{"@type":"BreadcrumbList","@id":"https:\/\/www.prooptica.pt\/piper-a-marca-mais-alegre-e-divertida-do-momento\/#breadcrumb","itemListElement":[{"@type":"ListItem","position":1,"name":"In\u00edcio","item":"https:\/\/www.prooptica.pt\/"},{"@type":"ListItem","position":2,"name":"PIPER | A marca mais alegre e divertida do momento"}]},{"@type":"WebSite","@id":"https:\/\/www.prooptica.pt\/home\/#website","url":"https:\/\/www.prooptica.pt\/home\/","name":"Prooptica","description":"Concepto de gafas completas","potentialAction":[{"@type":"SearchAction","target":{"@type":"EntryPoint","urlTemplate":"https:\/\/www.prooptica.pt\/home\/?s={search_term_string}"},"query-input":{"@type":"PropertyValueSpecification","valueRequired":true,"valueName":"search_term_string"}}],"inLanguage":"es"},{"@type":"Person","@id":"https:\/\/www.prooptica.pt\/home\/#\/schema\/person\/1cbd826a9322a3c38a052e43d1638306","name":"admin","image":{"@type":"ImageObject","inLanguage":"es","@id":"https:\/\/secure.gravatar.com\/avatar\/528c714482569d81724b02603aa719344e9ad7c0b50becf07272b2086b2c1cfd?s=96&d=mm&r=g","url":"https:\/\/secure.gravatar.com\/avatar\/528c714482569d81724b02603aa719344e9ad7c0b50becf07272b2086b2c1cfd?s=96&d=mm&r=g","contentUrl":"https:\/\/secure.gravatar.com\/avatar\/528c714482569d81724b02603aa719344e9ad7c0b50becf07272b2086b2c1cfd?s=96&d=mm&r=g","caption":"admin"},"url":"https:\/\/www.prooptica.pt\/es\/author\/admin\/"}]}},"_links":{"self":[{"href":"https:\/\/www.prooptica.pt\/es\/wp-json\/wp\/v2\/posts\/20668","targetHints":{"allow":["GET"]}}],"collection":[{"href":"https:\/\/www.prooptica.pt\/es\/wp-json\/wp\/v2\/posts"}],"about":[{"href":"https:\/\/www.prooptica.pt\/es\/wp-json\/wp\/v2\/types\/post"}],"author":[{"embeddable":true,"href":"https:\/\/www.prooptica.pt\/es\/wp-json\/wp\/v2\/users\/2"}],"replies":[{"embeddable":true,"href":"https:\/\/www.prooptica.pt\/es\/wp-json\/wp\/v2\/comments?post=20668"}],"version-history":[{"count":1,"href":"https:\/\/www.prooptica.pt\/es\/wp-json\/wp\/v2\/posts\/20668\/revisions"}],"predecessor-version":[{"id":20671,"href":"https:\/\/www.prooptica.pt\/es\/wp-json\/wp\/v2\/posts\/20668\/revisions\/20671"}],"wp:featuredmedia":[{"embeddable":true,"href":"https:\/\/www.prooptica.pt\/es\/wp-json\/wp\/v2\/media\/20702"}],"wp:attachment":[{"href":"https:\/\/www.prooptica.pt\/es\/wp-json\/wp\/v2\/media?parent=20668"}],"wp:term":[{"taxonomy":"category","embeddable":true,"href":"https:\/\/www.prooptica.pt\/es\/wp-json\/wp\/v2\/categories?post=20668"},{"taxonomy":"post_tag","embeddable":true,"href":"https:\/\/www.prooptica.pt\/es\/wp-json\/wp\/v2\/tags?post=20668"}],"curies":[{"name":"wp","href":"https:\/\/api.w.org\/{rel}","templated":true}]}}