{"id":20704,"date":"2024-09-06T16:59:15","date_gmt":"2024-09-06T16:59:15","guid":{"rendered":"https:\/\/www.prooptica.pt\/?p=20704"},"modified":"2024-09-06T16:59:15","modified_gmt":"2024-09-06T16:59:15","slug":"vuelta-al-cole-agudeza-visual-y-rendimiento-escolar","status":"publish","type":"post","link":"https:\/\/www.prooptica.pt\/es\/regresso-as-aulas-acuidade-visual-e-rendimento-escolar\/","title":{"rendered":"Vuelta al cole | Agudeza visual y rendimiento escolar"},"content":{"rendered":"<p>En esta temporada de vuelta al cole, debemos concienciar a los padres de la importancia de evaluar la agudeza visual de los ni\u00f1os para garantizar el mejor rendimiento escolar.<\/p>\n<p>La visi\u00f3n desempe\u00f1a un papel fundamental en el proceso de aprendizaje, ya que alrededor del 80% de la informaci\u00f3n procesada en la escuela se recibe a trav\u00e9s de los ojos. Cuando un ni\u00f1o tiene dificultades para ver con claridad en la imagen, su rendimiento escolar puede verse afectado significativamente, al igual que su motivaci\u00f3n, lo que se traduce en frustraci\u00f3n e incluso p\u00e9rdida de inter\u00e9s por los estudios.<\/p>\n<p>Problemas como la miop\u00eda, la hipermetrop\u00eda, el astigmatismo o las dificultades de coordinaci\u00f3n visual pueden dificultar la lectura, la escritura e incluso la concentraci\u00f3n. S\u00edntomas como dolores de cabeza frecuentes, frotarse los ojos, acercarse demasiado a cuadernos o pantallas e incluso falta de atenci\u00f3n pueden ser signos de deficiencias visuales no detectadas.<\/p>\n<p>Es fundamental que los padres y cuidadores sean conscientes de estos signos y realicen evaluaciones visuales anuales, especialmente durante la fase de desarrollo escolar. La detecci\u00f3n precoz de los problemas visuales permite intervenir r\u00e1pidamente, ya sea con gafas correctoras, terapias visuales u otras soluciones, garantizando que el ni\u00f1o tenga la mejor capacidad y todas las facultades para aprender.<\/p>\n<p>Una visi\u00f3n sana es un pilar esencial para el \u00e9xito escolar. Al asegurarse de que su hijo tiene una buena agudeza visual, se est\u00e1 asegurando de que dispone de todas las herramientas necesarias para alcanzar su pleno potencial en los estudios y, en consecuencia, en la vida.<\/p>\n<p>&nbsp;<\/p>","protected":false},"excerpt":{"rendered":"<p>Neste regresso \u00e0s aulas, devemos sensibilizar os pais para a import\u00e2ncia de avaliar a acuidade visual das crian\u00e7as, de forma a garantir o melhor rendimento escolar. A vis\u00e3o desempenha um papel fundamental no processo de aprendizagem, uma vez que cerca de 80% das informa\u00e7\u00f5es processadas na escola, s\u00e3o recebidas atrav\u00e9s dos olhos. Quando uma crian\u00e7a [&hellip;]<\/p>\n","protected":false},"author":2,"featured_media":20705,"comment_status":"closed","ping_status":"closed","sticky":false,"template":"","format":"standard","meta":{"footnotes":""},"categories":[195,187],"tags":[],"class_list":["post-20704","post","type-post","status-publish","format-standard","has-post-thumbnail","hentry","category-institucional","category-lentes"],"yoast_head":"<!-- This site is optimized with the Yoast SEO plugin v27.5 - https:\/\/yoast.com\/product\/yoast-seo-wordpress\/ -->\n<title>Regresso \u00e0s Aulas | Acuidade Visual e Rendimento Escolar<\/title>\n<meta name=\"description\" content=\"Uma vis\u00e3o saud\u00e1vel \u00e9 um pilar essencial para o sucesso escolar.\" \/>\n<meta name=\"robots\" content=\"index, follow, max-snippet:-1, max-image-preview:large, max-video-preview:-1\" \/>\n<link rel=\"canonical\" href=\"https:\/\/www.prooptica.pt\/es\/vuelta-al-cole-agudeza-visual-y-rendimiento-escolar\/\" \/>\n<meta property=\"og:locale\" content=\"es_ES\" \/>\n<meta property=\"og:type\" content=\"article\" \/>\n<meta property=\"og:title\" content=\"Regresso \u00e0s Aulas | Acuidade Visual e Rendimento Escolar\" \/>\n<meta property=\"og:description\" content=\"Uma vis\u00e3o saud\u00e1vel \u00e9 um pilar essencial para o sucesso escolar.\" \/>\n<meta property=\"og:url\" content=\"https:\/\/www.prooptica.pt\/es\/vuelta-al-cole-agudeza-visual-y-rendimiento-escolar\/\" \/>\n<meta property=\"og:site_name\" content=\"Prooptica\" \/>\n<meta property=\"article:published_time\" content=\"2024-09-06T16:59:15+00:00\" \/>\n<meta property=\"og:image\" content=\"https:\/\/www.prooptica.pt\/wp-content\/uploads\/2024\/09\/Capa-artigo-blog-2.jpg\" \/>\n\t<meta property=\"og:image:width\" content=\"854\" \/>\n\t<meta property=\"og:image:height\" content=\"514\" \/>\n\t<meta property=\"og:image:type\" content=\"image\/jpeg\" \/>\n<meta name=\"author\" content=\"admin\" \/>\n<meta name=\"twitter:card\" content=\"summary_large_image\" \/>\n<meta name=\"twitter:label1\" content=\"Escrito por\" \/>\n\t<meta name=\"twitter:data1\" content=\"admin\" \/>\n\t<meta name=\"twitter:label2\" content=\"Tiempo de lectura\" \/>\n\t<meta name=\"twitter:data2\" content=\"2 minutos\" \/>\n<script type=\"application\/ld+json\" class=\"yoast-schema-graph\">{\"@context\":\"https:\\\/\\\/schema.org\",\"@graph\":[{\"@type\":\"Article\",\"@id\":\"https:\\\/\\\/www.prooptica.pt\\\/regresso-as-aulas-acuidade-visual-e-rendimento-escolar\\\/#article\",\"isPartOf\":{\"@id\":\"https:\\\/\\\/www.prooptica.pt\\\/regresso-as-aulas-acuidade-visual-e-rendimento-escolar\\\/\"},\"author\":{\"name\":\"admin\",\"@id\":\"https:\\\/\\\/www.prooptica.pt\\\/home\\\/#\\\/schema\\\/person\\\/1cbd826a9322a3c38a052e43d1638306\"},\"headline\":\"Regresso \u00e0s Aulas | Acuidade Visual e Rendimento Escolar\",\"datePublished\":\"2024-09-06T16:59:15+00:00\",\"mainEntityOfPage\":{\"@id\":\"https:\\\/\\\/www.prooptica.pt\\\/regresso-as-aulas-acuidade-visual-e-rendimento-escolar\\\/\"},\"wordCount\":276,\"image\":{\"@id\":\"https:\\\/\\\/www.prooptica.pt\\\/regresso-as-aulas-acuidade-visual-e-rendimento-escolar\\\/#primaryimage\"},\"thumbnailUrl\":\"https:\\\/\\\/www.prooptica.pt\\\/wp-content\\\/uploads\\\/2024\\\/09\\\/Capa-artigo-blog-2.jpg\",\"articleSection\":[\"Institucional\",\"Lentes\"],\"inLanguage\":\"es\"},{\"@type\":\"WebPage\",\"@id\":\"https:\\\/\\\/www.prooptica.pt\\\/regresso-as-aulas-acuidade-visual-e-rendimento-escolar\\\/\",\"url\":\"https:\\\/\\\/www.prooptica.pt\\\/regresso-as-aulas-acuidade-visual-e-rendimento-escolar\\\/\",\"name\":\"Regresso \u00e0s Aulas | Acuidade Visual e Rendimento Escolar\",\"isPartOf\":{\"@id\":\"https:\\\/\\\/www.prooptica.pt\\\/home\\\/#website\"},\"primaryImageOfPage\":{\"@id\":\"https:\\\/\\\/www.prooptica.pt\\\/regresso-as-aulas-acuidade-visual-e-rendimento-escolar\\\/#primaryimage\"},\"image\":{\"@id\":\"https:\\\/\\\/www.prooptica.pt\\\/regresso-as-aulas-acuidade-visual-e-rendimento-escolar\\\/#primaryimage\"},\"thumbnailUrl\":\"https:\\\/\\\/www.prooptica.pt\\\/wp-content\\\/uploads\\\/2024\\\/09\\\/Capa-artigo-blog-2.jpg\",\"datePublished\":\"2024-09-06T16:59:15+00:00\",\"author\":{\"@id\":\"https:\\\/\\\/www.prooptica.pt\\\/home\\\/#\\\/schema\\\/person\\\/1cbd826a9322a3c38a052e43d1638306\"},\"description\":\"Uma vis\u00e3o saud\u00e1vel \u00e9 um pilar essencial para o sucesso escolar.\",\"breadcrumb\":{\"@id\":\"https:\\\/\\\/www.prooptica.pt\\\/regresso-as-aulas-acuidade-visual-e-rendimento-escolar\\\/#breadcrumb\"},\"inLanguage\":\"es\",\"potentialAction\":[{\"@type\":\"ReadAction\",\"target\":[\"https:\\\/\\\/www.prooptica.pt\\\/regresso-as-aulas-acuidade-visual-e-rendimento-escolar\\\/\"]}]},{\"@type\":\"ImageObject\",\"inLanguage\":\"es\",\"@id\":\"https:\\\/\\\/www.prooptica.pt\\\/regresso-as-aulas-acuidade-visual-e-rendimento-escolar\\\/#primaryimage\",\"url\":\"https:\\\/\\\/www.prooptica.pt\\\/wp-content\\\/uploads\\\/2024\\\/09\\\/Capa-artigo-blog-2.jpg\",\"contentUrl\":\"https:\\\/\\\/www.prooptica.pt\\\/wp-content\\\/uploads\\\/2024\\\/09\\\/Capa-artigo-blog-2.jpg\",\"width\":854,\"height\":514},{\"@type\":\"BreadcrumbList\",\"@id\":\"https:\\\/\\\/www.prooptica.pt\\\/regresso-as-aulas-acuidade-visual-e-rendimento-escolar\\\/#breadcrumb\",\"itemListElement\":[{\"@type\":\"ListItem\",\"position\":1,\"name\":\"In\u00edcio\",\"item\":\"https:\\\/\\\/www.prooptica.pt\\\/\"},{\"@type\":\"ListItem\",\"position\":2,\"name\":\"Regresso \u00e0s Aulas | Acuidade Visual e Rendimento Escolar\"}]},{\"@type\":\"WebSite\",\"@id\":\"https:\\\/\\\/www.prooptica.pt\\\/home\\\/#website\",\"url\":\"https:\\\/\\\/www.prooptica.pt\\\/home\\\/\",\"name\":\"Prooptica\",\"description\":\"Full Eyewear Concept\",\"potentialAction\":[{\"@type\":\"SearchAction\",\"target\":{\"@type\":\"EntryPoint\",\"urlTemplate\":\"https:\\\/\\\/www.prooptica.pt\\\/home\\\/?s={search_term_string}\"},\"query-input\":{\"@type\":\"PropertyValueSpecification\",\"valueRequired\":true,\"valueName\":\"search_term_string\"}}],\"inLanguage\":\"es\"},{\"@type\":\"Person\",\"@id\":\"https:\\\/\\\/www.prooptica.pt\\\/home\\\/#\\\/schema\\\/person\\\/1cbd826a9322a3c38a052e43d1638306\",\"name\":\"admin\",\"image\":{\"@type\":\"ImageObject\",\"inLanguage\":\"es\",\"@id\":\"https:\\\/\\\/secure.gravatar.com\\\/avatar\\\/528c714482569d81724b02603aa719344e9ad7c0b50becf07272b2086b2c1cfd?s=96&d=mm&r=g\",\"url\":\"https:\\\/\\\/secure.gravatar.com\\\/avatar\\\/528c714482569d81724b02603aa719344e9ad7c0b50becf07272b2086b2c1cfd?s=96&d=mm&r=g\",\"contentUrl\":\"https:\\\/\\\/secure.gravatar.com\\\/avatar\\\/528c714482569d81724b02603aa719344e9ad7c0b50becf07272b2086b2c1cfd?s=96&d=mm&r=g\",\"caption\":\"admin\"},\"url\":\"https:\\\/\\\/www.prooptica.pt\\\/es\\\/author\\\/admin\\\/\"}]}<\/script>\n<!-- \/ Yoast SEO plugin. -->","yoast_head_json":{"title":"Vuelta al cole | Agudeza visual y rendimiento escolar","description":"Una visi\u00f3n sana es un pilar esencial para el \u00e9xito escolar.","robots":{"index":"index","follow":"follow","max-snippet":"max-snippet:-1","max-image-preview":"max-image-preview:large","max-video-preview":"max-video-preview:-1"},"canonical":"https:\/\/www.prooptica.pt\/es\/vuelta-al-cole-agudeza-visual-y-rendimiento-escolar\/","og_locale":"es_ES","og_type":"article","og_title":"Regresso \u00e0s Aulas | Acuidade Visual e Rendimento Escolar","og_description":"Uma vis\u00e3o saud\u00e1vel \u00e9 um pilar essencial para o sucesso escolar.","og_url":"https:\/\/www.prooptica.pt\/es\/vuelta-al-cole-agudeza-visual-y-rendimiento-escolar\/","og_site_name":"Prooptica","article_published_time":"2024-09-06T16:59:15+00:00","og_image":[{"width":854,"height":514,"url":"https:\/\/www.prooptica.pt\/wp-content\/uploads\/2024\/09\/Capa-artigo-blog-2.jpg","type":"image\/jpeg"}],"author":"admin","twitter_card":"summary_large_image","twitter_misc":{"Escrito por":"admin","Tiempo de lectura":"2 minutos"},"schema":{"@context":"https:\/\/schema.org","@graph":[{"@type":"Article","@id":"https:\/\/www.prooptica.pt\/regresso-as-aulas-acuidade-visual-e-rendimento-escolar\/#article","isPartOf":{"@id":"https:\/\/www.prooptica.pt\/regresso-as-aulas-acuidade-visual-e-rendimento-escolar\/"},"author":{"name":"admin","@id":"https:\/\/www.prooptica.pt\/home\/#\/schema\/person\/1cbd826a9322a3c38a052e43d1638306"},"headline":"Regresso \u00e0s Aulas | Acuidade Visual e Rendimento Escolar","datePublished":"2024-09-06T16:59:15+00:00","mainEntityOfPage":{"@id":"https:\/\/www.prooptica.pt\/regresso-as-aulas-acuidade-visual-e-rendimento-escolar\/"},"wordCount":276,"image":{"@id":"https:\/\/www.prooptica.pt\/regresso-as-aulas-acuidade-visual-e-rendimento-escolar\/#primaryimage"},"thumbnailUrl":"https:\/\/www.prooptica.pt\/wp-content\/uploads\/2024\/09\/Capa-artigo-blog-2.jpg","articleSection":["Institucional","Lentes"],"inLanguage":"es"},{"@type":"WebPage","@id":"https:\/\/www.prooptica.pt\/regresso-as-aulas-acuidade-visual-e-rendimento-escolar\/","url":"https:\/\/www.prooptica.pt\/regresso-as-aulas-acuidade-visual-e-rendimento-escolar\/","name":"Vuelta al cole | Agudeza visual y rendimiento escolar","isPartOf":{"@id":"https:\/\/www.prooptica.pt\/home\/#website"},"primaryImageOfPage":{"@id":"https:\/\/www.prooptica.pt\/regresso-as-aulas-acuidade-visual-e-rendimento-escolar\/#primaryimage"},"image":{"@id":"https:\/\/www.prooptica.pt\/regresso-as-aulas-acuidade-visual-e-rendimento-escolar\/#primaryimage"},"thumbnailUrl":"https:\/\/www.prooptica.pt\/wp-content\/uploads\/2024\/09\/Capa-artigo-blog-2.jpg","datePublished":"2024-09-06T16:59:15+00:00","author":{"@id":"https:\/\/www.prooptica.pt\/home\/#\/schema\/person\/1cbd826a9322a3c38a052e43d1638306"},"description":"Una visi\u00f3n sana es un pilar esencial para el \u00e9xito escolar.","breadcrumb":{"@id":"https:\/\/www.prooptica.pt\/regresso-as-aulas-acuidade-visual-e-rendimento-escolar\/#breadcrumb"},"inLanguage":"es","potentialAction":[{"@type":"ReadAction","target":["https:\/\/www.prooptica.pt\/regresso-as-aulas-acuidade-visual-e-rendimento-escolar\/"]}]},{"@type":"ImageObject","inLanguage":"es","@id":"https:\/\/www.prooptica.pt\/regresso-as-aulas-acuidade-visual-e-rendimento-escolar\/#primaryimage","url":"https:\/\/www.prooptica.pt\/wp-content\/uploads\/2024\/09\/Capa-artigo-blog-2.jpg","contentUrl":"https:\/\/www.prooptica.pt\/wp-content\/uploads\/2024\/09\/Capa-artigo-blog-2.jpg","width":854,"height":514},{"@type":"BreadcrumbList","@id":"https:\/\/www.prooptica.pt\/regresso-as-aulas-acuidade-visual-e-rendimento-escolar\/#breadcrumb","itemListElement":[{"@type":"ListItem","position":1,"name":"In\u00edcio","item":"https:\/\/www.prooptica.pt\/"},{"@type":"ListItem","position":2,"name":"Regresso \u00e0s Aulas | Acuidade Visual e Rendimento Escolar"}]},{"@type":"WebSite","@id":"https:\/\/www.prooptica.pt\/home\/#website","url":"https:\/\/www.prooptica.pt\/home\/","name":"Prooptica","description":"Concepto de gafas completas","potentialAction":[{"@type":"SearchAction","target":{"@type":"EntryPoint","urlTemplate":"https:\/\/www.prooptica.pt\/home\/?s={search_term_string}"},"query-input":{"@type":"PropertyValueSpecification","valueRequired":true,"valueName":"search_term_string"}}],"inLanguage":"es"},{"@type":"Person","@id":"https:\/\/www.prooptica.pt\/home\/#\/schema\/person\/1cbd826a9322a3c38a052e43d1638306","name":"admin","image":{"@type":"ImageObject","inLanguage":"es","@id":"https:\/\/secure.gravatar.com\/avatar\/528c714482569d81724b02603aa719344e9ad7c0b50becf07272b2086b2c1cfd?s=96&d=mm&r=g","url":"https:\/\/secure.gravatar.com\/avatar\/528c714482569d81724b02603aa719344e9ad7c0b50becf07272b2086b2c1cfd?s=96&d=mm&r=g","contentUrl":"https:\/\/secure.gravatar.com\/avatar\/528c714482569d81724b02603aa719344e9ad7c0b50becf07272b2086b2c1cfd?s=96&d=mm&r=g","caption":"admin"},"url":"https:\/\/www.prooptica.pt\/es\/author\/admin\/"}]}},"_links":{"self":[{"href":"https:\/\/www.prooptica.pt\/es\/wp-json\/wp\/v2\/posts\/20704","targetHints":{"allow":["GET"]}}],"collection":[{"href":"https:\/\/www.prooptica.pt\/es\/wp-json\/wp\/v2\/posts"}],"about":[{"href":"https:\/\/www.prooptica.pt\/es\/wp-json\/wp\/v2\/types\/post"}],"author":[{"embeddable":true,"href":"https:\/\/www.prooptica.pt\/es\/wp-json\/wp\/v2\/users\/2"}],"replies":[{"embeddable":true,"href":"https:\/\/www.prooptica.pt\/es\/wp-json\/wp\/v2\/comments?post=20704"}],"version-history":[{"count":1,"href":"https:\/\/www.prooptica.pt\/es\/wp-json\/wp\/v2\/posts\/20704\/revisions"}],"predecessor-version":[{"id":20706,"href":"https:\/\/www.prooptica.pt\/es\/wp-json\/wp\/v2\/posts\/20704\/revisions\/20706"}],"wp:featuredmedia":[{"embeddable":true,"href":"https:\/\/www.prooptica.pt\/es\/wp-json\/wp\/v2\/media\/20705"}],"wp:attachment":[{"href":"https:\/\/www.prooptica.pt\/es\/wp-json\/wp\/v2\/media?parent=20704"}],"wp:term":[{"taxonomy":"category","embeddable":true,"href":"https:\/\/www.prooptica.pt\/es\/wp-json\/wp\/v2\/categories?post=20704"},{"taxonomy":"post_tag","embeddable":true,"href":"https:\/\/www.prooptica.pt\/es\/wp-json\/wp\/v2\/tags?post=20704"}],"curies":[{"name":"wp","href":"https:\/\/api.w.org\/{rel}","templated":true}]}}