{"id":20994,"date":"2024-10-14T09:30:18","date_gmt":"2024-10-14T09:30:18","guid":{"rendered":"https:\/\/www.prooptica.pt\/?p=20994"},"modified":"2024-10-18T13:32:34","modified_gmt":"2024-10-18T13:32:34","slug":"nueva-campana-y-coleccion-dielmar-una-nueva-dimension-de-elegancia-y-sofisticacion","status":"publish","type":"post","link":"https:\/\/www.prooptica.pt\/es\/nova-campanha-e-colecao-dielmar-uma-nova-dimensao-de-elegancia-e-sofisticacao\/","title":{"rendered":"Nueva campa\u00f1a y colecci\u00f3n de Dielmar | Una nueva dimensi\u00f3n de elegancia y sofisticaci\u00f3n"},"content":{"rendered":"<p>Rodamos la nueva campa\u00f1a de gafas de Dielmar en el palacio del gobernador, con el majestuoso tel\u00f3n de fondo de la Torre de Bel\u00e9m, transport\u00e1ndonos a una nueva dimensi\u00f3n de elegancia y sofisticaci\u00f3n.<\/p>\n<p>Conocida por su excelencia en sastrer\u00eda masculina, la marca consigue trasladar toda su esencia al universo eyewear, manteniendo su apuesta por la calidad, el dise\u00f1o atemporal y la distinci\u00f3n que caracteriza su ADN.<\/p>\n<p>La nueva colecci\u00f3n de gafas de Dielmar trae muchas novedades, present\u00e1ndose con una elegancia que trasciende generaciones, gracias a su enfoque en <strong>modelos cl\u00e1sicos<\/strong> <strong>con un toque contempor\u00e1neo<\/strong>Complementan a la perfecci\u00f3n el vestuario del hombre moderno y cosmopolita que valora la tradici\u00f3n y la funcionalidad en su vida diaria.<\/p>\n<p>Las gafas Dielmar destacan por su equilibrio entre comodidad y dise\u00f1o, lo que las hace ideales para quienes buscan unas gafas atemporales dise\u00f1adas para ofrecer un ajuste perfecto y una durabilidad inigualable.<\/p>\n<p>Al igual que sus prendas de vestir, cada par de gafas es el resultado de una meticulosa atenci\u00f3n al detalle y una cuidadosa elecci\u00f3n de los mejores materiales.<\/p>\n<p><strong>Con una paleta de colores sobria y elegante<\/strong> - donde predominan los tonos negro, carey y sutiles matices de azul y gris, las gafas de esta colecci\u00f3n est\u00e1n dise\u00f1adas para todos los gustos, manteniendo el compromiso con la calidad y el dise\u00f1o que distingue a la marca.<\/p>\n<p style=\"text-align: center;\"><span style=\"color: #000000;\"><strong><a style=\"color: #000000;\" href=\"https:\/\/loja.prooptica.pt\/wp-content\/uploads\/Cat%C3%A1logo-Dielmar-2024_LR-3.pdf\">Haga clic aqu\u00ed para ver el cat\u00e1logo<\/a><\/strong><\/span><\/p>\n<p><iframe title=\"Campa\u00f1a Dielmar\" width=\"500\" height=\"281\" src=\"https:\/\/www.youtube.com\/embed\/WhV8xUAI2B0?feature=oembed\" frameborder=\"0\" allow=\"accelerometer; autoplay; clipboard-write; encrypted-media; gyroscope; picture-in-picture; web-share\" referrerpolicy=\"strict-origin-when-cross-origin\" allowfullscreen><\/iframe><\/p>","protected":false},"excerpt":{"rendered":"<p>No pal\u00e1cio do governador, com o majestoso cen\u00e1rio da Torre de Bel\u00e9m como pano de fundo, grav\u00e1mos a nova campanha de eyewear da Dielmar, transportando-nos para uma nova dimens\u00e3o de eleg\u00e2ncia e sofistica\u00e7\u00e3o. Conhecida pela excel\u00eancia na alfaiataria masculina, a marca consegue transportar toda a sua ess\u00eancia para o universo de eyewear, mantendo o compromisso [&hellip;]<\/p>\n","protected":false},"author":2,"featured_media":20997,"comment_status":"closed","ping_status":"closed","sticky":false,"template":"","format":"standard","meta":{"footnotes":""},"categories":[67,189],"tags":[],"class_list":["post-20994","post","type-post","status-publish","format-standard","has-post-thumbnail","hentry","category-moda-portuguesa","category-oculos"],"yoast_head":"<!-- This site is optimized with the Yoast SEO plugin v27.5 - https:\/\/yoast.com\/product\/yoast-seo-wordpress\/ -->\n<title>Nova Campanha e nova cole\u00e7\u00e3o Dielmar<\/title>\n<meta name=\"description\" content=\"Tal como no vestu\u00e1rio, cada par de \u00f3culos Dielmar \u00e9 fruto de uma aten\u00e7\u00e3o minuciosa ao detalhe e de uma escolha criteriosa dos materiais.\" \/>\n<meta name=\"robots\" content=\"index, follow, max-snippet:-1, max-image-preview:large, max-video-preview:-1\" \/>\n<link rel=\"canonical\" href=\"https:\/\/www.prooptica.pt\/es\/nueva-campana-y-coleccion-dielmar-una-nueva-dimension-de-elegancia-y-sofisticacion\/\" \/>\n<meta property=\"og:locale\" content=\"es_ES\" \/>\n<meta property=\"og:type\" content=\"article\" \/>\n<meta property=\"og:title\" content=\"Nova Campanha e nova cole\u00e7\u00e3o Dielmar\" \/>\n<meta property=\"og:description\" content=\"Tal como no vestu\u00e1rio, cada par de \u00f3culos Dielmar \u00e9 fruto de uma aten\u00e7\u00e3o minuciosa ao detalhe e de uma escolha criteriosa dos materiais.\" \/>\n<meta property=\"og:url\" content=\"https:\/\/www.prooptica.pt\/es\/nueva-campana-y-coleccion-dielmar-una-nueva-dimension-de-elegancia-y-sofisticacion\/\" \/>\n<meta property=\"og:site_name\" content=\"Prooptica\" \/>\n<meta property=\"article:published_time\" content=\"2024-10-14T09:30:18+00:00\" \/>\n<meta property=\"article:modified_time\" content=\"2024-10-18T13:32:34+00:00\" \/>\n<meta property=\"og:image\" content=\"https:\/\/www.prooptica.pt\/wp-content\/uploads\/2024\/10\/Capa-artigo-blog-3.jpg\" \/>\n\t<meta property=\"og:image:width\" content=\"854\" \/>\n\t<meta property=\"og:image:height\" content=\"514\" \/>\n\t<meta property=\"og:image:type\" content=\"image\/jpeg\" \/>\n<meta name=\"author\" content=\"admin\" \/>\n<meta name=\"twitter:card\" content=\"summary_large_image\" \/>\n<meta name=\"twitter:label1\" content=\"Escrito por\" \/>\n\t<meta name=\"twitter:data1\" content=\"admin\" \/>\n\t<meta name=\"twitter:label2\" content=\"Tiempo de lectura\" \/>\n\t<meta name=\"twitter:data2\" content=\"2 minutos\" \/>\n<script type=\"application\/ld+json\" class=\"yoast-schema-graph\">{\"@context\":\"https:\\\/\\\/schema.org\",\"@graph\":[{\"@type\":\"Article\",\"@id\":\"https:\\\/\\\/www.prooptica.pt\\\/nova-campanha-e-colecao-dielmar-uma-nova-dimensao-de-elegancia-e-sofisticacao\\\/#article\",\"isPartOf\":{\"@id\":\"https:\\\/\\\/www.prooptica.pt\\\/nova-campanha-e-colecao-dielmar-uma-nova-dimensao-de-elegancia-e-sofisticacao\\\/\"},\"author\":{\"name\":\"admin\",\"@id\":\"https:\\\/\\\/www.prooptica.pt\\\/home\\\/#\\\/schema\\\/person\\\/1cbd826a9322a3c38a052e43d1638306\"},\"headline\":\"Nova Campanha e Cole\u00e7\u00e3o Dielmar | Uma nova dimens\u00e3o de eleg\u00e2ncia e sofistica\u00e7\u00e3o\",\"datePublished\":\"2024-10-14T09:30:18+00:00\",\"dateModified\":\"2024-10-18T13:32:34+00:00\",\"mainEntityOfPage\":{\"@id\":\"https:\\\/\\\/www.prooptica.pt\\\/nova-campanha-e-colecao-dielmar-uma-nova-dimensao-de-elegancia-e-sofisticacao\\\/\"},\"wordCount\":276,\"image\":{\"@id\":\"https:\\\/\\\/www.prooptica.pt\\\/nova-campanha-e-colecao-dielmar-uma-nova-dimensao-de-elegancia-e-sofisticacao\\\/#primaryimage\"},\"thumbnailUrl\":\"https:\\\/\\\/www.prooptica.pt\\\/wp-content\\\/uploads\\\/2024\\\/10\\\/Capa-artigo-blog-3.jpg\",\"articleSection\":[\"Moda Portuguesa\",\"\u00d3culos\"],\"inLanguage\":\"es\"},{\"@type\":\"WebPage\",\"@id\":\"https:\\\/\\\/www.prooptica.pt\\\/nova-campanha-e-colecao-dielmar-uma-nova-dimensao-de-elegancia-e-sofisticacao\\\/\",\"url\":\"https:\\\/\\\/www.prooptica.pt\\\/nova-campanha-e-colecao-dielmar-uma-nova-dimensao-de-elegancia-e-sofisticacao\\\/\",\"name\":\"Nova Campanha e nova cole\u00e7\u00e3o Dielmar\",\"isPartOf\":{\"@id\":\"https:\\\/\\\/www.prooptica.pt\\\/home\\\/#website\"},\"primaryImageOfPage\":{\"@id\":\"https:\\\/\\\/www.prooptica.pt\\\/nova-campanha-e-colecao-dielmar-uma-nova-dimensao-de-elegancia-e-sofisticacao\\\/#primaryimage\"},\"image\":{\"@id\":\"https:\\\/\\\/www.prooptica.pt\\\/nova-campanha-e-colecao-dielmar-uma-nova-dimensao-de-elegancia-e-sofisticacao\\\/#primaryimage\"},\"thumbnailUrl\":\"https:\\\/\\\/www.prooptica.pt\\\/wp-content\\\/uploads\\\/2024\\\/10\\\/Capa-artigo-blog-3.jpg\",\"datePublished\":\"2024-10-14T09:30:18+00:00\",\"dateModified\":\"2024-10-18T13:32:34+00:00\",\"author\":{\"@id\":\"https:\\\/\\\/www.prooptica.pt\\\/home\\\/#\\\/schema\\\/person\\\/1cbd826a9322a3c38a052e43d1638306\"},\"description\":\"Tal como no vestu\u00e1rio, cada par de \u00f3culos Dielmar \u00e9 fruto de uma aten\u00e7\u00e3o minuciosa ao detalhe e de uma escolha criteriosa dos materiais.\",\"breadcrumb\":{\"@id\":\"https:\\\/\\\/www.prooptica.pt\\\/nova-campanha-e-colecao-dielmar-uma-nova-dimensao-de-elegancia-e-sofisticacao\\\/#breadcrumb\"},\"inLanguage\":\"es\",\"potentialAction\":[{\"@type\":\"ReadAction\",\"target\":[\"https:\\\/\\\/www.prooptica.pt\\\/nova-campanha-e-colecao-dielmar-uma-nova-dimensao-de-elegancia-e-sofisticacao\\\/\"]}]},{\"@type\":\"ImageObject\",\"inLanguage\":\"es\",\"@id\":\"https:\\\/\\\/www.prooptica.pt\\\/nova-campanha-e-colecao-dielmar-uma-nova-dimensao-de-elegancia-e-sofisticacao\\\/#primaryimage\",\"url\":\"https:\\\/\\\/www.prooptica.pt\\\/wp-content\\\/uploads\\\/2024\\\/10\\\/Capa-artigo-blog-3.jpg\",\"contentUrl\":\"https:\\\/\\\/www.prooptica.pt\\\/wp-content\\\/uploads\\\/2024\\\/10\\\/Capa-artigo-blog-3.jpg\",\"width\":854,\"height\":514},{\"@type\":\"BreadcrumbList\",\"@id\":\"https:\\\/\\\/www.prooptica.pt\\\/nova-campanha-e-colecao-dielmar-uma-nova-dimensao-de-elegancia-e-sofisticacao\\\/#breadcrumb\",\"itemListElement\":[{\"@type\":\"ListItem\",\"position\":1,\"name\":\"In\u00edcio\",\"item\":\"https:\\\/\\\/www.prooptica.pt\\\/\"},{\"@type\":\"ListItem\",\"position\":2,\"name\":\"Nova Campanha e Cole\u00e7\u00e3o Dielmar | Uma nova dimens\u00e3o de eleg\u00e2ncia e sofistica\u00e7\u00e3o\"}]},{\"@type\":\"WebSite\",\"@id\":\"https:\\\/\\\/www.prooptica.pt\\\/home\\\/#website\",\"url\":\"https:\\\/\\\/www.prooptica.pt\\\/home\\\/\",\"name\":\"Prooptica\",\"description\":\"Full Eyewear Concept\",\"potentialAction\":[{\"@type\":\"SearchAction\",\"target\":{\"@type\":\"EntryPoint\",\"urlTemplate\":\"https:\\\/\\\/www.prooptica.pt\\\/home\\\/?s={search_term_string}\"},\"query-input\":{\"@type\":\"PropertyValueSpecification\",\"valueRequired\":true,\"valueName\":\"search_term_string\"}}],\"inLanguage\":\"es\"},{\"@type\":\"Person\",\"@id\":\"https:\\\/\\\/www.prooptica.pt\\\/home\\\/#\\\/schema\\\/person\\\/1cbd826a9322a3c38a052e43d1638306\",\"name\":\"admin\",\"image\":{\"@type\":\"ImageObject\",\"inLanguage\":\"es\",\"@id\":\"https:\\\/\\\/secure.gravatar.com\\\/avatar\\\/528c714482569d81724b02603aa719344e9ad7c0b50becf07272b2086b2c1cfd?s=96&d=mm&r=g\",\"url\":\"https:\\\/\\\/secure.gravatar.com\\\/avatar\\\/528c714482569d81724b02603aa719344e9ad7c0b50becf07272b2086b2c1cfd?s=96&d=mm&r=g\",\"contentUrl\":\"https:\\\/\\\/secure.gravatar.com\\\/avatar\\\/528c714482569d81724b02603aa719344e9ad7c0b50becf07272b2086b2c1cfd?s=96&d=mm&r=g\",\"caption\":\"admin\"},\"url\":\"https:\\\/\\\/www.prooptica.pt\\\/es\\\/author\\\/admin\\\/\"}]}<\/script>\n<!-- \/ Yoast SEO plugin. -->","yoast_head_json":{"title":"Nueva campa\u00f1a y colecci\u00f3n de Dielmar","description":"Al igual que ocurre con la ropa, cada par de gafas Dielmar es el resultado de una meticulosa atenci\u00f3n al detalle y una cuidadosa elecci\u00f3n de los materiales.","robots":{"index":"index","follow":"follow","max-snippet":"max-snippet:-1","max-image-preview":"max-image-preview:large","max-video-preview":"max-video-preview:-1"},"canonical":"https:\/\/www.prooptica.pt\/es\/nueva-campana-y-coleccion-dielmar-una-nueva-dimension-de-elegancia-y-sofisticacion\/","og_locale":"es_ES","og_type":"article","og_title":"Nova Campanha e nova cole\u00e7\u00e3o Dielmar","og_description":"Tal como no vestu\u00e1rio, cada par de \u00f3culos Dielmar \u00e9 fruto de uma aten\u00e7\u00e3o minuciosa ao detalhe e de uma escolha criteriosa dos materiais.","og_url":"https:\/\/www.prooptica.pt\/es\/nueva-campana-y-coleccion-dielmar-una-nueva-dimension-de-elegancia-y-sofisticacion\/","og_site_name":"Prooptica","article_published_time":"2024-10-14T09:30:18+00:00","article_modified_time":"2024-10-18T13:32:34+00:00","og_image":[{"width":854,"height":514,"url":"https:\/\/www.prooptica.pt\/wp-content\/uploads\/2024\/10\/Capa-artigo-blog-3.jpg","type":"image\/jpeg"}],"author":"admin","twitter_card":"summary_large_image","twitter_misc":{"Escrito por":"admin","Tiempo de lectura":"2 minutos"},"schema":{"@context":"https:\/\/schema.org","@graph":[{"@type":"Article","@id":"https:\/\/www.prooptica.pt\/nova-campanha-e-colecao-dielmar-uma-nova-dimensao-de-elegancia-e-sofisticacao\/#article","isPartOf":{"@id":"https:\/\/www.prooptica.pt\/nova-campanha-e-colecao-dielmar-uma-nova-dimensao-de-elegancia-e-sofisticacao\/"},"author":{"name":"admin","@id":"https:\/\/www.prooptica.pt\/home\/#\/schema\/person\/1cbd826a9322a3c38a052e43d1638306"},"headline":"Nova Campanha e Cole\u00e7\u00e3o Dielmar | Uma nova dimens\u00e3o de eleg\u00e2ncia e sofistica\u00e7\u00e3o","datePublished":"2024-10-14T09:30:18+00:00","dateModified":"2024-10-18T13:32:34+00:00","mainEntityOfPage":{"@id":"https:\/\/www.prooptica.pt\/nova-campanha-e-colecao-dielmar-uma-nova-dimensao-de-elegancia-e-sofisticacao\/"},"wordCount":276,"image":{"@id":"https:\/\/www.prooptica.pt\/nova-campanha-e-colecao-dielmar-uma-nova-dimensao-de-elegancia-e-sofisticacao\/#primaryimage"},"thumbnailUrl":"https:\/\/www.prooptica.pt\/wp-content\/uploads\/2024\/10\/Capa-artigo-blog-3.jpg","articleSection":["Moda Portuguesa","\u00d3culos"],"inLanguage":"es"},{"@type":"WebPage","@id":"https:\/\/www.prooptica.pt\/nova-campanha-e-colecao-dielmar-uma-nova-dimensao-de-elegancia-e-sofisticacao\/","url":"https:\/\/www.prooptica.pt\/nova-campanha-e-colecao-dielmar-uma-nova-dimensao-de-elegancia-e-sofisticacao\/","name":"Nueva campa\u00f1a y colecci\u00f3n de Dielmar","isPartOf":{"@id":"https:\/\/www.prooptica.pt\/home\/#website"},"primaryImageOfPage":{"@id":"https:\/\/www.prooptica.pt\/nova-campanha-e-colecao-dielmar-uma-nova-dimensao-de-elegancia-e-sofisticacao\/#primaryimage"},"image":{"@id":"https:\/\/www.prooptica.pt\/nova-campanha-e-colecao-dielmar-uma-nova-dimensao-de-elegancia-e-sofisticacao\/#primaryimage"},"thumbnailUrl":"https:\/\/www.prooptica.pt\/wp-content\/uploads\/2024\/10\/Capa-artigo-blog-3.jpg","datePublished":"2024-10-14T09:30:18+00:00","dateModified":"2024-10-18T13:32:34+00:00","author":{"@id":"https:\/\/www.prooptica.pt\/home\/#\/schema\/person\/1cbd826a9322a3c38a052e43d1638306"},"description":"Al igual que ocurre con la ropa, cada par de gafas Dielmar es el resultado de una meticulosa atenci\u00f3n al detalle y una cuidadosa elecci\u00f3n de los materiales.","breadcrumb":{"@id":"https:\/\/www.prooptica.pt\/nova-campanha-e-colecao-dielmar-uma-nova-dimensao-de-elegancia-e-sofisticacao\/#breadcrumb"},"inLanguage":"es","potentialAction":[{"@type":"ReadAction","target":["https:\/\/www.prooptica.pt\/nova-campanha-e-colecao-dielmar-uma-nova-dimensao-de-elegancia-e-sofisticacao\/"]}]},{"@type":"ImageObject","inLanguage":"es","@id":"https:\/\/www.prooptica.pt\/nova-campanha-e-colecao-dielmar-uma-nova-dimensao-de-elegancia-e-sofisticacao\/#primaryimage","url":"https:\/\/www.prooptica.pt\/wp-content\/uploads\/2024\/10\/Capa-artigo-blog-3.jpg","contentUrl":"https:\/\/www.prooptica.pt\/wp-content\/uploads\/2024\/10\/Capa-artigo-blog-3.jpg","width":854,"height":514},{"@type":"BreadcrumbList","@id":"https:\/\/www.prooptica.pt\/nova-campanha-e-colecao-dielmar-uma-nova-dimensao-de-elegancia-e-sofisticacao\/#breadcrumb","itemListElement":[{"@type":"ListItem","position":1,"name":"In\u00edcio","item":"https:\/\/www.prooptica.pt\/"},{"@type":"ListItem","position":2,"name":"Nova Campanha e Cole\u00e7\u00e3o Dielmar | Uma nova dimens\u00e3o de eleg\u00e2ncia e sofistica\u00e7\u00e3o"}]},{"@type":"WebSite","@id":"https:\/\/www.prooptica.pt\/home\/#website","url":"https:\/\/www.prooptica.pt\/home\/","name":"Prooptica","description":"Concepto de gafas completas","potentialAction":[{"@type":"SearchAction","target":{"@type":"EntryPoint","urlTemplate":"https:\/\/www.prooptica.pt\/home\/?s={search_term_string}"},"query-input":{"@type":"PropertyValueSpecification","valueRequired":true,"valueName":"search_term_string"}}],"inLanguage":"es"},{"@type":"Person","@id":"https:\/\/www.prooptica.pt\/home\/#\/schema\/person\/1cbd826a9322a3c38a052e43d1638306","name":"admin","image":{"@type":"ImageObject","inLanguage":"es","@id":"https:\/\/secure.gravatar.com\/avatar\/528c714482569d81724b02603aa719344e9ad7c0b50becf07272b2086b2c1cfd?s=96&d=mm&r=g","url":"https:\/\/secure.gravatar.com\/avatar\/528c714482569d81724b02603aa719344e9ad7c0b50becf07272b2086b2c1cfd?s=96&d=mm&r=g","contentUrl":"https:\/\/secure.gravatar.com\/avatar\/528c714482569d81724b02603aa719344e9ad7c0b50becf07272b2086b2c1cfd?s=96&d=mm&r=g","caption":"admin"},"url":"https:\/\/www.prooptica.pt\/es\/author\/admin\/"}]}},"_links":{"self":[{"href":"https:\/\/www.prooptica.pt\/es\/wp-json\/wp\/v2\/posts\/20994","targetHints":{"allow":["GET"]}}],"collection":[{"href":"https:\/\/www.prooptica.pt\/es\/wp-json\/wp\/v2\/posts"}],"about":[{"href":"https:\/\/www.prooptica.pt\/es\/wp-json\/wp\/v2\/types\/post"}],"author":[{"embeddable":true,"href":"https:\/\/www.prooptica.pt\/es\/wp-json\/wp\/v2\/users\/2"}],"replies":[{"embeddable":true,"href":"https:\/\/www.prooptica.pt\/es\/wp-json\/wp\/v2\/comments?post=20994"}],"version-history":[{"count":10,"href":"https:\/\/www.prooptica.pt\/es\/wp-json\/wp\/v2\/posts\/20994\/revisions"}],"predecessor-version":[{"id":21184,"href":"https:\/\/www.prooptica.pt\/es\/wp-json\/wp\/v2\/posts\/20994\/revisions\/21184"}],"wp:featuredmedia":[{"embeddable":true,"href":"https:\/\/www.prooptica.pt\/es\/wp-json\/wp\/v2\/media\/20997"}],"wp:attachment":[{"href":"https:\/\/www.prooptica.pt\/es\/wp-json\/wp\/v2\/media?parent=20994"}],"wp:term":[{"taxonomy":"category","embeddable":true,"href":"https:\/\/www.prooptica.pt\/es\/wp-json\/wp\/v2\/categories?post=20994"},{"taxonomy":"post_tag","embeddable":true,"href":"https:\/\/www.prooptica.pt\/es\/wp-json\/wp\/v2\/tags?post=20994"}],"curies":[{"name":"wp","href":"https:\/\/api.w.org\/{rel}","templated":true}]}}