{"id":21172,"date":"2024-10-16T08:23:33","date_gmt":"2024-10-16T08:23:33","guid":{"rendered":"https:\/\/www.prooptica.pt\/?p=21172"},"modified":"2024-10-16T08:23:46","modified_gmt":"2024-10-16T08:23:46","slug":"dia-mundial-de-la-alimentacion-la-importancia-de-la-alimentacion-para-la-salud-y-la-vision","status":"publish","type":"post","link":"https:\/\/www.prooptica.pt\/es\/dia-mundial-da-alimentacao-a-importancia-dos-alimentos-na-saude-e-na-visao\/","title":{"rendered":"D\u00eda Mundial de la Alimentaci\u00f3n | La importancia de la alimentaci\u00f3n para la salud y la visi\u00f3n"},"content":{"rendered":"<p>El <strong>D\u00eda Mundial de la Alimentaci\u00f3n<\/strong>El D\u00eda Mundial de la Alimentaci\u00f3n de este a\u00f1o, que se celebra el 16 de octubre, es una oportunidad para reflexionar sobre la importancia de una dieta equilibrada y su repercusi\u00f3n directa en la salud. Una dieta rica en nutrientes no s\u00f3lo fortalece el organismo y el sistema inmunitario, sino que desempe\u00f1a un papel fundamental en la salud del cuerpo. <strong>salud ocular<\/strong>.<\/p>\n<p>Los ojos, como cualquier otro \u00f3rgano, se benefician de una nutrici\u00f3n adecuada, y ciertos alimentos pueden ayudar a prevenir problemas oculares como la degeneraci\u00f3n macular y las cataratas. En este art\u00edculo, exploraremos algunos de los alimentos m\u00e1s beneficiosos para la salud ocular, contribuyendo a una dieta m\u00e1s equilibrada. <strong>una visi\u00f3n sana.<\/strong><\/p>\n<h6><strong>Alimentos beneficiosos para la salud ocular<\/strong><\/h6>\n<ol>\n<li>\n<h6><strong> Zanahorias y verduras de color naranja<\/strong><\/h6>\n<\/li>\n<\/ol>\n<p>Las zanahorias son ampliamente conocidas por su capacidad para mejorar la salud ocular, gracias a su alto contenido en <strong>beta-caroteno<\/strong>que se convierte en <strong>vitamina A<\/strong> en el organismo. Esta vitamina es esencial para la salud de la retina y para prevenir <strong>ceguera nocturna<\/strong>. Adem\u00e1s, otras verduras de color naranja, como la calabaza y el boniato, tambi\u00e9n son ricas en betacaroteno, lo que las hace ideales para proteger y mejorar la vista.<\/p>\n<ol start=\"2\">\n<li>\n<h6><strong> Espinacas y otras verduras de hoja verde<\/strong><\/h6>\n<\/li>\n<\/ol>\n<p>Las espinacas, al igual que otras verduras de hoja verde como la col y el br\u00e9col, contienen dos potentes antioxidantes: <strong>lute\u00edna<\/strong> y <strong>zeaxantina<\/strong>. Estos nutrientes ayudan a proteger los ojos de los da\u00f1os causados por los rayos ultravioleta y pueden reducir el riesgo de desarrollar enfermedades oculares como <strong>degeneraci\u00f3n macular asociada a la edad<\/strong>. Adem\u00e1s, las verduras verdes son una excelente fuente de <strong>vitamina C<\/strong>que fortalece los vasos sangu\u00edneos de los ojos y ayuda a prevenir el desarrollo de <strong>cascadas<\/strong>.<\/p>\n<ol start=\"3\">\n<li>\n<h6><strong> Pescado azul (salm\u00f3n, sardinas, at\u00fan)<\/strong><\/h6>\n<\/li>\n<\/ol>\n<p>El salm\u00f3n, las sardinas y el at\u00fan son ricos en <strong>\u00e1cidos grasos omega-3<\/strong>que son vitales para la salud ocular. Estos \u00e1cidos ayudan a mantener sana la retina y pueden prevenir da\u00f1os oculares. <strong>s\u00edndrome del ojo seco<\/strong>Se trata de una afecci\u00f3n frecuente que causa molestias e irritaci\u00f3n. Los estudios sugieren que el consumo regular de omega-3 tambi\u00e9n puede ayudar a reducir el riesgo de degeneraci\u00f3n macular y otras afecciones oculares relacionadas con la edad.<\/p>\n<ol start=\"4\">\n<li>\n<h6><strong> Huevos<\/strong><\/h6>\n<\/li>\n<\/ol>\n<p>Los huevos son otra excelente fuente de <strong>lute\u00edna<\/strong>, <strong>zeaxantina<\/strong> y <strong>vitamina E<\/strong>Todos ellos son nutrientes que desempe\u00f1an un papel importante en la protecci\u00f3n de los ojos. La yema de huevo, en particular, contiene una alta concentraci\u00f3n de lute\u00edna y zeaxantina, que ayudan a proteger los ojos de los rayos ultravioleta y reducen el riesgo de problemas oculares. Adem\u00e1s, los huevos son una buena fuente de <strong>zinc<\/strong>que ayuda a mejorar la visi\u00f3n nocturna.<\/p>\n<ol start=\"5\">\n<li>\n<h6><strong> C\u00edtricos (naranjas, limones, pomelos)<\/strong><\/h6>\n<\/li>\n<\/ol>\n<p>Los c\u00edtricos, como las naranjas y los limones, son ricos en <strong>vitamina C<\/strong>La vitamina C es un antioxidante importante para mantener sanos los vasos sangu\u00edneos de los ojos. La vitamina C puede ayudar a reducir el riesgo de cataratas y evitar que empeore la degeneraci\u00f3n macular. Incluir c\u00edtricos en la dieta diaria es una forma sencilla de proteger la vista y mejorar la salud ocular.<\/p>\n<ol start=\"6\">\n<li>\n<h6><strong> Frutos de c\u00e1scara y semillas<\/strong><\/h6>\n<\/li>\n<\/ol>\n<p>Las nueces, las almendras y las pipas de girasol son ricas en <strong>vitamina E<\/strong> y <strong>omega-3<\/strong>La vitamina E es un nutriente esencial para la salud ocular. La vitamina E ayuda a proteger los ojos contra los da\u00f1os causados por los radicales libres, que pueden acelerar el proceso de envejecimiento de los tejidos oculares y provocar la aparici\u00f3n de cataratas y degeneraci\u00f3n macular. Consumir regularmente un pu\u00f1ado de frutos secos o semillas puede ser una excelente forma de mejorar la salud ocular.<\/p>\n<ol start=\"7\">\n<li>\n<h6><strong> Frutos rojos<\/strong><\/h6>\n<\/li>\n<\/ol>\n<p>Frutas como <strong>ar\u00e1ndanos<\/strong>, <strong>fresas<\/strong> y <strong>moras<\/strong> son ricos en antioxidantes llamados <strong>antocianinas<\/strong>Estas frutas ayudan a proteger la retina del da\u00f1o oxidativo. Estas frutas tambi\u00e9n pueden mejorar la circulaci\u00f3n sangu\u00ednea en los ojos, protegi\u00e9ndolos de afecciones como la retinopat\u00eda diab\u00e9tica, que puede ser consecuencia de una diabetes no controlada.<\/p>\n<h6><strong>La importancia de una alimentaci\u00f3n sana para la vista<\/strong><\/h6>\n<p>Adoptar una dieta rica en nutrientes esenciales, como <strong>vitaminas A, C y E<\/strong>, <strong>omega-3<\/strong>, <strong>lute\u00edna<\/strong> y <strong>zeaxantina<\/strong>Esto puede ayudar a prevenir muchos problemas oculares y garantizar una visi\u00f3n sana a largo plazo. Sin embargo, adem\u00e1s de una dieta equilibrada, es importante mantener otros buenos h\u00e1bitos para proteger los ojos, como hacer descansos regulares cuando se trabaja delante de pantallas, llevar gafas de sol para proteger los ojos de los rayos UV y someterse a revisiones oculares peri\u00f3dicas.<\/p>\n<p>En este <strong>D\u00eda Mundial de la Alimentaci\u00f3n<\/strong>\u00a0Es importante recordar que una dieta sana no s\u00f3lo beneficia a nuestra salud general, sino tambi\u00e9n a nuestra vista. Incorporar a la dieta diaria alimentos ricos en antioxidantes, vitaminas y minerales puede mejorar significativamente la salud ocular y prevenir el desarrollo de enfermedades oculares comunes.<\/p>","protected":false},"excerpt":{"rendered":"<p>O Dia Mundial da Alimenta\u00e7\u00e3o, celebrado a 16 de outubro, \u00e9 uma oportunidade para refletirmos sobre a import\u00e2ncia de uma alimenta\u00e7\u00e3o equilibrada e o seu impacto direto na sa\u00fade. Uma dieta rica em nutrientes n\u00e3o s\u00f3 fortalece o corpo e o sistema imunit\u00e1rio, como tamb\u00e9m desempenha um papel fundamental na sa\u00fade ocular. Os olhos, tal [&hellip;]<\/p>\n","protected":false},"author":2,"featured_media":21174,"comment_status":"closed","ping_status":"closed","sticky":false,"template":"","format":"standard","meta":{"footnotes":""},"categories":[195],"tags":[],"class_list":["post-21172","post","type-post","status-publish","format-standard","has-post-thumbnail","hentry","category-institucional"],"yoast_head":"<!-- This site is optimized with the Yoast SEO plugin v27.5 - https:\/\/yoast.com\/product\/yoast-seo-wordpress\/ -->\n<title>Dia Mundial da Alimenta\u00e7\u00e3o | A import\u00e2ncia dos alimentos na vis\u00e3o<\/title>\n<meta name=\"description\" content=\"Neste Dia Mundial da Alimenta\u00e7\u00e3o \u00e9 importante lembrar que uma alimenta\u00e7\u00e3o saud\u00e1vel beneficia a nossa vis\u00e3o.\" \/>\n<meta name=\"robots\" content=\"index, follow, max-snippet:-1, max-image-preview:large, max-video-preview:-1\" \/>\n<link rel=\"canonical\" href=\"https:\/\/www.prooptica.pt\/es\/dia-mundial-de-la-alimentacion-la-importancia-de-la-alimentacion-para-la-salud-y-la-vision\/\" \/>\n<meta property=\"og:locale\" content=\"es_ES\" \/>\n<meta property=\"og:type\" content=\"article\" \/>\n<meta property=\"og:title\" content=\"Dia Mundial da Alimenta\u00e7\u00e3o | A import\u00e2ncia dos alimentos na vis\u00e3o\" \/>\n<meta property=\"og:description\" content=\"Neste Dia Mundial da Alimenta\u00e7\u00e3o \u00e9 importante lembrar que uma alimenta\u00e7\u00e3o saud\u00e1vel beneficia a nossa vis\u00e3o.\" \/>\n<meta property=\"og:url\" content=\"https:\/\/www.prooptica.pt\/es\/dia-mundial-de-la-alimentacion-la-importancia-de-la-alimentacion-para-la-salud-y-la-vision\/\" \/>\n<meta property=\"og:site_name\" content=\"Prooptica\" \/>\n<meta property=\"article:published_time\" content=\"2024-10-16T08:23:33+00:00\" \/>\n<meta property=\"article:modified_time\" content=\"2024-10-16T08:23:46+00:00\" \/>\n<meta property=\"og:image\" content=\"https:\/\/www.prooptica.pt\/wp-content\/uploads\/2024\/10\/Capa-artigo-blog-1-2.jpg\" \/>\n\t<meta property=\"og:image:width\" content=\"854\" \/>\n\t<meta property=\"og:image:height\" content=\"514\" \/>\n\t<meta property=\"og:image:type\" content=\"image\/jpeg\" \/>\n<meta name=\"author\" content=\"admin\" \/>\n<meta name=\"twitter:card\" content=\"summary_large_image\" \/>\n<meta name=\"twitter:label1\" content=\"Escrito por\" \/>\n\t<meta name=\"twitter:data1\" content=\"admin\" \/>\n\t<meta name=\"twitter:label2\" content=\"Tiempo de lectura\" \/>\n\t<meta name=\"twitter:data2\" content=\"5 minutos\" \/>\n<script type=\"application\/ld+json\" class=\"yoast-schema-graph\">{\"@context\":\"https:\\\/\\\/schema.org\",\"@graph\":[{\"@type\":\"Article\",\"@id\":\"https:\\\/\\\/www.prooptica.pt\\\/dia-mundial-da-alimentacao-a-importancia-dos-alimentos-na-saude-e-na-visao\\\/#article\",\"isPartOf\":{\"@id\":\"https:\\\/\\\/www.prooptica.pt\\\/dia-mundial-da-alimentacao-a-importancia-dos-alimentos-na-saude-e-na-visao\\\/\"},\"author\":{\"name\":\"admin\",\"@id\":\"https:\\\/\\\/www.prooptica.pt\\\/home\\\/#\\\/schema\\\/person\\\/1cbd826a9322a3c38a052e43d1638306\"},\"headline\":\"Dia Mundial da Alimenta\u00e7\u00e3o | A import\u00e2ncia dos alimentos na Sa\u00fade e na Vis\u00e3o\",\"datePublished\":\"2024-10-16T08:23:33+00:00\",\"dateModified\":\"2024-10-16T08:23:46+00:00\",\"mainEntityOfPage\":{\"@id\":\"https:\\\/\\\/www.prooptica.pt\\\/dia-mundial-da-alimentacao-a-importancia-dos-alimentos-na-saude-e-na-visao\\\/\"},\"wordCount\":858,\"image\":{\"@id\":\"https:\\\/\\\/www.prooptica.pt\\\/dia-mundial-da-alimentacao-a-importancia-dos-alimentos-na-saude-e-na-visao\\\/#primaryimage\"},\"thumbnailUrl\":\"https:\\\/\\\/www.prooptica.pt\\\/wp-content\\\/uploads\\\/2024\\\/10\\\/Capa-artigo-blog-1-2.jpg\",\"articleSection\":[\"Institucional\"],\"inLanguage\":\"es\"},{\"@type\":\"WebPage\",\"@id\":\"https:\\\/\\\/www.prooptica.pt\\\/dia-mundial-da-alimentacao-a-importancia-dos-alimentos-na-saude-e-na-visao\\\/\",\"url\":\"https:\\\/\\\/www.prooptica.pt\\\/dia-mundial-da-alimentacao-a-importancia-dos-alimentos-na-saude-e-na-visao\\\/\",\"name\":\"Dia Mundial da Alimenta\u00e7\u00e3o | A import\u00e2ncia dos alimentos na vis\u00e3o\",\"isPartOf\":{\"@id\":\"https:\\\/\\\/www.prooptica.pt\\\/home\\\/#website\"},\"primaryImageOfPage\":{\"@id\":\"https:\\\/\\\/www.prooptica.pt\\\/dia-mundial-da-alimentacao-a-importancia-dos-alimentos-na-saude-e-na-visao\\\/#primaryimage\"},\"image\":{\"@id\":\"https:\\\/\\\/www.prooptica.pt\\\/dia-mundial-da-alimentacao-a-importancia-dos-alimentos-na-saude-e-na-visao\\\/#primaryimage\"},\"thumbnailUrl\":\"https:\\\/\\\/www.prooptica.pt\\\/wp-content\\\/uploads\\\/2024\\\/10\\\/Capa-artigo-blog-1-2.jpg\",\"datePublished\":\"2024-10-16T08:23:33+00:00\",\"dateModified\":\"2024-10-16T08:23:46+00:00\",\"author\":{\"@id\":\"https:\\\/\\\/www.prooptica.pt\\\/home\\\/#\\\/schema\\\/person\\\/1cbd826a9322a3c38a052e43d1638306\"},\"description\":\"Neste Dia Mundial da Alimenta\u00e7\u00e3o \u00e9 importante lembrar que uma alimenta\u00e7\u00e3o saud\u00e1vel beneficia a nossa vis\u00e3o.\",\"breadcrumb\":{\"@id\":\"https:\\\/\\\/www.prooptica.pt\\\/dia-mundial-da-alimentacao-a-importancia-dos-alimentos-na-saude-e-na-visao\\\/#breadcrumb\"},\"inLanguage\":\"es\",\"potentialAction\":[{\"@type\":\"ReadAction\",\"target\":[\"https:\\\/\\\/www.prooptica.pt\\\/dia-mundial-da-alimentacao-a-importancia-dos-alimentos-na-saude-e-na-visao\\\/\"]}]},{\"@type\":\"ImageObject\",\"inLanguage\":\"es\",\"@id\":\"https:\\\/\\\/www.prooptica.pt\\\/dia-mundial-da-alimentacao-a-importancia-dos-alimentos-na-saude-e-na-visao\\\/#primaryimage\",\"url\":\"https:\\\/\\\/www.prooptica.pt\\\/wp-content\\\/uploads\\\/2024\\\/10\\\/Capa-artigo-blog-1-2.jpg\",\"contentUrl\":\"https:\\\/\\\/www.prooptica.pt\\\/wp-content\\\/uploads\\\/2024\\\/10\\\/Capa-artigo-blog-1-2.jpg\",\"width\":854,\"height\":514},{\"@type\":\"BreadcrumbList\",\"@id\":\"https:\\\/\\\/www.prooptica.pt\\\/dia-mundial-da-alimentacao-a-importancia-dos-alimentos-na-saude-e-na-visao\\\/#breadcrumb\",\"itemListElement\":[{\"@type\":\"ListItem\",\"position\":1,\"name\":\"In\u00edcio\",\"item\":\"https:\\\/\\\/www.prooptica.pt\\\/\"},{\"@type\":\"ListItem\",\"position\":2,\"name\":\"Dia Mundial da Alimenta\u00e7\u00e3o | A import\u00e2ncia dos alimentos na Sa\u00fade e na Vis\u00e3o\"}]},{\"@type\":\"WebSite\",\"@id\":\"https:\\\/\\\/www.prooptica.pt\\\/home\\\/#website\",\"url\":\"https:\\\/\\\/www.prooptica.pt\\\/home\\\/\",\"name\":\"Prooptica\",\"description\":\"Full Eyewear Concept\",\"potentialAction\":[{\"@type\":\"SearchAction\",\"target\":{\"@type\":\"EntryPoint\",\"urlTemplate\":\"https:\\\/\\\/www.prooptica.pt\\\/home\\\/?s={search_term_string}\"},\"query-input\":{\"@type\":\"PropertyValueSpecification\",\"valueRequired\":true,\"valueName\":\"search_term_string\"}}],\"inLanguage\":\"es\"},{\"@type\":\"Person\",\"@id\":\"https:\\\/\\\/www.prooptica.pt\\\/home\\\/#\\\/schema\\\/person\\\/1cbd826a9322a3c38a052e43d1638306\",\"name\":\"admin\",\"image\":{\"@type\":\"ImageObject\",\"inLanguage\":\"es\",\"@id\":\"https:\\\/\\\/secure.gravatar.com\\\/avatar\\\/528c714482569d81724b02603aa719344e9ad7c0b50becf07272b2086b2c1cfd?s=96&d=mm&r=g\",\"url\":\"https:\\\/\\\/secure.gravatar.com\\\/avatar\\\/528c714482569d81724b02603aa719344e9ad7c0b50becf07272b2086b2c1cfd?s=96&d=mm&r=g\",\"contentUrl\":\"https:\\\/\\\/secure.gravatar.com\\\/avatar\\\/528c714482569d81724b02603aa719344e9ad7c0b50becf07272b2086b2c1cfd?s=96&d=mm&r=g\",\"caption\":\"admin\"},\"url\":\"https:\\\/\\\/www.prooptica.pt\\\/es\\\/author\\\/admin\\\/\"}]}<\/script>\n<!-- \/ Yoast SEO plugin. -->","yoast_head_json":{"title":"D\u00eda Mundial de la Alimentaci\u00f3n | La importancia de los alimentos para la visi\u00f3n","description":"En este D\u00eda Mundial de la Alimentaci\u00f3n, es importante recordar que una dieta sana beneficia a nuestra vista.","robots":{"index":"index","follow":"follow","max-snippet":"max-snippet:-1","max-image-preview":"max-image-preview:large","max-video-preview":"max-video-preview:-1"},"canonical":"https:\/\/www.prooptica.pt\/es\/dia-mundial-de-la-alimentacion-la-importancia-de-la-alimentacion-para-la-salud-y-la-vision\/","og_locale":"es_ES","og_type":"article","og_title":"Dia Mundial da Alimenta\u00e7\u00e3o | A import\u00e2ncia dos alimentos na vis\u00e3o","og_description":"Neste Dia Mundial da Alimenta\u00e7\u00e3o \u00e9 importante lembrar que uma alimenta\u00e7\u00e3o saud\u00e1vel beneficia a nossa vis\u00e3o.","og_url":"https:\/\/www.prooptica.pt\/es\/dia-mundial-de-la-alimentacion-la-importancia-de-la-alimentacion-para-la-salud-y-la-vision\/","og_site_name":"Prooptica","article_published_time":"2024-10-16T08:23:33+00:00","article_modified_time":"2024-10-16T08:23:46+00:00","og_image":[{"width":854,"height":514,"url":"https:\/\/www.prooptica.pt\/wp-content\/uploads\/2024\/10\/Capa-artigo-blog-1-2.jpg","type":"image\/jpeg"}],"author":"admin","twitter_card":"summary_large_image","twitter_misc":{"Escrito por":"admin","Tiempo de lectura":"5 minutos"},"schema":{"@context":"https:\/\/schema.org","@graph":[{"@type":"Article","@id":"https:\/\/www.prooptica.pt\/dia-mundial-da-alimentacao-a-importancia-dos-alimentos-na-saude-e-na-visao\/#article","isPartOf":{"@id":"https:\/\/www.prooptica.pt\/dia-mundial-da-alimentacao-a-importancia-dos-alimentos-na-saude-e-na-visao\/"},"author":{"name":"admin","@id":"https:\/\/www.prooptica.pt\/home\/#\/schema\/person\/1cbd826a9322a3c38a052e43d1638306"},"headline":"Dia Mundial da Alimenta\u00e7\u00e3o | A import\u00e2ncia dos alimentos na Sa\u00fade e na Vis\u00e3o","datePublished":"2024-10-16T08:23:33+00:00","dateModified":"2024-10-16T08:23:46+00:00","mainEntityOfPage":{"@id":"https:\/\/www.prooptica.pt\/dia-mundial-da-alimentacao-a-importancia-dos-alimentos-na-saude-e-na-visao\/"},"wordCount":858,"image":{"@id":"https:\/\/www.prooptica.pt\/dia-mundial-da-alimentacao-a-importancia-dos-alimentos-na-saude-e-na-visao\/#primaryimage"},"thumbnailUrl":"https:\/\/www.prooptica.pt\/wp-content\/uploads\/2024\/10\/Capa-artigo-blog-1-2.jpg","articleSection":["Institucional"],"inLanguage":"es"},{"@type":"WebPage","@id":"https:\/\/www.prooptica.pt\/dia-mundial-da-alimentacao-a-importancia-dos-alimentos-na-saude-e-na-visao\/","url":"https:\/\/www.prooptica.pt\/dia-mundial-da-alimentacao-a-importancia-dos-alimentos-na-saude-e-na-visao\/","name":"D\u00eda Mundial de la Alimentaci\u00f3n | La importancia de los alimentos para la visi\u00f3n","isPartOf":{"@id":"https:\/\/www.prooptica.pt\/home\/#website"},"primaryImageOfPage":{"@id":"https:\/\/www.prooptica.pt\/dia-mundial-da-alimentacao-a-importancia-dos-alimentos-na-saude-e-na-visao\/#primaryimage"},"image":{"@id":"https:\/\/www.prooptica.pt\/dia-mundial-da-alimentacao-a-importancia-dos-alimentos-na-saude-e-na-visao\/#primaryimage"},"thumbnailUrl":"https:\/\/www.prooptica.pt\/wp-content\/uploads\/2024\/10\/Capa-artigo-blog-1-2.jpg","datePublished":"2024-10-16T08:23:33+00:00","dateModified":"2024-10-16T08:23:46+00:00","author":{"@id":"https:\/\/www.prooptica.pt\/home\/#\/schema\/person\/1cbd826a9322a3c38a052e43d1638306"},"description":"En este D\u00eda Mundial de la Alimentaci\u00f3n, es importante recordar que una dieta sana beneficia a nuestra vista.","breadcrumb":{"@id":"https:\/\/www.prooptica.pt\/dia-mundial-da-alimentacao-a-importancia-dos-alimentos-na-saude-e-na-visao\/#breadcrumb"},"inLanguage":"es","potentialAction":[{"@type":"ReadAction","target":["https:\/\/www.prooptica.pt\/dia-mundial-da-alimentacao-a-importancia-dos-alimentos-na-saude-e-na-visao\/"]}]},{"@type":"ImageObject","inLanguage":"es","@id":"https:\/\/www.prooptica.pt\/dia-mundial-da-alimentacao-a-importancia-dos-alimentos-na-saude-e-na-visao\/#primaryimage","url":"https:\/\/www.prooptica.pt\/wp-content\/uploads\/2024\/10\/Capa-artigo-blog-1-2.jpg","contentUrl":"https:\/\/www.prooptica.pt\/wp-content\/uploads\/2024\/10\/Capa-artigo-blog-1-2.jpg","width":854,"height":514},{"@type":"BreadcrumbList","@id":"https:\/\/www.prooptica.pt\/dia-mundial-da-alimentacao-a-importancia-dos-alimentos-na-saude-e-na-visao\/#breadcrumb","itemListElement":[{"@type":"ListItem","position":1,"name":"In\u00edcio","item":"https:\/\/www.prooptica.pt\/"},{"@type":"ListItem","position":2,"name":"Dia Mundial da Alimenta\u00e7\u00e3o | A import\u00e2ncia dos alimentos na Sa\u00fade e na Vis\u00e3o"}]},{"@type":"WebSite","@id":"https:\/\/www.prooptica.pt\/home\/#website","url":"https:\/\/www.prooptica.pt\/home\/","name":"Prooptica","description":"Concepto de gafas completas","potentialAction":[{"@type":"SearchAction","target":{"@type":"EntryPoint","urlTemplate":"https:\/\/www.prooptica.pt\/home\/?s={search_term_string}"},"query-input":{"@type":"PropertyValueSpecification","valueRequired":true,"valueName":"search_term_string"}}],"inLanguage":"es"},{"@type":"Person","@id":"https:\/\/www.prooptica.pt\/home\/#\/schema\/person\/1cbd826a9322a3c38a052e43d1638306","name":"admin","image":{"@type":"ImageObject","inLanguage":"es","@id":"https:\/\/secure.gravatar.com\/avatar\/528c714482569d81724b02603aa719344e9ad7c0b50becf07272b2086b2c1cfd?s=96&d=mm&r=g","url":"https:\/\/secure.gravatar.com\/avatar\/528c714482569d81724b02603aa719344e9ad7c0b50becf07272b2086b2c1cfd?s=96&d=mm&r=g","contentUrl":"https:\/\/secure.gravatar.com\/avatar\/528c714482569d81724b02603aa719344e9ad7c0b50becf07272b2086b2c1cfd?s=96&d=mm&r=g","caption":"admin"},"url":"https:\/\/www.prooptica.pt\/es\/author\/admin\/"}]}},"_links":{"self":[{"href":"https:\/\/www.prooptica.pt\/es\/wp-json\/wp\/v2\/posts\/21172","targetHints":{"allow":["GET"]}}],"collection":[{"href":"https:\/\/www.prooptica.pt\/es\/wp-json\/wp\/v2\/posts"}],"about":[{"href":"https:\/\/www.prooptica.pt\/es\/wp-json\/wp\/v2\/types\/post"}],"author":[{"embeddable":true,"href":"https:\/\/www.prooptica.pt\/es\/wp-json\/wp\/v2\/users\/2"}],"replies":[{"embeddable":true,"href":"https:\/\/www.prooptica.pt\/es\/wp-json\/wp\/v2\/comments?post=21172"}],"version-history":[{"count":2,"href":"https:\/\/www.prooptica.pt\/es\/wp-json\/wp\/v2\/posts\/21172\/revisions"}],"predecessor-version":[{"id":21176,"href":"https:\/\/www.prooptica.pt\/es\/wp-json\/wp\/v2\/posts\/21172\/revisions\/21176"}],"wp:featuredmedia":[{"embeddable":true,"href":"https:\/\/www.prooptica.pt\/es\/wp-json\/wp\/v2\/media\/21174"}],"wp:attachment":[{"href":"https:\/\/www.prooptica.pt\/es\/wp-json\/wp\/v2\/media?parent=21172"}],"wp:term":[{"taxonomy":"category","embeddable":true,"href":"https:\/\/www.prooptica.pt\/es\/wp-json\/wp\/v2\/categories?post=21172"},{"taxonomy":"post_tag","embeddable":true,"href":"https:\/\/www.prooptica.pt\/es\/wp-json\/wp\/v2\/tags?post=21172"}],"curies":[{"name":"wp","href":"https:\/\/api.w.org\/{rel}","templated":true}]}}