{"id":21511,"date":"2024-12-20T15:18:37","date_gmt":"2024-12-20T15:18:37","guid":{"rendered":"https:\/\/www.prooptica.pt\/?p=21511"},"modified":"2025-12-15T09:40:05","modified_gmt":"2025-12-15T09:40:05","slug":"la-importancia-del-escaparatismo-y-la-exposicion","status":"publish","type":"post","link":"https:\/\/www.prooptica.pt\/es\/a-importancia-da-decoracao-e-exposicao-de-montra\/","title":{"rendered":"La importancia de la decoraci\u00f3n y el escaparate"},"content":{"rendered":"<p>Un escaparate es mucho m\u00e1s que un lugar donde exponer productos, es una tarjeta de visita que comunica la esencia de la marca y atrae a clientes potenciales, especialmente durante la \u00e9poca navide\u00f1a. Con el esp\u00edritu festivo en el aire, las calles y los centros comerciales se llenan de gente en busca de regalos y un escaparate bien decorado puede marcar la diferencia en c\u00f3mo se percibe su tienda y en la decisi\u00f3n de compra de un cliente.<\/p>\n<h6><strong>Crear emoci\u00f3n y encanto<\/strong><\/h6>\n<p>En Navidad, los consumidores son m\u00e1s receptivos a las experiencias visuales que transmiten emociones como consuelo, nostalgia y alegr\u00eda. Decorar el escaparate con elementos alusivos a la \u00e9poca, como luces parpadeantes, \u00e1rboles de Navidad, copos de nieve y colores c\u00e1lidos, ayuda a crear una conexi\u00f3n emocional con los transe\u00fantes. Estos elementos no s\u00f3lo hacen m\u00e1s atractivo el escaparate, sino que tambi\u00e9n ayudan a contar una historia que puede asociarse a los productos expuestos, como gafas o accesorios \u00f3pticos que destacan como regalos perfectos.<\/p>\n<h6><strong>Exposici\u00f3n estrat\u00e9gica de productos<\/strong><\/h6>\n<p>La decoraci\u00f3n navide\u00f1a debe complementar y nunca eclipsar los productos expuestos. Es esencial que las gafas, monturas y dem\u00e1s accesorios est\u00e9n bien iluminados y organizados de forma armoniosa. Una disposici\u00f3n que destaque los productos premium o las ediciones limitadas puede atraer la atenci\u00f3n y reforzar la percepci\u00f3n de valor. Adem\u00e1s, crear \"escenarios\" que muestren los productos en uso, como unas gafas colocadas junto a un libro abierto o junto a otros regalos, puede inspirar a los clientes a imaginar el producto en su vida cotidiana.<\/p>\n<h6><strong>Aprovechar el movimiento en las calles y centros comerciales<\/strong><\/h6>\n<p>Durante las Navidades aumenta notablemente el tr\u00e1fico en las calles y centros comerciales. Es el momento ideal para invertir en un escaparate que destaque y capte la atenci\u00f3n, incluso a distancia. Utilizar una iluminaci\u00f3n creativa, un movimiento sutil (como nieve artificial o adornos colgantes) y colores que recuerden el esp\u00edritu navide\u00f1o son estrategias eficaces para atraer miradas curiosas.<\/p>\n<h6><strong>Transmitir la identidad de marca<\/strong><\/h6>\n<p>Aunque la atenci\u00f3n se centre en la decoraci\u00f3n festiva, es importante que el escaparate siga reflejando la identidad de la marca. Por ejemplo, una \u00f3ptica puede incluir en su decoraci\u00f3n detalles modernos y sofisticados, en consonancia con los valores de precisi\u00f3n y elegancia asociados a sus productos.<\/p>\n<h6><strong>Invitar a los clientes<\/strong><\/h6>\n<p>Un escaparate bien decorado y atractivo es el primer paso para aumentar la afluencia de clientes a su tienda. A\u00f1adir elementos interactivos, como una promoci\u00f3n especial o un mensaje festivo, puede ser el incentivo extra para que los transe\u00fantes se decidan a entrar.<\/p>\n<p>Estas Navidades, convierta el escaparate de su \u00f3ptica en una aut\u00e9ntica obra maestra que combine magia y estrategia. Adem\u00e1s de atraer a m\u00e1s clientes, ser\u00e1 una forma de reforzar tu presencia en la comunidad y crear momentos inolvidables para quienes te visiten. Al fin y al cabo, en esta \u00e9poca del a\u00f1o, los detalles cuentan, y mucho.<\/p>\n<p>&nbsp;<\/p>","protected":false},"excerpt":{"rendered":"<p>A montra de uma loja \u00e9 muito mais do que um espa\u00e7o para expor produtos, \u00e9 o cart\u00e3o de visita que comunica a ess\u00eancia da marca e atrai potenciais clientes, principalmente durante a \u00e9poca natal\u00edcia. Com o esp\u00edrito festivo no ar, as ruas e centros comerciais enchem-se de pessoas \u00e0 procura de presentes e uma [&hellip;]<\/p>\n","protected":false},"author":2,"featured_media":24364,"comment_status":"closed","ping_status":"closed","sticky":false,"template":"","format":"standard","meta":{"footnotes":""},"categories":[41,238],"tags":[],"class_list":["post-21511","post","type-post","status-publish","format-standard","has-post-thumbnail","hentry","category-design-arquitetura","category-insight"],"yoast_head":"<!-- This site is optimized with the Yoast SEO plugin v27.5 - https:\/\/yoast.com\/product\/yoast-seo-wordpress\/ -->\n<title>A Import\u00e2ncia da Decora\u00e7\u00e3o e Exposi\u00e7\u00e3o de Montra numa \u00d3tica<\/title>\n<meta name=\"description\" content=\"Neste Natal, transforme a montra da sua loja de \u00f3tica numa verdadeira obra-prima que combine magia e estrat\u00e9gia.\" \/>\n<meta name=\"robots\" content=\"index, follow, max-snippet:-1, max-image-preview:large, max-video-preview:-1\" \/>\n<link rel=\"canonical\" href=\"https:\/\/www.prooptica.pt\/es\/la-importancia-del-escaparatismo-y-la-exposicion\/\" \/>\n<meta property=\"og:locale\" content=\"es_ES\" \/>\n<meta property=\"og:type\" content=\"article\" \/>\n<meta property=\"og:title\" content=\"A Import\u00e2ncia da Decora\u00e7\u00e3o e Exposi\u00e7\u00e3o de Montra numa \u00d3tica\" \/>\n<meta property=\"og:description\" content=\"Neste Natal, transforme a montra da sua loja de \u00f3tica numa verdadeira obra-prima que combine magia e estrat\u00e9gia.\" \/>\n<meta property=\"og:url\" content=\"https:\/\/www.prooptica.pt\/es\/la-importancia-del-escaparatismo-y-la-exposicion\/\" \/>\n<meta property=\"og:site_name\" content=\"Prooptica\" \/>\n<meta property=\"article:published_time\" content=\"2024-12-20T15:18:37+00:00\" \/>\n<meta property=\"article:modified_time\" content=\"2025-12-15T09:40:05+00:00\" \/>\n<meta property=\"og:image\" content=\"https:\/\/www.prooptica.pt\/wp-content\/uploads\/2024\/12\/Capa-artigo-blog.jpg\" \/>\n\t<meta property=\"og:image:width\" content=\"852\" \/>\n\t<meta property=\"og:image:height\" content=\"514\" \/>\n\t<meta property=\"og:image:type\" content=\"image\/jpeg\" \/>\n<meta name=\"author\" content=\"admin\" \/>\n<meta name=\"twitter:card\" content=\"summary_large_image\" \/>\n<meta name=\"twitter:label1\" content=\"Escrito por\" \/>\n\t<meta name=\"twitter:data1\" content=\"admin\" \/>\n\t<meta name=\"twitter:label2\" content=\"Tiempo de lectura\" \/>\n\t<meta name=\"twitter:data2\" content=\"3 minutos\" \/>\n<script type=\"application\/ld+json\" class=\"yoast-schema-graph\">{\"@context\":\"https:\\\/\\\/schema.org\",\"@graph\":[{\"@type\":\"Article\",\"@id\":\"https:\\\/\\\/www.prooptica.pt\\\/a-importancia-da-decoracao-e-exposicao-de-montra\\\/#article\",\"isPartOf\":{\"@id\":\"https:\\\/\\\/www.prooptica.pt\\\/a-importancia-da-decoracao-e-exposicao-de-montra\\\/\"},\"author\":{\"name\":\"admin\",\"@id\":\"https:\\\/\\\/www.prooptica.pt\\\/home\\\/#\\\/schema\\\/person\\\/1cbd826a9322a3c38a052e43d1638306\"},\"headline\":\"A Import\u00e2ncia da Decora\u00e7\u00e3o e Exposi\u00e7\u00e3o de Montra\",\"datePublished\":\"2024-12-20T15:18:37+00:00\",\"dateModified\":\"2025-12-15T09:40:05+00:00\",\"mainEntityOfPage\":{\"@id\":\"https:\\\/\\\/www.prooptica.pt\\\/a-importancia-da-decoracao-e-exposicao-de-montra\\\/\"},\"wordCount\":516,\"image\":{\"@id\":\"https:\\\/\\\/www.prooptica.pt\\\/a-importancia-da-decoracao-e-exposicao-de-montra\\\/#primaryimage\"},\"thumbnailUrl\":\"https:\\\/\\\/www.prooptica.pt\\\/wp-content\\\/uploads\\\/2024\\\/12\\\/Capa-artigo-blog.jpg\",\"articleSection\":[\"Design + Arquitetura\",\"Insight\"],\"inLanguage\":\"es\"},{\"@type\":\"WebPage\",\"@id\":\"https:\\\/\\\/www.prooptica.pt\\\/a-importancia-da-decoracao-e-exposicao-de-montra\\\/\",\"url\":\"https:\\\/\\\/www.prooptica.pt\\\/a-importancia-da-decoracao-e-exposicao-de-montra\\\/\",\"name\":\"A Import\u00e2ncia da Decora\u00e7\u00e3o e Exposi\u00e7\u00e3o de Montra numa \u00d3tica\",\"isPartOf\":{\"@id\":\"https:\\\/\\\/www.prooptica.pt\\\/home\\\/#website\"},\"primaryImageOfPage\":{\"@id\":\"https:\\\/\\\/www.prooptica.pt\\\/a-importancia-da-decoracao-e-exposicao-de-montra\\\/#primaryimage\"},\"image\":{\"@id\":\"https:\\\/\\\/www.prooptica.pt\\\/a-importancia-da-decoracao-e-exposicao-de-montra\\\/#primaryimage\"},\"thumbnailUrl\":\"https:\\\/\\\/www.prooptica.pt\\\/wp-content\\\/uploads\\\/2024\\\/12\\\/Capa-artigo-blog.jpg\",\"datePublished\":\"2024-12-20T15:18:37+00:00\",\"dateModified\":\"2025-12-15T09:40:05+00:00\",\"author\":{\"@id\":\"https:\\\/\\\/www.prooptica.pt\\\/home\\\/#\\\/schema\\\/person\\\/1cbd826a9322a3c38a052e43d1638306\"},\"description\":\"Neste Natal, transforme a montra da sua loja de \u00f3tica numa verdadeira obra-prima que combine magia e estrat\u00e9gia.\",\"breadcrumb\":{\"@id\":\"https:\\\/\\\/www.prooptica.pt\\\/a-importancia-da-decoracao-e-exposicao-de-montra\\\/#breadcrumb\"},\"inLanguage\":\"es\",\"potentialAction\":[{\"@type\":\"ReadAction\",\"target\":[\"https:\\\/\\\/www.prooptica.pt\\\/a-importancia-da-decoracao-e-exposicao-de-montra\\\/\"]}]},{\"@type\":\"ImageObject\",\"inLanguage\":\"es\",\"@id\":\"https:\\\/\\\/www.prooptica.pt\\\/a-importancia-da-decoracao-e-exposicao-de-montra\\\/#primaryimage\",\"url\":\"https:\\\/\\\/www.prooptica.pt\\\/wp-content\\\/uploads\\\/2024\\\/12\\\/Capa-artigo-blog.jpg\",\"contentUrl\":\"https:\\\/\\\/www.prooptica.pt\\\/wp-content\\\/uploads\\\/2024\\\/12\\\/Capa-artigo-blog.jpg\",\"width\":852,\"height\":514},{\"@type\":\"BreadcrumbList\",\"@id\":\"https:\\\/\\\/www.prooptica.pt\\\/a-importancia-da-decoracao-e-exposicao-de-montra\\\/#breadcrumb\",\"itemListElement\":[{\"@type\":\"ListItem\",\"position\":1,\"name\":\"In\u00edcio\",\"item\":\"https:\\\/\\\/www.prooptica.pt\\\/\"},{\"@type\":\"ListItem\",\"position\":2,\"name\":\"A Import\u00e2ncia da Decora\u00e7\u00e3o e Exposi\u00e7\u00e3o de Montra\"}]},{\"@type\":\"WebSite\",\"@id\":\"https:\\\/\\\/www.prooptica.pt\\\/home\\\/#website\",\"url\":\"https:\\\/\\\/www.prooptica.pt\\\/home\\\/\",\"name\":\"Prooptica\",\"description\":\"Full Eyewear Concept\",\"potentialAction\":[{\"@type\":\"SearchAction\",\"target\":{\"@type\":\"EntryPoint\",\"urlTemplate\":\"https:\\\/\\\/www.prooptica.pt\\\/home\\\/?s={search_term_string}\"},\"query-input\":{\"@type\":\"PropertyValueSpecification\",\"valueRequired\":true,\"valueName\":\"search_term_string\"}}],\"inLanguage\":\"es\"},{\"@type\":\"Person\",\"@id\":\"https:\\\/\\\/www.prooptica.pt\\\/home\\\/#\\\/schema\\\/person\\\/1cbd826a9322a3c38a052e43d1638306\",\"name\":\"admin\",\"image\":{\"@type\":\"ImageObject\",\"inLanguage\":\"es\",\"@id\":\"https:\\\/\\\/secure.gravatar.com\\\/avatar\\\/528c714482569d81724b02603aa719344e9ad7c0b50becf07272b2086b2c1cfd?s=96&d=mm&r=g\",\"url\":\"https:\\\/\\\/secure.gravatar.com\\\/avatar\\\/528c714482569d81724b02603aa719344e9ad7c0b50becf07272b2086b2c1cfd?s=96&d=mm&r=g\",\"contentUrl\":\"https:\\\/\\\/secure.gravatar.com\\\/avatar\\\/528c714482569d81724b02603aa719344e9ad7c0b50becf07272b2086b2c1cfd?s=96&d=mm&r=g\",\"caption\":\"admin\"},\"url\":\"https:\\\/\\\/www.prooptica.pt\\\/es\\\/author\\\/admin\\\/\"}]}<\/script>\n<!-- \/ Yoast SEO plugin. -->","yoast_head_json":{"title":"La importancia de la decoraci\u00f3n y la exposici\u00f3n de escaparates en una \u00f3ptica","description":"Esta Navidad, convierte el escaparate de tu \u00f3ptica en una aut\u00e9ntica obra maestra que combina magia y estrategia.","robots":{"index":"index","follow":"follow","max-snippet":"max-snippet:-1","max-image-preview":"max-image-preview:large","max-video-preview":"max-video-preview:-1"},"canonical":"https:\/\/www.prooptica.pt\/es\/la-importancia-del-escaparatismo-y-la-exposicion\/","og_locale":"es_ES","og_type":"article","og_title":"A Import\u00e2ncia da Decora\u00e7\u00e3o e Exposi\u00e7\u00e3o de Montra numa \u00d3tica","og_description":"Neste Natal, transforme a montra da sua loja de \u00f3tica numa verdadeira obra-prima que combine magia e estrat\u00e9gia.","og_url":"https:\/\/www.prooptica.pt\/es\/la-importancia-del-escaparatismo-y-la-exposicion\/","og_site_name":"Prooptica","article_published_time":"2024-12-20T15:18:37+00:00","article_modified_time":"2025-12-15T09:40:05+00:00","og_image":[{"width":852,"height":514,"url":"https:\/\/www.prooptica.pt\/wp-content\/uploads\/2024\/12\/Capa-artigo-blog.jpg","type":"image\/jpeg"}],"author":"admin","twitter_card":"summary_large_image","twitter_misc":{"Escrito por":"admin","Tiempo de lectura":"3 minutos"},"schema":{"@context":"https:\/\/schema.org","@graph":[{"@type":"Article","@id":"https:\/\/www.prooptica.pt\/a-importancia-da-decoracao-e-exposicao-de-montra\/#article","isPartOf":{"@id":"https:\/\/www.prooptica.pt\/a-importancia-da-decoracao-e-exposicao-de-montra\/"},"author":{"name":"admin","@id":"https:\/\/www.prooptica.pt\/home\/#\/schema\/person\/1cbd826a9322a3c38a052e43d1638306"},"headline":"A Import\u00e2ncia da Decora\u00e7\u00e3o e Exposi\u00e7\u00e3o de Montra","datePublished":"2024-12-20T15:18:37+00:00","dateModified":"2025-12-15T09:40:05+00:00","mainEntityOfPage":{"@id":"https:\/\/www.prooptica.pt\/a-importancia-da-decoracao-e-exposicao-de-montra\/"},"wordCount":516,"image":{"@id":"https:\/\/www.prooptica.pt\/a-importancia-da-decoracao-e-exposicao-de-montra\/#primaryimage"},"thumbnailUrl":"https:\/\/www.prooptica.pt\/wp-content\/uploads\/2024\/12\/Capa-artigo-blog.jpg","articleSection":["Design + Arquitetura","Insight"],"inLanguage":"es"},{"@type":"WebPage","@id":"https:\/\/www.prooptica.pt\/a-importancia-da-decoracao-e-exposicao-de-montra\/","url":"https:\/\/www.prooptica.pt\/a-importancia-da-decoracao-e-exposicao-de-montra\/","name":"La importancia de la decoraci\u00f3n y la exposici\u00f3n de escaparates en una \u00f3ptica","isPartOf":{"@id":"https:\/\/www.prooptica.pt\/home\/#website"},"primaryImageOfPage":{"@id":"https:\/\/www.prooptica.pt\/a-importancia-da-decoracao-e-exposicao-de-montra\/#primaryimage"},"image":{"@id":"https:\/\/www.prooptica.pt\/a-importancia-da-decoracao-e-exposicao-de-montra\/#primaryimage"},"thumbnailUrl":"https:\/\/www.prooptica.pt\/wp-content\/uploads\/2024\/12\/Capa-artigo-blog.jpg","datePublished":"2024-12-20T15:18:37+00:00","dateModified":"2025-12-15T09:40:05+00:00","author":{"@id":"https:\/\/www.prooptica.pt\/home\/#\/schema\/person\/1cbd826a9322a3c38a052e43d1638306"},"description":"Esta Navidad, convierte el escaparate de tu \u00f3ptica en una aut\u00e9ntica obra maestra que combina magia y estrategia.","breadcrumb":{"@id":"https:\/\/www.prooptica.pt\/a-importancia-da-decoracao-e-exposicao-de-montra\/#breadcrumb"},"inLanguage":"es","potentialAction":[{"@type":"ReadAction","target":["https:\/\/www.prooptica.pt\/a-importancia-da-decoracao-e-exposicao-de-montra\/"]}]},{"@type":"ImageObject","inLanguage":"es","@id":"https:\/\/www.prooptica.pt\/a-importancia-da-decoracao-e-exposicao-de-montra\/#primaryimage","url":"https:\/\/www.prooptica.pt\/wp-content\/uploads\/2024\/12\/Capa-artigo-blog.jpg","contentUrl":"https:\/\/www.prooptica.pt\/wp-content\/uploads\/2024\/12\/Capa-artigo-blog.jpg","width":852,"height":514},{"@type":"BreadcrumbList","@id":"https:\/\/www.prooptica.pt\/a-importancia-da-decoracao-e-exposicao-de-montra\/#breadcrumb","itemListElement":[{"@type":"ListItem","position":1,"name":"In\u00edcio","item":"https:\/\/www.prooptica.pt\/"},{"@type":"ListItem","position":2,"name":"A Import\u00e2ncia da Decora\u00e7\u00e3o e Exposi\u00e7\u00e3o de Montra"}]},{"@type":"WebSite","@id":"https:\/\/www.prooptica.pt\/home\/#website","url":"https:\/\/www.prooptica.pt\/home\/","name":"Prooptica","description":"Concepto de gafas completas","potentialAction":[{"@type":"SearchAction","target":{"@type":"EntryPoint","urlTemplate":"https:\/\/www.prooptica.pt\/home\/?s={search_term_string}"},"query-input":{"@type":"PropertyValueSpecification","valueRequired":true,"valueName":"search_term_string"}}],"inLanguage":"es"},{"@type":"Person","@id":"https:\/\/www.prooptica.pt\/home\/#\/schema\/person\/1cbd826a9322a3c38a052e43d1638306","name":"admin","image":{"@type":"ImageObject","inLanguage":"es","@id":"https:\/\/secure.gravatar.com\/avatar\/528c714482569d81724b02603aa719344e9ad7c0b50becf07272b2086b2c1cfd?s=96&d=mm&r=g","url":"https:\/\/secure.gravatar.com\/avatar\/528c714482569d81724b02603aa719344e9ad7c0b50becf07272b2086b2c1cfd?s=96&d=mm&r=g","contentUrl":"https:\/\/secure.gravatar.com\/avatar\/528c714482569d81724b02603aa719344e9ad7c0b50becf07272b2086b2c1cfd?s=96&d=mm&r=g","caption":"admin"},"url":"https:\/\/www.prooptica.pt\/es\/author\/admin\/"}]}},"_links":{"self":[{"href":"https:\/\/www.prooptica.pt\/es\/wp-json\/wp\/v2\/posts\/21511","targetHints":{"allow":["GET"]}}],"collection":[{"href":"https:\/\/www.prooptica.pt\/es\/wp-json\/wp\/v2\/posts"}],"about":[{"href":"https:\/\/www.prooptica.pt\/es\/wp-json\/wp\/v2\/types\/post"}],"author":[{"embeddable":true,"href":"https:\/\/www.prooptica.pt\/es\/wp-json\/wp\/v2\/users\/2"}],"replies":[{"embeddable":true,"href":"https:\/\/www.prooptica.pt\/es\/wp-json\/wp\/v2\/comments?post=21511"}],"version-history":[{"count":2,"href":"https:\/\/www.prooptica.pt\/es\/wp-json\/wp\/v2\/posts\/21511\/revisions"}],"predecessor-version":[{"id":21514,"href":"https:\/\/www.prooptica.pt\/es\/wp-json\/wp\/v2\/posts\/21511\/revisions\/21514"}],"wp:featuredmedia":[{"embeddable":true,"href":"https:\/\/www.prooptica.pt\/es\/wp-json\/wp\/v2\/media\/24364"}],"wp:attachment":[{"href":"https:\/\/www.prooptica.pt\/es\/wp-json\/wp\/v2\/media?parent=21511"}],"wp:term":[{"taxonomy":"category","embeddable":true,"href":"https:\/\/www.prooptica.pt\/es\/wp-json\/wp\/v2\/categories?post=21511"},{"taxonomy":"post_tag","embeddable":true,"href":"https:\/\/www.prooptica.pt\/es\/wp-json\/wp\/v2\/tags?post=21511"}],"curies":[{"name":"wp","href":"https:\/\/api.w.org\/{rel}","templated":true}]}}