{"id":21530,"date":"2025-01-10T12:59:35","date_gmt":"2025-01-10T12:59:35","guid":{"rendered":"https:\/\/www.prooptica.pt\/?p=21530"},"modified":"2025-01-10T13:12:34","modified_gmt":"2025-01-10T13:12:34","slug":"somos-prooptica-avance-2025-2","status":"publish","type":"post","link":"https:\/\/www.prooptica.pt\/es\/somos-prooptica-preview-2025-2\/","title":{"rendered":"SOMOS PROOPTICA | AVANCE 2025"},"content":{"rendered":"<p><span data-teams=\"true\">Ya hemos entrado en 2025 y es hora de mirar al futuro, que se prev\u00e9 dif\u00edcil pero tambi\u00e9n prometedor. <\/span><\/p>\n<p><span data-teams=\"true\">Estamos deseando compartir algunas de las novedades que tendremos, as\u00ed que hemos preparado un breve v\u00eddeo para que se haga una idea de c\u00f3mo ser\u00e1 nuestro a\u00f1o y qu\u00e9 tenemos previsto hacer. <\/span><\/p>\n<p><span data-teams=\"true\">De una cosa estamos seguros: \u00a1ser\u00e1 otro a\u00f1o de crecimiento e innovaci\u00f3n conjuntos! Juntos afrontaremos los retos y celebraremos las victorias de 2025.<\/span><\/p>\n<p style=\"text-align: center;\"><a href=\"https:\/\/youtu.be\/yQ6mjsoUpAs\"><span style=\"color: #000000;\"><strong>V\u00eddeo 2025<\/strong><\/span><\/a><\/p>","protected":false},"excerpt":{"rendered":"<p>J\u00e1 entr\u00e1mos em 2025 e \u00e9 tempo de olhar para o futuro, que se espera desafiante mas tamb\u00e9m promissor. Estamos ansiosos por poder partilhar algumas das novidades que teremos, por isso prepar\u00e1mos um pequeno v\u00eddeo para dar a conhecer um pouco do que ser\u00e1 o nosso ano e do que nos propomos a fazer. Uma [&hellip;]<\/p>\n","protected":false},"author":2,"featured_media":21525,"comment_status":"closed","ping_status":"closed","sticky":false,"template":"","format":"standard","meta":{"footnotes":""},"categories":[195],"tags":[],"class_list":["post-21530","post","type-post","status-publish","format-standard","has-post-thumbnail","hentry","category-institucional"],"yoast_head":"<!-- This site is optimized with the Yoast SEO plugin v27.4 - https:\/\/yoast.com\/product\/yoast-seo-wordpress\/ -->\n<title>SOMOS PROOPTICA | REVIEW 2024<\/title>\n<meta name=\"description\" content=\"Uma certeza temos, ser\u00e1 mais um ano de crescimento e inova\u00e7\u00e3o conjunta! Juntos, enfrentaremos os desafios e celebraremos as vit\u00f3rias de 2025.\" \/>\n<meta name=\"robots\" content=\"index, follow, max-snippet:-1, max-image-preview:large, max-video-preview:-1\" \/>\n<link rel=\"canonical\" href=\"https:\/\/www.prooptica.pt\/es\/somos-prooptica-avance-2025-2\/\" \/>\n<meta property=\"og:locale\" content=\"es_ES\" \/>\n<meta property=\"og:type\" content=\"article\" \/>\n<meta property=\"og:title\" content=\"SOMOS PROOPTICA | REVIEW 2024\" \/>\n<meta property=\"og:description\" content=\"Uma certeza temos, ser\u00e1 mais um ano de crescimento e inova\u00e7\u00e3o conjunta! Juntos, enfrentaremos os desafios e celebraremos as vit\u00f3rias de 2025.\" \/>\n<meta property=\"og:url\" content=\"https:\/\/www.prooptica.pt\/es\/somos-prooptica-avance-2025-2\/\" \/>\n<meta property=\"og:site_name\" content=\"Prooptica\" \/>\n<meta property=\"article:published_time\" content=\"2025-01-10T12:59:35+00:00\" \/>\n<meta property=\"article:modified_time\" content=\"2025-01-10T13:12:34+00:00\" \/>\n<meta property=\"og:image\" content=\"https:\/\/www.prooptica.pt\/wp-content\/uploads\/2025\/01\/Preview-2025.jpg\" \/>\n\t<meta property=\"og:image:width\" content=\"852\" \/>\n\t<meta property=\"og:image:height\" content=\"514\" \/>\n\t<meta property=\"og:image:type\" content=\"image\/jpeg\" \/>\n<meta name=\"author\" content=\"admin\" \/>\n<meta name=\"twitter:card\" content=\"summary_large_image\" \/>\n<meta name=\"twitter:label1\" content=\"Escrito por\" \/>\n\t<meta name=\"twitter:data1\" content=\"admin\" \/>\n\t<meta name=\"twitter:label2\" content=\"Tiempo de lectura\" \/>\n\t<meta name=\"twitter:data2\" content=\"1 minuto\" \/>\n<script type=\"application\/ld+json\" class=\"yoast-schema-graph\">{\"@context\":\"https:\\\/\\\/schema.org\",\"@graph\":[{\"@type\":\"Article\",\"@id\":\"https:\\\/\\\/www.prooptica.pt\\\/somos-prooptica-preview-2025-2\\\/#article\",\"isPartOf\":{\"@id\":\"https:\\\/\\\/www.prooptica.pt\\\/somos-prooptica-preview-2025-2\\\/\"},\"author\":{\"name\":\"admin\",\"@id\":\"https:\\\/\\\/www.prooptica.pt\\\/home\\\/#\\\/schema\\\/person\\\/1cbd826a9322a3c38a052e43d1638306\"},\"headline\":\"SOMOS PROOPTICA | PREVIEW 2025\",\"datePublished\":\"2025-01-10T12:59:35+00:00\",\"dateModified\":\"2025-01-10T13:12:34+00:00\",\"mainEntityOfPage\":{\"@id\":\"https:\\\/\\\/www.prooptica.pt\\\/somos-prooptica-preview-2025-2\\\/\"},\"wordCount\":84,\"image\":{\"@id\":\"https:\\\/\\\/www.prooptica.pt\\\/somos-prooptica-preview-2025-2\\\/#primaryimage\"},\"thumbnailUrl\":\"https:\\\/\\\/www.prooptica.pt\\\/wp-content\\\/uploads\\\/2025\\\/01\\\/Preview-2025.jpg\",\"articleSection\":[\"Institucional\"],\"inLanguage\":\"es\"},{\"@type\":\"WebPage\",\"@id\":\"https:\\\/\\\/www.prooptica.pt\\\/somos-prooptica-preview-2025-2\\\/\",\"url\":\"https:\\\/\\\/www.prooptica.pt\\\/somos-prooptica-preview-2025-2\\\/\",\"name\":\"SOMOS PROOPTICA | REVIEW 2024\",\"isPartOf\":{\"@id\":\"https:\\\/\\\/www.prooptica.pt\\\/home\\\/#website\"},\"primaryImageOfPage\":{\"@id\":\"https:\\\/\\\/www.prooptica.pt\\\/somos-prooptica-preview-2025-2\\\/#primaryimage\"},\"image\":{\"@id\":\"https:\\\/\\\/www.prooptica.pt\\\/somos-prooptica-preview-2025-2\\\/#primaryimage\"},\"thumbnailUrl\":\"https:\\\/\\\/www.prooptica.pt\\\/wp-content\\\/uploads\\\/2025\\\/01\\\/Preview-2025.jpg\",\"datePublished\":\"2025-01-10T12:59:35+00:00\",\"dateModified\":\"2025-01-10T13:12:34+00:00\",\"author\":{\"@id\":\"https:\\\/\\\/www.prooptica.pt\\\/home\\\/#\\\/schema\\\/person\\\/1cbd826a9322a3c38a052e43d1638306\"},\"description\":\"Uma certeza temos, ser\u00e1 mais um ano de crescimento e inova\u00e7\u00e3o conjunta! Juntos, enfrentaremos os desafios e celebraremos as vit\u00f3rias de 2025.\",\"breadcrumb\":{\"@id\":\"https:\\\/\\\/www.prooptica.pt\\\/somos-prooptica-preview-2025-2\\\/#breadcrumb\"},\"inLanguage\":\"es\",\"potentialAction\":[{\"@type\":\"ReadAction\",\"target\":[\"https:\\\/\\\/www.prooptica.pt\\\/somos-prooptica-preview-2025-2\\\/\"]}]},{\"@type\":\"ImageObject\",\"inLanguage\":\"es\",\"@id\":\"https:\\\/\\\/www.prooptica.pt\\\/somos-prooptica-preview-2025-2\\\/#primaryimage\",\"url\":\"https:\\\/\\\/www.prooptica.pt\\\/wp-content\\\/uploads\\\/2025\\\/01\\\/Preview-2025.jpg\",\"contentUrl\":\"https:\\\/\\\/www.prooptica.pt\\\/wp-content\\\/uploads\\\/2025\\\/01\\\/Preview-2025.jpg\",\"width\":852,\"height\":514},{\"@type\":\"BreadcrumbList\",\"@id\":\"https:\\\/\\\/www.prooptica.pt\\\/somos-prooptica-preview-2025-2\\\/#breadcrumb\",\"itemListElement\":[{\"@type\":\"ListItem\",\"position\":1,\"name\":\"In\u00edcio\",\"item\":\"https:\\\/\\\/www.prooptica.pt\\\/\"},{\"@type\":\"ListItem\",\"position\":2,\"name\":\"SOMOS PROOPTICA | PREVIEW 2025\"}]},{\"@type\":\"WebSite\",\"@id\":\"https:\\\/\\\/www.prooptica.pt\\\/home\\\/#website\",\"url\":\"https:\\\/\\\/www.prooptica.pt\\\/home\\\/\",\"name\":\"Prooptica\",\"description\":\"Full Eyewear Concept\",\"potentialAction\":[{\"@type\":\"SearchAction\",\"target\":{\"@type\":\"EntryPoint\",\"urlTemplate\":\"https:\\\/\\\/www.prooptica.pt\\\/home\\\/?s={search_term_string}\"},\"query-input\":{\"@type\":\"PropertyValueSpecification\",\"valueRequired\":true,\"valueName\":\"search_term_string\"}}],\"inLanguage\":\"es\"},{\"@type\":\"Person\",\"@id\":\"https:\\\/\\\/www.prooptica.pt\\\/home\\\/#\\\/schema\\\/person\\\/1cbd826a9322a3c38a052e43d1638306\",\"name\":\"admin\",\"image\":{\"@type\":\"ImageObject\",\"inLanguage\":\"es\",\"@id\":\"https:\\\/\\\/secure.gravatar.com\\\/avatar\\\/528c714482569d81724b02603aa719344e9ad7c0b50becf07272b2086b2c1cfd?s=96&d=mm&r=g\",\"url\":\"https:\\\/\\\/secure.gravatar.com\\\/avatar\\\/528c714482569d81724b02603aa719344e9ad7c0b50becf07272b2086b2c1cfd?s=96&d=mm&r=g\",\"contentUrl\":\"https:\\\/\\\/secure.gravatar.com\\\/avatar\\\/528c714482569d81724b02603aa719344e9ad7c0b50becf07272b2086b2c1cfd?s=96&d=mm&r=g\",\"caption\":\"admin\"},\"url\":\"https:\\\/\\\/www.prooptica.pt\\\/es\\\/author\\\/admin\\\/\"}]}<\/script>\n<!-- \/ Yoast SEO plugin. -->","yoast_head_json":{"title":"SOMOS PROOPTICA | REVISI\u00d3N 2024","description":"De una cosa estamos seguros: \u00a1ser\u00e1 otro a\u00f1o de crecimiento e innovaci\u00f3n conjuntos! Juntos afrontaremos los retos y celebraremos las victorias de 2025.","robots":{"index":"index","follow":"follow","max-snippet":"max-snippet:-1","max-image-preview":"max-image-preview:large","max-video-preview":"max-video-preview:-1"},"canonical":"https:\/\/www.prooptica.pt\/es\/somos-prooptica-avance-2025-2\/","og_locale":"es_ES","og_type":"article","og_title":"SOMOS PROOPTICA | REVIEW 2024","og_description":"Uma certeza temos, ser\u00e1 mais um ano de crescimento e inova\u00e7\u00e3o conjunta! Juntos, enfrentaremos os desafios e celebraremos as vit\u00f3rias de 2025.","og_url":"https:\/\/www.prooptica.pt\/es\/somos-prooptica-avance-2025-2\/","og_site_name":"Prooptica","article_published_time":"2025-01-10T12:59:35+00:00","article_modified_time":"2025-01-10T13:12:34+00:00","og_image":[{"width":852,"height":514,"url":"https:\/\/www.prooptica.pt\/wp-content\/uploads\/2025\/01\/Preview-2025.jpg","type":"image\/jpeg"}],"author":"admin","twitter_card":"summary_large_image","twitter_misc":{"Escrito por":"admin","Tiempo de lectura":"1 minuto"},"schema":{"@context":"https:\/\/schema.org","@graph":[{"@type":"Article","@id":"https:\/\/www.prooptica.pt\/somos-prooptica-preview-2025-2\/#article","isPartOf":{"@id":"https:\/\/www.prooptica.pt\/somos-prooptica-preview-2025-2\/"},"author":{"name":"admin","@id":"https:\/\/www.prooptica.pt\/home\/#\/schema\/person\/1cbd826a9322a3c38a052e43d1638306"},"headline":"SOMOS PROOPTICA | PREVIEW 2025","datePublished":"2025-01-10T12:59:35+00:00","dateModified":"2025-01-10T13:12:34+00:00","mainEntityOfPage":{"@id":"https:\/\/www.prooptica.pt\/somos-prooptica-preview-2025-2\/"},"wordCount":84,"image":{"@id":"https:\/\/www.prooptica.pt\/somos-prooptica-preview-2025-2\/#primaryimage"},"thumbnailUrl":"https:\/\/www.prooptica.pt\/wp-content\/uploads\/2025\/01\/Preview-2025.jpg","articleSection":["Institucional"],"inLanguage":"es"},{"@type":"WebPage","@id":"https:\/\/www.prooptica.pt\/somos-prooptica-preview-2025-2\/","url":"https:\/\/www.prooptica.pt\/somos-prooptica-preview-2025-2\/","name":"SOMOS PROOPTICA | REVISI\u00d3N 2024","isPartOf":{"@id":"https:\/\/www.prooptica.pt\/home\/#website"},"primaryImageOfPage":{"@id":"https:\/\/www.prooptica.pt\/somos-prooptica-preview-2025-2\/#primaryimage"},"image":{"@id":"https:\/\/www.prooptica.pt\/somos-prooptica-preview-2025-2\/#primaryimage"},"thumbnailUrl":"https:\/\/www.prooptica.pt\/wp-content\/uploads\/2025\/01\/Preview-2025.jpg","datePublished":"2025-01-10T12:59:35+00:00","dateModified":"2025-01-10T13:12:34+00:00","author":{"@id":"https:\/\/www.prooptica.pt\/home\/#\/schema\/person\/1cbd826a9322a3c38a052e43d1638306"},"description":"De una cosa estamos seguros: \u00a1ser\u00e1 otro a\u00f1o de crecimiento e innovaci\u00f3n conjuntos! Juntos afrontaremos los retos y celebraremos las victorias de 2025.","breadcrumb":{"@id":"https:\/\/www.prooptica.pt\/somos-prooptica-preview-2025-2\/#breadcrumb"},"inLanguage":"es","potentialAction":[{"@type":"ReadAction","target":["https:\/\/www.prooptica.pt\/somos-prooptica-preview-2025-2\/"]}]},{"@type":"ImageObject","inLanguage":"es","@id":"https:\/\/www.prooptica.pt\/somos-prooptica-preview-2025-2\/#primaryimage","url":"https:\/\/www.prooptica.pt\/wp-content\/uploads\/2025\/01\/Preview-2025.jpg","contentUrl":"https:\/\/www.prooptica.pt\/wp-content\/uploads\/2025\/01\/Preview-2025.jpg","width":852,"height":514},{"@type":"BreadcrumbList","@id":"https:\/\/www.prooptica.pt\/somos-prooptica-preview-2025-2\/#breadcrumb","itemListElement":[{"@type":"ListItem","position":1,"name":"In\u00edcio","item":"https:\/\/www.prooptica.pt\/"},{"@type":"ListItem","position":2,"name":"SOMOS PROOPTICA | PREVIEW 2025"}]},{"@type":"WebSite","@id":"https:\/\/www.prooptica.pt\/home\/#website","url":"https:\/\/www.prooptica.pt\/home\/","name":"Prooptica","description":"Concepto de gafas completas","potentialAction":[{"@type":"SearchAction","target":{"@type":"EntryPoint","urlTemplate":"https:\/\/www.prooptica.pt\/home\/?s={search_term_string}"},"query-input":{"@type":"PropertyValueSpecification","valueRequired":true,"valueName":"search_term_string"}}],"inLanguage":"es"},{"@type":"Person","@id":"https:\/\/www.prooptica.pt\/home\/#\/schema\/person\/1cbd826a9322a3c38a052e43d1638306","name":"admin","image":{"@type":"ImageObject","inLanguage":"es","@id":"https:\/\/secure.gravatar.com\/avatar\/528c714482569d81724b02603aa719344e9ad7c0b50becf07272b2086b2c1cfd?s=96&d=mm&r=g","url":"https:\/\/secure.gravatar.com\/avatar\/528c714482569d81724b02603aa719344e9ad7c0b50becf07272b2086b2c1cfd?s=96&d=mm&r=g","contentUrl":"https:\/\/secure.gravatar.com\/avatar\/528c714482569d81724b02603aa719344e9ad7c0b50becf07272b2086b2c1cfd?s=96&d=mm&r=g","caption":"admin"},"url":"https:\/\/www.prooptica.pt\/es\/author\/admin\/"}]}},"_links":{"self":[{"href":"https:\/\/www.prooptica.pt\/es\/wp-json\/wp\/v2\/posts\/21530","targetHints":{"allow":["GET"]}}],"collection":[{"href":"https:\/\/www.prooptica.pt\/es\/wp-json\/wp\/v2\/posts"}],"about":[{"href":"https:\/\/www.prooptica.pt\/es\/wp-json\/wp\/v2\/types\/post"}],"author":[{"embeddable":true,"href":"https:\/\/www.prooptica.pt\/es\/wp-json\/wp\/v2\/users\/2"}],"replies":[{"embeddable":true,"href":"https:\/\/www.prooptica.pt\/es\/wp-json\/wp\/v2\/comments?post=21530"}],"version-history":[{"count":2,"href":"https:\/\/www.prooptica.pt\/es\/wp-json\/wp\/v2\/posts\/21530\/revisions"}],"predecessor-version":[{"id":21532,"href":"https:\/\/www.prooptica.pt\/es\/wp-json\/wp\/v2\/posts\/21530\/revisions\/21532"}],"wp:featuredmedia":[{"embeddable":true,"href":"https:\/\/www.prooptica.pt\/es\/wp-json\/wp\/v2\/media\/21525"}],"wp:attachment":[{"href":"https:\/\/www.prooptica.pt\/es\/wp-json\/wp\/v2\/media?parent=21530"}],"wp:term":[{"taxonomy":"category","embeddable":true,"href":"https:\/\/www.prooptica.pt\/es\/wp-json\/wp\/v2\/categories?post=21530"},{"taxonomy":"post_tag","embeddable":true,"href":"https:\/\/www.prooptica.pt\/es\/wp-json\/wp\/v2\/tags?post=21530"}],"curies":[{"name":"wp","href":"https:\/\/api.w.org\/{rel}","templated":true}]}}