{"id":21553,"date":"2025-01-24T10:05:13","date_gmt":"2025-01-24T10:05:13","guid":{"rendered":"https:\/\/www.prooptica.pt\/?p=21553"},"modified":"2025-01-24T10:05:13","modified_gmt":"2025-01-24T10:05:13","slug":"jornada-internacional-de-educacion-prooptica-en-colaboracion-con-la-academia-developgrow","status":"publish","type":"post","link":"https:\/\/www.prooptica.pt\/es\/dia-internacional-da-educacao-prooptica-em-parceria-com-a-developgrow-academy\/","title":{"rendered":"D\u00eda Internacional de la Educaci\u00f3n | Prooptica en asociaci\u00f3n con DevelopGrow Academy"},"content":{"rendered":"<p>El D\u00eda Internacional de la Educaci\u00f3n, que se celebra anualmente, es un momento para reflexionar sobre el papel crucial que desempe\u00f1a la educaci\u00f3n en el desarrollo personal y colectivo. Hace hincapi\u00e9 en la importancia de promover oportunidades de aprendizaje inclusivas y equitativas en todo el mundo.<\/p>\n<p>En Prooptica, reconocemos este d\u00eda no s\u00f3lo como una celebraci\u00f3n, sino como una llamada a la acci\u00f3n para reforzar nuestro compromiso con la educaci\u00f3n a trav\u00e9s de nuestro programa de formaci\u00f3n, creado en colaboraci\u00f3n con DevelopGrow Academy.<\/p>\n<h6><strong>La educaci\u00f3n como pilar del desarrollo<\/strong><\/h6>\n<p>La educaci\u00f3n es la base que permite prosperar a las sociedades, enriquece el entendimiento cultural, cataliza el desarrollo econ\u00f3mico y fomenta la innovaci\u00f3n. Es un derecho humano fundamental que deber\u00eda estar al alcance de todos, pero a\u00fan existen muchas barreras que impiden a millones de personas aprovechar estas oportunidades. Aqu\u00ed es donde iniciativas como la que Prooptica ha emprendido con la Develop Grow Academy pueden marcar la diferencia.<\/p>\n<h6><strong>Prooptica y DevelopGrow Academy: compromiso con el futuro<\/strong><\/h6>\n<p>Prooptica considera la educaci\u00f3n no s\u00f3lo como un deber, sino como parte integrante de su misi\u00f3n empresarial. A trav\u00e9s del programa de formaci\u00f3n creado en colaboraci\u00f3n con DevelopGrow Academy, crea programas de formaci\u00f3n y desarrollo continuos que no solo aumentan los conocimientos t\u00e9cnicos y las competencias profesionales en el sector de la \u00f3ptica, sino que tambi\u00e9n fomentan el crecimiento personal de los participantes.<\/p>\n<p>Los cursos est\u00e1n dise\u00f1ados para hacer frente a un mercado altamente competitivo y en constante cambio y est\u00e1n dirigidos a profesionales del sector que deseen mejorar su desempe\u00f1o y desarrollar nuevas habilidades, promoviendo la competitividad de las organizaciones que representan. Son impartidos por profesionales experimentados en las diferentes \u00e1reas de actividad, con profundos conocimientos de gesti\u00f3n.<\/p>\n<h6><strong>Conclusi\u00f3n<\/strong><\/h6>\n<p>La educaci\u00f3n es un viaje continuo de descubrimiento e innovaci\u00f3n. En Prooptica, estamos orgullosos de contribuir a esta evoluci\u00f3n a trav\u00e9s de nuestra asociaci\u00f3n con DevelopGrow Academy, reafirmando nuestro compromiso no solo en el D\u00eda Internacional de la Educaci\u00f3n, sino todos los d\u00edas.<\/p>","protected":false},"excerpt":{"rendered":"<p>O Dia Internacional da Educa\u00e7\u00e3o, celebrado anualmente, \u00e9 um momento de reflex\u00e3o sobre o papel crucial que a educa\u00e7\u00e3o desempenha no desenvolvimento pessoal e coletivo. Esta data destaca a import\u00e2ncia de promover oportunidades de aprendizagem inclusivas e equitativas em todo o mundo. Na Prooptica, reconhecemos este dia n\u00e3o apenas como uma celebra\u00e7\u00e3o, mas como um [&hellip;]<\/p>\n","protected":false},"author":2,"featured_media":21554,"comment_status":"closed","ping_status":"closed","sticky":false,"template":"","format":"standard","meta":{"footnotes":""},"categories":[238,195],"tags":[],"class_list":["post-21553","post","type-post","status-publish","format-standard","has-post-thumbnail","hentry","category-insight","category-institucional"],"yoast_head":"<!-- This site is optimized with the Yoast SEO plugin v27.4 - https:\/\/yoast.com\/product\/yoast-seo-wordpress\/ -->\n<title>Dia Internacional da Educa\u00e7\u00e3o<\/title>\n<meta name=\"description\" content=\"A Prooptica n\u00e3o v\u00ea a educa\u00e7\u00e3o apenas como um dever, mas como uma parte integrante da sua miss\u00e3o corporativa.\" \/>\n<meta name=\"robots\" content=\"index, follow, max-snippet:-1, max-image-preview:large, max-video-preview:-1\" \/>\n<link rel=\"canonical\" href=\"https:\/\/www.prooptica.pt\/es\/jornada-internacional-de-educacion-prooptica-en-colaboracion-con-la-academia-developgrow\/\" \/>\n<meta property=\"og:locale\" content=\"es_ES\" \/>\n<meta property=\"og:type\" content=\"article\" \/>\n<meta property=\"og:title\" content=\"Dia Internacional da Educa\u00e7\u00e3o\" \/>\n<meta property=\"og:description\" content=\"A Prooptica n\u00e3o v\u00ea a educa\u00e7\u00e3o apenas como um dever, mas como uma parte integrante da sua miss\u00e3o corporativa.\" \/>\n<meta property=\"og:url\" content=\"https:\/\/www.prooptica.pt\/es\/jornada-internacional-de-educacion-prooptica-en-colaboracion-con-la-academia-developgrow\/\" \/>\n<meta property=\"og:site_name\" content=\"Prooptica\" \/>\n<meta property=\"article:published_time\" content=\"2025-01-24T10:05:13+00:00\" \/>\n<meta property=\"og:image\" content=\"https:\/\/www.prooptica.pt\/wp-content\/uploads\/2025\/01\/Capa-artigo-blog.jpg\" \/>\n\t<meta property=\"og:image:width\" content=\"852\" \/>\n\t<meta property=\"og:image:height\" content=\"514\" \/>\n\t<meta property=\"og:image:type\" content=\"image\/jpeg\" \/>\n<meta name=\"author\" content=\"admin\" \/>\n<meta name=\"twitter:card\" content=\"summary_large_image\" \/>\n<meta name=\"twitter:label1\" content=\"Escrito por\" \/>\n\t<meta name=\"twitter:data1\" content=\"admin\" \/>\n\t<meta name=\"twitter:label2\" content=\"Tiempo de lectura\" \/>\n\t<meta name=\"twitter:data2\" content=\"2 minutos\" \/>\n<script type=\"application\/ld+json\" class=\"yoast-schema-graph\">{\"@context\":\"https:\\\/\\\/schema.org\",\"@graph\":[{\"@type\":\"Article\",\"@id\":\"https:\\\/\\\/www.prooptica.pt\\\/dia-internacional-da-educacao-prooptica-em-parceria-com-a-developgrow-academy\\\/#article\",\"isPartOf\":{\"@id\":\"https:\\\/\\\/www.prooptica.pt\\\/dia-internacional-da-educacao-prooptica-em-parceria-com-a-developgrow-academy\\\/\"},\"author\":{\"name\":\"admin\",\"@id\":\"https:\\\/\\\/www.prooptica.pt\\\/home\\\/#\\\/schema\\\/person\\\/1cbd826a9322a3c38a052e43d1638306\"},\"headline\":\"Dia Internacional da Educa\u00e7\u00e3o | Prooptica em Parceria com a DevelopGrow Academy\",\"datePublished\":\"2025-01-24T10:05:13+00:00\",\"mainEntityOfPage\":{\"@id\":\"https:\\\/\\\/www.prooptica.pt\\\/dia-internacional-da-educacao-prooptica-em-parceria-com-a-developgrow-academy\\\/\"},\"wordCount\":369,\"image\":{\"@id\":\"https:\\\/\\\/www.prooptica.pt\\\/dia-internacional-da-educacao-prooptica-em-parceria-com-a-developgrow-academy\\\/#primaryimage\"},\"thumbnailUrl\":\"https:\\\/\\\/www.prooptica.pt\\\/wp-content\\\/uploads\\\/2025\\\/01\\\/Capa-artigo-blog.jpg\",\"articleSection\":[\"Insight\",\"Institucional\"],\"inLanguage\":\"es\"},{\"@type\":\"WebPage\",\"@id\":\"https:\\\/\\\/www.prooptica.pt\\\/dia-internacional-da-educacao-prooptica-em-parceria-com-a-developgrow-academy\\\/\",\"url\":\"https:\\\/\\\/www.prooptica.pt\\\/dia-internacional-da-educacao-prooptica-em-parceria-com-a-developgrow-academy\\\/\",\"name\":\"Dia Internacional da Educa\u00e7\u00e3o\",\"isPartOf\":{\"@id\":\"https:\\\/\\\/www.prooptica.pt\\\/home\\\/#website\"},\"primaryImageOfPage\":{\"@id\":\"https:\\\/\\\/www.prooptica.pt\\\/dia-internacional-da-educacao-prooptica-em-parceria-com-a-developgrow-academy\\\/#primaryimage\"},\"image\":{\"@id\":\"https:\\\/\\\/www.prooptica.pt\\\/dia-internacional-da-educacao-prooptica-em-parceria-com-a-developgrow-academy\\\/#primaryimage\"},\"thumbnailUrl\":\"https:\\\/\\\/www.prooptica.pt\\\/wp-content\\\/uploads\\\/2025\\\/01\\\/Capa-artigo-blog.jpg\",\"datePublished\":\"2025-01-24T10:05:13+00:00\",\"author\":{\"@id\":\"https:\\\/\\\/www.prooptica.pt\\\/home\\\/#\\\/schema\\\/person\\\/1cbd826a9322a3c38a052e43d1638306\"},\"description\":\"A Prooptica n\u00e3o v\u00ea a educa\u00e7\u00e3o apenas como um dever, mas como uma parte integrante da sua miss\u00e3o corporativa.\",\"breadcrumb\":{\"@id\":\"https:\\\/\\\/www.prooptica.pt\\\/dia-internacional-da-educacao-prooptica-em-parceria-com-a-developgrow-academy\\\/#breadcrumb\"},\"inLanguage\":\"es\",\"potentialAction\":[{\"@type\":\"ReadAction\",\"target\":[\"https:\\\/\\\/www.prooptica.pt\\\/dia-internacional-da-educacao-prooptica-em-parceria-com-a-developgrow-academy\\\/\"]}]},{\"@type\":\"ImageObject\",\"inLanguage\":\"es\",\"@id\":\"https:\\\/\\\/www.prooptica.pt\\\/dia-internacional-da-educacao-prooptica-em-parceria-com-a-developgrow-academy\\\/#primaryimage\",\"url\":\"https:\\\/\\\/www.prooptica.pt\\\/wp-content\\\/uploads\\\/2025\\\/01\\\/Capa-artigo-blog.jpg\",\"contentUrl\":\"https:\\\/\\\/www.prooptica.pt\\\/wp-content\\\/uploads\\\/2025\\\/01\\\/Capa-artigo-blog.jpg\",\"width\":852,\"height\":514},{\"@type\":\"BreadcrumbList\",\"@id\":\"https:\\\/\\\/www.prooptica.pt\\\/dia-internacional-da-educacao-prooptica-em-parceria-com-a-developgrow-academy\\\/#breadcrumb\",\"itemListElement\":[{\"@type\":\"ListItem\",\"position\":1,\"name\":\"In\u00edcio\",\"item\":\"https:\\\/\\\/www.prooptica.pt\\\/\"},{\"@type\":\"ListItem\",\"position\":2,\"name\":\"Dia Internacional da Educa\u00e7\u00e3o | Prooptica em Parceria com a DevelopGrow Academy\"}]},{\"@type\":\"WebSite\",\"@id\":\"https:\\\/\\\/www.prooptica.pt\\\/home\\\/#website\",\"url\":\"https:\\\/\\\/www.prooptica.pt\\\/home\\\/\",\"name\":\"Prooptica\",\"description\":\"Full Eyewear Concept\",\"potentialAction\":[{\"@type\":\"SearchAction\",\"target\":{\"@type\":\"EntryPoint\",\"urlTemplate\":\"https:\\\/\\\/www.prooptica.pt\\\/home\\\/?s={search_term_string}\"},\"query-input\":{\"@type\":\"PropertyValueSpecification\",\"valueRequired\":true,\"valueName\":\"search_term_string\"}}],\"inLanguage\":\"es\"},{\"@type\":\"Person\",\"@id\":\"https:\\\/\\\/www.prooptica.pt\\\/home\\\/#\\\/schema\\\/person\\\/1cbd826a9322a3c38a052e43d1638306\",\"name\":\"admin\",\"image\":{\"@type\":\"ImageObject\",\"inLanguage\":\"es\",\"@id\":\"https:\\\/\\\/secure.gravatar.com\\\/avatar\\\/528c714482569d81724b02603aa719344e9ad7c0b50becf07272b2086b2c1cfd?s=96&d=mm&r=g\",\"url\":\"https:\\\/\\\/secure.gravatar.com\\\/avatar\\\/528c714482569d81724b02603aa719344e9ad7c0b50becf07272b2086b2c1cfd?s=96&d=mm&r=g\",\"contentUrl\":\"https:\\\/\\\/secure.gravatar.com\\\/avatar\\\/528c714482569d81724b02603aa719344e9ad7c0b50becf07272b2086b2c1cfd?s=96&d=mm&r=g\",\"caption\":\"admin\"},\"url\":\"https:\\\/\\\/www.prooptica.pt\\\/es\\\/author\\\/admin\\\/\"}]}<\/script>\n<!-- \/ Yoast SEO plugin. -->","yoast_head_json":{"title":"D\u00eda Internacional de la Educaci\u00f3n","description":"Prooptica considera la educaci\u00f3n no s\u00f3lo como un deber, sino como parte integrante de su misi\u00f3n empresarial.","robots":{"index":"index","follow":"follow","max-snippet":"max-snippet:-1","max-image-preview":"max-image-preview:large","max-video-preview":"max-video-preview:-1"},"canonical":"https:\/\/www.prooptica.pt\/es\/jornada-internacional-de-educacion-prooptica-en-colaboracion-con-la-academia-developgrow\/","og_locale":"es_ES","og_type":"article","og_title":"Dia Internacional da Educa\u00e7\u00e3o","og_description":"A Prooptica n\u00e3o v\u00ea a educa\u00e7\u00e3o apenas como um dever, mas como uma parte integrante da sua miss\u00e3o corporativa.","og_url":"https:\/\/www.prooptica.pt\/es\/jornada-internacional-de-educacion-prooptica-en-colaboracion-con-la-academia-developgrow\/","og_site_name":"Prooptica","article_published_time":"2025-01-24T10:05:13+00:00","og_image":[{"width":852,"height":514,"url":"https:\/\/www.prooptica.pt\/wp-content\/uploads\/2025\/01\/Capa-artigo-blog.jpg","type":"image\/jpeg"}],"author":"admin","twitter_card":"summary_large_image","twitter_misc":{"Escrito por":"admin","Tiempo de lectura":"2 minutos"},"schema":{"@context":"https:\/\/schema.org","@graph":[{"@type":"Article","@id":"https:\/\/www.prooptica.pt\/dia-internacional-da-educacao-prooptica-em-parceria-com-a-developgrow-academy\/#article","isPartOf":{"@id":"https:\/\/www.prooptica.pt\/dia-internacional-da-educacao-prooptica-em-parceria-com-a-developgrow-academy\/"},"author":{"name":"admin","@id":"https:\/\/www.prooptica.pt\/home\/#\/schema\/person\/1cbd826a9322a3c38a052e43d1638306"},"headline":"Dia Internacional da Educa\u00e7\u00e3o | Prooptica em Parceria com a DevelopGrow Academy","datePublished":"2025-01-24T10:05:13+00:00","mainEntityOfPage":{"@id":"https:\/\/www.prooptica.pt\/dia-internacional-da-educacao-prooptica-em-parceria-com-a-developgrow-academy\/"},"wordCount":369,"image":{"@id":"https:\/\/www.prooptica.pt\/dia-internacional-da-educacao-prooptica-em-parceria-com-a-developgrow-academy\/#primaryimage"},"thumbnailUrl":"https:\/\/www.prooptica.pt\/wp-content\/uploads\/2025\/01\/Capa-artigo-blog.jpg","articleSection":["Insight","Institucional"],"inLanguage":"es"},{"@type":"WebPage","@id":"https:\/\/www.prooptica.pt\/dia-internacional-da-educacao-prooptica-em-parceria-com-a-developgrow-academy\/","url":"https:\/\/www.prooptica.pt\/dia-internacional-da-educacao-prooptica-em-parceria-com-a-developgrow-academy\/","name":"D\u00eda Internacional de la Educaci\u00f3n","isPartOf":{"@id":"https:\/\/www.prooptica.pt\/home\/#website"},"primaryImageOfPage":{"@id":"https:\/\/www.prooptica.pt\/dia-internacional-da-educacao-prooptica-em-parceria-com-a-developgrow-academy\/#primaryimage"},"image":{"@id":"https:\/\/www.prooptica.pt\/dia-internacional-da-educacao-prooptica-em-parceria-com-a-developgrow-academy\/#primaryimage"},"thumbnailUrl":"https:\/\/www.prooptica.pt\/wp-content\/uploads\/2025\/01\/Capa-artigo-blog.jpg","datePublished":"2025-01-24T10:05:13+00:00","author":{"@id":"https:\/\/www.prooptica.pt\/home\/#\/schema\/person\/1cbd826a9322a3c38a052e43d1638306"},"description":"Prooptica considera la educaci\u00f3n no s\u00f3lo como un deber, sino como parte integrante de su misi\u00f3n empresarial.","breadcrumb":{"@id":"https:\/\/www.prooptica.pt\/dia-internacional-da-educacao-prooptica-em-parceria-com-a-developgrow-academy\/#breadcrumb"},"inLanguage":"es","potentialAction":[{"@type":"ReadAction","target":["https:\/\/www.prooptica.pt\/dia-internacional-da-educacao-prooptica-em-parceria-com-a-developgrow-academy\/"]}]},{"@type":"ImageObject","inLanguage":"es","@id":"https:\/\/www.prooptica.pt\/dia-internacional-da-educacao-prooptica-em-parceria-com-a-developgrow-academy\/#primaryimage","url":"https:\/\/www.prooptica.pt\/wp-content\/uploads\/2025\/01\/Capa-artigo-blog.jpg","contentUrl":"https:\/\/www.prooptica.pt\/wp-content\/uploads\/2025\/01\/Capa-artigo-blog.jpg","width":852,"height":514},{"@type":"BreadcrumbList","@id":"https:\/\/www.prooptica.pt\/dia-internacional-da-educacao-prooptica-em-parceria-com-a-developgrow-academy\/#breadcrumb","itemListElement":[{"@type":"ListItem","position":1,"name":"In\u00edcio","item":"https:\/\/www.prooptica.pt\/"},{"@type":"ListItem","position":2,"name":"Dia Internacional da Educa\u00e7\u00e3o | Prooptica em Parceria com a DevelopGrow Academy"}]},{"@type":"WebSite","@id":"https:\/\/www.prooptica.pt\/home\/#website","url":"https:\/\/www.prooptica.pt\/home\/","name":"Prooptica","description":"Concepto de gafas completas","potentialAction":[{"@type":"SearchAction","target":{"@type":"EntryPoint","urlTemplate":"https:\/\/www.prooptica.pt\/home\/?s={search_term_string}"},"query-input":{"@type":"PropertyValueSpecification","valueRequired":true,"valueName":"search_term_string"}}],"inLanguage":"es"},{"@type":"Person","@id":"https:\/\/www.prooptica.pt\/home\/#\/schema\/person\/1cbd826a9322a3c38a052e43d1638306","name":"admin","image":{"@type":"ImageObject","inLanguage":"es","@id":"https:\/\/secure.gravatar.com\/avatar\/528c714482569d81724b02603aa719344e9ad7c0b50becf07272b2086b2c1cfd?s=96&d=mm&r=g","url":"https:\/\/secure.gravatar.com\/avatar\/528c714482569d81724b02603aa719344e9ad7c0b50becf07272b2086b2c1cfd?s=96&d=mm&r=g","contentUrl":"https:\/\/secure.gravatar.com\/avatar\/528c714482569d81724b02603aa719344e9ad7c0b50becf07272b2086b2c1cfd?s=96&d=mm&r=g","caption":"admin"},"url":"https:\/\/www.prooptica.pt\/es\/author\/admin\/"}]}},"_links":{"self":[{"href":"https:\/\/www.prooptica.pt\/es\/wp-json\/wp\/v2\/posts\/21553","targetHints":{"allow":["GET"]}}],"collection":[{"href":"https:\/\/www.prooptica.pt\/es\/wp-json\/wp\/v2\/posts"}],"about":[{"href":"https:\/\/www.prooptica.pt\/es\/wp-json\/wp\/v2\/types\/post"}],"author":[{"embeddable":true,"href":"https:\/\/www.prooptica.pt\/es\/wp-json\/wp\/v2\/users\/2"}],"replies":[{"embeddable":true,"href":"https:\/\/www.prooptica.pt\/es\/wp-json\/wp\/v2\/comments?post=21553"}],"version-history":[{"count":1,"href":"https:\/\/www.prooptica.pt\/es\/wp-json\/wp\/v2\/posts\/21553\/revisions"}],"predecessor-version":[{"id":21555,"href":"https:\/\/www.prooptica.pt\/es\/wp-json\/wp\/v2\/posts\/21553\/revisions\/21555"}],"wp:featuredmedia":[{"embeddable":true,"href":"https:\/\/www.prooptica.pt\/es\/wp-json\/wp\/v2\/media\/21554"}],"wp:attachment":[{"href":"https:\/\/www.prooptica.pt\/es\/wp-json\/wp\/v2\/media?parent=21553"}],"wp:term":[{"taxonomy":"category","embeddable":true,"href":"https:\/\/www.prooptica.pt\/es\/wp-json\/wp\/v2\/categories?post=21553"},{"taxonomy":"post_tag","embeddable":true,"href":"https:\/\/www.prooptica.pt\/es\/wp-json\/wp\/v2\/tags?post=21553"}],"curies":[{"name":"wp","href":"https:\/\/api.w.org\/{rel}","templated":true}]}}