{"id":21558,"date":"2025-01-24T10:23:15","date_gmt":"2025-01-24T10:23:15","guid":{"rendered":"https:\/\/www.prooptica.pt\/?p=21558"},"modified":"2025-01-30T13:35:26","modified_gmt":"2025-01-30T13:35:26","slug":"dia-mundial-de-la-educacion-ambiental-2","status":"publish","type":"post","link":"https:\/\/www.prooptica.pt\/es\/dia-mundial-da-educacao-ambiental\/","title":{"rendered":"D\u00eda Mundial de la Educaci\u00f3n Ambiental | Prooptica y el Compromiso ESG"},"content":{"rendered":"<p>El D\u00eda Mundial de la Educaci\u00f3n Ambiental se celebra en todo el mundo con el objetivo de fomentar la concienciaci\u00f3n medioambiental y promover acciones que contribuyan a la sostenibilidad de nuestro planeta. En este d\u00eda, se refuerza la necesidad de integrar los principios medioambientales en las pr\u00e1cticas cotidianas, tanto a nivel individual como corporativo. Prooptica, comprometida con los valores ESG (Environmental, Social, and Governance), ve en esta fecha una oportunidad esencial para reafirmar su compromiso con el medio ambiente.<\/p>\n<h6><strong>Educaci\u00f3n medioambiental: piedra angular de la sostenibilidad<\/strong><\/h6>\n<p>La educaci\u00f3n ambiental es m\u00e1s que una herramienta de concienciaci\u00f3n: es la base del desarrollo sostenible. Dota a las personas y a las comunidades de los conocimientos y habilidades necesarios para tomar decisiones responsables y ecoeficientes. Al comprender mejor el impacto medioambiental de nuestras acciones, podemos elegir caminos que minimicen el da\u00f1o al medio ambiente y garanticen la preservaci\u00f3n de los recursos para las generaciones futuras.<\/p>\n<h6><strong>Prooptica y el compromiso ESG<\/strong><\/h6>\n<p>En Prooptica, el compromiso con el medio ambiente es uno de los pilares de nuestra pol\u00edtica ESG. Creemos que las pr\u00e1cticas empresariales responsables no solo contribuyen al bienestar medioambiental, sino que tambi\u00e9n refuerzan nuestra relaci\u00f3n con los clientes, los socios y la comunidad en general.<\/p>\n<p>Para reforzar este compromiso con los objetivos de desarrollo sostenible, hemos implantado medidas adicionales en diversas \u00e1reas. Hemos introducido medidas relacionadas con el medio ambiente en la cartera de productos, el tratamiento de residuos y las energ\u00edas renovables; medidas sociales en las pol\u00edticas de contrataci\u00f3n, inclusi\u00f3n y solidaridad; hemos introducido medidas relacionadas con los valores \u00e9ticos y la transparencia.<\/p>\n<h6><strong>Conclusi\u00f3n<\/strong><\/h6>\n<p>Estas medidas forman parte de un compromiso continuo para mejorar y adaptar nuestras pr\u00e1cticas empresariales con el fin de realizar una contribuci\u00f3n positiva a la sociedad y al planeta. En Prooptica, entendemos que el verdadero compromiso con los principios ESG requiere un enfoque proactivo y un esfuerzo continuo. Las pr\u00e1cticas empresariales responsables pueden y deben ser sin\u00f3nimo de \u00e9xito empresarial.<\/p>","protected":false},"excerpt":{"rendered":"<p>O Dia Mundial da Educa\u00e7\u00e3o Ambiental \u00e9 celebrado globalmente com o objetivo de fomentar a consci\u00eancia ambiental e promover a\u00e7\u00f5es que contribuam para a sustentabilidade do nosso planeta. Neste dia, refor\u00e7amos a necessidade de integrar princ\u00edpios ambientais nas pr\u00e1ticas di\u00e1rias, tanto a n\u00edvel individual como corporativo. A Prooptica, comprometida com os valores ESG (Environmental, Social, [&hellip;]<\/p>\n","protected":false},"author":2,"featured_media":21559,"comment_status":"closed","ping_status":"closed","sticky":false,"template":"","format":"standard","meta":{"footnotes":""},"categories":[238,195],"tags":[],"class_list":["post-21558","post","type-post","status-publish","format-standard","has-post-thumbnail","hentry","category-insight","category-institucional"],"yoast_head":"<!-- This site is optimized with the Yoast SEO plugin v27.5 - https:\/\/yoast.com\/product\/yoast-seo-wordpress\/ -->\n<title>Dia Mundial da Educa\u00e7\u00e3o Ambiental<\/title>\n<meta name=\"description\" content=\"Na Prooptica, entendemos que o verdadeiro compromisso com os princ\u00edpios ESG exige uma abordagem proativa e um esfor\u00e7o cont\u00ednuo.\" \/>\n<meta name=\"robots\" content=\"index, follow, max-snippet:-1, max-image-preview:large, max-video-preview:-1\" \/>\n<link rel=\"canonical\" href=\"https:\/\/www.prooptica.pt\/es\/dia-mundial-de-la-educacion-ambiental-2\/\" \/>\n<meta property=\"og:locale\" content=\"es_ES\" \/>\n<meta property=\"og:type\" content=\"article\" \/>\n<meta property=\"og:title\" content=\"Dia Mundial da Educa\u00e7\u00e3o Ambiental\" \/>\n<meta property=\"og:description\" content=\"Na Prooptica, entendemos que o verdadeiro compromisso com os princ\u00edpios ESG exige uma abordagem proativa e um esfor\u00e7o cont\u00ednuo.\" \/>\n<meta property=\"og:url\" content=\"https:\/\/www.prooptica.pt\/es\/dia-mundial-de-la-educacion-ambiental-2\/\" \/>\n<meta property=\"og:site_name\" content=\"Prooptica\" \/>\n<meta property=\"article:published_time\" content=\"2025-01-24T10:23:15+00:00\" \/>\n<meta property=\"article:modified_time\" content=\"2025-01-30T13:35:26+00:00\" \/>\n<meta property=\"og:image\" content=\"https:\/\/www.prooptica.pt\/wp-content\/uploads\/2025\/01\/Capa-artigo-blog-1.jpg\" \/>\n\t<meta property=\"og:image:width\" content=\"852\" \/>\n\t<meta property=\"og:image:height\" content=\"514\" \/>\n\t<meta property=\"og:image:type\" content=\"image\/jpeg\" \/>\n<meta name=\"author\" content=\"admin\" \/>\n<meta name=\"twitter:card\" content=\"summary_large_image\" \/>\n<meta name=\"twitter:label1\" content=\"Escrito por\" \/>\n\t<meta name=\"twitter:data1\" content=\"admin\" \/>\n\t<meta name=\"twitter:label2\" content=\"Tiempo de lectura\" \/>\n\t<meta name=\"twitter:data2\" content=\"2 minutos\" \/>\n<script type=\"application\/ld+json\" class=\"yoast-schema-graph\">{\"@context\":\"https:\\\/\\\/schema.org\",\"@graph\":[{\"@type\":\"Article\",\"@id\":\"https:\\\/\\\/www.prooptica.pt\\\/dia-mundial-da-educacao-ambiental\\\/#article\",\"isPartOf\":{\"@id\":\"https:\\\/\\\/www.prooptica.pt\\\/dia-mundial-da-educacao-ambiental\\\/\"},\"author\":{\"name\":\"admin\",\"@id\":\"https:\\\/\\\/www.prooptica.pt\\\/home\\\/#\\\/schema\\\/person\\\/1cbd826a9322a3c38a052e43d1638306\"},\"headline\":\"Dia Mundial da Educa\u00e7\u00e3o Ambiental | Prooptica e o Compromisso ESG\",\"datePublished\":\"2025-01-24T10:23:15+00:00\",\"dateModified\":\"2025-01-30T13:35:26+00:00\",\"mainEntityOfPage\":{\"@id\":\"https:\\\/\\\/www.prooptica.pt\\\/dia-mundial-da-educacao-ambiental\\\/\"},\"wordCount\":354,\"image\":{\"@id\":\"https:\\\/\\\/www.prooptica.pt\\\/dia-mundial-da-educacao-ambiental\\\/#primaryimage\"},\"thumbnailUrl\":\"https:\\\/\\\/www.prooptica.pt\\\/wp-content\\\/uploads\\\/2025\\\/01\\\/Capa-artigo-blog-1.jpg\",\"articleSection\":[\"Insight\",\"Institucional\"],\"inLanguage\":\"es\"},{\"@type\":\"WebPage\",\"@id\":\"https:\\\/\\\/www.prooptica.pt\\\/dia-mundial-da-educacao-ambiental\\\/\",\"url\":\"https:\\\/\\\/www.prooptica.pt\\\/dia-mundial-da-educacao-ambiental\\\/\",\"name\":\"Dia Mundial da Educa\u00e7\u00e3o Ambiental\",\"isPartOf\":{\"@id\":\"https:\\\/\\\/www.prooptica.pt\\\/home\\\/#website\"},\"primaryImageOfPage\":{\"@id\":\"https:\\\/\\\/www.prooptica.pt\\\/dia-mundial-da-educacao-ambiental\\\/#primaryimage\"},\"image\":{\"@id\":\"https:\\\/\\\/www.prooptica.pt\\\/dia-mundial-da-educacao-ambiental\\\/#primaryimage\"},\"thumbnailUrl\":\"https:\\\/\\\/www.prooptica.pt\\\/wp-content\\\/uploads\\\/2025\\\/01\\\/Capa-artigo-blog-1.jpg\",\"datePublished\":\"2025-01-24T10:23:15+00:00\",\"dateModified\":\"2025-01-30T13:35:26+00:00\",\"author\":{\"@id\":\"https:\\\/\\\/www.prooptica.pt\\\/home\\\/#\\\/schema\\\/person\\\/1cbd826a9322a3c38a052e43d1638306\"},\"description\":\"Na Prooptica, entendemos que o verdadeiro compromisso com os princ\u00edpios ESG exige uma abordagem proativa e um esfor\u00e7o cont\u00ednuo.\",\"breadcrumb\":{\"@id\":\"https:\\\/\\\/www.prooptica.pt\\\/dia-mundial-da-educacao-ambiental\\\/#breadcrumb\"},\"inLanguage\":\"es\",\"potentialAction\":[{\"@type\":\"ReadAction\",\"target\":[\"https:\\\/\\\/www.prooptica.pt\\\/dia-mundial-da-educacao-ambiental\\\/\"]}]},{\"@type\":\"ImageObject\",\"inLanguage\":\"es\",\"@id\":\"https:\\\/\\\/www.prooptica.pt\\\/dia-mundial-da-educacao-ambiental\\\/#primaryimage\",\"url\":\"https:\\\/\\\/www.prooptica.pt\\\/wp-content\\\/uploads\\\/2025\\\/01\\\/Capa-artigo-blog-1.jpg\",\"contentUrl\":\"https:\\\/\\\/www.prooptica.pt\\\/wp-content\\\/uploads\\\/2025\\\/01\\\/Capa-artigo-blog-1.jpg\",\"width\":852,\"height\":514},{\"@type\":\"BreadcrumbList\",\"@id\":\"https:\\\/\\\/www.prooptica.pt\\\/dia-mundial-da-educacao-ambiental\\\/#breadcrumb\",\"itemListElement\":[{\"@type\":\"ListItem\",\"position\":1,\"name\":\"In\u00edcio\",\"item\":\"https:\\\/\\\/www.prooptica.pt\\\/\"},{\"@type\":\"ListItem\",\"position\":2,\"name\":\"Dia Mundial da Educa\u00e7\u00e3o Ambiental | Prooptica e o Compromisso ESG\"}]},{\"@type\":\"WebSite\",\"@id\":\"https:\\\/\\\/www.prooptica.pt\\\/home\\\/#website\",\"url\":\"https:\\\/\\\/www.prooptica.pt\\\/home\\\/\",\"name\":\"Prooptica\",\"description\":\"Full Eyewear Concept\",\"potentialAction\":[{\"@type\":\"SearchAction\",\"target\":{\"@type\":\"EntryPoint\",\"urlTemplate\":\"https:\\\/\\\/www.prooptica.pt\\\/home\\\/?s={search_term_string}\"},\"query-input\":{\"@type\":\"PropertyValueSpecification\",\"valueRequired\":true,\"valueName\":\"search_term_string\"}}],\"inLanguage\":\"es\"},{\"@type\":\"Person\",\"@id\":\"https:\\\/\\\/www.prooptica.pt\\\/home\\\/#\\\/schema\\\/person\\\/1cbd826a9322a3c38a052e43d1638306\",\"name\":\"admin\",\"image\":{\"@type\":\"ImageObject\",\"inLanguage\":\"es\",\"@id\":\"https:\\\/\\\/secure.gravatar.com\\\/avatar\\\/528c714482569d81724b02603aa719344e9ad7c0b50becf07272b2086b2c1cfd?s=96&d=mm&r=g\",\"url\":\"https:\\\/\\\/secure.gravatar.com\\\/avatar\\\/528c714482569d81724b02603aa719344e9ad7c0b50becf07272b2086b2c1cfd?s=96&d=mm&r=g\",\"contentUrl\":\"https:\\\/\\\/secure.gravatar.com\\\/avatar\\\/528c714482569d81724b02603aa719344e9ad7c0b50becf07272b2086b2c1cfd?s=96&d=mm&r=g\",\"caption\":\"admin\"},\"url\":\"https:\\\/\\\/www.prooptica.pt\\\/es\\\/author\\\/admin\\\/\"}]}<\/script>\n<!-- \/ Yoast SEO plugin. -->","yoast_head_json":{"title":"D\u00eda Mundial de la Educaci\u00f3n Ambiental","description":"En Prooptica, entendemos que el verdadero compromiso con los principios ASG requiere un enfoque proactivo y un esfuerzo continuo.","robots":{"index":"index","follow":"follow","max-snippet":"max-snippet:-1","max-image-preview":"max-image-preview:large","max-video-preview":"max-video-preview:-1"},"canonical":"https:\/\/www.prooptica.pt\/es\/dia-mundial-de-la-educacion-ambiental-2\/","og_locale":"es_ES","og_type":"article","og_title":"Dia Mundial da Educa\u00e7\u00e3o Ambiental","og_description":"Na Prooptica, entendemos que o verdadeiro compromisso com os princ\u00edpios ESG exige uma abordagem proativa e um esfor\u00e7o cont\u00ednuo.","og_url":"https:\/\/www.prooptica.pt\/es\/dia-mundial-de-la-educacion-ambiental-2\/","og_site_name":"Prooptica","article_published_time":"2025-01-24T10:23:15+00:00","article_modified_time":"2025-01-30T13:35:26+00:00","og_image":[{"width":852,"height":514,"url":"https:\/\/www.prooptica.pt\/wp-content\/uploads\/2025\/01\/Capa-artigo-blog-1.jpg","type":"image\/jpeg"}],"author":"admin","twitter_card":"summary_large_image","twitter_misc":{"Escrito por":"admin","Tiempo de lectura":"2 minutos"},"schema":{"@context":"https:\/\/schema.org","@graph":[{"@type":"Article","@id":"https:\/\/www.prooptica.pt\/dia-mundial-da-educacao-ambiental\/#article","isPartOf":{"@id":"https:\/\/www.prooptica.pt\/dia-mundial-da-educacao-ambiental\/"},"author":{"name":"admin","@id":"https:\/\/www.prooptica.pt\/home\/#\/schema\/person\/1cbd826a9322a3c38a052e43d1638306"},"headline":"Dia Mundial da Educa\u00e7\u00e3o Ambiental | Prooptica e o Compromisso ESG","datePublished":"2025-01-24T10:23:15+00:00","dateModified":"2025-01-30T13:35:26+00:00","mainEntityOfPage":{"@id":"https:\/\/www.prooptica.pt\/dia-mundial-da-educacao-ambiental\/"},"wordCount":354,"image":{"@id":"https:\/\/www.prooptica.pt\/dia-mundial-da-educacao-ambiental\/#primaryimage"},"thumbnailUrl":"https:\/\/www.prooptica.pt\/wp-content\/uploads\/2025\/01\/Capa-artigo-blog-1.jpg","articleSection":["Insight","Institucional"],"inLanguage":"es"},{"@type":"WebPage","@id":"https:\/\/www.prooptica.pt\/dia-mundial-da-educacao-ambiental\/","url":"https:\/\/www.prooptica.pt\/dia-mundial-da-educacao-ambiental\/","name":"D\u00eda Mundial de la Educaci\u00f3n Ambiental","isPartOf":{"@id":"https:\/\/www.prooptica.pt\/home\/#website"},"primaryImageOfPage":{"@id":"https:\/\/www.prooptica.pt\/dia-mundial-da-educacao-ambiental\/#primaryimage"},"image":{"@id":"https:\/\/www.prooptica.pt\/dia-mundial-da-educacao-ambiental\/#primaryimage"},"thumbnailUrl":"https:\/\/www.prooptica.pt\/wp-content\/uploads\/2025\/01\/Capa-artigo-blog-1.jpg","datePublished":"2025-01-24T10:23:15+00:00","dateModified":"2025-01-30T13:35:26+00:00","author":{"@id":"https:\/\/www.prooptica.pt\/home\/#\/schema\/person\/1cbd826a9322a3c38a052e43d1638306"},"description":"En Prooptica, entendemos que el verdadero compromiso con los principios ASG requiere un enfoque proactivo y un esfuerzo continuo.","breadcrumb":{"@id":"https:\/\/www.prooptica.pt\/dia-mundial-da-educacao-ambiental\/#breadcrumb"},"inLanguage":"es","potentialAction":[{"@type":"ReadAction","target":["https:\/\/www.prooptica.pt\/dia-mundial-da-educacao-ambiental\/"]}]},{"@type":"ImageObject","inLanguage":"es","@id":"https:\/\/www.prooptica.pt\/dia-mundial-da-educacao-ambiental\/#primaryimage","url":"https:\/\/www.prooptica.pt\/wp-content\/uploads\/2025\/01\/Capa-artigo-blog-1.jpg","contentUrl":"https:\/\/www.prooptica.pt\/wp-content\/uploads\/2025\/01\/Capa-artigo-blog-1.jpg","width":852,"height":514},{"@type":"BreadcrumbList","@id":"https:\/\/www.prooptica.pt\/dia-mundial-da-educacao-ambiental\/#breadcrumb","itemListElement":[{"@type":"ListItem","position":1,"name":"In\u00edcio","item":"https:\/\/www.prooptica.pt\/"},{"@type":"ListItem","position":2,"name":"Dia Mundial da Educa\u00e7\u00e3o Ambiental | Prooptica e o Compromisso ESG"}]},{"@type":"WebSite","@id":"https:\/\/www.prooptica.pt\/home\/#website","url":"https:\/\/www.prooptica.pt\/home\/","name":"Prooptica","description":"Concepto de gafas completas","potentialAction":[{"@type":"SearchAction","target":{"@type":"EntryPoint","urlTemplate":"https:\/\/www.prooptica.pt\/home\/?s={search_term_string}"},"query-input":{"@type":"PropertyValueSpecification","valueRequired":true,"valueName":"search_term_string"}}],"inLanguage":"es"},{"@type":"Person","@id":"https:\/\/www.prooptica.pt\/home\/#\/schema\/person\/1cbd826a9322a3c38a052e43d1638306","name":"admin","image":{"@type":"ImageObject","inLanguage":"es","@id":"https:\/\/secure.gravatar.com\/avatar\/528c714482569d81724b02603aa719344e9ad7c0b50becf07272b2086b2c1cfd?s=96&d=mm&r=g","url":"https:\/\/secure.gravatar.com\/avatar\/528c714482569d81724b02603aa719344e9ad7c0b50becf07272b2086b2c1cfd?s=96&d=mm&r=g","contentUrl":"https:\/\/secure.gravatar.com\/avatar\/528c714482569d81724b02603aa719344e9ad7c0b50becf07272b2086b2c1cfd?s=96&d=mm&r=g","caption":"admin"},"url":"https:\/\/www.prooptica.pt\/es\/author\/admin\/"}]}},"_links":{"self":[{"href":"https:\/\/www.prooptica.pt\/es\/wp-json\/wp\/v2\/posts\/21558","targetHints":{"allow":["GET"]}}],"collection":[{"href":"https:\/\/www.prooptica.pt\/es\/wp-json\/wp\/v2\/posts"}],"about":[{"href":"https:\/\/www.prooptica.pt\/es\/wp-json\/wp\/v2\/types\/post"}],"author":[{"embeddable":true,"href":"https:\/\/www.prooptica.pt\/es\/wp-json\/wp\/v2\/users\/2"}],"replies":[{"embeddable":true,"href":"https:\/\/www.prooptica.pt\/es\/wp-json\/wp\/v2\/comments?post=21558"}],"version-history":[{"count":2,"href":"https:\/\/www.prooptica.pt\/es\/wp-json\/wp\/v2\/posts\/21558\/revisions"}],"predecessor-version":[{"id":21625,"href":"https:\/\/www.prooptica.pt\/es\/wp-json\/wp\/v2\/posts\/21558\/revisions\/21625"}],"wp:featuredmedia":[{"embeddable":true,"href":"https:\/\/www.prooptica.pt\/es\/wp-json\/wp\/v2\/media\/21559"}],"wp:attachment":[{"href":"https:\/\/www.prooptica.pt\/es\/wp-json\/wp\/v2\/media?parent=21558"}],"wp:term":[{"taxonomy":"category","embeddable":true,"href":"https:\/\/www.prooptica.pt\/es\/wp-json\/wp\/v2\/categories?post=21558"},{"taxonomy":"post_tag","embeddable":true,"href":"https:\/\/www.prooptica.pt\/es\/wp-json\/wp\/v2\/tags?post=21558"}],"curies":[{"name":"wp","href":"https:\/\/api.w.org\/{rel}","templated":true}]}}