{"id":21749,"date":"2025-02-14T09:48:41","date_gmt":"2025-02-14T09:48:41","guid":{"rendered":"https:\/\/www.prooptica.pt\/?p=21749"},"modified":"2025-02-14T09:48:41","modified_gmt":"2025-02-14T09:48:41","slug":"impacto-de-la-luz-azul-en-el-mundo-digital-lentes-con-filtros-protectores","status":"publish","type":"post","link":"https:\/\/www.prooptica.pt\/es\/impacto-da-luz-azul-no-mundo-digital-lentes-com-filtro-de-protecao\/","title":{"rendered":"Impacto de la luz azul en el mundo digital | Lentes con filtros protectores"},"content":{"rendered":"<p>En un mundo cada vez m\u00e1s digital, en el que las pantallas son parte integrante de nuestra vida cotidiana, es esencial ser conscientes de los efectos de la exposici\u00f3n constante a la luz azul. Emitida por dispositivos como tel\u00e9fonos inteligentes, tabletas, ordenadores y televisores, la luz azul tiene la capacidad de penetrar m\u00e1s profundamente en nuestros ojos que otras formas de luz visible.<\/p>\n<h6><strong>Consecuencias de la exposici\u00f3n a este tipo de luz<\/strong><\/h6>\n<p>Este tipo de exposici\u00f3n prolongada puede contribuir a la fatiga ocular, dolores de cabeza e incluso trastornos del sue\u00f1o, ya que interfiere en la producci\u00f3n de melatonina, la hormona responsable de regular el sue\u00f1o.<\/p>\n<h6><strong>Riesgos a largo plazo<\/strong><\/h6>\n<p>Adem\u00e1s de estos efectos m\u00e1s inmediatos, los estudios sugieren que la exposici\u00f3n prolongada a la luz azul puede aumentar el riesgo de degeneraci\u00f3n macular, una de las principales causas de p\u00e9rdida de visi\u00f3n en la vejez. Dada la inevitabilidad de nuestra interacci\u00f3n con las tecnolog\u00edas digitales, es esencial adoptar medidas de protecci\u00f3n.<\/p>\n<h6><strong>Lentes con filtro de luz azul<\/strong><\/h6>\n<p>El uso de lentes con filtros de luz azul es una soluci\u00f3n eficaz. Estas lentes se desarrollaron para filtrar parte de la luz azul (leer \"<em>Por qu\u00e9 no debes bloquear completamente la luz azul<\/em>\") y minimizar los riesgos asociados a su exposici\u00f3n. Adem\u00e1s de ayudar a reducir la fatiga ocular, mejoran el confort visual y pueden contribuir a un sue\u00f1o m\u00e1s reparador al permitir una mejor regulaci\u00f3n de la melatonina.<\/p>\n<h6><strong>Conclusi\u00f3n<\/strong><\/h6>\n<p>Invertir en lentes con protecci\u00f3n frente a la luz azul es una inversi\u00f3n en salud ocular y bienestar general. Es una elecci\u00f3n prudente para quienes pasan muchas horas delante de pantallas, ya sea por trabajo o por ocio, que protege sus ojos hoy y ayuda a prevenir problemas de visi\u00f3n en el futuro.<\/p>\n<p><strong><em>\u00bfPor qu\u00e9 no deber\u00eda bloquearse completamente la luz azul?<\/em><\/strong><\/p>\n<h6><strong><em>Regulaci\u00f3n del ritmo circadiano<\/em><\/strong><\/h6>\n<p><em>La luz azul, especialmente en el rango de 460-480 nm, es esencial para regular el ritmo circadiano (nuestro ciclo biol\u00f3gico de sue\u00f1o y vigilia). La exposici\u00f3n a esta luz durante el d\u00eda estimula la producci\u00f3n de cortisol y suprime la melatonina, ayudando a mantenernos despiertos y alerta. Si bloqueamos completamente esta luz durante el d\u00eda, pueden producirse efectos negativos sobre la calidad del sue\u00f1o y el funcionamiento general del organismo.<\/em><\/p>\n<h6><strong><em>Percepci\u00f3n del color y calidad visual<\/em><\/strong><\/h6>\n<p><em>El ojo humano est\u00e1 naturalmente adaptado para procesar un espectro completo de luz, y la luz azul contribuye a la percepci\u00f3n de los colores y el contraste. Si eliminamos por completo este componente, podemos crear una sensaci\u00f3n de visi\u00f3n \"lavada\", con menos definici\u00f3n, que puede resultar inc\u00f3moda, sobre todo para tareas que requieren una percepci\u00f3n fina de los detalles.<\/em><\/p>\n<h6><strong><em>Seguridad y visi\u00f3n nocturna<\/em><\/strong><\/h6>\n<p><em>La luz azul contribuye a la visi\u00f3n en entornos con poca luz, ya que participa en el proceso de adaptaci\u00f3n del ojo a la oscuridad. Si eliminamos por completo esta luz, podemos poner en peligro nuestra capacidad de adaptaci\u00f3n a los entornos nocturnos, lo que puede ser especialmente peligroso para quienes conducen de noche.<\/em><\/p>","protected":false},"excerpt":{"rendered":"<p>Num mundo cada vez mais digital, onde os ecr\u00e3s fazem parte integrante do nosso dia-a-dia, \u00e9 fundamental estar atento aos impactos da exposi\u00e7\u00e3o constante \u00e0 luz azul. Emitida por dispositivos como smartphones, tablets, computadores e televis\u00f5es, a luz azul tem a capacidade de penetrar de forma mais profunda nos nossos olhos, do que outras formas [&hellip;]<\/p>\n","protected":false},"author":2,"featured_media":21754,"comment_status":"closed","ping_status":"closed","sticky":false,"template":"","format":"standard","meta":{"footnotes":""},"categories":[238,187],"tags":[],"class_list":["post-21749","post","type-post","status-publish","format-standard","has-post-thumbnail","hentry","category-insight","category-lentes"],"yoast_head":"<!-- This site is optimized with the Yoast SEO plugin v27.5 - https:\/\/yoast.com\/product\/yoast-seo-wordpress\/ -->\n<title>Impacto da Luz Azul no Mundo Digital<\/title>\n<meta name=\"description\" content=\"Investir em lentes com prote\u00e7\u00e3o contra a luz azul \u00e9 uma escolha prudente para quem passa muitas horas em frente a ecr\u00e3s.\" \/>\n<meta name=\"robots\" content=\"index, follow, max-snippet:-1, max-image-preview:large, max-video-preview:-1\" \/>\n<link rel=\"canonical\" href=\"https:\/\/www.prooptica.pt\/es\/impacto-de-la-luz-azul-en-el-mundo-digital-lentes-con-filtros-protectores\/\" \/>\n<meta property=\"og:locale\" content=\"es_ES\" \/>\n<meta property=\"og:type\" content=\"article\" \/>\n<meta property=\"og:title\" content=\"Impacto da Luz Azul no Mundo Digital\" \/>\n<meta property=\"og:description\" content=\"Investir em lentes com prote\u00e7\u00e3o contra a luz azul \u00e9 uma escolha prudente para quem passa muitas horas em frente a ecr\u00e3s.\" \/>\n<meta property=\"og:url\" content=\"https:\/\/www.prooptica.pt\/es\/impacto-de-la-luz-azul-en-el-mundo-digital-lentes-con-filtros-protectores\/\" \/>\n<meta property=\"og:site_name\" content=\"Prooptica\" \/>\n<meta property=\"article:published_time\" content=\"2025-02-14T09:48:41+00:00\" \/>\n<meta property=\"og:image\" content=\"https:\/\/www.prooptica.pt\/wp-content\/uploads\/2025\/02\/Capa-artigo-blog-3.jpg\" \/>\n\t<meta property=\"og:image:width\" content=\"852\" \/>\n\t<meta property=\"og:image:height\" content=\"514\" \/>\n\t<meta property=\"og:image:type\" content=\"image\/jpeg\" \/>\n<meta name=\"author\" content=\"admin\" \/>\n<meta name=\"twitter:card\" content=\"summary_large_image\" \/>\n<meta name=\"twitter:label1\" content=\"Escrito por\" \/>\n\t<meta name=\"twitter:data1\" content=\"admin\" \/>\n\t<meta name=\"twitter:label2\" content=\"Tiempo de lectura\" \/>\n\t<meta name=\"twitter:data2\" content=\"3 minutos\" \/>\n<script type=\"application\/ld+json\" class=\"yoast-schema-graph\">{\"@context\":\"https:\\\/\\\/schema.org\",\"@graph\":[{\"@type\":\"Article\",\"@id\":\"https:\\\/\\\/www.prooptica.pt\\\/impacto-da-luz-azul-no-mundo-digital-lentes-com-filtro-de-protecao\\\/#article\",\"isPartOf\":{\"@id\":\"https:\\\/\\\/www.prooptica.pt\\\/impacto-da-luz-azul-no-mundo-digital-lentes-com-filtro-de-protecao\\\/\"},\"author\":{\"name\":\"admin\",\"@id\":\"https:\\\/\\\/www.prooptica.pt\\\/home\\\/#\\\/schema\\\/person\\\/1cbd826a9322a3c38a052e43d1638306\"},\"headline\":\"Impacto da Luz Azul no Mundo Digital | Lentes com Filtro de Prote\u00e7\u00e3o\",\"datePublished\":\"2025-02-14T09:48:41+00:00\",\"mainEntityOfPage\":{\"@id\":\"https:\\\/\\\/www.prooptica.pt\\\/impacto-da-luz-azul-no-mundo-digital-lentes-com-filtro-de-protecao\\\/\"},\"wordCount\":534,\"image\":{\"@id\":\"https:\\\/\\\/www.prooptica.pt\\\/impacto-da-luz-azul-no-mundo-digital-lentes-com-filtro-de-protecao\\\/#primaryimage\"},\"thumbnailUrl\":\"https:\\\/\\\/www.prooptica.pt\\\/wp-content\\\/uploads\\\/2025\\\/02\\\/Capa-artigo-blog-3.jpg\",\"articleSection\":[\"Insight\",\"Lentes\"],\"inLanguage\":\"es\"},{\"@type\":\"WebPage\",\"@id\":\"https:\\\/\\\/www.prooptica.pt\\\/impacto-da-luz-azul-no-mundo-digital-lentes-com-filtro-de-protecao\\\/\",\"url\":\"https:\\\/\\\/www.prooptica.pt\\\/impacto-da-luz-azul-no-mundo-digital-lentes-com-filtro-de-protecao\\\/\",\"name\":\"Impacto da Luz Azul no Mundo Digital\",\"isPartOf\":{\"@id\":\"https:\\\/\\\/www.prooptica.pt\\\/home\\\/#website\"},\"primaryImageOfPage\":{\"@id\":\"https:\\\/\\\/www.prooptica.pt\\\/impacto-da-luz-azul-no-mundo-digital-lentes-com-filtro-de-protecao\\\/#primaryimage\"},\"image\":{\"@id\":\"https:\\\/\\\/www.prooptica.pt\\\/impacto-da-luz-azul-no-mundo-digital-lentes-com-filtro-de-protecao\\\/#primaryimage\"},\"thumbnailUrl\":\"https:\\\/\\\/www.prooptica.pt\\\/wp-content\\\/uploads\\\/2025\\\/02\\\/Capa-artigo-blog-3.jpg\",\"datePublished\":\"2025-02-14T09:48:41+00:00\",\"author\":{\"@id\":\"https:\\\/\\\/www.prooptica.pt\\\/home\\\/#\\\/schema\\\/person\\\/1cbd826a9322a3c38a052e43d1638306\"},\"description\":\"Investir em lentes com prote\u00e7\u00e3o contra a luz azul \u00e9 uma escolha prudente para quem passa muitas horas em frente a ecr\u00e3s.\",\"breadcrumb\":{\"@id\":\"https:\\\/\\\/www.prooptica.pt\\\/impacto-da-luz-azul-no-mundo-digital-lentes-com-filtro-de-protecao\\\/#breadcrumb\"},\"inLanguage\":\"es\",\"potentialAction\":[{\"@type\":\"ReadAction\",\"target\":[\"https:\\\/\\\/www.prooptica.pt\\\/impacto-da-luz-azul-no-mundo-digital-lentes-com-filtro-de-protecao\\\/\"]}]},{\"@type\":\"ImageObject\",\"inLanguage\":\"es\",\"@id\":\"https:\\\/\\\/www.prooptica.pt\\\/impacto-da-luz-azul-no-mundo-digital-lentes-com-filtro-de-protecao\\\/#primaryimage\",\"url\":\"https:\\\/\\\/www.prooptica.pt\\\/wp-content\\\/uploads\\\/2025\\\/02\\\/Capa-artigo-blog-3.jpg\",\"contentUrl\":\"https:\\\/\\\/www.prooptica.pt\\\/wp-content\\\/uploads\\\/2025\\\/02\\\/Capa-artigo-blog-3.jpg\",\"width\":852,\"height\":514},{\"@type\":\"BreadcrumbList\",\"@id\":\"https:\\\/\\\/www.prooptica.pt\\\/impacto-da-luz-azul-no-mundo-digital-lentes-com-filtro-de-protecao\\\/#breadcrumb\",\"itemListElement\":[{\"@type\":\"ListItem\",\"position\":1,\"name\":\"In\u00edcio\",\"item\":\"https:\\\/\\\/www.prooptica.pt\\\/\"},{\"@type\":\"ListItem\",\"position\":2,\"name\":\"Impacto da Luz Azul no Mundo Digital | Lentes com Filtro de Prote\u00e7\u00e3o\"}]},{\"@type\":\"WebSite\",\"@id\":\"https:\\\/\\\/www.prooptica.pt\\\/home\\\/#website\",\"url\":\"https:\\\/\\\/www.prooptica.pt\\\/home\\\/\",\"name\":\"Prooptica\",\"description\":\"Full Eyewear Concept\",\"potentialAction\":[{\"@type\":\"SearchAction\",\"target\":{\"@type\":\"EntryPoint\",\"urlTemplate\":\"https:\\\/\\\/www.prooptica.pt\\\/home\\\/?s={search_term_string}\"},\"query-input\":{\"@type\":\"PropertyValueSpecification\",\"valueRequired\":true,\"valueName\":\"search_term_string\"}}],\"inLanguage\":\"es\"},{\"@type\":\"Person\",\"@id\":\"https:\\\/\\\/www.prooptica.pt\\\/home\\\/#\\\/schema\\\/person\\\/1cbd826a9322a3c38a052e43d1638306\",\"name\":\"admin\",\"image\":{\"@type\":\"ImageObject\",\"inLanguage\":\"es\",\"@id\":\"https:\\\/\\\/secure.gravatar.com\\\/avatar\\\/528c714482569d81724b02603aa719344e9ad7c0b50becf07272b2086b2c1cfd?s=96&d=mm&r=g\",\"url\":\"https:\\\/\\\/secure.gravatar.com\\\/avatar\\\/528c714482569d81724b02603aa719344e9ad7c0b50becf07272b2086b2c1cfd?s=96&d=mm&r=g\",\"contentUrl\":\"https:\\\/\\\/secure.gravatar.com\\\/avatar\\\/528c714482569d81724b02603aa719344e9ad7c0b50becf07272b2086b2c1cfd?s=96&d=mm&r=g\",\"caption\":\"admin\"},\"url\":\"https:\\\/\\\/www.prooptica.pt\\\/es\\\/author\\\/admin\\\/\"}]}<\/script>\n<!-- \/ Yoast SEO plugin. -->","yoast_head_json":{"title":"Impacto de la luz azul en el mundo digital","description":"Invertir en lentes con protecci\u00f3n frente a la luz azul es una elecci\u00f3n prudente para quienes pasan muchas horas delante de pantallas.","robots":{"index":"index","follow":"follow","max-snippet":"max-snippet:-1","max-image-preview":"max-image-preview:large","max-video-preview":"max-video-preview:-1"},"canonical":"https:\/\/www.prooptica.pt\/es\/impacto-de-la-luz-azul-en-el-mundo-digital-lentes-con-filtros-protectores\/","og_locale":"es_ES","og_type":"article","og_title":"Impacto da Luz Azul no Mundo Digital","og_description":"Investir em lentes com prote\u00e7\u00e3o contra a luz azul \u00e9 uma escolha prudente para quem passa muitas horas em frente a ecr\u00e3s.","og_url":"https:\/\/www.prooptica.pt\/es\/impacto-de-la-luz-azul-en-el-mundo-digital-lentes-con-filtros-protectores\/","og_site_name":"Prooptica","article_published_time":"2025-02-14T09:48:41+00:00","og_image":[{"width":852,"height":514,"url":"https:\/\/www.prooptica.pt\/wp-content\/uploads\/2025\/02\/Capa-artigo-blog-3.jpg","type":"image\/jpeg"}],"author":"admin","twitter_card":"summary_large_image","twitter_misc":{"Escrito por":"admin","Tiempo de lectura":"3 minutos"},"schema":{"@context":"https:\/\/schema.org","@graph":[{"@type":"Article","@id":"https:\/\/www.prooptica.pt\/impacto-da-luz-azul-no-mundo-digital-lentes-com-filtro-de-protecao\/#article","isPartOf":{"@id":"https:\/\/www.prooptica.pt\/impacto-da-luz-azul-no-mundo-digital-lentes-com-filtro-de-protecao\/"},"author":{"name":"admin","@id":"https:\/\/www.prooptica.pt\/home\/#\/schema\/person\/1cbd826a9322a3c38a052e43d1638306"},"headline":"Impacto da Luz Azul no Mundo Digital | Lentes com Filtro de Prote\u00e7\u00e3o","datePublished":"2025-02-14T09:48:41+00:00","mainEntityOfPage":{"@id":"https:\/\/www.prooptica.pt\/impacto-da-luz-azul-no-mundo-digital-lentes-com-filtro-de-protecao\/"},"wordCount":534,"image":{"@id":"https:\/\/www.prooptica.pt\/impacto-da-luz-azul-no-mundo-digital-lentes-com-filtro-de-protecao\/#primaryimage"},"thumbnailUrl":"https:\/\/www.prooptica.pt\/wp-content\/uploads\/2025\/02\/Capa-artigo-blog-3.jpg","articleSection":["Insight","Lentes"],"inLanguage":"es"},{"@type":"WebPage","@id":"https:\/\/www.prooptica.pt\/impacto-da-luz-azul-no-mundo-digital-lentes-com-filtro-de-protecao\/","url":"https:\/\/www.prooptica.pt\/impacto-da-luz-azul-no-mundo-digital-lentes-com-filtro-de-protecao\/","name":"Impacto de la luz azul en el mundo digital","isPartOf":{"@id":"https:\/\/www.prooptica.pt\/home\/#website"},"primaryImageOfPage":{"@id":"https:\/\/www.prooptica.pt\/impacto-da-luz-azul-no-mundo-digital-lentes-com-filtro-de-protecao\/#primaryimage"},"image":{"@id":"https:\/\/www.prooptica.pt\/impacto-da-luz-azul-no-mundo-digital-lentes-com-filtro-de-protecao\/#primaryimage"},"thumbnailUrl":"https:\/\/www.prooptica.pt\/wp-content\/uploads\/2025\/02\/Capa-artigo-blog-3.jpg","datePublished":"2025-02-14T09:48:41+00:00","author":{"@id":"https:\/\/www.prooptica.pt\/home\/#\/schema\/person\/1cbd826a9322a3c38a052e43d1638306"},"description":"Invertir en lentes con protecci\u00f3n frente a la luz azul es una elecci\u00f3n prudente para quienes pasan muchas horas delante de pantallas.","breadcrumb":{"@id":"https:\/\/www.prooptica.pt\/impacto-da-luz-azul-no-mundo-digital-lentes-com-filtro-de-protecao\/#breadcrumb"},"inLanguage":"es","potentialAction":[{"@type":"ReadAction","target":["https:\/\/www.prooptica.pt\/impacto-da-luz-azul-no-mundo-digital-lentes-com-filtro-de-protecao\/"]}]},{"@type":"ImageObject","inLanguage":"es","@id":"https:\/\/www.prooptica.pt\/impacto-da-luz-azul-no-mundo-digital-lentes-com-filtro-de-protecao\/#primaryimage","url":"https:\/\/www.prooptica.pt\/wp-content\/uploads\/2025\/02\/Capa-artigo-blog-3.jpg","contentUrl":"https:\/\/www.prooptica.pt\/wp-content\/uploads\/2025\/02\/Capa-artigo-blog-3.jpg","width":852,"height":514},{"@type":"BreadcrumbList","@id":"https:\/\/www.prooptica.pt\/impacto-da-luz-azul-no-mundo-digital-lentes-com-filtro-de-protecao\/#breadcrumb","itemListElement":[{"@type":"ListItem","position":1,"name":"In\u00edcio","item":"https:\/\/www.prooptica.pt\/"},{"@type":"ListItem","position":2,"name":"Impacto da Luz Azul no Mundo Digital | Lentes com Filtro de Prote\u00e7\u00e3o"}]},{"@type":"WebSite","@id":"https:\/\/www.prooptica.pt\/home\/#website","url":"https:\/\/www.prooptica.pt\/home\/","name":"Prooptica","description":"Concepto de gafas completas","potentialAction":[{"@type":"SearchAction","target":{"@type":"EntryPoint","urlTemplate":"https:\/\/www.prooptica.pt\/home\/?s={search_term_string}"},"query-input":{"@type":"PropertyValueSpecification","valueRequired":true,"valueName":"search_term_string"}}],"inLanguage":"es"},{"@type":"Person","@id":"https:\/\/www.prooptica.pt\/home\/#\/schema\/person\/1cbd826a9322a3c38a052e43d1638306","name":"admin","image":{"@type":"ImageObject","inLanguage":"es","@id":"https:\/\/secure.gravatar.com\/avatar\/528c714482569d81724b02603aa719344e9ad7c0b50becf07272b2086b2c1cfd?s=96&d=mm&r=g","url":"https:\/\/secure.gravatar.com\/avatar\/528c714482569d81724b02603aa719344e9ad7c0b50becf07272b2086b2c1cfd?s=96&d=mm&r=g","contentUrl":"https:\/\/secure.gravatar.com\/avatar\/528c714482569d81724b02603aa719344e9ad7c0b50becf07272b2086b2c1cfd?s=96&d=mm&r=g","caption":"admin"},"url":"https:\/\/www.prooptica.pt\/es\/author\/admin\/"}]}},"_links":{"self":[{"href":"https:\/\/www.prooptica.pt\/es\/wp-json\/wp\/v2\/posts\/21749","targetHints":{"allow":["GET"]}}],"collection":[{"href":"https:\/\/www.prooptica.pt\/es\/wp-json\/wp\/v2\/posts"}],"about":[{"href":"https:\/\/www.prooptica.pt\/es\/wp-json\/wp\/v2\/types\/post"}],"author":[{"embeddable":true,"href":"https:\/\/www.prooptica.pt\/es\/wp-json\/wp\/v2\/users\/2"}],"replies":[{"embeddable":true,"href":"https:\/\/www.prooptica.pt\/es\/wp-json\/wp\/v2\/comments?post=21749"}],"version-history":[{"count":1,"href":"https:\/\/www.prooptica.pt\/es\/wp-json\/wp\/v2\/posts\/21749\/revisions"}],"predecessor-version":[{"id":21751,"href":"https:\/\/www.prooptica.pt\/es\/wp-json\/wp\/v2\/posts\/21749\/revisions\/21751"}],"wp:featuredmedia":[{"embeddable":true,"href":"https:\/\/www.prooptica.pt\/es\/wp-json\/wp\/v2\/media\/21754"}],"wp:attachment":[{"href":"https:\/\/www.prooptica.pt\/es\/wp-json\/wp\/v2\/media?parent=21749"}],"wp:term":[{"taxonomy":"category","embeddable":true,"href":"https:\/\/www.prooptica.pt\/es\/wp-json\/wp\/v2\/categories?post=21749"},{"taxonomy":"post_tag","embeddable":true,"href":"https:\/\/www.prooptica.pt\/es\/wp-json\/wp\/v2\/tags?post=21749"}],"curies":[{"name":"wp","href":"https:\/\/api.w.org\/{rel}","templated":true}]}}