{"id":21773,"date":"2025-02-21T13:31:51","date_gmt":"2025-02-21T13:31:51","guid":{"rendered":"https:\/\/www.prooptica.pt\/?p=21773"},"modified":"2025-02-21T13:56:37","modified_gmt":"2025-02-21T13:56:37","slug":"nueva-coleccion-de-gafas-duyos-en-el-museo-del-traje-de-madrid","status":"publish","type":"post","link":"https:\/\/www.prooptica.pt\/es\/nova-colecao-duyos-eyewear-museu-do-traje-em-madrid\/","title":{"rendered":"Nueva colecci\u00f3n de gafas Duyos | Algunas piezas expuestas en el Museo del Traje de Madrid"},"content":{"rendered":"<p>La marca Duyos presenta su nueva colecci\u00f3n de gafas, una creaci\u00f3n exclusiva en colaboraci\u00f3n con el reconocido dise\u00f1ador espa\u00f1ol Juan Duyos. Esta colecci\u00f3n fue recientemente desvelada en la Semana de la Moda de Madrid, en el emblem\u00e1tico Museo del Traje, donde algunas de las piezas m\u00e1s emblem\u00e1ticas fueron presentadas en el desfile por el propio dise\u00f1ador, a trav\u00e9s de sus elegantes modelos.<\/p>\n<p>Dedicada exclusivamente a la mujer, la nueva colecci\u00f3n de monturas y gafas de sol refleja el enfoque innovador y disruptivo que ha caracterizado las colecciones de Juan Duyos. El dise\u00f1ador, conocido por su habilidad para fusionar elementos cl\u00e1sicos con audaces innovaciones, explora la armon\u00eda entre brillantes met\u00e1licos, elegantes transparencias y din\u00e1micos estampados para crear una l\u00ednea de gafas disruptiva y colorista, especialmente dise\u00f1ada para mujeres contempor\u00e1neas que se atreven a arriesgar.<\/p>\n<p>Cada pieza de esta colecci\u00f3n es una obra de arte, dise\u00f1ada para captar la esencia de la mujer moderna que valora el mundo de la moda y la alta costura. Los dise\u00f1os vanguardistas y los colores vibrantes y alegres de las gafas se complementan con detalles innovadores que definen cada pieza con un estilo inconfundible.<\/p>\n<p>La nueva colecci\u00f3n de gafas Duyos promete revolucionar el mercado con sus atrevidas y exclusivas propuestas. Te invitamos a descubrir estas creaciones \u00fanicas y de autor que aportan un nuevo nivel de sofisticaci\u00f3n y autenticidad al d\u00eda a d\u00eda de la mujer moderna.<\/p>\n<p style=\"text-align: center;\"><a href=\"https:\/\/loja.prooptica.pt\/wp-content\/uploads\/Cat%C3%A1logo-Duyos-2025_LR.pdf\"><span style=\"color: #000000;\"><strong>Haga clic aqu\u00ed para descubrir la nueva colecci\u00f3n<\/strong><\/span><\/a><\/p>","protected":false},"excerpt":{"rendered":"<p>A marca Duyos apresenta-lhe a sua nova cole\u00e7\u00e3o de eyewear, uma cria\u00e7\u00e3o exclusiva em parceria com o renomado estilista espanhol Juan Duyos. Esta cole\u00e7\u00e3o foi recentemente revelada na Madrid Fashion Week, no ic\u00f3nico Museu do Traje, onde algumas das pe\u00e7as mais emblem\u00e1ticas foram apresentadas no desfile pelo pr\u00f3prio, atrav\u00e9s das suas elegantes modelos. Dedicada exclusivamente [&hellip;]<\/p>\n","protected":false},"author":2,"featured_media":21774,"comment_status":"closed","ping_status":"closed","sticky":false,"template":"","format":"standard","meta":{"footnotes":""},"categories":[189],"tags":[],"class_list":["post-21773","post","type-post","status-publish","format-standard","has-post-thumbnail","hentry","category-oculos"],"yoast_head":"<!-- This site is optimized with the Yoast SEO plugin v27.5 - https:\/\/yoast.com\/product\/yoast-seo-wordpress\/ -->\n<title>Nova Cole\u00e7\u00e3o Duyos Eyewear | Museu do Traje em Madrid<\/title>\n<meta name=\"description\" content=\"Convidamos todos a descobrir estas cria\u00e7\u00f5es \u00fanicas, com assinatura de autor, que trazem sofistica\u00e7\u00e3o ao dia a dia da mulher moderna.\" \/>\n<meta name=\"robots\" content=\"index, follow, max-snippet:-1, max-image-preview:large, max-video-preview:-1\" \/>\n<link rel=\"canonical\" href=\"https:\/\/www.prooptica.pt\/es\/nueva-coleccion-de-gafas-duyos-en-el-museo-del-traje-de-madrid\/\" \/>\n<meta property=\"og:locale\" content=\"es_ES\" \/>\n<meta property=\"og:type\" content=\"article\" \/>\n<meta property=\"og:title\" content=\"Nova Cole\u00e7\u00e3o Duyos Eyewear | Museu do Traje em Madrid\" \/>\n<meta property=\"og:description\" content=\"Convidamos todos a descobrir estas cria\u00e7\u00f5es \u00fanicas, com assinatura de autor, que trazem sofistica\u00e7\u00e3o ao dia a dia da mulher moderna.\" \/>\n<meta property=\"og:url\" content=\"https:\/\/www.prooptica.pt\/es\/nueva-coleccion-de-gafas-duyos-en-el-museo-del-traje-de-madrid\/\" \/>\n<meta property=\"og:site_name\" content=\"Prooptica\" \/>\n<meta property=\"article:published_time\" content=\"2025-02-21T13:31:51+00:00\" \/>\n<meta property=\"article:modified_time\" content=\"2025-02-21T13:56:37+00:00\" \/>\n<meta property=\"og:image\" content=\"https:\/\/www.prooptica.pt\/wp-content\/uploads\/2025\/02\/Capa-artigo-blog-4.jpg\" \/>\n\t<meta property=\"og:image:width\" content=\"852\" \/>\n\t<meta property=\"og:image:height\" content=\"514\" \/>\n\t<meta property=\"og:image:type\" content=\"image\/jpeg\" \/>\n<meta name=\"author\" content=\"admin\" \/>\n<meta name=\"twitter:card\" content=\"summary_large_image\" \/>\n<meta name=\"twitter:label1\" content=\"Escrito por\" \/>\n\t<meta name=\"twitter:data1\" content=\"admin\" \/>\n\t<meta name=\"twitter:label2\" content=\"Tiempo de lectura\" \/>\n\t<meta name=\"twitter:data2\" content=\"2 minutos\" \/>\n<script type=\"application\/ld+json\" class=\"yoast-schema-graph\">{\"@context\":\"https:\\\/\\\/schema.org\",\"@graph\":[{\"@type\":\"Article\",\"@id\":\"https:\\\/\\\/www.prooptica.pt\\\/nova-colecao-duyos-eyewear-museu-do-traje-em-madrid\\\/#article\",\"isPartOf\":{\"@id\":\"https:\\\/\\\/www.prooptica.pt\\\/nova-colecao-duyos-eyewear-museu-do-traje-em-madrid\\\/\"},\"author\":{\"name\":\"admin\",\"@id\":\"https:\\\/\\\/www.prooptica.pt\\\/home\\\/#\\\/schema\\\/person\\\/1cbd826a9322a3c38a052e43d1638306\"},\"headline\":\"Nova Cole\u00e7\u00e3o Duyos Eyewear | Algumas pe\u00e7as desfilaram no Museu do Traje em Madrid\",\"datePublished\":\"2025-02-21T13:31:51+00:00\",\"dateModified\":\"2025-02-21T13:56:37+00:00\",\"mainEntityOfPage\":{\"@id\":\"https:\\\/\\\/www.prooptica.pt\\\/nova-colecao-duyos-eyewear-museu-do-traje-em-madrid\\\/\"},\"wordCount\":266,\"image\":{\"@id\":\"https:\\\/\\\/www.prooptica.pt\\\/nova-colecao-duyos-eyewear-museu-do-traje-em-madrid\\\/#primaryimage\"},\"thumbnailUrl\":\"https:\\\/\\\/www.prooptica.pt\\\/wp-content\\\/uploads\\\/2025\\\/02\\\/Capa-artigo-blog-4.jpg\",\"articleSection\":[\"\u00d3culos\"],\"inLanguage\":\"es\"},{\"@type\":\"WebPage\",\"@id\":\"https:\\\/\\\/www.prooptica.pt\\\/nova-colecao-duyos-eyewear-museu-do-traje-em-madrid\\\/\",\"url\":\"https:\\\/\\\/www.prooptica.pt\\\/nova-colecao-duyos-eyewear-museu-do-traje-em-madrid\\\/\",\"name\":\"Nova Cole\u00e7\u00e3o Duyos Eyewear | Museu do Traje em Madrid\",\"isPartOf\":{\"@id\":\"https:\\\/\\\/www.prooptica.pt\\\/home\\\/#website\"},\"primaryImageOfPage\":{\"@id\":\"https:\\\/\\\/www.prooptica.pt\\\/nova-colecao-duyos-eyewear-museu-do-traje-em-madrid\\\/#primaryimage\"},\"image\":{\"@id\":\"https:\\\/\\\/www.prooptica.pt\\\/nova-colecao-duyos-eyewear-museu-do-traje-em-madrid\\\/#primaryimage\"},\"thumbnailUrl\":\"https:\\\/\\\/www.prooptica.pt\\\/wp-content\\\/uploads\\\/2025\\\/02\\\/Capa-artigo-blog-4.jpg\",\"datePublished\":\"2025-02-21T13:31:51+00:00\",\"dateModified\":\"2025-02-21T13:56:37+00:00\",\"author\":{\"@id\":\"https:\\\/\\\/www.prooptica.pt\\\/home\\\/#\\\/schema\\\/person\\\/1cbd826a9322a3c38a052e43d1638306\"},\"description\":\"Convidamos todos a descobrir estas cria\u00e7\u00f5es \u00fanicas, com assinatura de autor, que trazem sofistica\u00e7\u00e3o ao dia a dia da mulher moderna.\",\"breadcrumb\":{\"@id\":\"https:\\\/\\\/www.prooptica.pt\\\/nova-colecao-duyos-eyewear-museu-do-traje-em-madrid\\\/#breadcrumb\"},\"inLanguage\":\"es\",\"potentialAction\":[{\"@type\":\"ReadAction\",\"target\":[\"https:\\\/\\\/www.prooptica.pt\\\/nova-colecao-duyos-eyewear-museu-do-traje-em-madrid\\\/\"]}]},{\"@type\":\"ImageObject\",\"inLanguage\":\"es\",\"@id\":\"https:\\\/\\\/www.prooptica.pt\\\/nova-colecao-duyos-eyewear-museu-do-traje-em-madrid\\\/#primaryimage\",\"url\":\"https:\\\/\\\/www.prooptica.pt\\\/wp-content\\\/uploads\\\/2025\\\/02\\\/Capa-artigo-blog-4.jpg\",\"contentUrl\":\"https:\\\/\\\/www.prooptica.pt\\\/wp-content\\\/uploads\\\/2025\\\/02\\\/Capa-artigo-blog-4.jpg\",\"width\":852,\"height\":514},{\"@type\":\"BreadcrumbList\",\"@id\":\"https:\\\/\\\/www.prooptica.pt\\\/nova-colecao-duyos-eyewear-museu-do-traje-em-madrid\\\/#breadcrumb\",\"itemListElement\":[{\"@type\":\"ListItem\",\"position\":1,\"name\":\"In\u00edcio\",\"item\":\"https:\\\/\\\/www.prooptica.pt\\\/\"},{\"@type\":\"ListItem\",\"position\":2,\"name\":\"Nova Cole\u00e7\u00e3o Duyos Eyewear | Algumas pe\u00e7as desfilaram no Museu do Traje em Madrid\"}]},{\"@type\":\"WebSite\",\"@id\":\"https:\\\/\\\/www.prooptica.pt\\\/home\\\/#website\",\"url\":\"https:\\\/\\\/www.prooptica.pt\\\/home\\\/\",\"name\":\"Prooptica\",\"description\":\"Full Eyewear Concept\",\"potentialAction\":[{\"@type\":\"SearchAction\",\"target\":{\"@type\":\"EntryPoint\",\"urlTemplate\":\"https:\\\/\\\/www.prooptica.pt\\\/home\\\/?s={search_term_string}\"},\"query-input\":{\"@type\":\"PropertyValueSpecification\",\"valueRequired\":true,\"valueName\":\"search_term_string\"}}],\"inLanguage\":\"es\"},{\"@type\":\"Person\",\"@id\":\"https:\\\/\\\/www.prooptica.pt\\\/home\\\/#\\\/schema\\\/person\\\/1cbd826a9322a3c38a052e43d1638306\",\"name\":\"admin\",\"image\":{\"@type\":\"ImageObject\",\"inLanguage\":\"es\",\"@id\":\"https:\\\/\\\/secure.gravatar.com\\\/avatar\\\/528c714482569d81724b02603aa719344e9ad7c0b50becf07272b2086b2c1cfd?s=96&d=mm&r=g\",\"url\":\"https:\\\/\\\/secure.gravatar.com\\\/avatar\\\/528c714482569d81724b02603aa719344e9ad7c0b50becf07272b2086b2c1cfd?s=96&d=mm&r=g\",\"contentUrl\":\"https:\\\/\\\/secure.gravatar.com\\\/avatar\\\/528c714482569d81724b02603aa719344e9ad7c0b50becf07272b2086b2c1cfd?s=96&d=mm&r=g\",\"caption\":\"admin\"},\"url\":\"https:\\\/\\\/www.prooptica.pt\\\/es\\\/author\\\/admin\\\/\"}]}<\/script>\n<!-- \/ Yoast SEO plugin. -->","yoast_head_json":{"title":"Nueva colecci\u00f3n de gafas Duyos | Museo del Traje de Madrid","description":"Le invitamos a descubrir estas creaciones \u00fanicas y exclusivas que aportan sofisticaci\u00f3n a la vida cotidiana de la mujer moderna.","robots":{"index":"index","follow":"follow","max-snippet":"max-snippet:-1","max-image-preview":"max-image-preview:large","max-video-preview":"max-video-preview:-1"},"canonical":"https:\/\/www.prooptica.pt\/es\/nueva-coleccion-de-gafas-duyos-en-el-museo-del-traje-de-madrid\/","og_locale":"es_ES","og_type":"article","og_title":"Nova Cole\u00e7\u00e3o Duyos Eyewear | Museu do Traje em Madrid","og_description":"Convidamos todos a descobrir estas cria\u00e7\u00f5es \u00fanicas, com assinatura de autor, que trazem sofistica\u00e7\u00e3o ao dia a dia da mulher moderna.","og_url":"https:\/\/www.prooptica.pt\/es\/nueva-coleccion-de-gafas-duyos-en-el-museo-del-traje-de-madrid\/","og_site_name":"Prooptica","article_published_time":"2025-02-21T13:31:51+00:00","article_modified_time":"2025-02-21T13:56:37+00:00","og_image":[{"width":852,"height":514,"url":"https:\/\/www.prooptica.pt\/wp-content\/uploads\/2025\/02\/Capa-artigo-blog-4.jpg","type":"image\/jpeg"}],"author":"admin","twitter_card":"summary_large_image","twitter_misc":{"Escrito por":"admin","Tiempo de lectura":"2 minutos"},"schema":{"@context":"https:\/\/schema.org","@graph":[{"@type":"Article","@id":"https:\/\/www.prooptica.pt\/nova-colecao-duyos-eyewear-museu-do-traje-em-madrid\/#article","isPartOf":{"@id":"https:\/\/www.prooptica.pt\/nova-colecao-duyos-eyewear-museu-do-traje-em-madrid\/"},"author":{"name":"admin","@id":"https:\/\/www.prooptica.pt\/home\/#\/schema\/person\/1cbd826a9322a3c38a052e43d1638306"},"headline":"Nova Cole\u00e7\u00e3o Duyos Eyewear | Algumas pe\u00e7as desfilaram no Museu do Traje em Madrid","datePublished":"2025-02-21T13:31:51+00:00","dateModified":"2025-02-21T13:56:37+00:00","mainEntityOfPage":{"@id":"https:\/\/www.prooptica.pt\/nova-colecao-duyos-eyewear-museu-do-traje-em-madrid\/"},"wordCount":266,"image":{"@id":"https:\/\/www.prooptica.pt\/nova-colecao-duyos-eyewear-museu-do-traje-em-madrid\/#primaryimage"},"thumbnailUrl":"https:\/\/www.prooptica.pt\/wp-content\/uploads\/2025\/02\/Capa-artigo-blog-4.jpg","articleSection":["\u00d3culos"],"inLanguage":"es"},{"@type":"WebPage","@id":"https:\/\/www.prooptica.pt\/nova-colecao-duyos-eyewear-museu-do-traje-em-madrid\/","url":"https:\/\/www.prooptica.pt\/nova-colecao-duyos-eyewear-museu-do-traje-em-madrid\/","name":"Nueva colecci\u00f3n de gafas Duyos | Museo del Traje de Madrid","isPartOf":{"@id":"https:\/\/www.prooptica.pt\/home\/#website"},"primaryImageOfPage":{"@id":"https:\/\/www.prooptica.pt\/nova-colecao-duyos-eyewear-museu-do-traje-em-madrid\/#primaryimage"},"image":{"@id":"https:\/\/www.prooptica.pt\/nova-colecao-duyos-eyewear-museu-do-traje-em-madrid\/#primaryimage"},"thumbnailUrl":"https:\/\/www.prooptica.pt\/wp-content\/uploads\/2025\/02\/Capa-artigo-blog-4.jpg","datePublished":"2025-02-21T13:31:51+00:00","dateModified":"2025-02-21T13:56:37+00:00","author":{"@id":"https:\/\/www.prooptica.pt\/home\/#\/schema\/person\/1cbd826a9322a3c38a052e43d1638306"},"description":"Le invitamos a descubrir estas creaciones \u00fanicas y exclusivas que aportan sofisticaci\u00f3n a la vida cotidiana de la mujer moderna.","breadcrumb":{"@id":"https:\/\/www.prooptica.pt\/nova-colecao-duyos-eyewear-museu-do-traje-em-madrid\/#breadcrumb"},"inLanguage":"es","potentialAction":[{"@type":"ReadAction","target":["https:\/\/www.prooptica.pt\/nova-colecao-duyos-eyewear-museu-do-traje-em-madrid\/"]}]},{"@type":"ImageObject","inLanguage":"es","@id":"https:\/\/www.prooptica.pt\/nova-colecao-duyos-eyewear-museu-do-traje-em-madrid\/#primaryimage","url":"https:\/\/www.prooptica.pt\/wp-content\/uploads\/2025\/02\/Capa-artigo-blog-4.jpg","contentUrl":"https:\/\/www.prooptica.pt\/wp-content\/uploads\/2025\/02\/Capa-artigo-blog-4.jpg","width":852,"height":514},{"@type":"BreadcrumbList","@id":"https:\/\/www.prooptica.pt\/nova-colecao-duyos-eyewear-museu-do-traje-em-madrid\/#breadcrumb","itemListElement":[{"@type":"ListItem","position":1,"name":"In\u00edcio","item":"https:\/\/www.prooptica.pt\/"},{"@type":"ListItem","position":2,"name":"Nova Cole\u00e7\u00e3o Duyos Eyewear | Algumas pe\u00e7as desfilaram no Museu do Traje em Madrid"}]},{"@type":"WebSite","@id":"https:\/\/www.prooptica.pt\/home\/#website","url":"https:\/\/www.prooptica.pt\/home\/","name":"Prooptica","description":"Concepto de gafas completas","potentialAction":[{"@type":"SearchAction","target":{"@type":"EntryPoint","urlTemplate":"https:\/\/www.prooptica.pt\/home\/?s={search_term_string}"},"query-input":{"@type":"PropertyValueSpecification","valueRequired":true,"valueName":"search_term_string"}}],"inLanguage":"es"},{"@type":"Person","@id":"https:\/\/www.prooptica.pt\/home\/#\/schema\/person\/1cbd826a9322a3c38a052e43d1638306","name":"admin","image":{"@type":"ImageObject","inLanguage":"es","@id":"https:\/\/secure.gravatar.com\/avatar\/528c714482569d81724b02603aa719344e9ad7c0b50becf07272b2086b2c1cfd?s=96&d=mm&r=g","url":"https:\/\/secure.gravatar.com\/avatar\/528c714482569d81724b02603aa719344e9ad7c0b50becf07272b2086b2c1cfd?s=96&d=mm&r=g","contentUrl":"https:\/\/secure.gravatar.com\/avatar\/528c714482569d81724b02603aa719344e9ad7c0b50becf07272b2086b2c1cfd?s=96&d=mm&r=g","caption":"admin"},"url":"https:\/\/www.prooptica.pt\/es\/author\/admin\/"}]}},"_links":{"self":[{"href":"https:\/\/www.prooptica.pt\/es\/wp-json\/wp\/v2\/posts\/21773","targetHints":{"allow":["GET"]}}],"collection":[{"href":"https:\/\/www.prooptica.pt\/es\/wp-json\/wp\/v2\/posts"}],"about":[{"href":"https:\/\/www.prooptica.pt\/es\/wp-json\/wp\/v2\/types\/post"}],"author":[{"embeddable":true,"href":"https:\/\/www.prooptica.pt\/es\/wp-json\/wp\/v2\/users\/2"}],"replies":[{"embeddable":true,"href":"https:\/\/www.prooptica.pt\/es\/wp-json\/wp\/v2\/comments?post=21773"}],"version-history":[{"count":3,"href":"https:\/\/www.prooptica.pt\/es\/wp-json\/wp\/v2\/posts\/21773\/revisions"}],"predecessor-version":[{"id":21782,"href":"https:\/\/www.prooptica.pt\/es\/wp-json\/wp\/v2\/posts\/21773\/revisions\/21782"}],"wp:featuredmedia":[{"embeddable":true,"href":"https:\/\/www.prooptica.pt\/es\/wp-json\/wp\/v2\/media\/21774"}],"wp:attachment":[{"href":"https:\/\/www.prooptica.pt\/es\/wp-json\/wp\/v2\/media?parent=21773"}],"wp:term":[{"taxonomy":"category","embeddable":true,"href":"https:\/\/www.prooptica.pt\/es\/wp-json\/wp\/v2\/categories?post=21773"},{"taxonomy":"post_tag","embeddable":true,"href":"https:\/\/www.prooptica.pt\/es\/wp-json\/wp\/v2\/tags?post=21773"}],"curies":[{"name":"wp","href":"https:\/\/api.w.org\/{rel}","templated":true}]}}