{"id":21785,"date":"2025-02-27T17:46:55","date_gmt":"2025-02-27T17:46:55","guid":{"rendered":"https:\/\/www.prooptica.pt\/?p=21785"},"modified":"2025-02-27T17:55:06","modified_gmt":"2025-02-27T17:55:06","slug":"sevenoaks-la-increible-nueva-temporada","status":"publish","type":"post","link":"https:\/\/www.prooptica.pt\/es\/sevenoaks-the-incredible-new-season\/","title":{"rendered":"Sevenoaks | La incre\u00edble nueva temporada"},"content":{"rendered":"<p>La nueva colecci\u00f3n de la ic\u00f3nica marca de gafas Sevenoaks mantiene la audaz fusi\u00f3n de colores y texturas, dise\u00f1ada para captar la atenci\u00f3n tanto del p\u00fablico femenino como masculino, reforzando el car\u00e1cter unisex de la marca. Cada pieza evoca estilo y ha sido dise\u00f1ada no s\u00f3lo para seguir las \u00faltimas tendencias de la moda, sino para crear iconos en el universo eyewear.<\/p>\n<p>Las nuevas im\u00e1genes de campa\u00f1a de la marca evocan energ\u00eda y originalidad, perfectamente complementadas por los nuevos modelos de gafas Sevenoaks. Im\u00e1genes con un impacto visual que destacan las gafas y enfatizan la identidad de la marca: vibrante, innovadora e inconfundiblemente \u00fanica.<\/p>\n<p>Sevanoaks revela que la moda es una plataforma para la expresi\u00f3n personal y esta nueva colecci\u00f3n garantiza que cada persona sea \u00fanica. Cada colecci\u00f3n es un reflejo de la identidad joven y audaz de la marca, que se esfuerza constantemente por desafiar los l\u00edmites del dise\u00f1o tradicional e inspirar a los consumidores a expresar su individualidad con confianza y estilo.<\/p>\n<p style=\"text-align: center;\"><a href=\"https:\/\/loja.prooptica.pt\/wp-content\/uploads\/Cat%C3%A1logo-Sevenoaks-2025_LR.pdf\"><span style=\"color: #000000;\"><strong>Haga clic aqu\u00ed para descubrir la nueva colecci\u00f3n<\/strong><\/span><\/a><\/p>","protected":false},"excerpt":{"rendered":"<p>A nova cole\u00e7\u00e3o da \u00edc\u00f3nica marca de eyewear Sevenoaks, mant\u00e9m a fus\u00e3o audaciosa de cores e texturas, desenhada para captar a aten\u00e7\u00e3o de um p\u00fablico tanto feminino quanto masculino, refor\u00e7ando a natureza unissexo da marca. Cada pe\u00e7a evoca estilo e foi projetada n\u00e3o s\u00f3 para acompanhar as \u00faltimas tend\u00eancias da moda, mas para criar \u00edcones [&hellip;]<\/p>\n","protected":false},"author":2,"featured_media":21786,"comment_status":"closed","ping_status":"closed","sticky":false,"template":"","format":"standard","meta":{"footnotes":""},"categories":[67,189],"tags":[],"class_list":["post-21785","post","type-post","status-publish","format-standard","has-post-thumbnail","hentry","category-moda-portuguesa","category-oculos"],"yoast_head":"<!-- This site is optimized with the Yoast SEO plugin v27.5 - https:\/\/yoast.com\/product\/yoast-seo-wordpress\/ -->\n<title>Sevenoaks | New Season<\/title>\n<meta name=\"description\" content=\"A Sevanoaks revela que a moda \u00e9 uma plataforma de express\u00e3o pessoal e esta nova cole\u00e7\u00e3o garante que cada pessoa se torna \u00fanica.\" \/>\n<meta name=\"robots\" content=\"index, follow, max-snippet:-1, max-image-preview:large, max-video-preview:-1\" \/>\n<link rel=\"canonical\" href=\"https:\/\/www.prooptica.pt\/es\/sevenoaks-la-increible-nueva-temporada\/\" \/>\n<meta property=\"og:locale\" content=\"es_ES\" \/>\n<meta property=\"og:type\" content=\"article\" \/>\n<meta property=\"og:title\" content=\"Sevenoaks | New Season\" \/>\n<meta property=\"og:description\" content=\"A Sevanoaks revela que a moda \u00e9 uma plataforma de express\u00e3o pessoal e esta nova cole\u00e7\u00e3o garante que cada pessoa se torna \u00fanica.\" \/>\n<meta property=\"og:url\" content=\"https:\/\/www.prooptica.pt\/es\/sevenoaks-la-increible-nueva-temporada\/\" \/>\n<meta property=\"og:site_name\" content=\"Prooptica\" \/>\n<meta property=\"article:published_time\" content=\"2025-02-27T17:46:55+00:00\" \/>\n<meta property=\"article:modified_time\" content=\"2025-02-27T17:55:06+00:00\" \/>\n<meta property=\"og:image\" content=\"https:\/\/www.prooptica.pt\/wp-content\/uploads\/2025\/02\/Capa-artigo-blog-5.jpg\" \/>\n\t<meta property=\"og:image:width\" content=\"852\" \/>\n\t<meta property=\"og:image:height\" content=\"514\" \/>\n\t<meta property=\"og:image:type\" content=\"image\/jpeg\" \/>\n<meta name=\"author\" content=\"admin\" \/>\n<meta name=\"twitter:card\" content=\"summary_large_image\" \/>\n<meta name=\"twitter:label1\" content=\"Escrito por\" \/>\n\t<meta name=\"twitter:data1\" content=\"admin\" \/>\n\t<meta name=\"twitter:label2\" content=\"Tiempo de lectura\" \/>\n\t<meta name=\"twitter:data2\" content=\"1 minuto\" \/>\n<script type=\"application\/ld+json\" class=\"yoast-schema-graph\">{\"@context\":\"https:\\\/\\\/schema.org\",\"@graph\":[{\"@type\":\"Article\",\"@id\":\"https:\\\/\\\/www.prooptica.pt\\\/sevenoaks-the-incredible-new-season\\\/#article\",\"isPartOf\":{\"@id\":\"https:\\\/\\\/www.prooptica.pt\\\/sevenoaks-the-incredible-new-season\\\/\"},\"author\":{\"name\":\"admin\",\"@id\":\"https:\\\/\\\/www.prooptica.pt\\\/home\\\/#\\\/schema\\\/person\\\/1cbd826a9322a3c38a052e43d1638306\"},\"headline\":\"Sevenoaks | The Incredible New Season\",\"datePublished\":\"2025-02-27T17:46:55+00:00\",\"dateModified\":\"2025-02-27T17:55:06+00:00\",\"mainEntityOfPage\":{\"@id\":\"https:\\\/\\\/www.prooptica.pt\\\/sevenoaks-the-incredible-new-season\\\/\"},\"wordCount\":183,\"image\":{\"@id\":\"https:\\\/\\\/www.prooptica.pt\\\/sevenoaks-the-incredible-new-season\\\/#primaryimage\"},\"thumbnailUrl\":\"https:\\\/\\\/www.prooptica.pt\\\/wp-content\\\/uploads\\\/2025\\\/02\\\/Capa-artigo-blog-5.jpg\",\"articleSection\":[\"Moda Portuguesa\",\"\u00d3culos\"],\"inLanguage\":\"es\"},{\"@type\":\"WebPage\",\"@id\":\"https:\\\/\\\/www.prooptica.pt\\\/sevenoaks-the-incredible-new-season\\\/\",\"url\":\"https:\\\/\\\/www.prooptica.pt\\\/sevenoaks-the-incredible-new-season\\\/\",\"name\":\"Sevenoaks | New Season\",\"isPartOf\":{\"@id\":\"https:\\\/\\\/www.prooptica.pt\\\/home\\\/#website\"},\"primaryImageOfPage\":{\"@id\":\"https:\\\/\\\/www.prooptica.pt\\\/sevenoaks-the-incredible-new-season\\\/#primaryimage\"},\"image\":{\"@id\":\"https:\\\/\\\/www.prooptica.pt\\\/sevenoaks-the-incredible-new-season\\\/#primaryimage\"},\"thumbnailUrl\":\"https:\\\/\\\/www.prooptica.pt\\\/wp-content\\\/uploads\\\/2025\\\/02\\\/Capa-artigo-blog-5.jpg\",\"datePublished\":\"2025-02-27T17:46:55+00:00\",\"dateModified\":\"2025-02-27T17:55:06+00:00\",\"author\":{\"@id\":\"https:\\\/\\\/www.prooptica.pt\\\/home\\\/#\\\/schema\\\/person\\\/1cbd826a9322a3c38a052e43d1638306\"},\"description\":\"A Sevanoaks revela que a moda \u00e9 uma plataforma de express\u00e3o pessoal e esta nova cole\u00e7\u00e3o garante que cada pessoa se torna \u00fanica.\",\"breadcrumb\":{\"@id\":\"https:\\\/\\\/www.prooptica.pt\\\/sevenoaks-the-incredible-new-season\\\/#breadcrumb\"},\"inLanguage\":\"es\",\"potentialAction\":[{\"@type\":\"ReadAction\",\"target\":[\"https:\\\/\\\/www.prooptica.pt\\\/sevenoaks-the-incredible-new-season\\\/\"]}]},{\"@type\":\"ImageObject\",\"inLanguage\":\"es\",\"@id\":\"https:\\\/\\\/www.prooptica.pt\\\/sevenoaks-the-incredible-new-season\\\/#primaryimage\",\"url\":\"https:\\\/\\\/www.prooptica.pt\\\/wp-content\\\/uploads\\\/2025\\\/02\\\/Capa-artigo-blog-5.jpg\",\"contentUrl\":\"https:\\\/\\\/www.prooptica.pt\\\/wp-content\\\/uploads\\\/2025\\\/02\\\/Capa-artigo-blog-5.jpg\",\"width\":852,\"height\":514},{\"@type\":\"BreadcrumbList\",\"@id\":\"https:\\\/\\\/www.prooptica.pt\\\/sevenoaks-the-incredible-new-season\\\/#breadcrumb\",\"itemListElement\":[{\"@type\":\"ListItem\",\"position\":1,\"name\":\"In\u00edcio\",\"item\":\"https:\\\/\\\/www.prooptica.pt\\\/\"},{\"@type\":\"ListItem\",\"position\":2,\"name\":\"Sevenoaks | The Incredible New Season\"}]},{\"@type\":\"WebSite\",\"@id\":\"https:\\\/\\\/www.prooptica.pt\\\/home\\\/#website\",\"url\":\"https:\\\/\\\/www.prooptica.pt\\\/home\\\/\",\"name\":\"Prooptica\",\"description\":\"Full Eyewear Concept\",\"potentialAction\":[{\"@type\":\"SearchAction\",\"target\":{\"@type\":\"EntryPoint\",\"urlTemplate\":\"https:\\\/\\\/www.prooptica.pt\\\/home\\\/?s={search_term_string}\"},\"query-input\":{\"@type\":\"PropertyValueSpecification\",\"valueRequired\":true,\"valueName\":\"search_term_string\"}}],\"inLanguage\":\"es\"},{\"@type\":\"Person\",\"@id\":\"https:\\\/\\\/www.prooptica.pt\\\/home\\\/#\\\/schema\\\/person\\\/1cbd826a9322a3c38a052e43d1638306\",\"name\":\"admin\",\"image\":{\"@type\":\"ImageObject\",\"inLanguage\":\"es\",\"@id\":\"https:\\\/\\\/secure.gravatar.com\\\/avatar\\\/528c714482569d81724b02603aa719344e9ad7c0b50becf07272b2086b2c1cfd?s=96&d=mm&r=g\",\"url\":\"https:\\\/\\\/secure.gravatar.com\\\/avatar\\\/528c714482569d81724b02603aa719344e9ad7c0b50becf07272b2086b2c1cfd?s=96&d=mm&r=g\",\"contentUrl\":\"https:\\\/\\\/secure.gravatar.com\\\/avatar\\\/528c714482569d81724b02603aa719344e9ad7c0b50becf07272b2086b2c1cfd?s=96&d=mm&r=g\",\"caption\":\"admin\"},\"url\":\"https:\\\/\\\/www.prooptica.pt\\\/es\\\/author\\\/admin\\\/\"}]}<\/script>\n<!-- \/ Yoast SEO plugin. -->","yoast_head_json":{"title":"Sevenoaks | Nueva temporada","description":"Sevanoaks revela que la moda es una plataforma para la expresi\u00f3n personal y esta nueva colecci\u00f3n garantiza que cada persona sea \u00fanica.","robots":{"index":"index","follow":"follow","max-snippet":"max-snippet:-1","max-image-preview":"max-image-preview:large","max-video-preview":"max-video-preview:-1"},"canonical":"https:\/\/www.prooptica.pt\/es\/sevenoaks-la-increible-nueva-temporada\/","og_locale":"es_ES","og_type":"article","og_title":"Sevenoaks | New Season","og_description":"A Sevanoaks revela que a moda \u00e9 uma plataforma de express\u00e3o pessoal e esta nova cole\u00e7\u00e3o garante que cada pessoa se torna \u00fanica.","og_url":"https:\/\/www.prooptica.pt\/es\/sevenoaks-la-increible-nueva-temporada\/","og_site_name":"Prooptica","article_published_time":"2025-02-27T17:46:55+00:00","article_modified_time":"2025-02-27T17:55:06+00:00","og_image":[{"width":852,"height":514,"url":"https:\/\/www.prooptica.pt\/wp-content\/uploads\/2025\/02\/Capa-artigo-blog-5.jpg","type":"image\/jpeg"}],"author":"admin","twitter_card":"summary_large_image","twitter_misc":{"Escrito por":"admin","Tiempo de lectura":"1 minuto"},"schema":{"@context":"https:\/\/schema.org","@graph":[{"@type":"Article","@id":"https:\/\/www.prooptica.pt\/sevenoaks-the-incredible-new-season\/#article","isPartOf":{"@id":"https:\/\/www.prooptica.pt\/sevenoaks-the-incredible-new-season\/"},"author":{"name":"admin","@id":"https:\/\/www.prooptica.pt\/home\/#\/schema\/person\/1cbd826a9322a3c38a052e43d1638306"},"headline":"Sevenoaks | The Incredible New Season","datePublished":"2025-02-27T17:46:55+00:00","dateModified":"2025-02-27T17:55:06+00:00","mainEntityOfPage":{"@id":"https:\/\/www.prooptica.pt\/sevenoaks-the-incredible-new-season\/"},"wordCount":183,"image":{"@id":"https:\/\/www.prooptica.pt\/sevenoaks-the-incredible-new-season\/#primaryimage"},"thumbnailUrl":"https:\/\/www.prooptica.pt\/wp-content\/uploads\/2025\/02\/Capa-artigo-blog-5.jpg","articleSection":["Moda Portuguesa","\u00d3culos"],"inLanguage":"es"},{"@type":"WebPage","@id":"https:\/\/www.prooptica.pt\/sevenoaks-the-incredible-new-season\/","url":"https:\/\/www.prooptica.pt\/sevenoaks-the-incredible-new-season\/","name":"Sevenoaks | Nueva temporada","isPartOf":{"@id":"https:\/\/www.prooptica.pt\/home\/#website"},"primaryImageOfPage":{"@id":"https:\/\/www.prooptica.pt\/sevenoaks-the-incredible-new-season\/#primaryimage"},"image":{"@id":"https:\/\/www.prooptica.pt\/sevenoaks-the-incredible-new-season\/#primaryimage"},"thumbnailUrl":"https:\/\/www.prooptica.pt\/wp-content\/uploads\/2025\/02\/Capa-artigo-blog-5.jpg","datePublished":"2025-02-27T17:46:55+00:00","dateModified":"2025-02-27T17:55:06+00:00","author":{"@id":"https:\/\/www.prooptica.pt\/home\/#\/schema\/person\/1cbd826a9322a3c38a052e43d1638306"},"description":"Sevanoaks revela que la moda es una plataforma para la expresi\u00f3n personal y esta nueva colecci\u00f3n garantiza que cada persona sea \u00fanica.","breadcrumb":{"@id":"https:\/\/www.prooptica.pt\/sevenoaks-the-incredible-new-season\/#breadcrumb"},"inLanguage":"es","potentialAction":[{"@type":"ReadAction","target":["https:\/\/www.prooptica.pt\/sevenoaks-the-incredible-new-season\/"]}]},{"@type":"ImageObject","inLanguage":"es","@id":"https:\/\/www.prooptica.pt\/sevenoaks-the-incredible-new-season\/#primaryimage","url":"https:\/\/www.prooptica.pt\/wp-content\/uploads\/2025\/02\/Capa-artigo-blog-5.jpg","contentUrl":"https:\/\/www.prooptica.pt\/wp-content\/uploads\/2025\/02\/Capa-artigo-blog-5.jpg","width":852,"height":514},{"@type":"BreadcrumbList","@id":"https:\/\/www.prooptica.pt\/sevenoaks-the-incredible-new-season\/#breadcrumb","itemListElement":[{"@type":"ListItem","position":1,"name":"In\u00edcio","item":"https:\/\/www.prooptica.pt\/"},{"@type":"ListItem","position":2,"name":"Sevenoaks | The Incredible New Season"}]},{"@type":"WebSite","@id":"https:\/\/www.prooptica.pt\/home\/#website","url":"https:\/\/www.prooptica.pt\/home\/","name":"Prooptica","description":"Concepto de gafas completas","potentialAction":[{"@type":"SearchAction","target":{"@type":"EntryPoint","urlTemplate":"https:\/\/www.prooptica.pt\/home\/?s={search_term_string}"},"query-input":{"@type":"PropertyValueSpecification","valueRequired":true,"valueName":"search_term_string"}}],"inLanguage":"es"},{"@type":"Person","@id":"https:\/\/www.prooptica.pt\/home\/#\/schema\/person\/1cbd826a9322a3c38a052e43d1638306","name":"admin","image":{"@type":"ImageObject","inLanguage":"es","@id":"https:\/\/secure.gravatar.com\/avatar\/528c714482569d81724b02603aa719344e9ad7c0b50becf07272b2086b2c1cfd?s=96&d=mm&r=g","url":"https:\/\/secure.gravatar.com\/avatar\/528c714482569d81724b02603aa719344e9ad7c0b50becf07272b2086b2c1cfd?s=96&d=mm&r=g","contentUrl":"https:\/\/secure.gravatar.com\/avatar\/528c714482569d81724b02603aa719344e9ad7c0b50becf07272b2086b2c1cfd?s=96&d=mm&r=g","caption":"admin"},"url":"https:\/\/www.prooptica.pt\/es\/author\/admin\/"}]}},"_links":{"self":[{"href":"https:\/\/www.prooptica.pt\/es\/wp-json\/wp\/v2\/posts\/21785","targetHints":{"allow":["GET"]}}],"collection":[{"href":"https:\/\/www.prooptica.pt\/es\/wp-json\/wp\/v2\/posts"}],"about":[{"href":"https:\/\/www.prooptica.pt\/es\/wp-json\/wp\/v2\/types\/post"}],"author":[{"embeddable":true,"href":"https:\/\/www.prooptica.pt\/es\/wp-json\/wp\/v2\/users\/2"}],"replies":[{"embeddable":true,"href":"https:\/\/www.prooptica.pt\/es\/wp-json\/wp\/v2\/comments?post=21785"}],"version-history":[{"count":2,"href":"https:\/\/www.prooptica.pt\/es\/wp-json\/wp\/v2\/posts\/21785\/revisions"}],"predecessor-version":[{"id":21790,"href":"https:\/\/www.prooptica.pt\/es\/wp-json\/wp\/v2\/posts\/21785\/revisions\/21790"}],"wp:featuredmedia":[{"embeddable":true,"href":"https:\/\/www.prooptica.pt\/es\/wp-json\/wp\/v2\/media\/21786"}],"wp:attachment":[{"href":"https:\/\/www.prooptica.pt\/es\/wp-json\/wp\/v2\/media?parent=21785"}],"wp:term":[{"taxonomy":"category","embeddable":true,"href":"https:\/\/www.prooptica.pt\/es\/wp-json\/wp\/v2\/categories?post=21785"},{"taxonomy":"post_tag","embeddable":true,"href":"https:\/\/www.prooptica.pt\/es\/wp-json\/wp\/v2\/tags?post=21785"}],"curies":[{"name":"wp","href":"https:\/\/api.w.org\/{rel}","templated":true}]}}