{"id":21792,"date":"2025-02-28T10:11:59","date_gmt":"2025-02-28T10:11:59","guid":{"rendered":"https:\/\/www.prooptica.pt\/?p=21792"},"modified":"2025-02-28T10:15:20","modified_gmt":"2025-02-28T10:15:20","slug":"dia-mundial-de-la-eficiencia-energetica-el-compromiso-de-la-arquitectura","status":"publish","type":"post","link":"https:\/\/www.prooptica.pt\/es\/dia-mundial-da-eficiencia-energetica-o-compromisso-da-arquitetura\/","title":{"rendered":"D\u00eda Mundial de la Eficiencia Energ\u00e9tica | El compromiso de la arquitectura"},"content":{"rendered":"<p>En el D\u00eda Mundial de la Eficiencia Energ\u00e9tica, que se celebra el 5 de marzo, debemos reflexionar sobre c\u00f3mo la sostenibilidad y el uso consciente de los recursos se han convertido en pilares fundamentales en las industrias del dise\u00f1o y la arquitectura. Este d\u00eda no s\u00f3lo sirve para reconocer los avances logrados, sino tambi\u00e9n para reafirmar el compromiso de profesionales y empresas con pr\u00e1cticas que respeten y protejan nuestro planeta.<\/p>\n<p>La eficiencia energ\u00e9tica, que se refiere al uso eficaz y racional de la energ\u00eda, implica aplicar tecnolog\u00edas y m\u00e9todos que reduzcan el consumo de energ\u00eda sin comprometer la calidad de vida. En dise\u00f1o + arquitectura, esto se traduce en crear espacios que no solo sean est\u00e9ticamente agradables, sino tambi\u00e9n energ\u00e9ticamente eficientes y sostenibles a largo plazo.<\/p>\n<p>Nuestro equipo de dise\u00f1o + arquitectura se preocupa constantemente por la eficiencia energ\u00e9tica. Desde la fase conceptual hasta la ejecuci\u00f3n final de los proyectos, incorporamos estrategias que minimizan el impacto medioambiental de los edificios. Siempre que es posible, esto implica elegir materiales sostenibles, aprovechar al m\u00e1ximo la luz natural y utilizar tecnolog\u00edas innovadoras que garanticen una mayor eficiencia energ\u00e9tica.<\/p>\n<p>El D\u00eda Mundial de la Eficiencia Energ\u00e9tica es una oportunidad para poner de relieve estas iniciativas y recordar que cada elecci\u00f3n en el proceso de dise\u00f1o y construcci\u00f3n puede contribuir a un futuro m\u00e1s sostenible. En nuestra \u00e1rea de dise\u00f1o + arquitectura, seguimos comprometidos a predicar con el ejemplo, demostrando que es posible combinar la innovaci\u00f3n est\u00e9tica con el rendimiento energ\u00e9tico.<\/p>\n<p>Al hacer hincapi\u00e9 en la importancia de la eficiencia energ\u00e9tica en nuestros proyectos, no s\u00f3lo respondemos a los requisitos normativos y las expectativas de los clientes, sino que tambi\u00e9n reforzamos nuestro papel activo en la protecci\u00f3n del medio ambiente. Celebrar este d\u00eda nos recuerda que juntos podemos construir un mundo m\u00e1s eficiente y sostenible para las generaciones futuras.<\/p>","protected":false},"excerpt":{"rendered":"<p>No Dia Mundial da Efici\u00eancia Energ\u00e9tica, celebrado a 5 de mar\u00e7o, devemos refletir sobre como a sustentabilidade e o uso consciente de recursos se tornaram pilares fundamentais nas ind\u00fastrias de design e arquitetura. Este dia n\u00e3o serve apenas para reconhecer os avan\u00e7os alcan\u00e7ados, mas tamb\u00e9m para reafirmar o compromisso de profissionais e empresas, com pr\u00e1ticas [&hellip;]<\/p>\n","protected":false},"author":2,"featured_media":21794,"comment_status":"closed","ping_status":"closed","sticky":false,"template":"","format":"standard","meta":{"footnotes":""},"categories":[41,197],"tags":[],"class_list":["post-21792","post","type-post","status-publish","format-standard","has-post-thumbnail","hentry","category-design-arquitetura","category-sustentabilidade"],"yoast_head":"<!-- This site is optimized with the Yoast SEO plugin v27.5 - https:\/\/yoast.com\/product\/yoast-seo-wordpress\/ -->\n<title>Dia Mundial da Efici\u00eancia Energ\u00e9tica<\/title>\n<meta name=\"description\" content=\"Na nossa \u00e1rea de design+arquitetura, continuamos comprometidos em mostrar que \u00e9 poss\u00edvel aliar a inova\u00e7\u00e3o est\u00e9tica ao desempenho energ\u00e9tico.\" \/>\n<meta name=\"robots\" content=\"index, follow, max-snippet:-1, max-image-preview:large, max-video-preview:-1\" \/>\n<link rel=\"canonical\" href=\"https:\/\/www.prooptica.pt\/es\/dia-mundial-de-la-eficiencia-energetica-el-compromiso-de-la-arquitectura\/\" \/>\n<meta property=\"og:locale\" content=\"es_ES\" \/>\n<meta property=\"og:type\" content=\"article\" \/>\n<meta property=\"og:title\" content=\"Dia Mundial da Efici\u00eancia Energ\u00e9tica\" \/>\n<meta property=\"og:description\" content=\"Na nossa \u00e1rea de design+arquitetura, continuamos comprometidos em mostrar que \u00e9 poss\u00edvel aliar a inova\u00e7\u00e3o est\u00e9tica ao desempenho energ\u00e9tico.\" \/>\n<meta property=\"og:url\" content=\"https:\/\/www.prooptica.pt\/es\/dia-mundial-de-la-eficiencia-energetica-el-compromiso-de-la-arquitectura\/\" \/>\n<meta property=\"og:site_name\" content=\"Prooptica\" \/>\n<meta property=\"article:published_time\" content=\"2025-02-28T10:11:59+00:00\" \/>\n<meta property=\"article:modified_time\" content=\"2025-02-28T10:15:20+00:00\" \/>\n<meta property=\"og:image\" content=\"https:\/\/www.prooptica.pt\/wp-content\/uploads\/2025\/02\/Capa-artigo-blog-6.jpg\" \/>\n\t<meta property=\"og:image:width\" content=\"852\" \/>\n\t<meta property=\"og:image:height\" content=\"514\" \/>\n\t<meta property=\"og:image:type\" content=\"image\/jpeg\" \/>\n<meta name=\"author\" content=\"admin\" \/>\n<meta name=\"twitter:card\" content=\"summary_large_image\" \/>\n<meta name=\"twitter:label1\" content=\"Escrito por\" \/>\n\t<meta name=\"twitter:data1\" content=\"admin\" \/>\n\t<meta name=\"twitter:label2\" content=\"Tiempo de lectura\" \/>\n\t<meta name=\"twitter:data2\" content=\"2 minutos\" \/>\n<script type=\"application\/ld+json\" class=\"yoast-schema-graph\">{\"@context\":\"https:\\\/\\\/schema.org\",\"@graph\":[{\"@type\":\"Article\",\"@id\":\"https:\\\/\\\/www.prooptica.pt\\\/dia-mundial-da-eficiencia-energetica-o-compromisso-da-arquitetura\\\/#article\",\"isPartOf\":{\"@id\":\"https:\\\/\\\/www.prooptica.pt\\\/dia-mundial-da-eficiencia-energetica-o-compromisso-da-arquitetura\\\/\"},\"author\":{\"name\":\"admin\",\"@id\":\"https:\\\/\\\/www.prooptica.pt\\\/home\\\/#\\\/schema\\\/person\\\/1cbd826a9322a3c38a052e43d1638306\"},\"headline\":\"Dia Mundial da Efici\u00eancia Energ\u00e9tica | O Compromisso da Arquitetura\",\"datePublished\":\"2025-02-28T10:11:59+00:00\",\"dateModified\":\"2025-02-28T10:15:20+00:00\",\"mainEntityOfPage\":{\"@id\":\"https:\\\/\\\/www.prooptica.pt\\\/dia-mundial-da-eficiencia-energetica-o-compromisso-da-arquitetura\\\/\"},\"wordCount\":339,\"image\":{\"@id\":\"https:\\\/\\\/www.prooptica.pt\\\/dia-mundial-da-eficiencia-energetica-o-compromisso-da-arquitetura\\\/#primaryimage\"},\"thumbnailUrl\":\"https:\\\/\\\/www.prooptica.pt\\\/wp-content\\\/uploads\\\/2025\\\/02\\\/Capa-artigo-blog-6.jpg\",\"articleSection\":[\"Design + Arquitetura\",\"Sustentabilidade\"],\"inLanguage\":\"es\"},{\"@type\":\"WebPage\",\"@id\":\"https:\\\/\\\/www.prooptica.pt\\\/dia-mundial-da-eficiencia-energetica-o-compromisso-da-arquitetura\\\/\",\"url\":\"https:\\\/\\\/www.prooptica.pt\\\/dia-mundial-da-eficiencia-energetica-o-compromisso-da-arquitetura\\\/\",\"name\":\"Dia Mundial da Efici\u00eancia Energ\u00e9tica\",\"isPartOf\":{\"@id\":\"https:\\\/\\\/www.prooptica.pt\\\/home\\\/#website\"},\"primaryImageOfPage\":{\"@id\":\"https:\\\/\\\/www.prooptica.pt\\\/dia-mundial-da-eficiencia-energetica-o-compromisso-da-arquitetura\\\/#primaryimage\"},\"image\":{\"@id\":\"https:\\\/\\\/www.prooptica.pt\\\/dia-mundial-da-eficiencia-energetica-o-compromisso-da-arquitetura\\\/#primaryimage\"},\"thumbnailUrl\":\"https:\\\/\\\/www.prooptica.pt\\\/wp-content\\\/uploads\\\/2025\\\/02\\\/Capa-artigo-blog-6.jpg\",\"datePublished\":\"2025-02-28T10:11:59+00:00\",\"dateModified\":\"2025-02-28T10:15:20+00:00\",\"author\":{\"@id\":\"https:\\\/\\\/www.prooptica.pt\\\/home\\\/#\\\/schema\\\/person\\\/1cbd826a9322a3c38a052e43d1638306\"},\"description\":\"Na nossa \u00e1rea de design+arquitetura, continuamos comprometidos em mostrar que \u00e9 poss\u00edvel aliar a inova\u00e7\u00e3o est\u00e9tica ao desempenho energ\u00e9tico.\",\"breadcrumb\":{\"@id\":\"https:\\\/\\\/www.prooptica.pt\\\/dia-mundial-da-eficiencia-energetica-o-compromisso-da-arquitetura\\\/#breadcrumb\"},\"inLanguage\":\"es\",\"potentialAction\":[{\"@type\":\"ReadAction\",\"target\":[\"https:\\\/\\\/www.prooptica.pt\\\/dia-mundial-da-eficiencia-energetica-o-compromisso-da-arquitetura\\\/\"]}]},{\"@type\":\"ImageObject\",\"inLanguage\":\"es\",\"@id\":\"https:\\\/\\\/www.prooptica.pt\\\/dia-mundial-da-eficiencia-energetica-o-compromisso-da-arquitetura\\\/#primaryimage\",\"url\":\"https:\\\/\\\/www.prooptica.pt\\\/wp-content\\\/uploads\\\/2025\\\/02\\\/Capa-artigo-blog-6.jpg\",\"contentUrl\":\"https:\\\/\\\/www.prooptica.pt\\\/wp-content\\\/uploads\\\/2025\\\/02\\\/Capa-artigo-blog-6.jpg\",\"width\":852,\"height\":514},{\"@type\":\"BreadcrumbList\",\"@id\":\"https:\\\/\\\/www.prooptica.pt\\\/dia-mundial-da-eficiencia-energetica-o-compromisso-da-arquitetura\\\/#breadcrumb\",\"itemListElement\":[{\"@type\":\"ListItem\",\"position\":1,\"name\":\"In\u00edcio\",\"item\":\"https:\\\/\\\/www.prooptica.pt\\\/\"},{\"@type\":\"ListItem\",\"position\":2,\"name\":\"Dia Mundial da Efici\u00eancia Energ\u00e9tica | O Compromisso da Arquitetura\"}]},{\"@type\":\"WebSite\",\"@id\":\"https:\\\/\\\/www.prooptica.pt\\\/home\\\/#website\",\"url\":\"https:\\\/\\\/www.prooptica.pt\\\/home\\\/\",\"name\":\"Prooptica\",\"description\":\"Full Eyewear Concept\",\"potentialAction\":[{\"@type\":\"SearchAction\",\"target\":{\"@type\":\"EntryPoint\",\"urlTemplate\":\"https:\\\/\\\/www.prooptica.pt\\\/home\\\/?s={search_term_string}\"},\"query-input\":{\"@type\":\"PropertyValueSpecification\",\"valueRequired\":true,\"valueName\":\"search_term_string\"}}],\"inLanguage\":\"es\"},{\"@type\":\"Person\",\"@id\":\"https:\\\/\\\/www.prooptica.pt\\\/home\\\/#\\\/schema\\\/person\\\/1cbd826a9322a3c38a052e43d1638306\",\"name\":\"admin\",\"image\":{\"@type\":\"ImageObject\",\"inLanguage\":\"es\",\"@id\":\"https:\\\/\\\/secure.gravatar.com\\\/avatar\\\/528c714482569d81724b02603aa719344e9ad7c0b50becf07272b2086b2c1cfd?s=96&d=mm&r=g\",\"url\":\"https:\\\/\\\/secure.gravatar.com\\\/avatar\\\/528c714482569d81724b02603aa719344e9ad7c0b50becf07272b2086b2c1cfd?s=96&d=mm&r=g\",\"contentUrl\":\"https:\\\/\\\/secure.gravatar.com\\\/avatar\\\/528c714482569d81724b02603aa719344e9ad7c0b50becf07272b2086b2c1cfd?s=96&d=mm&r=g\",\"caption\":\"admin\"},\"url\":\"https:\\\/\\\/www.prooptica.pt\\\/es\\\/author\\\/admin\\\/\"}]}<\/script>\n<!-- \/ Yoast SEO plugin. -->","yoast_head_json":{"title":"D\u00eda Mundial de la Eficiencia Energ\u00e9tica","description":"En nuestra \u00e1rea de dise\u00f1o+arquitectura, seguimos empe\u00f1ados en demostrar que es posible combinar la innovaci\u00f3n est\u00e9tica con el rendimiento energ\u00e9tico.","robots":{"index":"index","follow":"follow","max-snippet":"max-snippet:-1","max-image-preview":"max-image-preview:large","max-video-preview":"max-video-preview:-1"},"canonical":"https:\/\/www.prooptica.pt\/es\/dia-mundial-de-la-eficiencia-energetica-el-compromiso-de-la-arquitectura\/","og_locale":"es_ES","og_type":"article","og_title":"Dia Mundial da Efici\u00eancia Energ\u00e9tica","og_description":"Na nossa \u00e1rea de design+arquitetura, continuamos comprometidos em mostrar que \u00e9 poss\u00edvel aliar a inova\u00e7\u00e3o est\u00e9tica ao desempenho energ\u00e9tico.","og_url":"https:\/\/www.prooptica.pt\/es\/dia-mundial-de-la-eficiencia-energetica-el-compromiso-de-la-arquitectura\/","og_site_name":"Prooptica","article_published_time":"2025-02-28T10:11:59+00:00","article_modified_time":"2025-02-28T10:15:20+00:00","og_image":[{"width":852,"height":514,"url":"https:\/\/www.prooptica.pt\/wp-content\/uploads\/2025\/02\/Capa-artigo-blog-6.jpg","type":"image\/jpeg"}],"author":"admin","twitter_card":"summary_large_image","twitter_misc":{"Escrito por":"admin","Tiempo de lectura":"2 minutos"},"schema":{"@context":"https:\/\/schema.org","@graph":[{"@type":"Article","@id":"https:\/\/www.prooptica.pt\/dia-mundial-da-eficiencia-energetica-o-compromisso-da-arquitetura\/#article","isPartOf":{"@id":"https:\/\/www.prooptica.pt\/dia-mundial-da-eficiencia-energetica-o-compromisso-da-arquitetura\/"},"author":{"name":"admin","@id":"https:\/\/www.prooptica.pt\/home\/#\/schema\/person\/1cbd826a9322a3c38a052e43d1638306"},"headline":"Dia Mundial da Efici\u00eancia Energ\u00e9tica | O Compromisso da Arquitetura","datePublished":"2025-02-28T10:11:59+00:00","dateModified":"2025-02-28T10:15:20+00:00","mainEntityOfPage":{"@id":"https:\/\/www.prooptica.pt\/dia-mundial-da-eficiencia-energetica-o-compromisso-da-arquitetura\/"},"wordCount":339,"image":{"@id":"https:\/\/www.prooptica.pt\/dia-mundial-da-eficiencia-energetica-o-compromisso-da-arquitetura\/#primaryimage"},"thumbnailUrl":"https:\/\/www.prooptica.pt\/wp-content\/uploads\/2025\/02\/Capa-artigo-blog-6.jpg","articleSection":["Design + Arquitetura","Sustentabilidade"],"inLanguage":"es"},{"@type":"WebPage","@id":"https:\/\/www.prooptica.pt\/dia-mundial-da-eficiencia-energetica-o-compromisso-da-arquitetura\/","url":"https:\/\/www.prooptica.pt\/dia-mundial-da-eficiencia-energetica-o-compromisso-da-arquitetura\/","name":"D\u00eda Mundial de la Eficiencia Energ\u00e9tica","isPartOf":{"@id":"https:\/\/www.prooptica.pt\/home\/#website"},"primaryImageOfPage":{"@id":"https:\/\/www.prooptica.pt\/dia-mundial-da-eficiencia-energetica-o-compromisso-da-arquitetura\/#primaryimage"},"image":{"@id":"https:\/\/www.prooptica.pt\/dia-mundial-da-eficiencia-energetica-o-compromisso-da-arquitetura\/#primaryimage"},"thumbnailUrl":"https:\/\/www.prooptica.pt\/wp-content\/uploads\/2025\/02\/Capa-artigo-blog-6.jpg","datePublished":"2025-02-28T10:11:59+00:00","dateModified":"2025-02-28T10:15:20+00:00","author":{"@id":"https:\/\/www.prooptica.pt\/home\/#\/schema\/person\/1cbd826a9322a3c38a052e43d1638306"},"description":"En nuestra \u00e1rea de dise\u00f1o+arquitectura, seguimos empe\u00f1ados en demostrar que es posible combinar la innovaci\u00f3n est\u00e9tica con el rendimiento energ\u00e9tico.","breadcrumb":{"@id":"https:\/\/www.prooptica.pt\/dia-mundial-da-eficiencia-energetica-o-compromisso-da-arquitetura\/#breadcrumb"},"inLanguage":"es","potentialAction":[{"@type":"ReadAction","target":["https:\/\/www.prooptica.pt\/dia-mundial-da-eficiencia-energetica-o-compromisso-da-arquitetura\/"]}]},{"@type":"ImageObject","inLanguage":"es","@id":"https:\/\/www.prooptica.pt\/dia-mundial-da-eficiencia-energetica-o-compromisso-da-arquitetura\/#primaryimage","url":"https:\/\/www.prooptica.pt\/wp-content\/uploads\/2025\/02\/Capa-artigo-blog-6.jpg","contentUrl":"https:\/\/www.prooptica.pt\/wp-content\/uploads\/2025\/02\/Capa-artigo-blog-6.jpg","width":852,"height":514},{"@type":"BreadcrumbList","@id":"https:\/\/www.prooptica.pt\/dia-mundial-da-eficiencia-energetica-o-compromisso-da-arquitetura\/#breadcrumb","itemListElement":[{"@type":"ListItem","position":1,"name":"In\u00edcio","item":"https:\/\/www.prooptica.pt\/"},{"@type":"ListItem","position":2,"name":"Dia Mundial da Efici\u00eancia Energ\u00e9tica | O Compromisso da Arquitetura"}]},{"@type":"WebSite","@id":"https:\/\/www.prooptica.pt\/home\/#website","url":"https:\/\/www.prooptica.pt\/home\/","name":"Prooptica","description":"Concepto de gafas completas","potentialAction":[{"@type":"SearchAction","target":{"@type":"EntryPoint","urlTemplate":"https:\/\/www.prooptica.pt\/home\/?s={search_term_string}"},"query-input":{"@type":"PropertyValueSpecification","valueRequired":true,"valueName":"search_term_string"}}],"inLanguage":"es"},{"@type":"Person","@id":"https:\/\/www.prooptica.pt\/home\/#\/schema\/person\/1cbd826a9322a3c38a052e43d1638306","name":"admin","image":{"@type":"ImageObject","inLanguage":"es","@id":"https:\/\/secure.gravatar.com\/avatar\/528c714482569d81724b02603aa719344e9ad7c0b50becf07272b2086b2c1cfd?s=96&d=mm&r=g","url":"https:\/\/secure.gravatar.com\/avatar\/528c714482569d81724b02603aa719344e9ad7c0b50becf07272b2086b2c1cfd?s=96&d=mm&r=g","contentUrl":"https:\/\/secure.gravatar.com\/avatar\/528c714482569d81724b02603aa719344e9ad7c0b50becf07272b2086b2c1cfd?s=96&d=mm&r=g","caption":"admin"},"url":"https:\/\/www.prooptica.pt\/es\/author\/admin\/"}]}},"_links":{"self":[{"href":"https:\/\/www.prooptica.pt\/es\/wp-json\/wp\/v2\/posts\/21792","targetHints":{"allow":["GET"]}}],"collection":[{"href":"https:\/\/www.prooptica.pt\/es\/wp-json\/wp\/v2\/posts"}],"about":[{"href":"https:\/\/www.prooptica.pt\/es\/wp-json\/wp\/v2\/types\/post"}],"author":[{"embeddable":true,"href":"https:\/\/www.prooptica.pt\/es\/wp-json\/wp\/v2\/users\/2"}],"replies":[{"embeddable":true,"href":"https:\/\/www.prooptica.pt\/es\/wp-json\/wp\/v2\/comments?post=21792"}],"version-history":[{"count":3,"href":"https:\/\/www.prooptica.pt\/es\/wp-json\/wp\/v2\/posts\/21792\/revisions"}],"predecessor-version":[{"id":21797,"href":"https:\/\/www.prooptica.pt\/es\/wp-json\/wp\/v2\/posts\/21792\/revisions\/21797"}],"wp:featuredmedia":[{"embeddable":true,"href":"https:\/\/www.prooptica.pt\/es\/wp-json\/wp\/v2\/media\/21794"}],"wp:attachment":[{"href":"https:\/\/www.prooptica.pt\/es\/wp-json\/wp\/v2\/media?parent=21792"}],"wp:term":[{"taxonomy":"category","embeddable":true,"href":"https:\/\/www.prooptica.pt\/es\/wp-json\/wp\/v2\/categories?post=21792"},{"taxonomy":"post_tag","embeddable":true,"href":"https:\/\/www.prooptica.pt\/es\/wp-json\/wp\/v2\/tags?post=21792"}],"curies":[{"name":"wp","href":"https:\/\/api.w.org\/{rel}","templated":true}]}}