{"id":21855,"date":"2025-03-07T18:45:16","date_gmt":"2025-03-07T18:45:16","guid":{"rendered":"https:\/\/www.prooptica.pt\/?p=21855"},"modified":"2025-03-07T18:45:16","modified_gmt":"2025-03-07T18:45:16","slug":"dia-internacional-de-la-mujer-empoderamiento-femenino-en-prooptica-2","status":"publish","type":"post","link":"https:\/\/www.prooptica.pt\/es\/dia-internacional-da-mulher-empoderamento-feminino-na-prooptica\/","title":{"rendered":"D\u00eda Internacional de la Mujer | Empoderamiento femenino en Prooptica"},"content":{"rendered":"<p>En el D\u00eda Internacional de la Mujer, que se celebra anualmente el 8 de marzo, es esencial destacar el papel fundamental que desempe\u00f1an las mujeres en todos los sectores de nuestra sociedad, incluido el mundo empresarial. En Prooptica, la igualdad de derechos no es s\u00f3lo un objetivo, sino una realidad que vivimos cada d\u00eda. Las mujeres no s\u00f3lo forman parte de nuestro equipo, sino que lideran y dan forma al futuro de nuestra empresa, demostrando la importancia de la diversidad y la inclusi\u00f3n en el lugar de trabajo.<\/p>\n<p>En Prooptica, nos enorgullece decir que las mujeres ocupan puestos de alta direcci\u00f3n, desempe\u00f1ando papeles clave en la toma de decisiones y la estrategia empresarial. Esta representaci\u00f3n femenina en puestos directivos es un reflejo de nuestro compromiso con la igualdad de oportunidades para todos, independientemente del sexo.<\/p>\n<p>La presencia de mujeres en la direcci\u00f3n de Prooptica ha sido una fuerza impulsora de nuestro \u00e9xito. Las perspectivas \u00fanicas que aportan las mujeres enriquecen el debate, conducen a mejores decisiones y promueven un entorno de trabajo m\u00e1s armonioso y productivo. Creemos que equilibrar las voces de hombres y mujeres no s\u00f3lo refuerza nuestro equipo, sino que tambi\u00e9n nos hace m\u00e1s sensibles a las necesidades de nuestros clientes y a la din\u00e1mica del mercado.<\/p>\n<p>A lo largo de los a\u00f1os, Prooptica se ha esforzado por crear un entorno en el que las mujeres no s\u00f3lo prosperan, sino que lideran con confianza. As\u00ed lo demuestran no solo los puestos que ocupan, sino tambi\u00e9n la pol\u00edtica y la cultura de la empresa, que fomentan la igualdad, el respeto mutuo y el desarrollo profesional de todos los empleados.<\/p>\n<p>En el D\u00eda de la Mujer, queremos expresar nuestra gratitud y admiraci\u00f3n a todas las mujeres de Prooptica, cuyo talento, dedicaci\u00f3n y liderazgo siguen inspirando e impulsando la prosperidad de nuestra empresa. Es un recordatorio de que cuando las mujeres prosperan, las empresas y la sociedad tambi\u00e9n lo hacen.<\/p>\n<p>Hoy celebramos no s\u00f3lo los logros de las mujeres en Prooptica, sino en todo el mundo. Seguiremos apoyando y promoviendo la igualdad de derechos y oportunidades, porque sabemos que el equilibrio de g\u00e9nero en el lugar de trabajo es esencial para crear un futuro m\u00e1s justo y exitoso para todos. \u00a1Feliz D\u00eda de la Mujer!<\/p>","protected":false},"excerpt":{"rendered":"<p>No Dia Internacional da Mulher, celebrado anualmente a 8 de mar\u00e7o, \u00e9 essencial destacar o papel fundamental que as mulheres desempenham em todos os setores da nossa sociedade, incluindo no mundo empresarial. Na Prooptica, a igualdade de direitos n\u00e3o \u00e9 apenas um objetivo, mas uma realidade que vivemos diariamente. As mulheres n\u00e3o s\u00f3 fazem parte [&hellip;]<\/p>\n","protected":false},"author":2,"featured_media":21860,"comment_status":"closed","ping_status":"closed","sticky":false,"template":"","format":"standard","meta":{"footnotes":""},"categories":[195],"tags":[],"class_list":["post-21855","post","type-post","status-publish","format-standard","has-post-thumbnail","hentry","category-institucional"],"yoast_head":"<!-- This site is optimized with the Yoast SEO plugin v27.5 - https:\/\/yoast.com\/product\/yoast-seo-wordpress\/ -->\n<title>Dia Internacional da Mulher<\/title>\n<meta name=\"description\" content=\"No Dia da Mulher, gostar\u00edamos de expressar toda a nossa gratid\u00e3o e admira\u00e7\u00e3o por todas as mulheres da Prooptica, cujo talento nos inspira.\" \/>\n<meta name=\"robots\" content=\"index, follow, max-snippet:-1, max-image-preview:large, max-video-preview:-1\" \/>\n<link rel=\"canonical\" href=\"https:\/\/www.prooptica.pt\/es\/dia-internacional-de-la-mujer-empoderamiento-femenino-en-prooptica-2\/\" \/>\n<meta property=\"og:locale\" content=\"es_ES\" \/>\n<meta property=\"og:type\" content=\"article\" \/>\n<meta property=\"og:title\" content=\"Dia Internacional da Mulher\" \/>\n<meta property=\"og:description\" content=\"No Dia da Mulher, gostar\u00edamos de expressar toda a nossa gratid\u00e3o e admira\u00e7\u00e3o por todas as mulheres da Prooptica, cujo talento nos inspira.\" \/>\n<meta property=\"og:url\" content=\"https:\/\/www.prooptica.pt\/es\/dia-internacional-de-la-mujer-empoderamiento-femenino-en-prooptica-2\/\" \/>\n<meta property=\"og:site_name\" content=\"Prooptica\" \/>\n<meta property=\"article:published_time\" content=\"2025-03-07T18:45:16+00:00\" \/>\n<meta property=\"og:image\" content=\"https:\/\/www.prooptica.pt\/wp-content\/uploads\/2025\/03\/Capa-artigo-blog.jpg\" \/>\n\t<meta property=\"og:image:width\" content=\"852\" \/>\n\t<meta property=\"og:image:height\" content=\"514\" \/>\n\t<meta property=\"og:image:type\" content=\"image\/jpeg\" \/>\n<meta name=\"author\" content=\"admin\" \/>\n<meta name=\"twitter:card\" content=\"summary_large_image\" \/>\n<meta name=\"twitter:label1\" content=\"Escrito por\" \/>\n\t<meta name=\"twitter:data1\" content=\"admin\" \/>\n\t<meta name=\"twitter:label2\" content=\"Tiempo de lectura\" \/>\n\t<meta name=\"twitter:data2\" content=\"2 minutos\" \/>\n<script type=\"application\/ld+json\" class=\"yoast-schema-graph\">{\"@context\":\"https:\\\/\\\/schema.org\",\"@graph\":[{\"@type\":\"Article\",\"@id\":\"https:\\\/\\\/www.prooptica.pt\\\/dia-internacional-da-mulher-empoderamento-feminino-na-prooptica\\\/#article\",\"isPartOf\":{\"@id\":\"https:\\\/\\\/www.prooptica.pt\\\/dia-internacional-da-mulher-empoderamento-feminino-na-prooptica\\\/\"},\"author\":{\"name\":\"admin\",\"@id\":\"https:\\\/\\\/www.prooptica.pt\\\/home\\\/#\\\/schema\\\/person\\\/1cbd826a9322a3c38a052e43d1638306\"},\"headline\":\"Dia Internacional da Mulher | Empoderamento Feminino na Prooptica\",\"datePublished\":\"2025-03-07T18:45:16+00:00\",\"mainEntityOfPage\":{\"@id\":\"https:\\\/\\\/www.prooptica.pt\\\/dia-internacional-da-mulher-empoderamento-feminino-na-prooptica\\\/\"},\"wordCount\":399,\"image\":{\"@id\":\"https:\\\/\\\/www.prooptica.pt\\\/dia-internacional-da-mulher-empoderamento-feminino-na-prooptica\\\/#primaryimage\"},\"thumbnailUrl\":\"https:\\\/\\\/www.prooptica.pt\\\/wp-content\\\/uploads\\\/2025\\\/03\\\/Capa-artigo-blog.jpg\",\"articleSection\":[\"Institucional\"],\"inLanguage\":\"es\"},{\"@type\":\"WebPage\",\"@id\":\"https:\\\/\\\/www.prooptica.pt\\\/dia-internacional-da-mulher-empoderamento-feminino-na-prooptica\\\/\",\"url\":\"https:\\\/\\\/www.prooptica.pt\\\/dia-internacional-da-mulher-empoderamento-feminino-na-prooptica\\\/\",\"name\":\"Dia Internacional da Mulher\",\"isPartOf\":{\"@id\":\"https:\\\/\\\/www.prooptica.pt\\\/home\\\/#website\"},\"primaryImageOfPage\":{\"@id\":\"https:\\\/\\\/www.prooptica.pt\\\/dia-internacional-da-mulher-empoderamento-feminino-na-prooptica\\\/#primaryimage\"},\"image\":{\"@id\":\"https:\\\/\\\/www.prooptica.pt\\\/dia-internacional-da-mulher-empoderamento-feminino-na-prooptica\\\/#primaryimage\"},\"thumbnailUrl\":\"https:\\\/\\\/www.prooptica.pt\\\/wp-content\\\/uploads\\\/2025\\\/03\\\/Capa-artigo-blog.jpg\",\"datePublished\":\"2025-03-07T18:45:16+00:00\",\"author\":{\"@id\":\"https:\\\/\\\/www.prooptica.pt\\\/home\\\/#\\\/schema\\\/person\\\/1cbd826a9322a3c38a052e43d1638306\"},\"description\":\"No Dia da Mulher, gostar\u00edamos de expressar toda a nossa gratid\u00e3o e admira\u00e7\u00e3o por todas as mulheres da Prooptica, cujo talento nos inspira.\",\"breadcrumb\":{\"@id\":\"https:\\\/\\\/www.prooptica.pt\\\/dia-internacional-da-mulher-empoderamento-feminino-na-prooptica\\\/#breadcrumb\"},\"inLanguage\":\"es\",\"potentialAction\":[{\"@type\":\"ReadAction\",\"target\":[\"https:\\\/\\\/www.prooptica.pt\\\/dia-internacional-da-mulher-empoderamento-feminino-na-prooptica\\\/\"]}]},{\"@type\":\"ImageObject\",\"inLanguage\":\"es\",\"@id\":\"https:\\\/\\\/www.prooptica.pt\\\/dia-internacional-da-mulher-empoderamento-feminino-na-prooptica\\\/#primaryimage\",\"url\":\"https:\\\/\\\/www.prooptica.pt\\\/wp-content\\\/uploads\\\/2025\\\/03\\\/Capa-artigo-blog.jpg\",\"contentUrl\":\"https:\\\/\\\/www.prooptica.pt\\\/wp-content\\\/uploads\\\/2025\\\/03\\\/Capa-artigo-blog.jpg\",\"width\":852,\"height\":514},{\"@type\":\"BreadcrumbList\",\"@id\":\"https:\\\/\\\/www.prooptica.pt\\\/dia-internacional-da-mulher-empoderamento-feminino-na-prooptica\\\/#breadcrumb\",\"itemListElement\":[{\"@type\":\"ListItem\",\"position\":1,\"name\":\"In\u00edcio\",\"item\":\"https:\\\/\\\/www.prooptica.pt\\\/\"},{\"@type\":\"ListItem\",\"position\":2,\"name\":\"Dia Internacional da Mulher | Empoderamento Feminino na Prooptica\"}]},{\"@type\":\"WebSite\",\"@id\":\"https:\\\/\\\/www.prooptica.pt\\\/home\\\/#website\",\"url\":\"https:\\\/\\\/www.prooptica.pt\\\/home\\\/\",\"name\":\"Prooptica\",\"description\":\"Full Eyewear Concept\",\"potentialAction\":[{\"@type\":\"SearchAction\",\"target\":{\"@type\":\"EntryPoint\",\"urlTemplate\":\"https:\\\/\\\/www.prooptica.pt\\\/home\\\/?s={search_term_string}\"},\"query-input\":{\"@type\":\"PropertyValueSpecification\",\"valueRequired\":true,\"valueName\":\"search_term_string\"}}],\"inLanguage\":\"es\"},{\"@type\":\"Person\",\"@id\":\"https:\\\/\\\/www.prooptica.pt\\\/home\\\/#\\\/schema\\\/person\\\/1cbd826a9322a3c38a052e43d1638306\",\"name\":\"admin\",\"image\":{\"@type\":\"ImageObject\",\"inLanguage\":\"es\",\"@id\":\"https:\\\/\\\/secure.gravatar.com\\\/avatar\\\/528c714482569d81724b02603aa719344e9ad7c0b50becf07272b2086b2c1cfd?s=96&d=mm&r=g\",\"url\":\"https:\\\/\\\/secure.gravatar.com\\\/avatar\\\/528c714482569d81724b02603aa719344e9ad7c0b50becf07272b2086b2c1cfd?s=96&d=mm&r=g\",\"contentUrl\":\"https:\\\/\\\/secure.gravatar.com\\\/avatar\\\/528c714482569d81724b02603aa719344e9ad7c0b50becf07272b2086b2c1cfd?s=96&d=mm&r=g\",\"caption\":\"admin\"},\"url\":\"https:\\\/\\\/www.prooptica.pt\\\/es\\\/author\\\/admin\\\/\"}]}<\/script>\n<!-- \/ Yoast SEO plugin. -->","yoast_head_json":{"title":"D\u00eda Internacional de la Mujer","description":"En el D\u00eda de la Mujer, queremos expresar nuestra gratitud y admiraci\u00f3n a todas las mujeres de Prooptica, cuyo talento nos inspira.","robots":{"index":"index","follow":"follow","max-snippet":"max-snippet:-1","max-image-preview":"max-image-preview:large","max-video-preview":"max-video-preview:-1"},"canonical":"https:\/\/www.prooptica.pt\/es\/dia-internacional-de-la-mujer-empoderamiento-femenino-en-prooptica-2\/","og_locale":"es_ES","og_type":"article","og_title":"Dia Internacional da Mulher","og_description":"No Dia da Mulher, gostar\u00edamos de expressar toda a nossa gratid\u00e3o e admira\u00e7\u00e3o por todas as mulheres da Prooptica, cujo talento nos inspira.","og_url":"https:\/\/www.prooptica.pt\/es\/dia-internacional-de-la-mujer-empoderamiento-femenino-en-prooptica-2\/","og_site_name":"Prooptica","article_published_time":"2025-03-07T18:45:16+00:00","og_image":[{"width":852,"height":514,"url":"https:\/\/www.prooptica.pt\/wp-content\/uploads\/2025\/03\/Capa-artigo-blog.jpg","type":"image\/jpeg"}],"author":"admin","twitter_card":"summary_large_image","twitter_misc":{"Escrito por":"admin","Tiempo de lectura":"2 minutos"},"schema":{"@context":"https:\/\/schema.org","@graph":[{"@type":"Article","@id":"https:\/\/www.prooptica.pt\/dia-internacional-da-mulher-empoderamento-feminino-na-prooptica\/#article","isPartOf":{"@id":"https:\/\/www.prooptica.pt\/dia-internacional-da-mulher-empoderamento-feminino-na-prooptica\/"},"author":{"name":"admin","@id":"https:\/\/www.prooptica.pt\/home\/#\/schema\/person\/1cbd826a9322a3c38a052e43d1638306"},"headline":"Dia Internacional da Mulher | Empoderamento Feminino na Prooptica","datePublished":"2025-03-07T18:45:16+00:00","mainEntityOfPage":{"@id":"https:\/\/www.prooptica.pt\/dia-internacional-da-mulher-empoderamento-feminino-na-prooptica\/"},"wordCount":399,"image":{"@id":"https:\/\/www.prooptica.pt\/dia-internacional-da-mulher-empoderamento-feminino-na-prooptica\/#primaryimage"},"thumbnailUrl":"https:\/\/www.prooptica.pt\/wp-content\/uploads\/2025\/03\/Capa-artigo-blog.jpg","articleSection":["Institucional"],"inLanguage":"es"},{"@type":"WebPage","@id":"https:\/\/www.prooptica.pt\/dia-internacional-da-mulher-empoderamento-feminino-na-prooptica\/","url":"https:\/\/www.prooptica.pt\/dia-internacional-da-mulher-empoderamento-feminino-na-prooptica\/","name":"D\u00eda Internacional de la Mujer","isPartOf":{"@id":"https:\/\/www.prooptica.pt\/home\/#website"},"primaryImageOfPage":{"@id":"https:\/\/www.prooptica.pt\/dia-internacional-da-mulher-empoderamento-feminino-na-prooptica\/#primaryimage"},"image":{"@id":"https:\/\/www.prooptica.pt\/dia-internacional-da-mulher-empoderamento-feminino-na-prooptica\/#primaryimage"},"thumbnailUrl":"https:\/\/www.prooptica.pt\/wp-content\/uploads\/2025\/03\/Capa-artigo-blog.jpg","datePublished":"2025-03-07T18:45:16+00:00","author":{"@id":"https:\/\/www.prooptica.pt\/home\/#\/schema\/person\/1cbd826a9322a3c38a052e43d1638306"},"description":"En el D\u00eda de la Mujer, queremos expresar nuestra gratitud y admiraci\u00f3n a todas las mujeres de Prooptica, cuyo talento nos inspira.","breadcrumb":{"@id":"https:\/\/www.prooptica.pt\/dia-internacional-da-mulher-empoderamento-feminino-na-prooptica\/#breadcrumb"},"inLanguage":"es","potentialAction":[{"@type":"ReadAction","target":["https:\/\/www.prooptica.pt\/dia-internacional-da-mulher-empoderamento-feminino-na-prooptica\/"]}]},{"@type":"ImageObject","inLanguage":"es","@id":"https:\/\/www.prooptica.pt\/dia-internacional-da-mulher-empoderamento-feminino-na-prooptica\/#primaryimage","url":"https:\/\/www.prooptica.pt\/wp-content\/uploads\/2025\/03\/Capa-artigo-blog.jpg","contentUrl":"https:\/\/www.prooptica.pt\/wp-content\/uploads\/2025\/03\/Capa-artigo-blog.jpg","width":852,"height":514},{"@type":"BreadcrumbList","@id":"https:\/\/www.prooptica.pt\/dia-internacional-da-mulher-empoderamento-feminino-na-prooptica\/#breadcrumb","itemListElement":[{"@type":"ListItem","position":1,"name":"In\u00edcio","item":"https:\/\/www.prooptica.pt\/"},{"@type":"ListItem","position":2,"name":"Dia Internacional da Mulher | Empoderamento Feminino na Prooptica"}]},{"@type":"WebSite","@id":"https:\/\/www.prooptica.pt\/home\/#website","url":"https:\/\/www.prooptica.pt\/home\/","name":"Prooptica","description":"Concepto de gafas completas","potentialAction":[{"@type":"SearchAction","target":{"@type":"EntryPoint","urlTemplate":"https:\/\/www.prooptica.pt\/home\/?s={search_term_string}"},"query-input":{"@type":"PropertyValueSpecification","valueRequired":true,"valueName":"search_term_string"}}],"inLanguage":"es"},{"@type":"Person","@id":"https:\/\/www.prooptica.pt\/home\/#\/schema\/person\/1cbd826a9322a3c38a052e43d1638306","name":"admin","image":{"@type":"ImageObject","inLanguage":"es","@id":"https:\/\/secure.gravatar.com\/avatar\/528c714482569d81724b02603aa719344e9ad7c0b50becf07272b2086b2c1cfd?s=96&d=mm&r=g","url":"https:\/\/secure.gravatar.com\/avatar\/528c714482569d81724b02603aa719344e9ad7c0b50becf07272b2086b2c1cfd?s=96&d=mm&r=g","contentUrl":"https:\/\/secure.gravatar.com\/avatar\/528c714482569d81724b02603aa719344e9ad7c0b50becf07272b2086b2c1cfd?s=96&d=mm&r=g","caption":"admin"},"url":"https:\/\/www.prooptica.pt\/es\/author\/admin\/"}]}},"_links":{"self":[{"href":"https:\/\/www.prooptica.pt\/es\/wp-json\/wp\/v2\/posts\/21855","targetHints":{"allow":["GET"]}}],"collection":[{"href":"https:\/\/www.prooptica.pt\/es\/wp-json\/wp\/v2\/posts"}],"about":[{"href":"https:\/\/www.prooptica.pt\/es\/wp-json\/wp\/v2\/types\/post"}],"author":[{"embeddable":true,"href":"https:\/\/www.prooptica.pt\/es\/wp-json\/wp\/v2\/users\/2"}],"replies":[{"embeddable":true,"href":"https:\/\/www.prooptica.pt\/es\/wp-json\/wp\/v2\/comments?post=21855"}],"version-history":[{"count":1,"href":"https:\/\/www.prooptica.pt\/es\/wp-json\/wp\/v2\/posts\/21855\/revisions"}],"predecessor-version":[{"id":21857,"href":"https:\/\/www.prooptica.pt\/es\/wp-json\/wp\/v2\/posts\/21855\/revisions\/21857"}],"wp:featuredmedia":[{"embeddable":true,"href":"https:\/\/www.prooptica.pt\/es\/wp-json\/wp\/v2\/media\/21860"}],"wp:attachment":[{"href":"https:\/\/www.prooptica.pt\/es\/wp-json\/wp\/v2\/media?parent=21855"}],"wp:term":[{"taxonomy":"category","embeddable":true,"href":"https:\/\/www.prooptica.pt\/es\/wp-json\/wp\/v2\/categories?post=21855"},{"taxonomy":"post_tag","embeddable":true,"href":"https:\/\/www.prooptica.pt\/es\/wp-json\/wp\/v2\/tags?post=21855"}],"curies":[{"name":"wp","href":"https:\/\/api.w.org\/{rel}","templated":true}]}}