{"id":21882,"date":"2025-03-21T14:59:37","date_gmt":"2025-03-21T14:59:37","guid":{"rendered":"https:\/\/www.prooptica.pt\/?p=21882"},"modified":"2025-03-21T15:01:02","modified_gmt":"2025-03-21T15:01:02","slug":"el-dia-mundial-de-la-optometria-una-ventana-abierta-a-la-salud-ocular-mundial","status":"publish","type":"post","link":"https:\/\/www.prooptica.pt\/es\/dia-mundial-da-optometria-uma-janela-para-a-saude-visual-global\/","title":{"rendered":"D\u00eda Mundial de la Optometr\u00eda | Una ventana a la salud visual mundial"},"content":{"rendered":"<p>El D\u00eda Mundial de la Optometr\u00eda, que se celebra anualmente el 23 de marzo, es una ocasi\u00f3n importante para reconocer y reflexionar sobre la relevancia de la salud visual y el papel crucial que desempe\u00f1an los optometristas en la promoci\u00f3n del bienestar ocular. Esta fecha sirve para recordar la importancia de la prevenci\u00f3n en el \u00e1mbito de la salud visual.<\/p>\n<h6><strong>La importancia de la optometr\u00eda<\/strong><\/h6>\n<p>La optometr\u00eda va m\u00e1s all\u00e1 de la simple correcci\u00f3n de defectos refractivos; es una profesi\u00f3n dedicada a la detecci\u00f3n precoz de enfermedades oculares, la prevenci\u00f3n de problemas visuales y la mejora de la calidad de vida a trav\u00e9s de una visi\u00f3n saludable. Los optometristas son profesionales de atenci\u00f3n primaria que desempe\u00f1an un papel esencial en la identificaci\u00f3n de afecciones como el glaucoma, la degeneraci\u00f3n macular y otras disfunciones visuales que, si no se tratan, pueden provocar complicaciones graves e incluso la p\u00e9rdida de visi\u00f3n.<\/p>\n<h6><strong>Educaci\u00f3n y prevenci\u00f3n<\/strong><\/h6>\n<p>Uno de los principales mensajes del D\u00eda Mundial de la Optometr\u00eda es hacer hincapi\u00e9 en la educaci\u00f3n y la prevenci\u00f3n. Esta fecha es una oportunidad para sensibilizar a la opini\u00f3n p\u00fablica sobre la importancia de las revisiones oculares peri\u00f3dicas, independientemente de la edad o la salud ocular. Tambi\u00e9n es el momento de compartir conocimientos sobre el cuidado de los ojos, desde la protecci\u00f3n contra la radiaci\u00f3n UV hasta la elecci\u00f3n de las soluciones adecuadas para la correcci\u00f3n visual.<\/p>\n<p>El D\u00eda Mundial de la Optometr\u00eda es un momento para celebrar los avances logrados por la profesi\u00f3n, reflexionar sobre los retos pendientes y reafirmar nuestro compromiso con la salud visual mundial. Al hacerlo, reforzamos la idea de que una buena visi\u00f3n es un derecho fundamental y un componente esencial para lograr una mejor calidad de vida para todos.<\/p>","protected":false},"excerpt":{"rendered":"<p>O Dia Mundial da Optometria, celebrado anualmente a 23 de mar\u00e7o, \u00e9 uma ocasi\u00e3o importante para reconhecer e reflectir sobre a relev\u00e2ncia da sa\u00fade visual e o papel crucial que os optometristas desempenham na promo\u00e7\u00e3o do bem-estar ocular. Esta data serve como um lembrete da import\u00e2ncia da preven\u00e7\u00e3o no campo da sa\u00fade visual. A Import\u00e2ncia [&hellip;]<\/p>\n","protected":false},"author":2,"featured_media":21892,"comment_status":"closed","ping_status":"closed","sticky":false,"template":"","format":"standard","meta":{"footnotes":""},"categories":[238],"tags":[],"class_list":["post-21882","post","type-post","status-publish","format-standard","has-post-thumbnail","hentry","category-insight"],"yoast_head":"<!-- This site is optimized with the Yoast SEO plugin v27.5 - https:\/\/yoast.com\/product\/yoast-seo-wordpress\/ -->\n<title>Dia Mundial da Optometria | Uma Janela para a Sa\u00fade Visual<\/title>\n<meta name=\"description\" content=\"Esta data constitui uma oportunidade para sensibilizar o p\u00fablico sobre a import\u00e2ncia de realizar exames visuais regulares.\" \/>\n<meta name=\"robots\" content=\"index, follow, max-snippet:-1, max-image-preview:large, max-video-preview:-1\" \/>\n<link rel=\"canonical\" href=\"https:\/\/www.prooptica.pt\/es\/el-dia-mundial-de-la-optometria-una-ventana-abierta-a-la-salud-ocular-mundial\/\" \/>\n<meta property=\"og:locale\" content=\"es_ES\" \/>\n<meta property=\"og:type\" content=\"article\" \/>\n<meta property=\"og:title\" content=\"Dia Mundial da Optometria | Uma Janela para a Sa\u00fade Visual\" \/>\n<meta property=\"og:description\" content=\"Esta data constitui uma oportunidade para sensibilizar o p\u00fablico sobre a import\u00e2ncia de realizar exames visuais regulares.\" \/>\n<meta property=\"og:url\" content=\"https:\/\/www.prooptica.pt\/es\/el-dia-mundial-de-la-optometria-una-ventana-abierta-a-la-salud-ocular-mundial\/\" \/>\n<meta property=\"og:site_name\" content=\"Prooptica\" \/>\n<meta property=\"article:published_time\" content=\"2025-03-21T14:59:37+00:00\" \/>\n<meta property=\"article:modified_time\" content=\"2025-03-21T15:01:02+00:00\" \/>\n<meta property=\"og:image\" content=\"https:\/\/www.prooptica.pt\/wp-content\/uploads\/2025\/03\/Capa-artigo-blog-8.jpg\" \/>\n\t<meta property=\"og:image:width\" content=\"852\" \/>\n\t<meta property=\"og:image:height\" content=\"514\" \/>\n\t<meta property=\"og:image:type\" content=\"image\/jpeg\" \/>\n<meta name=\"author\" content=\"admin\" \/>\n<meta name=\"twitter:card\" content=\"summary_large_image\" \/>\n<meta name=\"twitter:label1\" content=\"Escrito por\" \/>\n\t<meta name=\"twitter:data1\" content=\"admin\" \/>\n\t<meta name=\"twitter:label2\" content=\"Tiempo de lectura\" \/>\n\t<meta name=\"twitter:data2\" content=\"2 minutos\" \/>\n<script type=\"application\/ld+json\" class=\"yoast-schema-graph\">{\"@context\":\"https:\\\/\\\/schema.org\",\"@graph\":[{\"@type\":\"Article\",\"@id\":\"https:\\\/\\\/www.prooptica.pt\\\/dia-mundial-da-optometria-uma-janela-para-a-saude-visual-global\\\/#article\",\"isPartOf\":{\"@id\":\"https:\\\/\\\/www.prooptica.pt\\\/dia-mundial-da-optometria-uma-janela-para-a-saude-visual-global\\\/\"},\"author\":{\"name\":\"admin\",\"@id\":\"https:\\\/\\\/www.prooptica.pt\\\/home\\\/#\\\/schema\\\/person\\\/1cbd826a9322a3c38a052e43d1638306\"},\"headline\":\"Dia Mundial da Optometria | Uma Janela para a Sa\u00fade Visual Global\",\"datePublished\":\"2025-03-21T14:59:37+00:00\",\"dateModified\":\"2025-03-21T15:01:02+00:00\",\"mainEntityOfPage\":{\"@id\":\"https:\\\/\\\/www.prooptica.pt\\\/dia-mundial-da-optometria-uma-janela-para-a-saude-visual-global\\\/\"},\"wordCount\":326,\"image\":{\"@id\":\"https:\\\/\\\/www.prooptica.pt\\\/dia-mundial-da-optometria-uma-janela-para-a-saude-visual-global\\\/#primaryimage\"},\"thumbnailUrl\":\"https:\\\/\\\/www.prooptica.pt\\\/wp-content\\\/uploads\\\/2025\\\/03\\\/Capa-artigo-blog-8.jpg\",\"articleSection\":[\"Insight\"],\"inLanguage\":\"es\"},{\"@type\":\"WebPage\",\"@id\":\"https:\\\/\\\/www.prooptica.pt\\\/dia-mundial-da-optometria-uma-janela-para-a-saude-visual-global\\\/\",\"url\":\"https:\\\/\\\/www.prooptica.pt\\\/dia-mundial-da-optometria-uma-janela-para-a-saude-visual-global\\\/\",\"name\":\"Dia Mundial da Optometria | Uma Janela para a Sa\u00fade Visual\",\"isPartOf\":{\"@id\":\"https:\\\/\\\/www.prooptica.pt\\\/home\\\/#website\"},\"primaryImageOfPage\":{\"@id\":\"https:\\\/\\\/www.prooptica.pt\\\/dia-mundial-da-optometria-uma-janela-para-a-saude-visual-global\\\/#primaryimage\"},\"image\":{\"@id\":\"https:\\\/\\\/www.prooptica.pt\\\/dia-mundial-da-optometria-uma-janela-para-a-saude-visual-global\\\/#primaryimage\"},\"thumbnailUrl\":\"https:\\\/\\\/www.prooptica.pt\\\/wp-content\\\/uploads\\\/2025\\\/03\\\/Capa-artigo-blog-8.jpg\",\"datePublished\":\"2025-03-21T14:59:37+00:00\",\"dateModified\":\"2025-03-21T15:01:02+00:00\",\"author\":{\"@id\":\"https:\\\/\\\/www.prooptica.pt\\\/home\\\/#\\\/schema\\\/person\\\/1cbd826a9322a3c38a052e43d1638306\"},\"description\":\"Esta data constitui uma oportunidade para sensibilizar o p\u00fablico sobre a import\u00e2ncia de realizar exames visuais regulares.\",\"breadcrumb\":{\"@id\":\"https:\\\/\\\/www.prooptica.pt\\\/dia-mundial-da-optometria-uma-janela-para-a-saude-visual-global\\\/#breadcrumb\"},\"inLanguage\":\"es\",\"potentialAction\":[{\"@type\":\"ReadAction\",\"target\":[\"https:\\\/\\\/www.prooptica.pt\\\/dia-mundial-da-optometria-uma-janela-para-a-saude-visual-global\\\/\"]}]},{\"@type\":\"ImageObject\",\"inLanguage\":\"es\",\"@id\":\"https:\\\/\\\/www.prooptica.pt\\\/dia-mundial-da-optometria-uma-janela-para-a-saude-visual-global\\\/#primaryimage\",\"url\":\"https:\\\/\\\/www.prooptica.pt\\\/wp-content\\\/uploads\\\/2025\\\/03\\\/Capa-artigo-blog-8.jpg\",\"contentUrl\":\"https:\\\/\\\/www.prooptica.pt\\\/wp-content\\\/uploads\\\/2025\\\/03\\\/Capa-artigo-blog-8.jpg\",\"width\":852,\"height\":514},{\"@type\":\"BreadcrumbList\",\"@id\":\"https:\\\/\\\/www.prooptica.pt\\\/dia-mundial-da-optometria-uma-janela-para-a-saude-visual-global\\\/#breadcrumb\",\"itemListElement\":[{\"@type\":\"ListItem\",\"position\":1,\"name\":\"In\u00edcio\",\"item\":\"https:\\\/\\\/www.prooptica.pt\\\/\"},{\"@type\":\"ListItem\",\"position\":2,\"name\":\"Dia Mundial da Optometria | Uma Janela para a Sa\u00fade Visual Global\"}]},{\"@type\":\"WebSite\",\"@id\":\"https:\\\/\\\/www.prooptica.pt\\\/home\\\/#website\",\"url\":\"https:\\\/\\\/www.prooptica.pt\\\/home\\\/\",\"name\":\"Prooptica\",\"description\":\"Full Eyewear Concept\",\"potentialAction\":[{\"@type\":\"SearchAction\",\"target\":{\"@type\":\"EntryPoint\",\"urlTemplate\":\"https:\\\/\\\/www.prooptica.pt\\\/home\\\/?s={search_term_string}\"},\"query-input\":{\"@type\":\"PropertyValueSpecification\",\"valueRequired\":true,\"valueName\":\"search_term_string\"}}],\"inLanguage\":\"es\"},{\"@type\":\"Person\",\"@id\":\"https:\\\/\\\/www.prooptica.pt\\\/home\\\/#\\\/schema\\\/person\\\/1cbd826a9322a3c38a052e43d1638306\",\"name\":\"admin\",\"image\":{\"@type\":\"ImageObject\",\"inLanguage\":\"es\",\"@id\":\"https:\\\/\\\/secure.gravatar.com\\\/avatar\\\/528c714482569d81724b02603aa719344e9ad7c0b50becf07272b2086b2c1cfd?s=96&d=mm&r=g\",\"url\":\"https:\\\/\\\/secure.gravatar.com\\\/avatar\\\/528c714482569d81724b02603aa719344e9ad7c0b50becf07272b2086b2c1cfd?s=96&d=mm&r=g\",\"contentUrl\":\"https:\\\/\\\/secure.gravatar.com\\\/avatar\\\/528c714482569d81724b02603aa719344e9ad7c0b50becf07272b2086b2c1cfd?s=96&d=mm&r=g\",\"caption\":\"admin\"},\"url\":\"https:\\\/\\\/www.prooptica.pt\\\/es\\\/author\\\/admin\\\/\"}]}<\/script>\n<!-- \/ Yoast SEO plugin. -->","yoast_head_json":{"title":"D\u00eda Mundial de la Optometr\u00eda | Una ventana a la salud visual","description":"Esta fecha es una oportunidad para sensibilizar a la opini\u00f3n p\u00fablica sobre la importancia de las revisiones oculares peri\u00f3dicas.","robots":{"index":"index","follow":"follow","max-snippet":"max-snippet:-1","max-image-preview":"max-image-preview:large","max-video-preview":"max-video-preview:-1"},"canonical":"https:\/\/www.prooptica.pt\/es\/el-dia-mundial-de-la-optometria-una-ventana-abierta-a-la-salud-ocular-mundial\/","og_locale":"es_ES","og_type":"article","og_title":"Dia Mundial da Optometria | Uma Janela para a Sa\u00fade Visual","og_description":"Esta data constitui uma oportunidade para sensibilizar o p\u00fablico sobre a import\u00e2ncia de realizar exames visuais regulares.","og_url":"https:\/\/www.prooptica.pt\/es\/el-dia-mundial-de-la-optometria-una-ventana-abierta-a-la-salud-ocular-mundial\/","og_site_name":"Prooptica","article_published_time":"2025-03-21T14:59:37+00:00","article_modified_time":"2025-03-21T15:01:02+00:00","og_image":[{"width":852,"height":514,"url":"https:\/\/www.prooptica.pt\/wp-content\/uploads\/2025\/03\/Capa-artigo-blog-8.jpg","type":"image\/jpeg"}],"author":"admin","twitter_card":"summary_large_image","twitter_misc":{"Escrito por":"admin","Tiempo de lectura":"2 minutos"},"schema":{"@context":"https:\/\/schema.org","@graph":[{"@type":"Article","@id":"https:\/\/www.prooptica.pt\/dia-mundial-da-optometria-uma-janela-para-a-saude-visual-global\/#article","isPartOf":{"@id":"https:\/\/www.prooptica.pt\/dia-mundial-da-optometria-uma-janela-para-a-saude-visual-global\/"},"author":{"name":"admin","@id":"https:\/\/www.prooptica.pt\/home\/#\/schema\/person\/1cbd826a9322a3c38a052e43d1638306"},"headline":"Dia Mundial da Optometria | Uma Janela para a Sa\u00fade Visual Global","datePublished":"2025-03-21T14:59:37+00:00","dateModified":"2025-03-21T15:01:02+00:00","mainEntityOfPage":{"@id":"https:\/\/www.prooptica.pt\/dia-mundial-da-optometria-uma-janela-para-a-saude-visual-global\/"},"wordCount":326,"image":{"@id":"https:\/\/www.prooptica.pt\/dia-mundial-da-optometria-uma-janela-para-a-saude-visual-global\/#primaryimage"},"thumbnailUrl":"https:\/\/www.prooptica.pt\/wp-content\/uploads\/2025\/03\/Capa-artigo-blog-8.jpg","articleSection":["Insight"],"inLanguage":"es"},{"@type":"WebPage","@id":"https:\/\/www.prooptica.pt\/dia-mundial-da-optometria-uma-janela-para-a-saude-visual-global\/","url":"https:\/\/www.prooptica.pt\/dia-mundial-da-optometria-uma-janela-para-a-saude-visual-global\/","name":"D\u00eda Mundial de la Optometr\u00eda | Una ventana a la salud visual","isPartOf":{"@id":"https:\/\/www.prooptica.pt\/home\/#website"},"primaryImageOfPage":{"@id":"https:\/\/www.prooptica.pt\/dia-mundial-da-optometria-uma-janela-para-a-saude-visual-global\/#primaryimage"},"image":{"@id":"https:\/\/www.prooptica.pt\/dia-mundial-da-optometria-uma-janela-para-a-saude-visual-global\/#primaryimage"},"thumbnailUrl":"https:\/\/www.prooptica.pt\/wp-content\/uploads\/2025\/03\/Capa-artigo-blog-8.jpg","datePublished":"2025-03-21T14:59:37+00:00","dateModified":"2025-03-21T15:01:02+00:00","author":{"@id":"https:\/\/www.prooptica.pt\/home\/#\/schema\/person\/1cbd826a9322a3c38a052e43d1638306"},"description":"Esta fecha es una oportunidad para sensibilizar a la opini\u00f3n p\u00fablica sobre la importancia de las revisiones oculares peri\u00f3dicas.","breadcrumb":{"@id":"https:\/\/www.prooptica.pt\/dia-mundial-da-optometria-uma-janela-para-a-saude-visual-global\/#breadcrumb"},"inLanguage":"es","potentialAction":[{"@type":"ReadAction","target":["https:\/\/www.prooptica.pt\/dia-mundial-da-optometria-uma-janela-para-a-saude-visual-global\/"]}]},{"@type":"ImageObject","inLanguage":"es","@id":"https:\/\/www.prooptica.pt\/dia-mundial-da-optometria-uma-janela-para-a-saude-visual-global\/#primaryimage","url":"https:\/\/www.prooptica.pt\/wp-content\/uploads\/2025\/03\/Capa-artigo-blog-8.jpg","contentUrl":"https:\/\/www.prooptica.pt\/wp-content\/uploads\/2025\/03\/Capa-artigo-blog-8.jpg","width":852,"height":514},{"@type":"BreadcrumbList","@id":"https:\/\/www.prooptica.pt\/dia-mundial-da-optometria-uma-janela-para-a-saude-visual-global\/#breadcrumb","itemListElement":[{"@type":"ListItem","position":1,"name":"In\u00edcio","item":"https:\/\/www.prooptica.pt\/"},{"@type":"ListItem","position":2,"name":"Dia Mundial da Optometria | Uma Janela para a Sa\u00fade Visual Global"}]},{"@type":"WebSite","@id":"https:\/\/www.prooptica.pt\/home\/#website","url":"https:\/\/www.prooptica.pt\/home\/","name":"Prooptica","description":"Concepto de gafas completas","potentialAction":[{"@type":"SearchAction","target":{"@type":"EntryPoint","urlTemplate":"https:\/\/www.prooptica.pt\/home\/?s={search_term_string}"},"query-input":{"@type":"PropertyValueSpecification","valueRequired":true,"valueName":"search_term_string"}}],"inLanguage":"es"},{"@type":"Person","@id":"https:\/\/www.prooptica.pt\/home\/#\/schema\/person\/1cbd826a9322a3c38a052e43d1638306","name":"admin","image":{"@type":"ImageObject","inLanguage":"es","@id":"https:\/\/secure.gravatar.com\/avatar\/528c714482569d81724b02603aa719344e9ad7c0b50becf07272b2086b2c1cfd?s=96&d=mm&r=g","url":"https:\/\/secure.gravatar.com\/avatar\/528c714482569d81724b02603aa719344e9ad7c0b50becf07272b2086b2c1cfd?s=96&d=mm&r=g","contentUrl":"https:\/\/secure.gravatar.com\/avatar\/528c714482569d81724b02603aa719344e9ad7c0b50becf07272b2086b2c1cfd?s=96&d=mm&r=g","caption":"admin"},"url":"https:\/\/www.prooptica.pt\/es\/author\/admin\/"}]}},"_links":{"self":[{"href":"https:\/\/www.prooptica.pt\/es\/wp-json\/wp\/v2\/posts\/21882","targetHints":{"allow":["GET"]}}],"collection":[{"href":"https:\/\/www.prooptica.pt\/es\/wp-json\/wp\/v2\/posts"}],"about":[{"href":"https:\/\/www.prooptica.pt\/es\/wp-json\/wp\/v2\/types\/post"}],"author":[{"embeddable":true,"href":"https:\/\/www.prooptica.pt\/es\/wp-json\/wp\/v2\/users\/2"}],"replies":[{"embeddable":true,"href":"https:\/\/www.prooptica.pt\/es\/wp-json\/wp\/v2\/comments?post=21882"}],"version-history":[{"count":1,"href":"https:\/\/www.prooptica.pt\/es\/wp-json\/wp\/v2\/posts\/21882\/revisions"}],"predecessor-version":[{"id":21883,"href":"https:\/\/www.prooptica.pt\/es\/wp-json\/wp\/v2\/posts\/21882\/revisions\/21883"}],"wp:featuredmedia":[{"embeddable":true,"href":"https:\/\/www.prooptica.pt\/es\/wp-json\/wp\/v2\/media\/21892"}],"wp:attachment":[{"href":"https:\/\/www.prooptica.pt\/es\/wp-json\/wp\/v2\/media?parent=21882"}],"wp:term":[{"taxonomy":"category","embeddable":true,"href":"https:\/\/www.prooptica.pt\/es\/wp-json\/wp\/v2\/categories?post=21882"},{"taxonomy":"post_tag","embeddable":true,"href":"https:\/\/www.prooptica.pt\/es\/wp-json\/wp\/v2\/tags?post=21882"}],"curies":[{"name":"wp","href":"https:\/\/api.w.org\/{rel}","templated":true}]}}