{"id":21955,"date":"2025-03-27T15:41:14","date_gmt":"2025-03-27T15:41:14","guid":{"rendered":"https:\/\/www.prooptica.pt\/?p=21955"},"modified":"2025-03-27T15:41:14","modified_gmt":"2025-03-27T15:41:14","slug":"nueva-temporada-morgan-un-sello-inconfundible-de-elegancia","status":"publish","type":"post","link":"https:\/\/www.prooptica.pt\/es\/new-season-morgan-um-inconfundivel-selo-de-elegancia\/","title":{"rendered":"NUEVA Temporada Morgan | Un sello inconfundible de elegancia"},"content":{"rendered":"<p>Morgan, la c\u00e9lebre marca francesa que combina a la perfecci\u00f3n sensualidad y elegancia, se complace en presentar su \u00faltima colecci\u00f3n de gafas. Esta nueva l\u00ednea destaca por sus formas contempor\u00e1neas, que conservan una esencia profundamente femenina y est\u00e1n en perfecta armon\u00eda con las \u00faltimas tendencias de la moda internacional.<\/p>\n<p>La nueva colecci\u00f3n ha sido dise\u00f1ada para la mujer moderna que aprecia la sofisticaci\u00f3n sin esfuerzo y la atemporalidad del estilo parisino. Las piezas son el resultado de la meticulosa atenci\u00f3n al detalle de la marca y est\u00e1n dise\u00f1adas para a\u00f1adir un toque de glamour al d\u00eda a d\u00eda de la mujer contempor\u00e1nea.<\/p>\n<p>Las nuevas im\u00e1genes de la campa\u00f1a reflejan el esp\u00edritu de la colecci\u00f3n. Capturadas en las emblem\u00e1ticas calles de Par\u00eds, las fotograf\u00edas transmiten la esencia del glamour parisino, marcando la colecci\u00f3n con el inconfundible sello de elegancia de Morgan.<\/p>\n<p>La nueva colecci\u00f3n de gafas representa todo lo que Morgan simboliza: feminidad, elegancia y un toque de audacia, transformando las piezas en aut\u00e9nticas declaraciones de moda con un toque de magia parisina.<\/p>\n<p style=\"text-align: center;\"><a href=\"https:\/\/loja.prooptica.pt\/wp-content\/uploads\/Cat%C3%A1logo-Morgan-2025.pdf\"><span style=\"color: #000000;\"><strong>Haga clic aqu\u00ed para descubrir la nueva colecci\u00f3n<\/strong><\/span><\/a><\/p>","protected":false},"excerpt":{"rendered":"<p>Morgan, a reconhecida marca francesa que combina na perfei\u00e7\u00e3o sensualidade e eleg\u00e2ncia, tem o prazer de apresentar a sua mais recente cole\u00e7\u00e3o de eyewear. Esta nova linha destaca-se pelas suas formas contempor\u00e2neas, que mant\u00eam uma ess\u00eancia profundamente feminina e est\u00e3o em perfeita harmonia com as \u00faltimas tend\u00eancias da moda internacional. A nova cole\u00e7\u00e3o foi desenhada [&hellip;]<\/p>\n","protected":false},"author":2,"featured_media":21956,"comment_status":"closed","ping_status":"closed","sticky":false,"template":"","format":"standard","meta":{"footnotes":""},"categories":[189],"tags":[],"class_list":["post-21955","post","type-post","status-publish","format-standard","has-post-thumbnail","hentry","category-oculos"],"yoast_head":"<!-- This site is optimized with the Yoast SEO plugin v27.5 - https:\/\/yoast.com\/product\/yoast-seo-wordpress\/ -->\n<title>NEW Season Morgan | Um inconfund\u00edvel selo de eleg\u00e2ncia<\/title>\n<meta name=\"description\" content=\"A nova cole\u00e7\u00e3o de eyewear representa tudo o que a Morgan simboliza, feminilidade, eleg\u00e2ncia e um toque de aud\u00e1cia.\" \/>\n<meta name=\"robots\" content=\"index, follow, max-snippet:-1, max-image-preview:large, max-video-preview:-1\" \/>\n<link rel=\"canonical\" href=\"https:\/\/www.prooptica.pt\/es\/nueva-temporada-morgan-un-sello-inconfundible-de-elegancia\/\" \/>\n<meta property=\"og:locale\" content=\"es_ES\" \/>\n<meta property=\"og:type\" content=\"article\" \/>\n<meta property=\"og:title\" content=\"NEW Season Morgan | Um inconfund\u00edvel selo de eleg\u00e2ncia\" \/>\n<meta property=\"og:description\" content=\"A nova cole\u00e7\u00e3o de eyewear representa tudo o que a Morgan simboliza, feminilidade, eleg\u00e2ncia e um toque de aud\u00e1cia.\" \/>\n<meta property=\"og:url\" content=\"https:\/\/www.prooptica.pt\/es\/nueva-temporada-morgan-un-sello-inconfundible-de-elegancia\/\" \/>\n<meta property=\"og:site_name\" content=\"Prooptica\" \/>\n<meta property=\"article:published_time\" content=\"2025-03-27T15:41:14+00:00\" \/>\n<meta property=\"og:image\" content=\"https:\/\/www.prooptica.pt\/wp-content\/uploads\/2025\/03\/Capa-artigo-blog-10.jpg\" \/>\n\t<meta property=\"og:image:width\" content=\"852\" \/>\n\t<meta property=\"og:image:height\" content=\"514\" \/>\n\t<meta property=\"og:image:type\" content=\"image\/jpeg\" \/>\n<meta name=\"author\" content=\"admin\" \/>\n<meta name=\"twitter:card\" content=\"summary_large_image\" \/>\n<meta name=\"twitter:label1\" content=\"Escrito por\" \/>\n\t<meta name=\"twitter:data1\" content=\"admin\" \/>\n\t<meta name=\"twitter:label2\" content=\"Tiempo de lectura\" \/>\n\t<meta name=\"twitter:data2\" content=\"1 minuto\" \/>\n<script type=\"application\/ld+json\" class=\"yoast-schema-graph\">{\"@context\":\"https:\\\/\\\/schema.org\",\"@graph\":[{\"@type\":\"Article\",\"@id\":\"https:\\\/\\\/www.prooptica.pt\\\/new-season-morgan-um-inconfundivel-selo-de-elegancia\\\/#article\",\"isPartOf\":{\"@id\":\"https:\\\/\\\/www.prooptica.pt\\\/new-season-morgan-um-inconfundivel-selo-de-elegancia\\\/\"},\"author\":{\"name\":\"admin\",\"@id\":\"https:\\\/\\\/www.prooptica.pt\\\/home\\\/#\\\/schema\\\/person\\\/1cbd826a9322a3c38a052e43d1638306\"},\"headline\":\"NEW Season Morgan | Um inconfund\u00edvel selo de eleg\u00e2ncia\",\"datePublished\":\"2025-03-27T15:41:14+00:00\",\"mainEntityOfPage\":{\"@id\":\"https:\\\/\\\/www.prooptica.pt\\\/new-season-morgan-um-inconfundivel-selo-de-elegancia\\\/\"},\"wordCount\":215,\"image\":{\"@id\":\"https:\\\/\\\/www.prooptica.pt\\\/new-season-morgan-um-inconfundivel-selo-de-elegancia\\\/#primaryimage\"},\"thumbnailUrl\":\"https:\\\/\\\/www.prooptica.pt\\\/wp-content\\\/uploads\\\/2025\\\/03\\\/Capa-artigo-blog-10.jpg\",\"articleSection\":[\"\u00d3culos\"],\"inLanguage\":\"es\"},{\"@type\":\"WebPage\",\"@id\":\"https:\\\/\\\/www.prooptica.pt\\\/new-season-morgan-um-inconfundivel-selo-de-elegancia\\\/\",\"url\":\"https:\\\/\\\/www.prooptica.pt\\\/new-season-morgan-um-inconfundivel-selo-de-elegancia\\\/\",\"name\":\"NEW Season Morgan | Um inconfund\u00edvel selo de eleg\u00e2ncia\",\"isPartOf\":{\"@id\":\"https:\\\/\\\/www.prooptica.pt\\\/home\\\/#website\"},\"primaryImageOfPage\":{\"@id\":\"https:\\\/\\\/www.prooptica.pt\\\/new-season-morgan-um-inconfundivel-selo-de-elegancia\\\/#primaryimage\"},\"image\":{\"@id\":\"https:\\\/\\\/www.prooptica.pt\\\/new-season-morgan-um-inconfundivel-selo-de-elegancia\\\/#primaryimage\"},\"thumbnailUrl\":\"https:\\\/\\\/www.prooptica.pt\\\/wp-content\\\/uploads\\\/2025\\\/03\\\/Capa-artigo-blog-10.jpg\",\"datePublished\":\"2025-03-27T15:41:14+00:00\",\"author\":{\"@id\":\"https:\\\/\\\/www.prooptica.pt\\\/home\\\/#\\\/schema\\\/person\\\/1cbd826a9322a3c38a052e43d1638306\"},\"description\":\"A nova cole\u00e7\u00e3o de eyewear representa tudo o que a Morgan simboliza, feminilidade, eleg\u00e2ncia e um toque de aud\u00e1cia.\",\"breadcrumb\":{\"@id\":\"https:\\\/\\\/www.prooptica.pt\\\/new-season-morgan-um-inconfundivel-selo-de-elegancia\\\/#breadcrumb\"},\"inLanguage\":\"es\",\"potentialAction\":[{\"@type\":\"ReadAction\",\"target\":[\"https:\\\/\\\/www.prooptica.pt\\\/new-season-morgan-um-inconfundivel-selo-de-elegancia\\\/\"]}]},{\"@type\":\"ImageObject\",\"inLanguage\":\"es\",\"@id\":\"https:\\\/\\\/www.prooptica.pt\\\/new-season-morgan-um-inconfundivel-selo-de-elegancia\\\/#primaryimage\",\"url\":\"https:\\\/\\\/www.prooptica.pt\\\/wp-content\\\/uploads\\\/2025\\\/03\\\/Capa-artigo-blog-10.jpg\",\"contentUrl\":\"https:\\\/\\\/www.prooptica.pt\\\/wp-content\\\/uploads\\\/2025\\\/03\\\/Capa-artigo-blog-10.jpg\",\"width\":852,\"height\":514},{\"@type\":\"BreadcrumbList\",\"@id\":\"https:\\\/\\\/www.prooptica.pt\\\/new-season-morgan-um-inconfundivel-selo-de-elegancia\\\/#breadcrumb\",\"itemListElement\":[{\"@type\":\"ListItem\",\"position\":1,\"name\":\"In\u00edcio\",\"item\":\"https:\\\/\\\/www.prooptica.pt\\\/\"},{\"@type\":\"ListItem\",\"position\":2,\"name\":\"NEW Season Morgan | Um inconfund\u00edvel selo de eleg\u00e2ncia\"}]},{\"@type\":\"WebSite\",\"@id\":\"https:\\\/\\\/www.prooptica.pt\\\/home\\\/#website\",\"url\":\"https:\\\/\\\/www.prooptica.pt\\\/home\\\/\",\"name\":\"Prooptica\",\"description\":\"Full Eyewear Concept\",\"potentialAction\":[{\"@type\":\"SearchAction\",\"target\":{\"@type\":\"EntryPoint\",\"urlTemplate\":\"https:\\\/\\\/www.prooptica.pt\\\/home\\\/?s={search_term_string}\"},\"query-input\":{\"@type\":\"PropertyValueSpecification\",\"valueRequired\":true,\"valueName\":\"search_term_string\"}}],\"inLanguage\":\"es\"},{\"@type\":\"Person\",\"@id\":\"https:\\\/\\\/www.prooptica.pt\\\/home\\\/#\\\/schema\\\/person\\\/1cbd826a9322a3c38a052e43d1638306\",\"name\":\"admin\",\"image\":{\"@type\":\"ImageObject\",\"inLanguage\":\"es\",\"@id\":\"https:\\\/\\\/secure.gravatar.com\\\/avatar\\\/528c714482569d81724b02603aa719344e9ad7c0b50becf07272b2086b2c1cfd?s=96&d=mm&r=g\",\"url\":\"https:\\\/\\\/secure.gravatar.com\\\/avatar\\\/528c714482569d81724b02603aa719344e9ad7c0b50becf07272b2086b2c1cfd?s=96&d=mm&r=g\",\"contentUrl\":\"https:\\\/\\\/secure.gravatar.com\\\/avatar\\\/528c714482569d81724b02603aa719344e9ad7c0b50becf07272b2086b2c1cfd?s=96&d=mm&r=g\",\"caption\":\"admin\"},\"url\":\"https:\\\/\\\/www.prooptica.pt\\\/es\\\/author\\\/admin\\\/\"}]}<\/script>\n<!-- \/ Yoast SEO plugin. -->","yoast_head_json":{"title":"NUEVA Temporada Morgan | Un sello inconfundible de elegancia","description":"La nueva colecci\u00f3n de gafas representa todo lo que Morgan simboliza: feminidad, elegancia y un toque de audacia.","robots":{"index":"index","follow":"follow","max-snippet":"max-snippet:-1","max-image-preview":"max-image-preview:large","max-video-preview":"max-video-preview:-1"},"canonical":"https:\/\/www.prooptica.pt\/es\/nueva-temporada-morgan-un-sello-inconfundible-de-elegancia\/","og_locale":"es_ES","og_type":"article","og_title":"NEW Season Morgan | Um inconfund\u00edvel selo de eleg\u00e2ncia","og_description":"A nova cole\u00e7\u00e3o de eyewear representa tudo o que a Morgan simboliza, feminilidade, eleg\u00e2ncia e um toque de aud\u00e1cia.","og_url":"https:\/\/www.prooptica.pt\/es\/nueva-temporada-morgan-un-sello-inconfundible-de-elegancia\/","og_site_name":"Prooptica","article_published_time":"2025-03-27T15:41:14+00:00","og_image":[{"width":852,"height":514,"url":"https:\/\/www.prooptica.pt\/wp-content\/uploads\/2025\/03\/Capa-artigo-blog-10.jpg","type":"image\/jpeg"}],"author":"admin","twitter_card":"summary_large_image","twitter_misc":{"Escrito por":"admin","Tiempo de lectura":"1 minuto"},"schema":{"@context":"https:\/\/schema.org","@graph":[{"@type":"Article","@id":"https:\/\/www.prooptica.pt\/new-season-morgan-um-inconfundivel-selo-de-elegancia\/#article","isPartOf":{"@id":"https:\/\/www.prooptica.pt\/new-season-morgan-um-inconfundivel-selo-de-elegancia\/"},"author":{"name":"admin","@id":"https:\/\/www.prooptica.pt\/home\/#\/schema\/person\/1cbd826a9322a3c38a052e43d1638306"},"headline":"NEW Season Morgan | Um inconfund\u00edvel selo de eleg\u00e2ncia","datePublished":"2025-03-27T15:41:14+00:00","mainEntityOfPage":{"@id":"https:\/\/www.prooptica.pt\/new-season-morgan-um-inconfundivel-selo-de-elegancia\/"},"wordCount":215,"image":{"@id":"https:\/\/www.prooptica.pt\/new-season-morgan-um-inconfundivel-selo-de-elegancia\/#primaryimage"},"thumbnailUrl":"https:\/\/www.prooptica.pt\/wp-content\/uploads\/2025\/03\/Capa-artigo-blog-10.jpg","articleSection":["\u00d3culos"],"inLanguage":"es"},{"@type":"WebPage","@id":"https:\/\/www.prooptica.pt\/new-season-morgan-um-inconfundivel-selo-de-elegancia\/","url":"https:\/\/www.prooptica.pt\/new-season-morgan-um-inconfundivel-selo-de-elegancia\/","name":"NUEVA Temporada Morgan | Un sello inconfundible de elegancia","isPartOf":{"@id":"https:\/\/www.prooptica.pt\/home\/#website"},"primaryImageOfPage":{"@id":"https:\/\/www.prooptica.pt\/new-season-morgan-um-inconfundivel-selo-de-elegancia\/#primaryimage"},"image":{"@id":"https:\/\/www.prooptica.pt\/new-season-morgan-um-inconfundivel-selo-de-elegancia\/#primaryimage"},"thumbnailUrl":"https:\/\/www.prooptica.pt\/wp-content\/uploads\/2025\/03\/Capa-artigo-blog-10.jpg","datePublished":"2025-03-27T15:41:14+00:00","author":{"@id":"https:\/\/www.prooptica.pt\/home\/#\/schema\/person\/1cbd826a9322a3c38a052e43d1638306"},"description":"La nueva colecci\u00f3n de gafas representa todo lo que Morgan simboliza: feminidad, elegancia y un toque de audacia.","breadcrumb":{"@id":"https:\/\/www.prooptica.pt\/new-season-morgan-um-inconfundivel-selo-de-elegancia\/#breadcrumb"},"inLanguage":"es","potentialAction":[{"@type":"ReadAction","target":["https:\/\/www.prooptica.pt\/new-season-morgan-um-inconfundivel-selo-de-elegancia\/"]}]},{"@type":"ImageObject","inLanguage":"es","@id":"https:\/\/www.prooptica.pt\/new-season-morgan-um-inconfundivel-selo-de-elegancia\/#primaryimage","url":"https:\/\/www.prooptica.pt\/wp-content\/uploads\/2025\/03\/Capa-artigo-blog-10.jpg","contentUrl":"https:\/\/www.prooptica.pt\/wp-content\/uploads\/2025\/03\/Capa-artigo-blog-10.jpg","width":852,"height":514},{"@type":"BreadcrumbList","@id":"https:\/\/www.prooptica.pt\/new-season-morgan-um-inconfundivel-selo-de-elegancia\/#breadcrumb","itemListElement":[{"@type":"ListItem","position":1,"name":"In\u00edcio","item":"https:\/\/www.prooptica.pt\/"},{"@type":"ListItem","position":2,"name":"NEW Season Morgan | Um inconfund\u00edvel selo de eleg\u00e2ncia"}]},{"@type":"WebSite","@id":"https:\/\/www.prooptica.pt\/home\/#website","url":"https:\/\/www.prooptica.pt\/home\/","name":"Prooptica","description":"Concepto de gafas completas","potentialAction":[{"@type":"SearchAction","target":{"@type":"EntryPoint","urlTemplate":"https:\/\/www.prooptica.pt\/home\/?s={search_term_string}"},"query-input":{"@type":"PropertyValueSpecification","valueRequired":true,"valueName":"search_term_string"}}],"inLanguage":"es"},{"@type":"Person","@id":"https:\/\/www.prooptica.pt\/home\/#\/schema\/person\/1cbd826a9322a3c38a052e43d1638306","name":"admin","image":{"@type":"ImageObject","inLanguage":"es","@id":"https:\/\/secure.gravatar.com\/avatar\/528c714482569d81724b02603aa719344e9ad7c0b50becf07272b2086b2c1cfd?s=96&d=mm&r=g","url":"https:\/\/secure.gravatar.com\/avatar\/528c714482569d81724b02603aa719344e9ad7c0b50becf07272b2086b2c1cfd?s=96&d=mm&r=g","contentUrl":"https:\/\/secure.gravatar.com\/avatar\/528c714482569d81724b02603aa719344e9ad7c0b50becf07272b2086b2c1cfd?s=96&d=mm&r=g","caption":"admin"},"url":"https:\/\/www.prooptica.pt\/es\/author\/admin\/"}]}},"_links":{"self":[{"href":"https:\/\/www.prooptica.pt\/es\/wp-json\/wp\/v2\/posts\/21955","targetHints":{"allow":["GET"]}}],"collection":[{"href":"https:\/\/www.prooptica.pt\/es\/wp-json\/wp\/v2\/posts"}],"about":[{"href":"https:\/\/www.prooptica.pt\/es\/wp-json\/wp\/v2\/types\/post"}],"author":[{"embeddable":true,"href":"https:\/\/www.prooptica.pt\/es\/wp-json\/wp\/v2\/users\/2"}],"replies":[{"embeddable":true,"href":"https:\/\/www.prooptica.pt\/es\/wp-json\/wp\/v2\/comments?post=21955"}],"version-history":[{"count":1,"href":"https:\/\/www.prooptica.pt\/es\/wp-json\/wp\/v2\/posts\/21955\/revisions"}],"predecessor-version":[{"id":21957,"href":"https:\/\/www.prooptica.pt\/es\/wp-json\/wp\/v2\/posts\/21955\/revisions\/21957"}],"wp:featuredmedia":[{"embeddable":true,"href":"https:\/\/www.prooptica.pt\/es\/wp-json\/wp\/v2\/media\/21956"}],"wp:attachment":[{"href":"https:\/\/www.prooptica.pt\/es\/wp-json\/wp\/v2\/media?parent=21955"}],"wp:term":[{"taxonomy":"category","embeddable":true,"href":"https:\/\/www.prooptica.pt\/es\/wp-json\/wp\/v2\/categories?post=21955"},{"taxonomy":"post_tag","embeddable":true,"href":"https:\/\/www.prooptica.pt\/es\/wp-json\/wp\/v2\/tags?post=21955"}],"curies":[{"name":"wp","href":"https:\/\/api.w.org\/{rel}","templated":true}]}}