{"id":22129,"date":"2025-04-03T12:28:07","date_gmt":"2025-04-03T12:28:07","guid":{"rendered":"https:\/\/www.prooptica.pt\/?p=22129"},"modified":"2025-05-08T09:34:56","modified_gmt":"2025-05-08T09:34:56","slug":"dia-mundial-de-la-actividad-fisica-la-importancia-de-llevar-gafas-deportivas","status":"publish","type":"post","link":"https:\/\/www.prooptica.pt\/es\/dia-mundial-da-atividade-fisica-a-importancia-de-usar-oculos-de-desporto\/","title":{"rendered":"D\u00eda Mundial de la Actividad F\u00edsica | La importancia de llevar gafas deportivas"},"content":{"rendered":"<p>El D\u00eda Mundial de la Actividad F\u00edsica se celebra con una llamada a la acci\u00f3n para todos aquellos que buscan un estilo de vida m\u00e1s activo y saludable. Al destacar esta fecha para promover el ejercicio f\u00edsico regular, especialmente al aire libre, es crucial hacer hincapi\u00e9 tambi\u00e9n en la importancia de utilizar el equipo adecuado para cada tipo de actividad.<\/p>\n<p>Cuando hablamos de deportes al aire libre como correr o montar en bicicleta, no podemos pasar por alto la importancia de proteger nuestros ojos. Llevar las gafas deportivas adecuadas para cada deporte no es s\u00f3lo una cuesti\u00f3n de comodidad; es una necesidad de seguridad.<\/p>\n<p>Estas gafas est\u00e1n dise\u00f1adas para afrontar los retos \u00fanicos de los entornos al aire libre. Ofrecen protecci\u00f3n contra los rayos UV, reducen el deslumbramiento y garantizan que los peque\u00f1os residuos o insectos no perturben la visi\u00f3n del deportista.<\/p>\n<p>A la hora de elegir unas gafas deportivas, es importante tener en cuenta el color de la lente, que puede proporcionarle un mejor rendimiento en la pr\u00e1ctica de su deporte favorito, as\u00ed como los modelos con caracter\u00edsticas ajustables, como patillas flexibles y puentes nasales que se adaptan a la forma de la cara de cada persona, proporcionando no s\u00f3lo protecci\u00f3n, sino tambi\u00e9n comodidad durante toda la actividad.<\/p>\n<p>En este D\u00eda Mundial de la Actividad F\u00edsica, animamos a todos a practicar deporte y con la llegada de la primavera, sobre todo al aire libre, pero con la m\u00e1xima comodidad y seguridad, eligiendo siempre el equipamiento adecuado para cada reto.<\/p>","protected":false},"excerpt":{"rendered":"<p>O Dia Mundial da Atividade F\u00edsica celebra-se com um apelo \u00e0 a\u00e7\u00e3o, para todos aqueles que procuram um estilo de vida mais ativo e saud\u00e1vel. Ao destacarmos esta data, para promover a pr\u00e1tica regular de exerc\u00edcio f\u00edsico, especialmente ao ar livre, \u00e9 crucial destacar tamb\u00e9m a import\u00e2ncia de usar equipamento adequado para cada tipo de [&hellip;]<\/p>\n","protected":false},"author":2,"featured_media":22133,"comment_status":"closed","ping_status":"closed","sticky":false,"template":"","format":"standard","meta":{"footnotes":""},"categories":[238],"tags":[],"class_list":["post-22129","post","type-post","status-publish","format-standard","has-post-thumbnail","hentry","category-insight"],"yoast_head":"<!-- This site is optimized with the Yoast SEO plugin v27.5 - https:\/\/yoast.com\/product\/yoast-seo-wordpress\/ -->\n<title>Dia Mundial da atividade f\u00edsica<\/title>\n<meta name=\"description\" content=\"O uso de \u00f3culos de desporto adequados a cada modalidade n\u00e3o \u00e9 apenas uma quest\u00e3o de conforto; \u00e9 uma necessidade de seguran\u00e7a.\" \/>\n<meta name=\"robots\" content=\"index, follow, max-snippet:-1, max-image-preview:large, max-video-preview:-1\" \/>\n<link rel=\"canonical\" href=\"https:\/\/www.prooptica.pt\/es\/dia-mundial-de-la-actividad-fisica-la-importancia-de-llevar-gafas-deportivas\/\" \/>\n<meta property=\"og:locale\" content=\"es_ES\" \/>\n<meta property=\"og:type\" content=\"article\" \/>\n<meta property=\"og:title\" content=\"Dia Mundial da atividade f\u00edsica\" \/>\n<meta property=\"og:description\" content=\"O uso de \u00f3culos de desporto adequados a cada modalidade n\u00e3o \u00e9 apenas uma quest\u00e3o de conforto; \u00e9 uma necessidade de seguran\u00e7a.\" \/>\n<meta property=\"og:url\" content=\"https:\/\/www.prooptica.pt\/es\/dia-mundial-de-la-actividad-fisica-la-importancia-de-llevar-gafas-deportivas\/\" \/>\n<meta property=\"og:site_name\" content=\"Prooptica\" \/>\n<meta property=\"article:published_time\" content=\"2025-04-03T12:28:07+00:00\" \/>\n<meta property=\"article:modified_time\" content=\"2025-05-08T09:34:56+00:00\" \/>\n<meta property=\"og:image\" content=\"https:\/\/www.prooptica.pt\/wp-content\/uploads\/2025\/04\/Capa-artigo-blog.jpg\" \/>\n\t<meta property=\"og:image:width\" content=\"852\" \/>\n\t<meta property=\"og:image:height\" content=\"514\" \/>\n\t<meta property=\"og:image:type\" content=\"image\/jpeg\" \/>\n<meta name=\"author\" content=\"admin\" \/>\n<meta name=\"twitter:card\" content=\"summary_large_image\" \/>\n<meta name=\"twitter:label1\" content=\"Escrito por\" \/>\n\t<meta name=\"twitter:data1\" content=\"admin\" \/>\n\t<meta name=\"twitter:label2\" content=\"Tiempo de lectura\" \/>\n\t<meta name=\"twitter:data2\" content=\"2 minutos\" \/>\n<script type=\"application\/ld+json\" class=\"yoast-schema-graph\">{\"@context\":\"https:\\\/\\\/schema.org\",\"@graph\":[{\"@type\":\"Article\",\"@id\":\"https:\\\/\\\/www.prooptica.pt\\\/dia-mundial-da-atividade-fisica-a-importancia-de-usar-oculos-de-desporto\\\/#article\",\"isPartOf\":{\"@id\":\"https:\\\/\\\/www.prooptica.pt\\\/dia-mundial-da-atividade-fisica-a-importancia-de-usar-oculos-de-desporto\\\/\"},\"author\":{\"name\":\"admin\",\"@id\":\"https:\\\/\\\/www.prooptica.pt\\\/home\\\/#\\\/schema\\\/person\\\/1cbd826a9322a3c38a052e43d1638306\"},\"headline\":\"Dia Mundial da atividade f\u00edsica | A import\u00e2ncia de usar \u00f3culos de desporto\",\"datePublished\":\"2025-04-03T12:28:07+00:00\",\"dateModified\":\"2025-05-08T09:34:56+00:00\",\"mainEntityOfPage\":{\"@id\":\"https:\\\/\\\/www.prooptica.pt\\\/dia-mundial-da-atividade-fisica-a-importancia-de-usar-oculos-de-desporto\\\/\"},\"wordCount\":266,\"image\":{\"@id\":\"https:\\\/\\\/www.prooptica.pt\\\/dia-mundial-da-atividade-fisica-a-importancia-de-usar-oculos-de-desporto\\\/#primaryimage\"},\"thumbnailUrl\":\"https:\\\/\\\/www.prooptica.pt\\\/wp-content\\\/uploads\\\/2025\\\/04\\\/Capa-artigo-blog.jpg\",\"articleSection\":[\"Insight\"],\"inLanguage\":\"es\"},{\"@type\":\"WebPage\",\"@id\":\"https:\\\/\\\/www.prooptica.pt\\\/dia-mundial-da-atividade-fisica-a-importancia-de-usar-oculos-de-desporto\\\/\",\"url\":\"https:\\\/\\\/www.prooptica.pt\\\/dia-mundial-da-atividade-fisica-a-importancia-de-usar-oculos-de-desporto\\\/\",\"name\":\"Dia Mundial da atividade f\u00edsica\",\"isPartOf\":{\"@id\":\"https:\\\/\\\/www.prooptica.pt\\\/home\\\/#website\"},\"primaryImageOfPage\":{\"@id\":\"https:\\\/\\\/www.prooptica.pt\\\/dia-mundial-da-atividade-fisica-a-importancia-de-usar-oculos-de-desporto\\\/#primaryimage\"},\"image\":{\"@id\":\"https:\\\/\\\/www.prooptica.pt\\\/dia-mundial-da-atividade-fisica-a-importancia-de-usar-oculos-de-desporto\\\/#primaryimage\"},\"thumbnailUrl\":\"https:\\\/\\\/www.prooptica.pt\\\/wp-content\\\/uploads\\\/2025\\\/04\\\/Capa-artigo-blog.jpg\",\"datePublished\":\"2025-04-03T12:28:07+00:00\",\"dateModified\":\"2025-05-08T09:34:56+00:00\",\"author\":{\"@id\":\"https:\\\/\\\/www.prooptica.pt\\\/home\\\/#\\\/schema\\\/person\\\/1cbd826a9322a3c38a052e43d1638306\"},\"description\":\"O uso de \u00f3culos de desporto adequados a cada modalidade n\u00e3o \u00e9 apenas uma quest\u00e3o de conforto; \u00e9 uma necessidade de seguran\u00e7a.\",\"breadcrumb\":{\"@id\":\"https:\\\/\\\/www.prooptica.pt\\\/dia-mundial-da-atividade-fisica-a-importancia-de-usar-oculos-de-desporto\\\/#breadcrumb\"},\"inLanguage\":\"es\",\"potentialAction\":[{\"@type\":\"ReadAction\",\"target\":[\"https:\\\/\\\/www.prooptica.pt\\\/dia-mundial-da-atividade-fisica-a-importancia-de-usar-oculos-de-desporto\\\/\"]}]},{\"@type\":\"ImageObject\",\"inLanguage\":\"es\",\"@id\":\"https:\\\/\\\/www.prooptica.pt\\\/dia-mundial-da-atividade-fisica-a-importancia-de-usar-oculos-de-desporto\\\/#primaryimage\",\"url\":\"https:\\\/\\\/www.prooptica.pt\\\/wp-content\\\/uploads\\\/2025\\\/04\\\/Capa-artigo-blog.jpg\",\"contentUrl\":\"https:\\\/\\\/www.prooptica.pt\\\/wp-content\\\/uploads\\\/2025\\\/04\\\/Capa-artigo-blog.jpg\",\"width\":852,\"height\":514},{\"@type\":\"BreadcrumbList\",\"@id\":\"https:\\\/\\\/www.prooptica.pt\\\/dia-mundial-da-atividade-fisica-a-importancia-de-usar-oculos-de-desporto\\\/#breadcrumb\",\"itemListElement\":[{\"@type\":\"ListItem\",\"position\":1,\"name\":\"In\u00edcio\",\"item\":\"https:\\\/\\\/www.prooptica.pt\\\/\"},{\"@type\":\"ListItem\",\"position\":2,\"name\":\"Dia Mundial da atividade f\u00edsica | A import\u00e2ncia de usar \u00f3culos de desporto\"}]},{\"@type\":\"WebSite\",\"@id\":\"https:\\\/\\\/www.prooptica.pt\\\/home\\\/#website\",\"url\":\"https:\\\/\\\/www.prooptica.pt\\\/home\\\/\",\"name\":\"Prooptica\",\"description\":\"Full Eyewear Concept\",\"potentialAction\":[{\"@type\":\"SearchAction\",\"target\":{\"@type\":\"EntryPoint\",\"urlTemplate\":\"https:\\\/\\\/www.prooptica.pt\\\/home\\\/?s={search_term_string}\"},\"query-input\":{\"@type\":\"PropertyValueSpecification\",\"valueRequired\":true,\"valueName\":\"search_term_string\"}}],\"inLanguage\":\"es\"},{\"@type\":\"Person\",\"@id\":\"https:\\\/\\\/www.prooptica.pt\\\/home\\\/#\\\/schema\\\/person\\\/1cbd826a9322a3c38a052e43d1638306\",\"name\":\"admin\",\"image\":{\"@type\":\"ImageObject\",\"inLanguage\":\"es\",\"@id\":\"https:\\\/\\\/secure.gravatar.com\\\/avatar\\\/528c714482569d81724b02603aa719344e9ad7c0b50becf07272b2086b2c1cfd?s=96&d=mm&r=g\",\"url\":\"https:\\\/\\\/secure.gravatar.com\\\/avatar\\\/528c714482569d81724b02603aa719344e9ad7c0b50becf07272b2086b2c1cfd?s=96&d=mm&r=g\",\"contentUrl\":\"https:\\\/\\\/secure.gravatar.com\\\/avatar\\\/528c714482569d81724b02603aa719344e9ad7c0b50becf07272b2086b2c1cfd?s=96&d=mm&r=g\",\"caption\":\"admin\"},\"url\":\"https:\\\/\\\/www.prooptica.pt\\\/es\\\/author\\\/admin\\\/\"}]}<\/script>\n<!-- \/ Yoast SEO plugin. -->","yoast_head_json":{"title":"D\u00eda Mundial de la Actividad F\u00edsica","description":"Llevar las gafas deportivas adecuadas para cada deporte no es s\u00f3lo una cuesti\u00f3n de comodidad; es una necesidad de seguridad.","robots":{"index":"index","follow":"follow","max-snippet":"max-snippet:-1","max-image-preview":"max-image-preview:large","max-video-preview":"max-video-preview:-1"},"canonical":"https:\/\/www.prooptica.pt\/es\/dia-mundial-de-la-actividad-fisica-la-importancia-de-llevar-gafas-deportivas\/","og_locale":"es_ES","og_type":"article","og_title":"Dia Mundial da atividade f\u00edsica","og_description":"O uso de \u00f3culos de desporto adequados a cada modalidade n\u00e3o \u00e9 apenas uma quest\u00e3o de conforto; \u00e9 uma necessidade de seguran\u00e7a.","og_url":"https:\/\/www.prooptica.pt\/es\/dia-mundial-de-la-actividad-fisica-la-importancia-de-llevar-gafas-deportivas\/","og_site_name":"Prooptica","article_published_time":"2025-04-03T12:28:07+00:00","article_modified_time":"2025-05-08T09:34:56+00:00","og_image":[{"width":852,"height":514,"url":"https:\/\/www.prooptica.pt\/wp-content\/uploads\/2025\/04\/Capa-artigo-blog.jpg","type":"image\/jpeg"}],"author":"admin","twitter_card":"summary_large_image","twitter_misc":{"Escrito por":"admin","Tiempo de lectura":"2 minutos"},"schema":{"@context":"https:\/\/schema.org","@graph":[{"@type":"Article","@id":"https:\/\/www.prooptica.pt\/dia-mundial-da-atividade-fisica-a-importancia-de-usar-oculos-de-desporto\/#article","isPartOf":{"@id":"https:\/\/www.prooptica.pt\/dia-mundial-da-atividade-fisica-a-importancia-de-usar-oculos-de-desporto\/"},"author":{"name":"admin","@id":"https:\/\/www.prooptica.pt\/home\/#\/schema\/person\/1cbd826a9322a3c38a052e43d1638306"},"headline":"Dia Mundial da atividade f\u00edsica | A import\u00e2ncia de usar \u00f3culos de desporto","datePublished":"2025-04-03T12:28:07+00:00","dateModified":"2025-05-08T09:34:56+00:00","mainEntityOfPage":{"@id":"https:\/\/www.prooptica.pt\/dia-mundial-da-atividade-fisica-a-importancia-de-usar-oculos-de-desporto\/"},"wordCount":266,"image":{"@id":"https:\/\/www.prooptica.pt\/dia-mundial-da-atividade-fisica-a-importancia-de-usar-oculos-de-desporto\/#primaryimage"},"thumbnailUrl":"https:\/\/www.prooptica.pt\/wp-content\/uploads\/2025\/04\/Capa-artigo-blog.jpg","articleSection":["Insight"],"inLanguage":"es"},{"@type":"WebPage","@id":"https:\/\/www.prooptica.pt\/dia-mundial-da-atividade-fisica-a-importancia-de-usar-oculos-de-desporto\/","url":"https:\/\/www.prooptica.pt\/dia-mundial-da-atividade-fisica-a-importancia-de-usar-oculos-de-desporto\/","name":"D\u00eda Mundial de la Actividad F\u00edsica","isPartOf":{"@id":"https:\/\/www.prooptica.pt\/home\/#website"},"primaryImageOfPage":{"@id":"https:\/\/www.prooptica.pt\/dia-mundial-da-atividade-fisica-a-importancia-de-usar-oculos-de-desporto\/#primaryimage"},"image":{"@id":"https:\/\/www.prooptica.pt\/dia-mundial-da-atividade-fisica-a-importancia-de-usar-oculos-de-desporto\/#primaryimage"},"thumbnailUrl":"https:\/\/www.prooptica.pt\/wp-content\/uploads\/2025\/04\/Capa-artigo-blog.jpg","datePublished":"2025-04-03T12:28:07+00:00","dateModified":"2025-05-08T09:34:56+00:00","author":{"@id":"https:\/\/www.prooptica.pt\/home\/#\/schema\/person\/1cbd826a9322a3c38a052e43d1638306"},"description":"Llevar las gafas deportivas adecuadas para cada deporte no es s\u00f3lo una cuesti\u00f3n de comodidad; es una necesidad de seguridad.","breadcrumb":{"@id":"https:\/\/www.prooptica.pt\/dia-mundial-da-atividade-fisica-a-importancia-de-usar-oculos-de-desporto\/#breadcrumb"},"inLanguage":"es","potentialAction":[{"@type":"ReadAction","target":["https:\/\/www.prooptica.pt\/dia-mundial-da-atividade-fisica-a-importancia-de-usar-oculos-de-desporto\/"]}]},{"@type":"ImageObject","inLanguage":"es","@id":"https:\/\/www.prooptica.pt\/dia-mundial-da-atividade-fisica-a-importancia-de-usar-oculos-de-desporto\/#primaryimage","url":"https:\/\/www.prooptica.pt\/wp-content\/uploads\/2025\/04\/Capa-artigo-blog.jpg","contentUrl":"https:\/\/www.prooptica.pt\/wp-content\/uploads\/2025\/04\/Capa-artigo-blog.jpg","width":852,"height":514},{"@type":"BreadcrumbList","@id":"https:\/\/www.prooptica.pt\/dia-mundial-da-atividade-fisica-a-importancia-de-usar-oculos-de-desporto\/#breadcrumb","itemListElement":[{"@type":"ListItem","position":1,"name":"In\u00edcio","item":"https:\/\/www.prooptica.pt\/"},{"@type":"ListItem","position":2,"name":"Dia Mundial da atividade f\u00edsica | A import\u00e2ncia de usar \u00f3culos de desporto"}]},{"@type":"WebSite","@id":"https:\/\/www.prooptica.pt\/home\/#website","url":"https:\/\/www.prooptica.pt\/home\/","name":"Prooptica","description":"Concepto de gafas completas","potentialAction":[{"@type":"SearchAction","target":{"@type":"EntryPoint","urlTemplate":"https:\/\/www.prooptica.pt\/home\/?s={search_term_string}"},"query-input":{"@type":"PropertyValueSpecification","valueRequired":true,"valueName":"search_term_string"}}],"inLanguage":"es"},{"@type":"Person","@id":"https:\/\/www.prooptica.pt\/home\/#\/schema\/person\/1cbd826a9322a3c38a052e43d1638306","name":"admin","image":{"@type":"ImageObject","inLanguage":"es","@id":"https:\/\/secure.gravatar.com\/avatar\/528c714482569d81724b02603aa719344e9ad7c0b50becf07272b2086b2c1cfd?s=96&d=mm&r=g","url":"https:\/\/secure.gravatar.com\/avatar\/528c714482569d81724b02603aa719344e9ad7c0b50becf07272b2086b2c1cfd?s=96&d=mm&r=g","contentUrl":"https:\/\/secure.gravatar.com\/avatar\/528c714482569d81724b02603aa719344e9ad7c0b50becf07272b2086b2c1cfd?s=96&d=mm&r=g","caption":"admin"},"url":"https:\/\/www.prooptica.pt\/es\/author\/admin\/"}]}},"_links":{"self":[{"href":"https:\/\/www.prooptica.pt\/es\/wp-json\/wp\/v2\/posts\/22129","targetHints":{"allow":["GET"]}}],"collection":[{"href":"https:\/\/www.prooptica.pt\/es\/wp-json\/wp\/v2\/posts"}],"about":[{"href":"https:\/\/www.prooptica.pt\/es\/wp-json\/wp\/v2\/types\/post"}],"author":[{"embeddable":true,"href":"https:\/\/www.prooptica.pt\/es\/wp-json\/wp\/v2\/users\/2"}],"replies":[{"embeddable":true,"href":"https:\/\/www.prooptica.pt\/es\/wp-json\/wp\/v2\/comments?post=22129"}],"version-history":[{"count":1,"href":"https:\/\/www.prooptica.pt\/es\/wp-json\/wp\/v2\/posts\/22129\/revisions"}],"predecessor-version":[{"id":22130,"href":"https:\/\/www.prooptica.pt\/es\/wp-json\/wp\/v2\/posts\/22129\/revisions\/22130"}],"wp:featuredmedia":[{"embeddable":true,"href":"https:\/\/www.prooptica.pt\/es\/wp-json\/wp\/v2\/media\/22133"}],"wp:attachment":[{"href":"https:\/\/www.prooptica.pt\/es\/wp-json\/wp\/v2\/media?parent=22129"}],"wp:term":[{"taxonomy":"category","embeddable":true,"href":"https:\/\/www.prooptica.pt\/es\/wp-json\/wp\/v2\/categories?post=22129"},{"taxonomy":"post_tag","embeddable":true,"href":"https:\/\/www.prooptica.pt\/es\/wp-json\/wp\/v2\/tags?post=22129"}],"curies":[{"name":"wp","href":"https:\/\/api.w.org\/{rel}","templated":true}]}}