{"id":22134,"date":"2025-04-03T13:39:40","date_gmt":"2025-04-03T13:39:40","guid":{"rendered":"https:\/\/www.prooptica.pt\/?p=22134"},"modified":"2025-04-03T13:39:40","modified_gmt":"2025-04-03T13:39:40","slug":"dia-mundial-de-la-salud-la-importancia-de-evaluar-periodicamente-nuestra-salud-en-general-y-nuestra-salud-visual-en-particular","status":"publish","type":"post","link":"https:\/\/www.prooptica.pt\/es\/dia-mundial-da-saude-a-importancia-de-avaliar-regularmente-a-nossa-saude-no-geral-e-a-saude-visual-em-particular\/","title":{"rendered":"D\u00eda Mundial de la Salud | La importancia de evaluar peri\u00f3dicamente nuestra salud en general y la visual en particular"},"content":{"rendered":"<p>El D\u00eda Mundial de la Salud, que se celebra anualmente el 7 de abril, es una oportunidad para reflexionar sobre la importancia de la salud y nuestro bienestar. Este d\u00eda se dedica a reconocer los progresos realizados en el \u00e1mbito de la salud y a concienciar sobre la necesidad de evaluar peri\u00f3dicamente el estado de salud a escala mundial. Uno de los sentidos que a menudo se descuida en lo que respecta a la salud es la vista, que requiere una atenci\u00f3n especial y cuidados regulares.<\/p>\n<h6><strong>Evaluaci\u00f3n peri\u00f3dica de la salud general<\/strong><\/h6>\n<p>La prevenci\u00f3n es el primer paso hacia una vida larga y sana. Enfermedades como la hipertensi\u00f3n, la diabetes y el colesterol alto pueden permanecer silenciosas durante muchos a\u00f1os antes de mostrar s\u00edntomas evidentes. De ah\u00ed la importancia de las revisiones peri\u00f3dicas, que no s\u00f3lo permiten detectar los problemas en una fase temprana, cuando hay m\u00e1s posibilidades de \u00e9xito en el tratamiento, sino que tambi\u00e9n proporcionan consejos sobre c\u00f3mo mantener un estilo de vida saludable.<\/p>\n<p>La frecuencia de los chequeos puede variar en funci\u00f3n de la edad, los antecedentes familiares y los riesgos personales, pero el consenso es que debe realizarse un chequeo m\u00e9dico completo al menos una vez al a\u00f1o. Esto incluye evaluaciones del coraz\u00f3n, los pulmones, los niveles de az\u00facar en sangre, la funci\u00f3n renal y hep\u00e1tica y, por supuesto, pruebas de presi\u00f3n arterial.<\/p>\n<h6><strong>La salud visual como prioridad<\/strong><\/h6>\n<p>En cuanto a la salud visual, a menudo se descuida hasta que se manifiestan problemas graves. La visi\u00f3n es crucial para la mayor\u00eda de las actividades cotidianas y, como tal, necesita cuidados regulares para garantizar que cualquier cambio se advierta r\u00e1pidamente. Los problemas de visi\u00f3n tambi\u00e9n pueden ser indicadores de otros problemas de salud, como diabetes o hipertensi\u00f3n.<\/p>\n<p>Se recomienda que los adultos con visi\u00f3n normal se revisen los ojos al menos una vez cada dos a\u00f1os y anualmente despu\u00e9s de los 40, o si existen factores de riesgo de problemas oculares, como antecedentes familiares de glaucoma o uso frecuente de ordenadores. Para los ni\u00f1os, las revisiones oculares peri\u00f3dicas son cruciales mientras crecen, sobre todo hoy en d\u00eda, dado el uso cada vez mayor de dispositivos digitales, que pueden provocar problemas como la fatiga visual.<\/p>\n<h6><strong>Conclusi\u00f3n<\/strong><\/h6>\n<p>En resumen, el D\u00eda Mundial de la Salud es un momento para que cada uno de nosotros nos comprometamos a mantener nuestra salud general y, en particular, nuestra salud visual. Las revisiones peri\u00f3dicas son esenciales para la detecci\u00f3n precoz de problemas y para mantener un estilo de vida saludable. Celebre este d\u00eda comprometi\u00e9ndose a cuidar mejor de s\u00ed mismo y de sus ojos, asegur\u00e1ndose as\u00ed una mejor calidad de vida.<\/p>","protected":false},"excerpt":{"rendered":"<p>O Dia Mundial da Sa\u00fade, celebrado anualmente a 7 de abril, \u00e9 uma oportunidade para refletirmos sobre a import\u00e2ncia da sa\u00fade e do nosso bem-estar. Este dia \u00e9 dedicado a reconhecer os progressos alcan\u00e7ados na \u00e1rea da sa\u00fade e a sensibilizar para a necessidade de uma avalia\u00e7\u00e3o regular do estado de sa\u00fade, a n\u00edvel global. [&hellip;]<\/p>\n","protected":false},"author":2,"featured_media":22135,"comment_status":"closed","ping_status":"closed","sticky":false,"template":"","format":"standard","meta":{"footnotes":""},"categories":[238],"tags":[],"class_list":["post-22134","post","type-post","status-publish","format-standard","has-post-thumbnail","hentry","category-insight"],"yoast_head":"<!-- This site is optimized with the Yoast SEO plugin v27.5 - https:\/\/yoast.com\/product\/yoast-seo-wordpress\/ -->\n<title>Dia Mundial da Sa\u00fade | A import\u00e2ncia de avalia\u00e7\u00e3o regular<\/title>\n<meta name=\"description\" content=\"Avalia\u00e7\u00f5es regulares s\u00e3o essenciais para a dete\u00e7\u00e3o precoce de problemas e para a manuten\u00e7\u00e3o de um estilo de vida saud\u00e1vel.\" \/>\n<meta name=\"robots\" content=\"index, follow, max-snippet:-1, max-image-preview:large, max-video-preview:-1\" \/>\n<link rel=\"canonical\" href=\"https:\/\/www.prooptica.pt\/es\/dia-mundial-de-la-salud-la-importancia-de-evaluar-periodicamente-nuestra-salud-en-general-y-nuestra-salud-visual-en-particular\/\" \/>\n<meta property=\"og:locale\" content=\"es_ES\" \/>\n<meta property=\"og:type\" content=\"article\" \/>\n<meta property=\"og:title\" content=\"Dia Mundial da Sa\u00fade | A import\u00e2ncia de avalia\u00e7\u00e3o regular\" \/>\n<meta property=\"og:description\" content=\"Avalia\u00e7\u00f5es regulares s\u00e3o essenciais para a dete\u00e7\u00e3o precoce de problemas e para a manuten\u00e7\u00e3o de um estilo de vida saud\u00e1vel.\" \/>\n<meta property=\"og:url\" content=\"https:\/\/www.prooptica.pt\/es\/dia-mundial-de-la-salud-la-importancia-de-evaluar-periodicamente-nuestra-salud-en-general-y-nuestra-salud-visual-en-particular\/\" \/>\n<meta property=\"og:site_name\" content=\"Prooptica\" \/>\n<meta property=\"article:published_time\" content=\"2025-04-03T13:39:40+00:00\" \/>\n<meta property=\"og:image\" content=\"https:\/\/www.prooptica.pt\/wp-content\/uploads\/2025\/04\/Capa-artigo-blog-1.jpg\" \/>\n\t<meta property=\"og:image:width\" content=\"852\" \/>\n\t<meta property=\"og:image:height\" content=\"514\" \/>\n\t<meta property=\"og:image:type\" content=\"image\/jpeg\" \/>\n<meta name=\"author\" content=\"admin\" \/>\n<meta name=\"twitter:card\" content=\"summary_large_image\" \/>\n<meta name=\"twitter:label1\" content=\"Escrito por\" \/>\n\t<meta name=\"twitter:data1\" content=\"admin\" \/>\n\t<meta name=\"twitter:label2\" content=\"Tiempo de lectura\" \/>\n\t<meta name=\"twitter:data2\" content=\"3 minutos\" \/>\n<script type=\"application\/ld+json\" class=\"yoast-schema-graph\">{\"@context\":\"https:\\\/\\\/schema.org\",\"@graph\":[{\"@type\":\"Article\",\"@id\":\"https:\\\/\\\/www.prooptica.pt\\\/dia-mundial-da-saude-a-importancia-de-avaliar-regularmente-a-nossa-saude-no-geral-e-a-saude-visual-em-particular\\\/#article\",\"isPartOf\":{\"@id\":\"https:\\\/\\\/www.prooptica.pt\\\/dia-mundial-da-saude-a-importancia-de-avaliar-regularmente-a-nossa-saude-no-geral-e-a-saude-visual-em-particular\\\/\"},\"author\":{\"name\":\"admin\",\"@id\":\"https:\\\/\\\/www.prooptica.pt\\\/home\\\/#\\\/schema\\\/person\\\/1cbd826a9322a3c38a052e43d1638306\"},\"headline\":\"Dia Mundial da Sa\u00fade | A import\u00e2ncia de avaliar regularmente a nossa sa\u00fade no geral e a sa\u00fade visual em particular\",\"datePublished\":\"2025-04-03T13:39:40+00:00\",\"mainEntityOfPage\":{\"@id\":\"https:\\\/\\\/www.prooptica.pt\\\/dia-mundial-da-saude-a-importancia-de-avaliar-regularmente-a-nossa-saude-no-geral-e-a-saude-visual-em-particular\\\/\"},\"wordCount\":485,\"image\":{\"@id\":\"https:\\\/\\\/www.prooptica.pt\\\/dia-mundial-da-saude-a-importancia-de-avaliar-regularmente-a-nossa-saude-no-geral-e-a-saude-visual-em-particular\\\/#primaryimage\"},\"thumbnailUrl\":\"https:\\\/\\\/www.prooptica.pt\\\/wp-content\\\/uploads\\\/2025\\\/04\\\/Capa-artigo-blog-1.jpg\",\"articleSection\":[\"Insight\"],\"inLanguage\":\"es\"},{\"@type\":\"WebPage\",\"@id\":\"https:\\\/\\\/www.prooptica.pt\\\/dia-mundial-da-saude-a-importancia-de-avaliar-regularmente-a-nossa-saude-no-geral-e-a-saude-visual-em-particular\\\/\",\"url\":\"https:\\\/\\\/www.prooptica.pt\\\/dia-mundial-da-saude-a-importancia-de-avaliar-regularmente-a-nossa-saude-no-geral-e-a-saude-visual-em-particular\\\/\",\"name\":\"Dia Mundial da Sa\u00fade | A import\u00e2ncia de avalia\u00e7\u00e3o regular\",\"isPartOf\":{\"@id\":\"https:\\\/\\\/www.prooptica.pt\\\/home\\\/#website\"},\"primaryImageOfPage\":{\"@id\":\"https:\\\/\\\/www.prooptica.pt\\\/dia-mundial-da-saude-a-importancia-de-avaliar-regularmente-a-nossa-saude-no-geral-e-a-saude-visual-em-particular\\\/#primaryimage\"},\"image\":{\"@id\":\"https:\\\/\\\/www.prooptica.pt\\\/dia-mundial-da-saude-a-importancia-de-avaliar-regularmente-a-nossa-saude-no-geral-e-a-saude-visual-em-particular\\\/#primaryimage\"},\"thumbnailUrl\":\"https:\\\/\\\/www.prooptica.pt\\\/wp-content\\\/uploads\\\/2025\\\/04\\\/Capa-artigo-blog-1.jpg\",\"datePublished\":\"2025-04-03T13:39:40+00:00\",\"author\":{\"@id\":\"https:\\\/\\\/www.prooptica.pt\\\/home\\\/#\\\/schema\\\/person\\\/1cbd826a9322a3c38a052e43d1638306\"},\"description\":\"Avalia\u00e7\u00f5es regulares s\u00e3o essenciais para a dete\u00e7\u00e3o precoce de problemas e para a manuten\u00e7\u00e3o de um estilo de vida saud\u00e1vel.\",\"breadcrumb\":{\"@id\":\"https:\\\/\\\/www.prooptica.pt\\\/dia-mundial-da-saude-a-importancia-de-avaliar-regularmente-a-nossa-saude-no-geral-e-a-saude-visual-em-particular\\\/#breadcrumb\"},\"inLanguage\":\"es\",\"potentialAction\":[{\"@type\":\"ReadAction\",\"target\":[\"https:\\\/\\\/www.prooptica.pt\\\/dia-mundial-da-saude-a-importancia-de-avaliar-regularmente-a-nossa-saude-no-geral-e-a-saude-visual-em-particular\\\/\"]}]},{\"@type\":\"ImageObject\",\"inLanguage\":\"es\",\"@id\":\"https:\\\/\\\/www.prooptica.pt\\\/dia-mundial-da-saude-a-importancia-de-avaliar-regularmente-a-nossa-saude-no-geral-e-a-saude-visual-em-particular\\\/#primaryimage\",\"url\":\"https:\\\/\\\/www.prooptica.pt\\\/wp-content\\\/uploads\\\/2025\\\/04\\\/Capa-artigo-blog-1.jpg\",\"contentUrl\":\"https:\\\/\\\/www.prooptica.pt\\\/wp-content\\\/uploads\\\/2025\\\/04\\\/Capa-artigo-blog-1.jpg\",\"width\":852,\"height\":514},{\"@type\":\"BreadcrumbList\",\"@id\":\"https:\\\/\\\/www.prooptica.pt\\\/dia-mundial-da-saude-a-importancia-de-avaliar-regularmente-a-nossa-saude-no-geral-e-a-saude-visual-em-particular\\\/#breadcrumb\",\"itemListElement\":[{\"@type\":\"ListItem\",\"position\":1,\"name\":\"In\u00edcio\",\"item\":\"https:\\\/\\\/www.prooptica.pt\\\/\"},{\"@type\":\"ListItem\",\"position\":2,\"name\":\"Dia Mundial da Sa\u00fade | A import\u00e2ncia de avaliar regularmente a nossa sa\u00fade no geral e a sa\u00fade visual em particular\"}]},{\"@type\":\"WebSite\",\"@id\":\"https:\\\/\\\/www.prooptica.pt\\\/home\\\/#website\",\"url\":\"https:\\\/\\\/www.prooptica.pt\\\/home\\\/\",\"name\":\"Prooptica\",\"description\":\"Full Eyewear Concept\",\"potentialAction\":[{\"@type\":\"SearchAction\",\"target\":{\"@type\":\"EntryPoint\",\"urlTemplate\":\"https:\\\/\\\/www.prooptica.pt\\\/home\\\/?s={search_term_string}\"},\"query-input\":{\"@type\":\"PropertyValueSpecification\",\"valueRequired\":true,\"valueName\":\"search_term_string\"}}],\"inLanguage\":\"es\"},{\"@type\":\"Person\",\"@id\":\"https:\\\/\\\/www.prooptica.pt\\\/home\\\/#\\\/schema\\\/person\\\/1cbd826a9322a3c38a052e43d1638306\",\"name\":\"admin\",\"image\":{\"@type\":\"ImageObject\",\"inLanguage\":\"es\",\"@id\":\"https:\\\/\\\/secure.gravatar.com\\\/avatar\\\/528c714482569d81724b02603aa719344e9ad7c0b50becf07272b2086b2c1cfd?s=96&d=mm&r=g\",\"url\":\"https:\\\/\\\/secure.gravatar.com\\\/avatar\\\/528c714482569d81724b02603aa719344e9ad7c0b50becf07272b2086b2c1cfd?s=96&d=mm&r=g\",\"contentUrl\":\"https:\\\/\\\/secure.gravatar.com\\\/avatar\\\/528c714482569d81724b02603aa719344e9ad7c0b50becf07272b2086b2c1cfd?s=96&d=mm&r=g\",\"caption\":\"admin\"},\"url\":\"https:\\\/\\\/www.prooptica.pt\\\/es\\\/author\\\/admin\\\/\"}]}<\/script>\n<!-- \/ Yoast SEO plugin. -->","yoast_head_json":{"title":"D\u00eda Mundial de la Salud | La importancia de una evaluaci\u00f3n peri\u00f3dica","description":"Las revisiones peri\u00f3dicas son esenciales para la detecci\u00f3n precoz de problemas y para mantener un estilo de vida saludable.","robots":{"index":"index","follow":"follow","max-snippet":"max-snippet:-1","max-image-preview":"max-image-preview:large","max-video-preview":"max-video-preview:-1"},"canonical":"https:\/\/www.prooptica.pt\/es\/dia-mundial-de-la-salud-la-importancia-de-evaluar-periodicamente-nuestra-salud-en-general-y-nuestra-salud-visual-en-particular\/","og_locale":"es_ES","og_type":"article","og_title":"Dia Mundial da Sa\u00fade | A import\u00e2ncia de avalia\u00e7\u00e3o regular","og_description":"Avalia\u00e7\u00f5es regulares s\u00e3o essenciais para a dete\u00e7\u00e3o precoce de problemas e para a manuten\u00e7\u00e3o de um estilo de vida saud\u00e1vel.","og_url":"https:\/\/www.prooptica.pt\/es\/dia-mundial-de-la-salud-la-importancia-de-evaluar-periodicamente-nuestra-salud-en-general-y-nuestra-salud-visual-en-particular\/","og_site_name":"Prooptica","article_published_time":"2025-04-03T13:39:40+00:00","og_image":[{"width":852,"height":514,"url":"https:\/\/www.prooptica.pt\/wp-content\/uploads\/2025\/04\/Capa-artigo-blog-1.jpg","type":"image\/jpeg"}],"author":"admin","twitter_card":"summary_large_image","twitter_misc":{"Escrito por":"admin","Tiempo de lectura":"3 minutos"},"schema":{"@context":"https:\/\/schema.org","@graph":[{"@type":"Article","@id":"https:\/\/www.prooptica.pt\/dia-mundial-da-saude-a-importancia-de-avaliar-regularmente-a-nossa-saude-no-geral-e-a-saude-visual-em-particular\/#article","isPartOf":{"@id":"https:\/\/www.prooptica.pt\/dia-mundial-da-saude-a-importancia-de-avaliar-regularmente-a-nossa-saude-no-geral-e-a-saude-visual-em-particular\/"},"author":{"name":"admin","@id":"https:\/\/www.prooptica.pt\/home\/#\/schema\/person\/1cbd826a9322a3c38a052e43d1638306"},"headline":"Dia Mundial da Sa\u00fade | A import\u00e2ncia de avaliar regularmente a nossa sa\u00fade no geral e a sa\u00fade visual em particular","datePublished":"2025-04-03T13:39:40+00:00","mainEntityOfPage":{"@id":"https:\/\/www.prooptica.pt\/dia-mundial-da-saude-a-importancia-de-avaliar-regularmente-a-nossa-saude-no-geral-e-a-saude-visual-em-particular\/"},"wordCount":485,"image":{"@id":"https:\/\/www.prooptica.pt\/dia-mundial-da-saude-a-importancia-de-avaliar-regularmente-a-nossa-saude-no-geral-e-a-saude-visual-em-particular\/#primaryimage"},"thumbnailUrl":"https:\/\/www.prooptica.pt\/wp-content\/uploads\/2025\/04\/Capa-artigo-blog-1.jpg","articleSection":["Insight"],"inLanguage":"es"},{"@type":"WebPage","@id":"https:\/\/www.prooptica.pt\/dia-mundial-da-saude-a-importancia-de-avaliar-regularmente-a-nossa-saude-no-geral-e-a-saude-visual-em-particular\/","url":"https:\/\/www.prooptica.pt\/dia-mundial-da-saude-a-importancia-de-avaliar-regularmente-a-nossa-saude-no-geral-e-a-saude-visual-em-particular\/","name":"D\u00eda Mundial de la Salud | La importancia de una evaluaci\u00f3n peri\u00f3dica","isPartOf":{"@id":"https:\/\/www.prooptica.pt\/home\/#website"},"primaryImageOfPage":{"@id":"https:\/\/www.prooptica.pt\/dia-mundial-da-saude-a-importancia-de-avaliar-regularmente-a-nossa-saude-no-geral-e-a-saude-visual-em-particular\/#primaryimage"},"image":{"@id":"https:\/\/www.prooptica.pt\/dia-mundial-da-saude-a-importancia-de-avaliar-regularmente-a-nossa-saude-no-geral-e-a-saude-visual-em-particular\/#primaryimage"},"thumbnailUrl":"https:\/\/www.prooptica.pt\/wp-content\/uploads\/2025\/04\/Capa-artigo-blog-1.jpg","datePublished":"2025-04-03T13:39:40+00:00","author":{"@id":"https:\/\/www.prooptica.pt\/home\/#\/schema\/person\/1cbd826a9322a3c38a052e43d1638306"},"description":"Las revisiones peri\u00f3dicas son esenciales para la detecci\u00f3n precoz de problemas y para mantener un estilo de vida saludable.","breadcrumb":{"@id":"https:\/\/www.prooptica.pt\/dia-mundial-da-saude-a-importancia-de-avaliar-regularmente-a-nossa-saude-no-geral-e-a-saude-visual-em-particular\/#breadcrumb"},"inLanguage":"es","potentialAction":[{"@type":"ReadAction","target":["https:\/\/www.prooptica.pt\/dia-mundial-da-saude-a-importancia-de-avaliar-regularmente-a-nossa-saude-no-geral-e-a-saude-visual-em-particular\/"]}]},{"@type":"ImageObject","inLanguage":"es","@id":"https:\/\/www.prooptica.pt\/dia-mundial-da-saude-a-importancia-de-avaliar-regularmente-a-nossa-saude-no-geral-e-a-saude-visual-em-particular\/#primaryimage","url":"https:\/\/www.prooptica.pt\/wp-content\/uploads\/2025\/04\/Capa-artigo-blog-1.jpg","contentUrl":"https:\/\/www.prooptica.pt\/wp-content\/uploads\/2025\/04\/Capa-artigo-blog-1.jpg","width":852,"height":514},{"@type":"BreadcrumbList","@id":"https:\/\/www.prooptica.pt\/dia-mundial-da-saude-a-importancia-de-avaliar-regularmente-a-nossa-saude-no-geral-e-a-saude-visual-em-particular\/#breadcrumb","itemListElement":[{"@type":"ListItem","position":1,"name":"In\u00edcio","item":"https:\/\/www.prooptica.pt\/"},{"@type":"ListItem","position":2,"name":"Dia Mundial da Sa\u00fade | A import\u00e2ncia de avaliar regularmente a nossa sa\u00fade no geral e a sa\u00fade visual em particular"}]},{"@type":"WebSite","@id":"https:\/\/www.prooptica.pt\/home\/#website","url":"https:\/\/www.prooptica.pt\/home\/","name":"Prooptica","description":"Concepto de gafas completas","potentialAction":[{"@type":"SearchAction","target":{"@type":"EntryPoint","urlTemplate":"https:\/\/www.prooptica.pt\/home\/?s={search_term_string}"},"query-input":{"@type":"PropertyValueSpecification","valueRequired":true,"valueName":"search_term_string"}}],"inLanguage":"es"},{"@type":"Person","@id":"https:\/\/www.prooptica.pt\/home\/#\/schema\/person\/1cbd826a9322a3c38a052e43d1638306","name":"admin","image":{"@type":"ImageObject","inLanguage":"es","@id":"https:\/\/secure.gravatar.com\/avatar\/528c714482569d81724b02603aa719344e9ad7c0b50becf07272b2086b2c1cfd?s=96&d=mm&r=g","url":"https:\/\/secure.gravatar.com\/avatar\/528c714482569d81724b02603aa719344e9ad7c0b50becf07272b2086b2c1cfd?s=96&d=mm&r=g","contentUrl":"https:\/\/secure.gravatar.com\/avatar\/528c714482569d81724b02603aa719344e9ad7c0b50becf07272b2086b2c1cfd?s=96&d=mm&r=g","caption":"admin"},"url":"https:\/\/www.prooptica.pt\/es\/author\/admin\/"}]}},"_links":{"self":[{"href":"https:\/\/www.prooptica.pt\/es\/wp-json\/wp\/v2\/posts\/22134","targetHints":{"allow":["GET"]}}],"collection":[{"href":"https:\/\/www.prooptica.pt\/es\/wp-json\/wp\/v2\/posts"}],"about":[{"href":"https:\/\/www.prooptica.pt\/es\/wp-json\/wp\/v2\/types\/post"}],"author":[{"embeddable":true,"href":"https:\/\/www.prooptica.pt\/es\/wp-json\/wp\/v2\/users\/2"}],"replies":[{"embeddable":true,"href":"https:\/\/www.prooptica.pt\/es\/wp-json\/wp\/v2\/comments?post=22134"}],"version-history":[{"count":1,"href":"https:\/\/www.prooptica.pt\/es\/wp-json\/wp\/v2\/posts\/22134\/revisions"}],"predecessor-version":[{"id":22136,"href":"https:\/\/www.prooptica.pt\/es\/wp-json\/wp\/v2\/posts\/22134\/revisions\/22136"}],"wp:featuredmedia":[{"embeddable":true,"href":"https:\/\/www.prooptica.pt\/es\/wp-json\/wp\/v2\/media\/22135"}],"wp:attachment":[{"href":"https:\/\/www.prooptica.pt\/es\/wp-json\/wp\/v2\/media?parent=22134"}],"wp:term":[{"taxonomy":"category","embeddable":true,"href":"https:\/\/www.prooptica.pt\/es\/wp-json\/wp\/v2\/categories?post=22134"},{"taxonomy":"post_tag","embeddable":true,"href":"https:\/\/www.prooptica.pt\/es\/wp-json\/wp\/v2\/tags?post=22134"}],"curies":[{"name":"wp","href":"https:\/\/api.w.org\/{rel}","templated":true}]}}