{"id":22139,"date":"2025-04-03T13:55:56","date_gmt":"2025-04-03T13:55:56","guid":{"rendered":"https:\/\/www.prooptica.pt\/?p=22139"},"modified":"2025-04-03T13:55:56","modified_gmt":"2025-04-03T13:55:56","slug":"dia-mundial-del-golfista-la-importancia-de-la-correccion-visual-para-un-rendimiento-ejemplar-en-este-deporte","status":"publish","type":"post","link":"https:\/\/www.prooptica.pt\/es\/dia-mundial-do-golfista-a-importancia-da-correcao-visual-para-um-desempenho-exemplar-nesta-pratica-desportiva\/","title":{"rendered":"D\u00eda Mundial del Golfista | La importancia de la correcci\u00f3n visual para un rendimiento ejemplar en este deporte"},"content":{"rendered":"<p>El D\u00eda Mundial del Golfista es una celebraci\u00f3n de la pasi\u00f3n y la dedicaci\u00f3n de los aficionados a este deporte extremadamente meticuloso y t\u00e9cnico. Para los golfistas, cada detalle puede influir en el rendimiento en el campo, y uno de los aspectos cruciales, que a menudo se pasa por alto, es la salud visual. Una visi\u00f3n clara no es s\u00f3lo una cuesti\u00f3n de comodidad; es un componente esencial para alcanzar la excelencia en el golf.<\/p>\n<h6><strong>La influencia de la visi\u00f3n en el golf<\/strong><\/h6>\n<p>En el golf, la precisi\u00f3n y la agudeza visual son fundamentales. Un golfista necesita juzgar las distancias, percibir las sutiles variaciones del terreno y alinear los golpes con precisi\u00f3n milim\u00e9trica. Los problemas de visi\u00f3n, por leves que sean, pueden distorsionar estas percepciones y poner en peligro el rendimiento. Por lo tanto, asegurarse de que la visi\u00f3n est\u00e1 optimizada es tan importante como la t\u00e9cnica o el equipamiento.<\/p>\n<h6><strong>Lentes oft\u00e1lmicas dise\u00f1adas para la pr\u00e1ctica deportiva<\/strong><\/h6>\n<p>Afortunadamente, existen soluciones de lentes oft\u00e1lmicas especialmente dise\u00f1adas para el deporte. Estas lentes est\u00e1n creadas con tecnolog\u00edas que permiten enfocar con precisi\u00f3n y comodidad a cualquier distancia, ayudan a mejorar la profundidad de campo, son esenciales para evaluar con precisi\u00f3n la distancia al hoyo o para percibir las ondulaciones del c\u00e9sped, maximizando la comodidad de los usuarios m\u00e1s activos.<\/p>\n<h6><strong>La elecci\u00f3n correcta<\/strong><\/h6>\n<p>Para los golfistas que necesitan correcci\u00f3n visual, elegir las lentes adecuadas es crucial. Consultar a un especialista en salud visual que entienda los requisitos espec\u00edficos del golf es el primer paso para asegurarse de obtener la soluci\u00f3n \u00f3ptica m\u00e1s adecuada.<\/p>\n<p>En el D\u00eda Mundial del Golfista, celebramos no s\u00f3lo el deporte, sino tambi\u00e9n la importancia de cuidar todos los aspectos que pueden influir en el rendimiento en el campo. La visi\u00f3n es sin duda uno de estos aspectos, e invertir en lentes de calidad no es s\u00f3lo un lujo, sino una necesidad para cualquiera que busque la excelencia en el golf. Celebra este d\u00eda con la certeza de que tu vista es un factor a favor de tu \u00e9xito en el campo<\/p>","protected":false},"excerpt":{"rendered":"<p>O Dia Mundial do Golfista \u00e9 uma celebra\u00e7\u00e3o da paix\u00e3o e dedica\u00e7\u00e3o dos entusiastas deste desporto, extremamente minucioso e t\u00e9cnico. Para os golfistas, cada detalhe pode influenciar o desempenho em campo, e um dos aspetos cruciais, muitas vezes negligenciado, \u00e9 a sa\u00fade visual. A vis\u00e3o clara n\u00e3o \u00e9 apenas uma quest\u00e3o de conforto; \u00e9 uma [&hellip;]<\/p>\n","protected":false},"author":2,"featured_media":22140,"comment_status":"closed","ping_status":"closed","sticky":false,"template":"","format":"standard","meta":{"footnotes":""},"categories":[238],"tags":[],"class_list":["post-22139","post","type-post","status-publish","format-standard","has-post-thumbnail","hentry","category-insight"],"yoast_head":"<!-- This site is optimized with the Yoast SEO plugin v27.5 - https:\/\/yoast.com\/product\/yoast-seo-wordpress\/ -->\n<title>Dia Mundial do Golfista|A Import\u00e2ncia da corre\u00e7\u00e3o visual adequada<\/title>\n<meta name=\"description\" content=\"A vis\u00e3o \u00e9 sem d\u00favida essencial, e investir em lentes de qualidade n\u00e3o \u00e9 um luxo, mas uma necessidade para quem procura a excel\u00eancia no golfe.\" \/>\n<meta name=\"robots\" content=\"index, follow, max-snippet:-1, max-image-preview:large, max-video-preview:-1\" \/>\n<link rel=\"canonical\" href=\"https:\/\/www.prooptica.pt\/es\/dia-mundial-del-golfista-la-importancia-de-la-correccion-visual-para-un-rendimiento-ejemplar-en-este-deporte\/\" \/>\n<meta property=\"og:locale\" content=\"es_ES\" \/>\n<meta property=\"og:type\" content=\"article\" \/>\n<meta property=\"og:title\" content=\"Dia Mundial do Golfista|A Import\u00e2ncia da corre\u00e7\u00e3o visual adequada\" \/>\n<meta property=\"og:description\" content=\"A vis\u00e3o \u00e9 sem d\u00favida essencial, e investir em lentes de qualidade n\u00e3o \u00e9 um luxo, mas uma necessidade para quem procura a excel\u00eancia no golfe.\" \/>\n<meta property=\"og:url\" content=\"https:\/\/www.prooptica.pt\/es\/dia-mundial-del-golfista-la-importancia-de-la-correccion-visual-para-un-rendimiento-ejemplar-en-este-deporte\/\" \/>\n<meta property=\"og:site_name\" content=\"Prooptica\" \/>\n<meta property=\"article:published_time\" content=\"2025-04-03T13:55:56+00:00\" \/>\n<meta property=\"og:image\" content=\"https:\/\/www.prooptica.pt\/wp-content\/uploads\/2025\/04\/Capa-artigo-blog-2.jpg\" \/>\n\t<meta property=\"og:image:width\" content=\"852\" \/>\n\t<meta property=\"og:image:height\" content=\"514\" \/>\n\t<meta property=\"og:image:type\" content=\"image\/jpeg\" \/>\n<meta name=\"author\" content=\"admin\" \/>\n<meta name=\"twitter:card\" content=\"summary_large_image\" \/>\n<meta name=\"twitter:label1\" content=\"Escrito por\" \/>\n\t<meta name=\"twitter:data1\" content=\"admin\" \/>\n\t<meta name=\"twitter:label2\" content=\"Tiempo de lectura\" \/>\n\t<meta name=\"twitter:data2\" content=\"2 minutos\" \/>\n<script type=\"application\/ld+json\" class=\"yoast-schema-graph\">{\"@context\":\"https:\\\/\\\/schema.org\",\"@graph\":[{\"@type\":\"Article\",\"@id\":\"https:\\\/\\\/www.prooptica.pt\\\/dia-mundial-do-golfista-a-importancia-da-correcao-visual-para-um-desempenho-exemplar-nesta-pratica-desportiva\\\/#article\",\"isPartOf\":{\"@id\":\"https:\\\/\\\/www.prooptica.pt\\\/dia-mundial-do-golfista-a-importancia-da-correcao-visual-para-um-desempenho-exemplar-nesta-pratica-desportiva\\\/\"},\"author\":{\"name\":\"admin\",\"@id\":\"https:\\\/\\\/www.prooptica.pt\\\/home\\\/#\\\/schema\\\/person\\\/1cbd826a9322a3c38a052e43d1638306\"},\"headline\":\"Dia Mundial do Golfista | A import\u00e2ncia da corre\u00e7\u00e3o visual para um desempenho exemplar nesta pr\u00e1tica desportiva\",\"datePublished\":\"2025-04-03T13:55:56+00:00\",\"mainEntityOfPage\":{\"@id\":\"https:\\\/\\\/www.prooptica.pt\\\/dia-mundial-do-golfista-a-importancia-da-correcao-visual-para-um-desempenho-exemplar-nesta-pratica-desportiva\\\/\"},\"wordCount\":372,\"image\":{\"@id\":\"https:\\\/\\\/www.prooptica.pt\\\/dia-mundial-do-golfista-a-importancia-da-correcao-visual-para-um-desempenho-exemplar-nesta-pratica-desportiva\\\/#primaryimage\"},\"thumbnailUrl\":\"https:\\\/\\\/www.prooptica.pt\\\/wp-content\\\/uploads\\\/2025\\\/04\\\/Capa-artigo-blog-2.jpg\",\"articleSection\":[\"Insight\"],\"inLanguage\":\"es\"},{\"@type\":\"WebPage\",\"@id\":\"https:\\\/\\\/www.prooptica.pt\\\/dia-mundial-do-golfista-a-importancia-da-correcao-visual-para-um-desempenho-exemplar-nesta-pratica-desportiva\\\/\",\"url\":\"https:\\\/\\\/www.prooptica.pt\\\/dia-mundial-do-golfista-a-importancia-da-correcao-visual-para-um-desempenho-exemplar-nesta-pratica-desportiva\\\/\",\"name\":\"Dia Mundial do Golfista|A Import\u00e2ncia da corre\u00e7\u00e3o visual adequada\",\"isPartOf\":{\"@id\":\"https:\\\/\\\/www.prooptica.pt\\\/home\\\/#website\"},\"primaryImageOfPage\":{\"@id\":\"https:\\\/\\\/www.prooptica.pt\\\/dia-mundial-do-golfista-a-importancia-da-correcao-visual-para-um-desempenho-exemplar-nesta-pratica-desportiva\\\/#primaryimage\"},\"image\":{\"@id\":\"https:\\\/\\\/www.prooptica.pt\\\/dia-mundial-do-golfista-a-importancia-da-correcao-visual-para-um-desempenho-exemplar-nesta-pratica-desportiva\\\/#primaryimage\"},\"thumbnailUrl\":\"https:\\\/\\\/www.prooptica.pt\\\/wp-content\\\/uploads\\\/2025\\\/04\\\/Capa-artigo-blog-2.jpg\",\"datePublished\":\"2025-04-03T13:55:56+00:00\",\"author\":{\"@id\":\"https:\\\/\\\/www.prooptica.pt\\\/home\\\/#\\\/schema\\\/person\\\/1cbd826a9322a3c38a052e43d1638306\"},\"description\":\"A vis\u00e3o \u00e9 sem d\u00favida essencial, e investir em lentes de qualidade n\u00e3o \u00e9 um luxo, mas uma necessidade para quem procura a excel\u00eancia no golfe.\",\"breadcrumb\":{\"@id\":\"https:\\\/\\\/www.prooptica.pt\\\/dia-mundial-do-golfista-a-importancia-da-correcao-visual-para-um-desempenho-exemplar-nesta-pratica-desportiva\\\/#breadcrumb\"},\"inLanguage\":\"es\",\"potentialAction\":[{\"@type\":\"ReadAction\",\"target\":[\"https:\\\/\\\/www.prooptica.pt\\\/dia-mundial-do-golfista-a-importancia-da-correcao-visual-para-um-desempenho-exemplar-nesta-pratica-desportiva\\\/\"]}]},{\"@type\":\"ImageObject\",\"inLanguage\":\"es\",\"@id\":\"https:\\\/\\\/www.prooptica.pt\\\/dia-mundial-do-golfista-a-importancia-da-correcao-visual-para-um-desempenho-exemplar-nesta-pratica-desportiva\\\/#primaryimage\",\"url\":\"https:\\\/\\\/www.prooptica.pt\\\/wp-content\\\/uploads\\\/2025\\\/04\\\/Capa-artigo-blog-2.jpg\",\"contentUrl\":\"https:\\\/\\\/www.prooptica.pt\\\/wp-content\\\/uploads\\\/2025\\\/04\\\/Capa-artigo-blog-2.jpg\",\"width\":852,\"height\":514},{\"@type\":\"BreadcrumbList\",\"@id\":\"https:\\\/\\\/www.prooptica.pt\\\/dia-mundial-do-golfista-a-importancia-da-correcao-visual-para-um-desempenho-exemplar-nesta-pratica-desportiva\\\/#breadcrumb\",\"itemListElement\":[{\"@type\":\"ListItem\",\"position\":1,\"name\":\"In\u00edcio\",\"item\":\"https:\\\/\\\/www.prooptica.pt\\\/\"},{\"@type\":\"ListItem\",\"position\":2,\"name\":\"Dia Mundial do Golfista | A import\u00e2ncia da corre\u00e7\u00e3o visual para um desempenho exemplar nesta pr\u00e1tica desportiva\"}]},{\"@type\":\"WebSite\",\"@id\":\"https:\\\/\\\/www.prooptica.pt\\\/home\\\/#website\",\"url\":\"https:\\\/\\\/www.prooptica.pt\\\/home\\\/\",\"name\":\"Prooptica\",\"description\":\"Full Eyewear Concept\",\"potentialAction\":[{\"@type\":\"SearchAction\",\"target\":{\"@type\":\"EntryPoint\",\"urlTemplate\":\"https:\\\/\\\/www.prooptica.pt\\\/home\\\/?s={search_term_string}\"},\"query-input\":{\"@type\":\"PropertyValueSpecification\",\"valueRequired\":true,\"valueName\":\"search_term_string\"}}],\"inLanguage\":\"es\"},{\"@type\":\"Person\",\"@id\":\"https:\\\/\\\/www.prooptica.pt\\\/home\\\/#\\\/schema\\\/person\\\/1cbd826a9322a3c38a052e43d1638306\",\"name\":\"admin\",\"image\":{\"@type\":\"ImageObject\",\"inLanguage\":\"es\",\"@id\":\"https:\\\/\\\/secure.gravatar.com\\\/avatar\\\/528c714482569d81724b02603aa719344e9ad7c0b50becf07272b2086b2c1cfd?s=96&d=mm&r=g\",\"url\":\"https:\\\/\\\/secure.gravatar.com\\\/avatar\\\/528c714482569d81724b02603aa719344e9ad7c0b50becf07272b2086b2c1cfd?s=96&d=mm&r=g\",\"contentUrl\":\"https:\\\/\\\/secure.gravatar.com\\\/avatar\\\/528c714482569d81724b02603aa719344e9ad7c0b50becf07272b2086b2c1cfd?s=96&d=mm&r=g\",\"caption\":\"admin\"},\"url\":\"https:\\\/\\\/www.prooptica.pt\\\/es\\\/author\\\/admin\\\/\"}]}<\/script>\n<!-- \/ Yoast SEO plugin. -->","yoast_head_json":{"title":"D\u00eda Mundial del Golfista|La importancia de una correcci\u00f3n visual adecuada","description":"La visi\u00f3n es sin duda esencial, e invertir en lentes de calidad no es un lujo, sino una necesidad para cualquiera que busque la excelencia en el golf.","robots":{"index":"index","follow":"follow","max-snippet":"max-snippet:-1","max-image-preview":"max-image-preview:large","max-video-preview":"max-video-preview:-1"},"canonical":"https:\/\/www.prooptica.pt\/es\/dia-mundial-del-golfista-la-importancia-de-la-correccion-visual-para-un-rendimiento-ejemplar-en-este-deporte\/","og_locale":"es_ES","og_type":"article","og_title":"Dia Mundial do Golfista|A Import\u00e2ncia da corre\u00e7\u00e3o visual adequada","og_description":"A vis\u00e3o \u00e9 sem d\u00favida essencial, e investir em lentes de qualidade n\u00e3o \u00e9 um luxo, mas uma necessidade para quem procura a excel\u00eancia no golfe.","og_url":"https:\/\/www.prooptica.pt\/es\/dia-mundial-del-golfista-la-importancia-de-la-correccion-visual-para-un-rendimiento-ejemplar-en-este-deporte\/","og_site_name":"Prooptica","article_published_time":"2025-04-03T13:55:56+00:00","og_image":[{"width":852,"height":514,"url":"https:\/\/www.prooptica.pt\/wp-content\/uploads\/2025\/04\/Capa-artigo-blog-2.jpg","type":"image\/jpeg"}],"author":"admin","twitter_card":"summary_large_image","twitter_misc":{"Escrito por":"admin","Tiempo de lectura":"2 minutos"},"schema":{"@context":"https:\/\/schema.org","@graph":[{"@type":"Article","@id":"https:\/\/www.prooptica.pt\/dia-mundial-do-golfista-a-importancia-da-correcao-visual-para-um-desempenho-exemplar-nesta-pratica-desportiva\/#article","isPartOf":{"@id":"https:\/\/www.prooptica.pt\/dia-mundial-do-golfista-a-importancia-da-correcao-visual-para-um-desempenho-exemplar-nesta-pratica-desportiva\/"},"author":{"name":"admin","@id":"https:\/\/www.prooptica.pt\/home\/#\/schema\/person\/1cbd826a9322a3c38a052e43d1638306"},"headline":"Dia Mundial do Golfista | A import\u00e2ncia da corre\u00e7\u00e3o visual para um desempenho exemplar nesta pr\u00e1tica desportiva","datePublished":"2025-04-03T13:55:56+00:00","mainEntityOfPage":{"@id":"https:\/\/www.prooptica.pt\/dia-mundial-do-golfista-a-importancia-da-correcao-visual-para-um-desempenho-exemplar-nesta-pratica-desportiva\/"},"wordCount":372,"image":{"@id":"https:\/\/www.prooptica.pt\/dia-mundial-do-golfista-a-importancia-da-correcao-visual-para-um-desempenho-exemplar-nesta-pratica-desportiva\/#primaryimage"},"thumbnailUrl":"https:\/\/www.prooptica.pt\/wp-content\/uploads\/2025\/04\/Capa-artigo-blog-2.jpg","articleSection":["Insight"],"inLanguage":"es"},{"@type":"WebPage","@id":"https:\/\/www.prooptica.pt\/dia-mundial-do-golfista-a-importancia-da-correcao-visual-para-um-desempenho-exemplar-nesta-pratica-desportiva\/","url":"https:\/\/www.prooptica.pt\/dia-mundial-do-golfista-a-importancia-da-correcao-visual-para-um-desempenho-exemplar-nesta-pratica-desportiva\/","name":"D\u00eda Mundial del Golfista|La importancia de una correcci\u00f3n visual adecuada","isPartOf":{"@id":"https:\/\/www.prooptica.pt\/home\/#website"},"primaryImageOfPage":{"@id":"https:\/\/www.prooptica.pt\/dia-mundial-do-golfista-a-importancia-da-correcao-visual-para-um-desempenho-exemplar-nesta-pratica-desportiva\/#primaryimage"},"image":{"@id":"https:\/\/www.prooptica.pt\/dia-mundial-do-golfista-a-importancia-da-correcao-visual-para-um-desempenho-exemplar-nesta-pratica-desportiva\/#primaryimage"},"thumbnailUrl":"https:\/\/www.prooptica.pt\/wp-content\/uploads\/2025\/04\/Capa-artigo-blog-2.jpg","datePublished":"2025-04-03T13:55:56+00:00","author":{"@id":"https:\/\/www.prooptica.pt\/home\/#\/schema\/person\/1cbd826a9322a3c38a052e43d1638306"},"description":"La visi\u00f3n es sin duda esencial, e invertir en lentes de calidad no es un lujo, sino una necesidad para cualquiera que busque la excelencia en el golf.","breadcrumb":{"@id":"https:\/\/www.prooptica.pt\/dia-mundial-do-golfista-a-importancia-da-correcao-visual-para-um-desempenho-exemplar-nesta-pratica-desportiva\/#breadcrumb"},"inLanguage":"es","potentialAction":[{"@type":"ReadAction","target":["https:\/\/www.prooptica.pt\/dia-mundial-do-golfista-a-importancia-da-correcao-visual-para-um-desempenho-exemplar-nesta-pratica-desportiva\/"]}]},{"@type":"ImageObject","inLanguage":"es","@id":"https:\/\/www.prooptica.pt\/dia-mundial-do-golfista-a-importancia-da-correcao-visual-para-um-desempenho-exemplar-nesta-pratica-desportiva\/#primaryimage","url":"https:\/\/www.prooptica.pt\/wp-content\/uploads\/2025\/04\/Capa-artigo-blog-2.jpg","contentUrl":"https:\/\/www.prooptica.pt\/wp-content\/uploads\/2025\/04\/Capa-artigo-blog-2.jpg","width":852,"height":514},{"@type":"BreadcrumbList","@id":"https:\/\/www.prooptica.pt\/dia-mundial-do-golfista-a-importancia-da-correcao-visual-para-um-desempenho-exemplar-nesta-pratica-desportiva\/#breadcrumb","itemListElement":[{"@type":"ListItem","position":1,"name":"In\u00edcio","item":"https:\/\/www.prooptica.pt\/"},{"@type":"ListItem","position":2,"name":"Dia Mundial do Golfista | A import\u00e2ncia da corre\u00e7\u00e3o visual para um desempenho exemplar nesta pr\u00e1tica desportiva"}]},{"@type":"WebSite","@id":"https:\/\/www.prooptica.pt\/home\/#website","url":"https:\/\/www.prooptica.pt\/home\/","name":"Prooptica","description":"Concepto de gafas completas","potentialAction":[{"@type":"SearchAction","target":{"@type":"EntryPoint","urlTemplate":"https:\/\/www.prooptica.pt\/home\/?s={search_term_string}"},"query-input":{"@type":"PropertyValueSpecification","valueRequired":true,"valueName":"search_term_string"}}],"inLanguage":"es"},{"@type":"Person","@id":"https:\/\/www.prooptica.pt\/home\/#\/schema\/person\/1cbd826a9322a3c38a052e43d1638306","name":"admin","image":{"@type":"ImageObject","inLanguage":"es","@id":"https:\/\/secure.gravatar.com\/avatar\/528c714482569d81724b02603aa719344e9ad7c0b50becf07272b2086b2c1cfd?s=96&d=mm&r=g","url":"https:\/\/secure.gravatar.com\/avatar\/528c714482569d81724b02603aa719344e9ad7c0b50becf07272b2086b2c1cfd?s=96&d=mm&r=g","contentUrl":"https:\/\/secure.gravatar.com\/avatar\/528c714482569d81724b02603aa719344e9ad7c0b50becf07272b2086b2c1cfd?s=96&d=mm&r=g","caption":"admin"},"url":"https:\/\/www.prooptica.pt\/es\/author\/admin\/"}]}},"_links":{"self":[{"href":"https:\/\/www.prooptica.pt\/es\/wp-json\/wp\/v2\/posts\/22139","targetHints":{"allow":["GET"]}}],"collection":[{"href":"https:\/\/www.prooptica.pt\/es\/wp-json\/wp\/v2\/posts"}],"about":[{"href":"https:\/\/www.prooptica.pt\/es\/wp-json\/wp\/v2\/types\/post"}],"author":[{"embeddable":true,"href":"https:\/\/www.prooptica.pt\/es\/wp-json\/wp\/v2\/users\/2"}],"replies":[{"embeddable":true,"href":"https:\/\/www.prooptica.pt\/es\/wp-json\/wp\/v2\/comments?post=22139"}],"version-history":[{"count":1,"href":"https:\/\/www.prooptica.pt\/es\/wp-json\/wp\/v2\/posts\/22139\/revisions"}],"predecessor-version":[{"id":22141,"href":"https:\/\/www.prooptica.pt\/es\/wp-json\/wp\/v2\/posts\/22139\/revisions\/22141"}],"wp:featuredmedia":[{"embeddable":true,"href":"https:\/\/www.prooptica.pt\/es\/wp-json\/wp\/v2\/media\/22140"}],"wp:attachment":[{"href":"https:\/\/www.prooptica.pt\/es\/wp-json\/wp\/v2\/media?parent=22139"}],"wp:term":[{"taxonomy":"category","embeddable":true,"href":"https:\/\/www.prooptica.pt\/es\/wp-json\/wp\/v2\/categories?post=22139"},{"taxonomy":"post_tag","embeddable":true,"href":"https:\/\/www.prooptica.pt\/es\/wp-json\/wp\/v2\/tags?post=22139"}],"curies":[{"name":"wp","href":"https:\/\/api.w.org\/{rel}","templated":true}]}}