{"id":22144,"date":"2025-04-04T18:50:28","date_gmt":"2025-04-04T18:50:28","guid":{"rendered":"https:\/\/www.prooptica.pt\/?p=22144"},"modified":"2025-04-04T18:56:41","modified_gmt":"2025-04-04T18:56:41","slug":"prooptica-refuerza-su-apuesta-por-la-internacionalizacion-expandiendose-a-brasil","status":"publish","type":"post","link":"https:\/\/www.prooptica.pt\/es\/prooptica-reforca-aposta-na-internacionalizacao-expansao-para-o-brasil\/","title":{"rendered":"Prooptica refuerza su apuesta por la internacionalizaci\u00f3n | Expansi\u00f3n a Brasil"},"content":{"rendered":"<p>Estamos encantados de anunciar la expansi\u00f3n de Prooptica en Brasil, marcando un nuevo cap\u00edtulo en nuestra historia de \u00e9xito de m\u00e1s de 30 a\u00f1os en Portugal. Se trata de un hito significativo en nuestra estrategia de internacionalizaci\u00f3n: la expansi\u00f3n en el mercado brasile\u00f1o que comenz\u00f3 a finales de 2024. Este paso representa una clara apuesta por el potencial y la din\u00e1mica del mercado de gafas en Am\u00e9rica Latina.<\/p>\n<p>Como distribuidor en Brasil, tenemos el placer de representar en exclusiva la elegante colecci\u00f3n de gafas de Juliana Paes, con las l\u00edneas Premium y Urban. Reconocida por su sofisticaci\u00f3n y estilo, la colecci\u00f3n de gafas Juliana Paes promete cautivar al exigente p\u00fablico brasile\u00f1o, ofreciendo dise\u00f1os que combinan moda y funcionalidad.<\/p>\n<p>Adem\u00e1s de la colecci\u00f3n de Juliana Paes, Prooptica se enorgullece de traer a Brasil otras marcas ya reconocidas en Portugal, como Quebramar, Dielmar, Piper y Masai. Estas marcas, que ya han ganado reconocimiento y distinci\u00f3n en nuestro pa\u00eds, prometen ahora traer una nueva dimensi\u00f3n de estilo y calidad al mercado de gafas en Brasil.<\/p>\n<p>Para consolidar nuestra presencia en este nuevo mercado y fortalecer las relaciones con socios y consumidores, Prooptica estar\u00e1 presente en la mayor feria de \u00f3ptica de Am\u00e9rica Latina, Expo\u00f3ptica 2025. El evento, que tendr\u00e1 lugar del 9 al 12 de abril en el Expo Center Norte, Pabell\u00f3n Rojo, stand A60, en S\u00e3o Paulo, ser\u00e1 una plataforma esencial para presentar nuestras colecciones y establecer contactos estrat\u00e9gicos en la regi\u00f3n.<\/p>\n<p>Esta expansi\u00f3n a Brasil es una demostraci\u00f3n de nuestro compromiso de llevar Prooptica m\u00e1s all\u00e1 de las fronteras europeas, explorando nuevos mercados y oportunidades. Con este nuevo paso, no s\u00f3lo ampliamos nuestro alcance geogr\u00e1fico, sino que tambi\u00e9n reforzamos nuestro compromiso de ser una referencia en el mercado mundial de gafas.<\/p>","protected":false},"excerpt":{"rendered":"<p>\u00c9 com enorme prazer que anunciamos a expans\u00e3o da Prooptica para o Brasil, marcando um novo cap\u00edtulo na nossa hist\u00f3ria de sucesso, que conta com mais de 30 anos em Portugal. Este \u00e9 um marco significativo na nossa estrat\u00e9gia de internacionaliza\u00e7\u00e3o: a expans\u00e3o para o mercado brasileiro que se iniciou no final de 2024. Este [&hellip;]<\/p>\n","protected":false},"author":2,"featured_media":22145,"comment_status":"closed","ping_status":"closed","sticky":false,"template":"","format":"standard","meta":{"footnotes":""},"categories":[195],"tags":[],"class_list":["post-22144","post","type-post","status-publish","format-standard","has-post-thumbnail","hentry","category-institucional"],"yoast_head":"<!-- This site is optimized with the Yoast SEO plugin v27.5 - https:\/\/yoast.com\/product\/yoast-seo-wordpress\/ -->\n<title>Prooptica refor\u00e7a aposta na Internacionaliza\u00e7\u00e3o<\/title>\n<meta name=\"description\" content=\"Esta expans\u00e3o \u00e9 uma demonstra\u00e7\u00e3o do compromisso em levar a Prooptica al\u00e9m das fronteiras europeias, explorando novos mercados e oportunidades.\" \/>\n<meta name=\"robots\" content=\"index, follow, max-snippet:-1, max-image-preview:large, max-video-preview:-1\" \/>\n<link rel=\"canonical\" href=\"https:\/\/www.prooptica.pt\/es\/prooptica-refuerza-su-apuesta-por-la-internacionalizacion-expandiendose-a-brasil\/\" \/>\n<meta property=\"og:locale\" content=\"es_ES\" \/>\n<meta property=\"og:type\" content=\"article\" \/>\n<meta property=\"og:title\" content=\"Prooptica refor\u00e7a aposta na Internacionaliza\u00e7\u00e3o\" \/>\n<meta property=\"og:description\" content=\"Esta expans\u00e3o \u00e9 uma demonstra\u00e7\u00e3o do compromisso em levar a Prooptica al\u00e9m das fronteiras europeias, explorando novos mercados e oportunidades.\" \/>\n<meta property=\"og:url\" content=\"https:\/\/www.prooptica.pt\/es\/prooptica-refuerza-su-apuesta-por-la-internacionalizacion-expandiendose-a-brasil\/\" \/>\n<meta property=\"og:site_name\" content=\"Prooptica\" \/>\n<meta property=\"article:published_time\" content=\"2025-04-04T18:50:28+00:00\" \/>\n<meta property=\"article:modified_time\" content=\"2025-04-04T18:56:41+00:00\" \/>\n<meta property=\"og:image\" content=\"https:\/\/www.prooptica.pt\/wp-content\/uploads\/2025\/04\/Capa-artigo-blog-JP.jpg\" \/>\n\t<meta property=\"og:image:width\" content=\"852\" \/>\n\t<meta property=\"og:image:height\" content=\"514\" \/>\n\t<meta property=\"og:image:type\" content=\"image\/jpeg\" \/>\n<meta name=\"author\" content=\"admin\" \/>\n<meta name=\"twitter:card\" content=\"summary_large_image\" \/>\n<meta name=\"twitter:label1\" content=\"Escrito por\" \/>\n\t<meta name=\"twitter:data1\" content=\"admin\" \/>\n\t<meta name=\"twitter:label2\" content=\"Tiempo de lectura\" \/>\n\t<meta name=\"twitter:data2\" content=\"2 minutos\" \/>\n<script type=\"application\/ld+json\" class=\"yoast-schema-graph\">{\"@context\":\"https:\\\/\\\/schema.org\",\"@graph\":[{\"@type\":\"Article\",\"@id\":\"https:\\\/\\\/www.prooptica.pt\\\/prooptica-reforca-aposta-na-internacionalizacao-expansao-para-o-brasil\\\/#article\",\"isPartOf\":{\"@id\":\"https:\\\/\\\/www.prooptica.pt\\\/prooptica-reforca-aposta-na-internacionalizacao-expansao-para-o-brasil\\\/\"},\"author\":{\"name\":\"admin\",\"@id\":\"https:\\\/\\\/www.prooptica.pt\\\/home\\\/#\\\/schema\\\/person\\\/1cbd826a9322a3c38a052e43d1638306\"},\"headline\":\"Prooptica refor\u00e7a aposta na Internacionaliza\u00e7\u00e3o | Expans\u00e3o para o Brasil\",\"datePublished\":\"2025-04-04T18:50:28+00:00\",\"dateModified\":\"2025-04-04T18:56:41+00:00\",\"mainEntityOfPage\":{\"@id\":\"https:\\\/\\\/www.prooptica.pt\\\/prooptica-reforca-aposta-na-internacionalizacao-expansao-para-o-brasil\\\/\"},\"wordCount\":338,\"image\":{\"@id\":\"https:\\\/\\\/www.prooptica.pt\\\/prooptica-reforca-aposta-na-internacionalizacao-expansao-para-o-brasil\\\/#primaryimage\"},\"thumbnailUrl\":\"https:\\\/\\\/www.prooptica.pt\\\/wp-content\\\/uploads\\\/2025\\\/04\\\/Capa-artigo-blog-JP.jpg\",\"articleSection\":[\"Institucional\"],\"inLanguage\":\"es\"},{\"@type\":\"WebPage\",\"@id\":\"https:\\\/\\\/www.prooptica.pt\\\/prooptica-reforca-aposta-na-internacionalizacao-expansao-para-o-brasil\\\/\",\"url\":\"https:\\\/\\\/www.prooptica.pt\\\/prooptica-reforca-aposta-na-internacionalizacao-expansao-para-o-brasil\\\/\",\"name\":\"Prooptica refor\u00e7a aposta na Internacionaliza\u00e7\u00e3o\",\"isPartOf\":{\"@id\":\"https:\\\/\\\/www.prooptica.pt\\\/home\\\/#website\"},\"primaryImageOfPage\":{\"@id\":\"https:\\\/\\\/www.prooptica.pt\\\/prooptica-reforca-aposta-na-internacionalizacao-expansao-para-o-brasil\\\/#primaryimage\"},\"image\":{\"@id\":\"https:\\\/\\\/www.prooptica.pt\\\/prooptica-reforca-aposta-na-internacionalizacao-expansao-para-o-brasil\\\/#primaryimage\"},\"thumbnailUrl\":\"https:\\\/\\\/www.prooptica.pt\\\/wp-content\\\/uploads\\\/2025\\\/04\\\/Capa-artigo-blog-JP.jpg\",\"datePublished\":\"2025-04-04T18:50:28+00:00\",\"dateModified\":\"2025-04-04T18:56:41+00:00\",\"author\":{\"@id\":\"https:\\\/\\\/www.prooptica.pt\\\/home\\\/#\\\/schema\\\/person\\\/1cbd826a9322a3c38a052e43d1638306\"},\"description\":\"Esta expans\u00e3o \u00e9 uma demonstra\u00e7\u00e3o do compromisso em levar a Prooptica al\u00e9m das fronteiras europeias, explorando novos mercados e oportunidades.\",\"breadcrumb\":{\"@id\":\"https:\\\/\\\/www.prooptica.pt\\\/prooptica-reforca-aposta-na-internacionalizacao-expansao-para-o-brasil\\\/#breadcrumb\"},\"inLanguage\":\"es\",\"potentialAction\":[{\"@type\":\"ReadAction\",\"target\":[\"https:\\\/\\\/www.prooptica.pt\\\/prooptica-reforca-aposta-na-internacionalizacao-expansao-para-o-brasil\\\/\"]}]},{\"@type\":\"ImageObject\",\"inLanguage\":\"es\",\"@id\":\"https:\\\/\\\/www.prooptica.pt\\\/prooptica-reforca-aposta-na-internacionalizacao-expansao-para-o-brasil\\\/#primaryimage\",\"url\":\"https:\\\/\\\/www.prooptica.pt\\\/wp-content\\\/uploads\\\/2025\\\/04\\\/Capa-artigo-blog-JP.jpg\",\"contentUrl\":\"https:\\\/\\\/www.prooptica.pt\\\/wp-content\\\/uploads\\\/2025\\\/04\\\/Capa-artigo-blog-JP.jpg\",\"width\":852,\"height\":514},{\"@type\":\"BreadcrumbList\",\"@id\":\"https:\\\/\\\/www.prooptica.pt\\\/prooptica-reforca-aposta-na-internacionalizacao-expansao-para-o-brasil\\\/#breadcrumb\",\"itemListElement\":[{\"@type\":\"ListItem\",\"position\":1,\"name\":\"In\u00edcio\",\"item\":\"https:\\\/\\\/www.prooptica.pt\\\/\"},{\"@type\":\"ListItem\",\"position\":2,\"name\":\"Prooptica refor\u00e7a aposta na Internacionaliza\u00e7\u00e3o | Expans\u00e3o para o Brasil\"}]},{\"@type\":\"WebSite\",\"@id\":\"https:\\\/\\\/www.prooptica.pt\\\/home\\\/#website\",\"url\":\"https:\\\/\\\/www.prooptica.pt\\\/home\\\/\",\"name\":\"Prooptica\",\"description\":\"Full Eyewear Concept\",\"potentialAction\":[{\"@type\":\"SearchAction\",\"target\":{\"@type\":\"EntryPoint\",\"urlTemplate\":\"https:\\\/\\\/www.prooptica.pt\\\/home\\\/?s={search_term_string}\"},\"query-input\":{\"@type\":\"PropertyValueSpecification\",\"valueRequired\":true,\"valueName\":\"search_term_string\"}}],\"inLanguage\":\"es\"},{\"@type\":\"Person\",\"@id\":\"https:\\\/\\\/www.prooptica.pt\\\/home\\\/#\\\/schema\\\/person\\\/1cbd826a9322a3c38a052e43d1638306\",\"name\":\"admin\",\"image\":{\"@type\":\"ImageObject\",\"inLanguage\":\"es\",\"@id\":\"https:\\\/\\\/secure.gravatar.com\\\/avatar\\\/528c714482569d81724b02603aa719344e9ad7c0b50becf07272b2086b2c1cfd?s=96&d=mm&r=g\",\"url\":\"https:\\\/\\\/secure.gravatar.com\\\/avatar\\\/528c714482569d81724b02603aa719344e9ad7c0b50becf07272b2086b2c1cfd?s=96&d=mm&r=g\",\"contentUrl\":\"https:\\\/\\\/secure.gravatar.com\\\/avatar\\\/528c714482569d81724b02603aa719344e9ad7c0b50becf07272b2086b2c1cfd?s=96&d=mm&r=g\",\"caption\":\"admin\"},\"url\":\"https:\\\/\\\/www.prooptica.pt\\\/es\\\/author\\\/admin\\\/\"}]}<\/script>\n<!-- \/ Yoast SEO plugin. -->","yoast_head_json":{"title":"Prooptica refuerza su apuesta por la internacionalizaci\u00f3n","description":"Esta expansi\u00f3n es una demostraci\u00f3n del compromiso de llevar Prooptica m\u00e1s all\u00e1 de las fronteras europeas, explorando nuevos mercados y oportunidades.","robots":{"index":"index","follow":"follow","max-snippet":"max-snippet:-1","max-image-preview":"max-image-preview:large","max-video-preview":"max-video-preview:-1"},"canonical":"https:\/\/www.prooptica.pt\/es\/prooptica-refuerza-su-apuesta-por-la-internacionalizacion-expandiendose-a-brasil\/","og_locale":"es_ES","og_type":"article","og_title":"Prooptica refor\u00e7a aposta na Internacionaliza\u00e7\u00e3o","og_description":"Esta expans\u00e3o \u00e9 uma demonstra\u00e7\u00e3o do compromisso em levar a Prooptica al\u00e9m das fronteiras europeias, explorando novos mercados e oportunidades.","og_url":"https:\/\/www.prooptica.pt\/es\/prooptica-refuerza-su-apuesta-por-la-internacionalizacion-expandiendose-a-brasil\/","og_site_name":"Prooptica","article_published_time":"2025-04-04T18:50:28+00:00","article_modified_time":"2025-04-04T18:56:41+00:00","og_image":[{"width":852,"height":514,"url":"https:\/\/www.prooptica.pt\/wp-content\/uploads\/2025\/04\/Capa-artigo-blog-JP.jpg","type":"image\/jpeg"}],"author":"admin","twitter_card":"summary_large_image","twitter_misc":{"Escrito por":"admin","Tiempo de lectura":"2 minutos"},"schema":{"@context":"https:\/\/schema.org","@graph":[{"@type":"Article","@id":"https:\/\/www.prooptica.pt\/prooptica-reforca-aposta-na-internacionalizacao-expansao-para-o-brasil\/#article","isPartOf":{"@id":"https:\/\/www.prooptica.pt\/prooptica-reforca-aposta-na-internacionalizacao-expansao-para-o-brasil\/"},"author":{"name":"admin","@id":"https:\/\/www.prooptica.pt\/home\/#\/schema\/person\/1cbd826a9322a3c38a052e43d1638306"},"headline":"Prooptica refor\u00e7a aposta na Internacionaliza\u00e7\u00e3o | Expans\u00e3o para o Brasil","datePublished":"2025-04-04T18:50:28+00:00","dateModified":"2025-04-04T18:56:41+00:00","mainEntityOfPage":{"@id":"https:\/\/www.prooptica.pt\/prooptica-reforca-aposta-na-internacionalizacao-expansao-para-o-brasil\/"},"wordCount":338,"image":{"@id":"https:\/\/www.prooptica.pt\/prooptica-reforca-aposta-na-internacionalizacao-expansao-para-o-brasil\/#primaryimage"},"thumbnailUrl":"https:\/\/www.prooptica.pt\/wp-content\/uploads\/2025\/04\/Capa-artigo-blog-JP.jpg","articleSection":["Institucional"],"inLanguage":"es"},{"@type":"WebPage","@id":"https:\/\/www.prooptica.pt\/prooptica-reforca-aposta-na-internacionalizacao-expansao-para-o-brasil\/","url":"https:\/\/www.prooptica.pt\/prooptica-reforca-aposta-na-internacionalizacao-expansao-para-o-brasil\/","name":"Prooptica refuerza su apuesta por la internacionalizaci\u00f3n","isPartOf":{"@id":"https:\/\/www.prooptica.pt\/home\/#website"},"primaryImageOfPage":{"@id":"https:\/\/www.prooptica.pt\/prooptica-reforca-aposta-na-internacionalizacao-expansao-para-o-brasil\/#primaryimage"},"image":{"@id":"https:\/\/www.prooptica.pt\/prooptica-reforca-aposta-na-internacionalizacao-expansao-para-o-brasil\/#primaryimage"},"thumbnailUrl":"https:\/\/www.prooptica.pt\/wp-content\/uploads\/2025\/04\/Capa-artigo-blog-JP.jpg","datePublished":"2025-04-04T18:50:28+00:00","dateModified":"2025-04-04T18:56:41+00:00","author":{"@id":"https:\/\/www.prooptica.pt\/home\/#\/schema\/person\/1cbd826a9322a3c38a052e43d1638306"},"description":"Esta expansi\u00f3n es una demostraci\u00f3n del compromiso de llevar Prooptica m\u00e1s all\u00e1 de las fronteras europeas, explorando nuevos mercados y oportunidades.","breadcrumb":{"@id":"https:\/\/www.prooptica.pt\/prooptica-reforca-aposta-na-internacionalizacao-expansao-para-o-brasil\/#breadcrumb"},"inLanguage":"es","potentialAction":[{"@type":"ReadAction","target":["https:\/\/www.prooptica.pt\/prooptica-reforca-aposta-na-internacionalizacao-expansao-para-o-brasil\/"]}]},{"@type":"ImageObject","inLanguage":"es","@id":"https:\/\/www.prooptica.pt\/prooptica-reforca-aposta-na-internacionalizacao-expansao-para-o-brasil\/#primaryimage","url":"https:\/\/www.prooptica.pt\/wp-content\/uploads\/2025\/04\/Capa-artigo-blog-JP.jpg","contentUrl":"https:\/\/www.prooptica.pt\/wp-content\/uploads\/2025\/04\/Capa-artigo-blog-JP.jpg","width":852,"height":514},{"@type":"BreadcrumbList","@id":"https:\/\/www.prooptica.pt\/prooptica-reforca-aposta-na-internacionalizacao-expansao-para-o-brasil\/#breadcrumb","itemListElement":[{"@type":"ListItem","position":1,"name":"In\u00edcio","item":"https:\/\/www.prooptica.pt\/"},{"@type":"ListItem","position":2,"name":"Prooptica refor\u00e7a aposta na Internacionaliza\u00e7\u00e3o | Expans\u00e3o para o Brasil"}]},{"@type":"WebSite","@id":"https:\/\/www.prooptica.pt\/home\/#website","url":"https:\/\/www.prooptica.pt\/home\/","name":"Prooptica","description":"Concepto de gafas completas","potentialAction":[{"@type":"SearchAction","target":{"@type":"EntryPoint","urlTemplate":"https:\/\/www.prooptica.pt\/home\/?s={search_term_string}"},"query-input":{"@type":"PropertyValueSpecification","valueRequired":true,"valueName":"search_term_string"}}],"inLanguage":"es"},{"@type":"Person","@id":"https:\/\/www.prooptica.pt\/home\/#\/schema\/person\/1cbd826a9322a3c38a052e43d1638306","name":"admin","image":{"@type":"ImageObject","inLanguage":"es","@id":"https:\/\/secure.gravatar.com\/avatar\/528c714482569d81724b02603aa719344e9ad7c0b50becf07272b2086b2c1cfd?s=96&d=mm&r=g","url":"https:\/\/secure.gravatar.com\/avatar\/528c714482569d81724b02603aa719344e9ad7c0b50becf07272b2086b2c1cfd?s=96&d=mm&r=g","contentUrl":"https:\/\/secure.gravatar.com\/avatar\/528c714482569d81724b02603aa719344e9ad7c0b50becf07272b2086b2c1cfd?s=96&d=mm&r=g","caption":"admin"},"url":"https:\/\/www.prooptica.pt\/es\/author\/admin\/"}]}},"_links":{"self":[{"href":"https:\/\/www.prooptica.pt\/es\/wp-json\/wp\/v2\/posts\/22144","targetHints":{"allow":["GET"]}}],"collection":[{"href":"https:\/\/www.prooptica.pt\/es\/wp-json\/wp\/v2\/posts"}],"about":[{"href":"https:\/\/www.prooptica.pt\/es\/wp-json\/wp\/v2\/types\/post"}],"author":[{"embeddable":true,"href":"https:\/\/www.prooptica.pt\/es\/wp-json\/wp\/v2\/users\/2"}],"replies":[{"embeddable":true,"href":"https:\/\/www.prooptica.pt\/es\/wp-json\/wp\/v2\/comments?post=22144"}],"version-history":[{"count":3,"href":"https:\/\/www.prooptica.pt\/es\/wp-json\/wp\/v2\/posts\/22144\/revisions"}],"predecessor-version":[{"id":22148,"href":"https:\/\/www.prooptica.pt\/es\/wp-json\/wp\/v2\/posts\/22144\/revisions\/22148"}],"wp:featuredmedia":[{"embeddable":true,"href":"https:\/\/www.prooptica.pt\/es\/wp-json\/wp\/v2\/media\/22145"}],"wp:attachment":[{"href":"https:\/\/www.prooptica.pt\/es\/wp-json\/wp\/v2\/media?parent=22144"}],"wp:term":[{"taxonomy":"category","embeddable":true,"href":"https:\/\/www.prooptica.pt\/es\/wp-json\/wp\/v2\/categories?post=22144"},{"taxonomy":"post_tag","embeddable":true,"href":"https:\/\/www.prooptica.pt\/es\/wp-json\/wp\/v2\/tags?post=22144"}],"curies":[{"name":"wp","href":"https:\/\/api.w.org\/{rel}","templated":true}]}}