{"id":22227,"date":"2025-04-23T14:23:34","date_gmt":"2025-04-23T14:23:34","guid":{"rendered":"https:\/\/www.prooptica.pt\/?p=22227"},"modified":"2025-04-23T14:35:30","modified_gmt":"2025-04-23T14:35:30","slug":"%f0%9f%93%9a-dia-mundial-del-libro-y-de-los-derechos-de-autor-leido-con-atencion","status":"publish","type":"post","link":"https:\/\/www.prooptica.pt\/es\/%f0%9f%93%9a-dia-mundial-do-livro-e-dos-direitos-de-autor-ler-com-olhos-cuidados\/","title":{"rendered":"\ud83d\udcda D\u00eda Mundial del Libro y de los Derechos de Autor | Leer con ojos atentos"},"content":{"rendered":"<p>El 23 de abril es el <strong>D\u00eda Mundial del Libro y de los Derechos de Autor<\/strong> - un homenaje a la lectura, la creatividad y el papel fundamental que desempe\u00f1an los libros en la construcci\u00f3n del conocimiento, la cultura y la imaginaci\u00f3n. Leer es m\u00e1s que un acto intelectual: es una experiencia sensorial, un viaje que comienza con los ojos y contin\u00faa a trav\u00e9s de la mente.<\/p>\n<p>En este d\u00eda tan especial, adem\u00e1s de celebrar a autores, editores y lectores, tambi\u00e9n queremos destacar algo que a menudo se olvida, pero que es esencial: <strong>la importancia de cuidar nuestra salud visual para poder disfrutar plenamente del placer de la lectura<\/strong>.<\/p>\n<h6>\ud83d\udc41\ufe0f\u200d\ud83d\udde8\ufe0f<strong>Ver bien para leer mejor<\/strong><\/h6>\n<p>El confort visual es una parte esencial de la experiencia lectora. Cuando no utilizamos <strong>medios adecuados de correcci\u00f3n visual<\/strong> - como gafas, lentes de contacto u otros dispositivos recomendados por los profesionales de la visi\u00f3n- corremos el riesgo de convertir la lectura en un esfuerzo m\u00e1s que en un placer. La fatiga ocular, los dolores de cabeza y la dificultad para concentrarse son s\u00f3lo algunas de las se\u00f1ales de alarma.<\/p>\n<p>En <strong>Prooptica<\/strong>Creemos que la visi\u00f3n es uno de los mayores aliados del conocimiento. Por eso promovemos <strong>la importancia de una evaluaci\u00f3n visual peri\u00f3dica<\/strong> y el uso correcto de soluciones \u00f3pticas, adaptadas a las necesidades de cada persona. Porque ver bien es esencial para leer bien, y leer bien es esencial para aprender, crecer e imaginar.<\/p>\n<h6>\ud83d\udcd6 <strong>Derechos de autor y respeto de la creaci\u00f3n<\/strong><\/h6>\n<p>Este d\u00eda tambi\u00e9n sirve para recordar que, al igual que debemos cuidar nuestra vista, tambi\u00e9n debemos <strong>respetar la visi\u00f3n creativa de los autores<\/strong>. Los derechos de autor garantizan que quienes escriben, ilustran, traducen y editan sean reconocidos y valorados por su trabajo. Al fin y al cabo, cada p\u00e1gina que usted lee es el resultado de muchas horas de dedicaci\u00f3n y talento.<\/p>\n<p>En el D\u00eda Mundial del Libro, nuestra invitaci\u00f3n es sencilla:<br \/>\n\u2728 Coge un buen libro.<br \/>\n\ud83d\udd76\ufe0fUse su correcci\u00f3n visual, si es necesario.<br \/>\n\ud83d\udcda Respeta a la persona que lo ha escrito.<br \/>\nY sum\u00e9rgete en una buena historia, con los ojos y el coraz\u00f3n bien abiertos.<\/p>\n<p>&nbsp;<\/p>","protected":false},"excerpt":{"rendered":"<p>A 23 de abril celebra-se o Dia Mundial do Livro e dos Direitos de Autor \u2014 uma homenagem \u00e0 leitura, \u00e0 criatividade e ao papel fundamental que os livros desempenham na constru\u00e7\u00e3o do conhecimento, da cultura e da imagina\u00e7\u00e3o. Ler \u00e9 mais do que um ato intelectual: \u00e9 uma experi\u00eancia sensorial, uma viagem que come\u00e7a [&hellip;]<\/p>\n","protected":false},"author":2,"featured_media":22228,"comment_status":"closed","ping_status":"closed","sticky":false,"template":"","format":"standard","meta":{"footnotes":""},"categories":[238],"tags":[],"class_list":["post-22227","post","type-post","status-publish","format-standard","has-post-thumbnail","hentry","category-insight"],"yoast_head":"<!-- This site is optimized with the Yoast SEO plugin v27.5 - https:\/\/yoast.com\/product\/yoast-seo-wordpress\/ -->\n<title>\ud83d\udcda Dia Mundial do Livro e dos Direitos de Autor<\/title>\n<meta name=\"description\" content=\"Este dia tamb\u00e9m serve para recordar que, tal como devemos cuidar da nossa vis\u00e3o, devemos tamb\u00e9m respeitar a vis\u00e3o criativa dos autores.\" \/>\n<meta name=\"robots\" content=\"index, follow, max-snippet:-1, max-image-preview:large, max-video-preview:-1\" \/>\n<link rel=\"canonical\" href=\"https:\/\/www.prooptica.pt\/es\/\ud83d\udcda-dia-mundial-del-libro-y-de-los-derechos-de-autor-leido-con-atencion\/\" \/>\n<meta property=\"og:locale\" content=\"es_ES\" \/>\n<meta property=\"og:type\" content=\"article\" \/>\n<meta property=\"og:title\" content=\"\ud83d\udcda Dia Mundial do Livro e dos Direitos de Autor\" \/>\n<meta property=\"og:description\" content=\"Este dia tamb\u00e9m serve para recordar que, tal como devemos cuidar da nossa vis\u00e3o, devemos tamb\u00e9m respeitar a vis\u00e3o criativa dos autores.\" \/>\n<meta property=\"og:url\" content=\"https:\/\/www.prooptica.pt\/es\/\ud83d\udcda-dia-mundial-del-libro-y-de-los-derechos-de-autor-leido-con-atencion\/\" \/>\n<meta property=\"og:site_name\" content=\"Prooptica\" \/>\n<meta property=\"article:published_time\" content=\"2025-04-23T14:23:34+00:00\" \/>\n<meta property=\"article:modified_time\" content=\"2025-04-23T14:35:30+00:00\" \/>\n<meta property=\"og:image\" content=\"https:\/\/www.prooptica.pt\/wp-content\/uploads\/2025\/04\/Capa-artigo-blog-6.jpg\" \/>\n\t<meta property=\"og:image:width\" content=\"852\" \/>\n\t<meta property=\"og:image:height\" content=\"514\" \/>\n\t<meta property=\"og:image:type\" content=\"image\/jpeg\" \/>\n<meta name=\"author\" content=\"admin\" \/>\n<meta name=\"twitter:card\" content=\"summary_large_image\" \/>\n<meta name=\"twitter:label1\" content=\"Escrito por\" \/>\n\t<meta name=\"twitter:data1\" content=\"admin\" \/>\n\t<meta name=\"twitter:label2\" content=\"Tiempo de lectura\" \/>\n\t<meta name=\"twitter:data2\" content=\"2 minutos\" \/>\n<script type=\"application\/ld+json\" class=\"yoast-schema-graph\">{\"@context\":\"https:\\\/\\\/schema.org\",\"@graph\":[{\"@type\":\"Article\",\"@id\":\"https:\\\/\\\/www.prooptica.pt\\\/%f0%9f%93%9a-dia-mundial-do-livro-e-dos-direitos-de-autor-ler-com-olhos-cuidados\\\/#article\",\"isPartOf\":{\"@id\":\"https:\\\/\\\/www.prooptica.pt\\\/%f0%9f%93%9a-dia-mundial-do-livro-e-dos-direitos-de-autor-ler-com-olhos-cuidados\\\/\"},\"author\":{\"name\":\"admin\",\"@id\":\"https:\\\/\\\/www.prooptica.pt\\\/home\\\/#\\\/schema\\\/person\\\/1cbd826a9322a3c38a052e43d1638306\"},\"headline\":\"\ud83d\udcda Dia Mundial do Livro e dos Direitos de Autor | Ler com Olhos Cuidados\",\"datePublished\":\"2025-04-23T14:23:34+00:00\",\"dateModified\":\"2025-04-23T14:35:30+00:00\",\"mainEntityOfPage\":{\"@id\":\"https:\\\/\\\/www.prooptica.pt\\\/%f0%9f%93%9a-dia-mundial-do-livro-e-dos-direitos-de-autor-ler-com-olhos-cuidados\\\/\"},\"wordCount\":353,\"image\":{\"@id\":\"https:\\\/\\\/www.prooptica.pt\\\/%f0%9f%93%9a-dia-mundial-do-livro-e-dos-direitos-de-autor-ler-com-olhos-cuidados\\\/#primaryimage\"},\"thumbnailUrl\":\"https:\\\/\\\/www.prooptica.pt\\\/wp-content\\\/uploads\\\/2025\\\/04\\\/Capa-artigo-blog-6.jpg\",\"articleSection\":[\"Insight\"],\"inLanguage\":\"es\"},{\"@type\":\"WebPage\",\"@id\":\"https:\\\/\\\/www.prooptica.pt\\\/%f0%9f%93%9a-dia-mundial-do-livro-e-dos-direitos-de-autor-ler-com-olhos-cuidados\\\/\",\"url\":\"https:\\\/\\\/www.prooptica.pt\\\/%f0%9f%93%9a-dia-mundial-do-livro-e-dos-direitos-de-autor-ler-com-olhos-cuidados\\\/\",\"name\":\"\ud83d\udcda Dia Mundial do Livro e dos Direitos de Autor\",\"isPartOf\":{\"@id\":\"https:\\\/\\\/www.prooptica.pt\\\/home\\\/#website\"},\"primaryImageOfPage\":{\"@id\":\"https:\\\/\\\/www.prooptica.pt\\\/%f0%9f%93%9a-dia-mundial-do-livro-e-dos-direitos-de-autor-ler-com-olhos-cuidados\\\/#primaryimage\"},\"image\":{\"@id\":\"https:\\\/\\\/www.prooptica.pt\\\/%f0%9f%93%9a-dia-mundial-do-livro-e-dos-direitos-de-autor-ler-com-olhos-cuidados\\\/#primaryimage\"},\"thumbnailUrl\":\"https:\\\/\\\/www.prooptica.pt\\\/wp-content\\\/uploads\\\/2025\\\/04\\\/Capa-artigo-blog-6.jpg\",\"datePublished\":\"2025-04-23T14:23:34+00:00\",\"dateModified\":\"2025-04-23T14:35:30+00:00\",\"author\":{\"@id\":\"https:\\\/\\\/www.prooptica.pt\\\/home\\\/#\\\/schema\\\/person\\\/1cbd826a9322a3c38a052e43d1638306\"},\"description\":\"Este dia tamb\u00e9m serve para recordar que, tal como devemos cuidar da nossa vis\u00e3o, devemos tamb\u00e9m respeitar a vis\u00e3o criativa dos autores.\",\"breadcrumb\":{\"@id\":\"https:\\\/\\\/www.prooptica.pt\\\/%f0%9f%93%9a-dia-mundial-do-livro-e-dos-direitos-de-autor-ler-com-olhos-cuidados\\\/#breadcrumb\"},\"inLanguage\":\"es\",\"potentialAction\":[{\"@type\":\"ReadAction\",\"target\":[\"https:\\\/\\\/www.prooptica.pt\\\/%f0%9f%93%9a-dia-mundial-do-livro-e-dos-direitos-de-autor-ler-com-olhos-cuidados\\\/\"]}]},{\"@type\":\"ImageObject\",\"inLanguage\":\"es\",\"@id\":\"https:\\\/\\\/www.prooptica.pt\\\/%f0%9f%93%9a-dia-mundial-do-livro-e-dos-direitos-de-autor-ler-com-olhos-cuidados\\\/#primaryimage\",\"url\":\"https:\\\/\\\/www.prooptica.pt\\\/wp-content\\\/uploads\\\/2025\\\/04\\\/Capa-artigo-blog-6.jpg\",\"contentUrl\":\"https:\\\/\\\/www.prooptica.pt\\\/wp-content\\\/uploads\\\/2025\\\/04\\\/Capa-artigo-blog-6.jpg\",\"width\":852,\"height\":514},{\"@type\":\"BreadcrumbList\",\"@id\":\"https:\\\/\\\/www.prooptica.pt\\\/%f0%9f%93%9a-dia-mundial-do-livro-e-dos-direitos-de-autor-ler-com-olhos-cuidados\\\/#breadcrumb\",\"itemListElement\":[{\"@type\":\"ListItem\",\"position\":1,\"name\":\"In\u00edcio\",\"item\":\"https:\\\/\\\/www.prooptica.pt\\\/\"},{\"@type\":\"ListItem\",\"position\":2,\"name\":\"\ud83d\udcda Dia Mundial do Livro e dos Direitos de Autor | Ler com Olhos Cuidados\"}]},{\"@type\":\"WebSite\",\"@id\":\"https:\\\/\\\/www.prooptica.pt\\\/home\\\/#website\",\"url\":\"https:\\\/\\\/www.prooptica.pt\\\/home\\\/\",\"name\":\"Prooptica\",\"description\":\"Full Eyewear Concept\",\"potentialAction\":[{\"@type\":\"SearchAction\",\"target\":{\"@type\":\"EntryPoint\",\"urlTemplate\":\"https:\\\/\\\/www.prooptica.pt\\\/home\\\/?s={search_term_string}\"},\"query-input\":{\"@type\":\"PropertyValueSpecification\",\"valueRequired\":true,\"valueName\":\"search_term_string\"}}],\"inLanguage\":\"es\"},{\"@type\":\"Person\",\"@id\":\"https:\\\/\\\/www.prooptica.pt\\\/home\\\/#\\\/schema\\\/person\\\/1cbd826a9322a3c38a052e43d1638306\",\"name\":\"admin\",\"image\":{\"@type\":\"ImageObject\",\"inLanguage\":\"es\",\"@id\":\"https:\\\/\\\/secure.gravatar.com\\\/avatar\\\/528c714482569d81724b02603aa719344e9ad7c0b50becf07272b2086b2c1cfd?s=96&d=mm&r=g\",\"url\":\"https:\\\/\\\/secure.gravatar.com\\\/avatar\\\/528c714482569d81724b02603aa719344e9ad7c0b50becf07272b2086b2c1cfd?s=96&d=mm&r=g\",\"contentUrl\":\"https:\\\/\\\/secure.gravatar.com\\\/avatar\\\/528c714482569d81724b02603aa719344e9ad7c0b50becf07272b2086b2c1cfd?s=96&d=mm&r=g\",\"caption\":\"admin\"},\"url\":\"https:\\\/\\\/www.prooptica.pt\\\/es\\\/author\\\/admin\\\/\"}]}<\/script>\n<!-- \/ Yoast SEO plugin. -->","yoast_head_json":{"title":"\ud83d\udcda D\u00eda Mundial del Libro y del Derecho de Autor","description":"Este d\u00eda tambi\u00e9n sirve para recordar que, al igual que debemos cuidar nuestra visi\u00f3n, tambi\u00e9n debemos respetar la visi\u00f3n creativa de los autores.","robots":{"index":"index","follow":"follow","max-snippet":"max-snippet:-1","max-image-preview":"max-image-preview:large","max-video-preview":"max-video-preview:-1"},"canonical":"https:\/\/www.prooptica.pt\/es\/\ud83d\udcda-dia-mundial-del-libro-y-de-los-derechos-de-autor-leido-con-atencion\/","og_locale":"es_ES","og_type":"article","og_title":"\ud83d\udcda Dia Mundial do Livro e dos Direitos de Autor","og_description":"Este dia tamb\u00e9m serve para recordar que, tal como devemos cuidar da nossa vis\u00e3o, devemos tamb\u00e9m respeitar a vis\u00e3o criativa dos autores.","og_url":"https:\/\/www.prooptica.pt\/es\/\ud83d\udcda-dia-mundial-del-libro-y-de-los-derechos-de-autor-leido-con-atencion\/","og_site_name":"Prooptica","article_published_time":"2025-04-23T14:23:34+00:00","article_modified_time":"2025-04-23T14:35:30+00:00","og_image":[{"width":852,"height":514,"url":"https:\/\/www.prooptica.pt\/wp-content\/uploads\/2025\/04\/Capa-artigo-blog-6.jpg","type":"image\/jpeg"}],"author":"admin","twitter_card":"summary_large_image","twitter_misc":{"Escrito por":"admin","Tiempo de lectura":"2 minutos"},"schema":{"@context":"https:\/\/schema.org","@graph":[{"@type":"Article","@id":"https:\/\/www.prooptica.pt\/%f0%9f%93%9a-dia-mundial-do-livro-e-dos-direitos-de-autor-ler-com-olhos-cuidados\/#article","isPartOf":{"@id":"https:\/\/www.prooptica.pt\/%f0%9f%93%9a-dia-mundial-do-livro-e-dos-direitos-de-autor-ler-com-olhos-cuidados\/"},"author":{"name":"admin","@id":"https:\/\/www.prooptica.pt\/home\/#\/schema\/person\/1cbd826a9322a3c38a052e43d1638306"},"headline":"\ud83d\udcda Dia Mundial do Livro e dos Direitos de Autor | Ler com Olhos Cuidados","datePublished":"2025-04-23T14:23:34+00:00","dateModified":"2025-04-23T14:35:30+00:00","mainEntityOfPage":{"@id":"https:\/\/www.prooptica.pt\/%f0%9f%93%9a-dia-mundial-do-livro-e-dos-direitos-de-autor-ler-com-olhos-cuidados\/"},"wordCount":353,"image":{"@id":"https:\/\/www.prooptica.pt\/%f0%9f%93%9a-dia-mundial-do-livro-e-dos-direitos-de-autor-ler-com-olhos-cuidados\/#primaryimage"},"thumbnailUrl":"https:\/\/www.prooptica.pt\/wp-content\/uploads\/2025\/04\/Capa-artigo-blog-6.jpg","articleSection":["Insight"],"inLanguage":"es"},{"@type":"WebPage","@id":"https:\/\/www.prooptica.pt\/%f0%9f%93%9a-dia-mundial-do-livro-e-dos-direitos-de-autor-ler-com-olhos-cuidados\/","url":"https:\/\/www.prooptica.pt\/%f0%9f%93%9a-dia-mundial-do-livro-e-dos-direitos-de-autor-ler-com-olhos-cuidados\/","name":"\ud83d\udcda D\u00eda Mundial del Libro y del Derecho de Autor","isPartOf":{"@id":"https:\/\/www.prooptica.pt\/home\/#website"},"primaryImageOfPage":{"@id":"https:\/\/www.prooptica.pt\/%f0%9f%93%9a-dia-mundial-do-livro-e-dos-direitos-de-autor-ler-com-olhos-cuidados\/#primaryimage"},"image":{"@id":"https:\/\/www.prooptica.pt\/%f0%9f%93%9a-dia-mundial-do-livro-e-dos-direitos-de-autor-ler-com-olhos-cuidados\/#primaryimage"},"thumbnailUrl":"https:\/\/www.prooptica.pt\/wp-content\/uploads\/2025\/04\/Capa-artigo-blog-6.jpg","datePublished":"2025-04-23T14:23:34+00:00","dateModified":"2025-04-23T14:35:30+00:00","author":{"@id":"https:\/\/www.prooptica.pt\/home\/#\/schema\/person\/1cbd826a9322a3c38a052e43d1638306"},"description":"Este d\u00eda tambi\u00e9n sirve para recordar que, al igual que debemos cuidar nuestra visi\u00f3n, tambi\u00e9n debemos respetar la visi\u00f3n creativa de los autores.","breadcrumb":{"@id":"https:\/\/www.prooptica.pt\/%f0%9f%93%9a-dia-mundial-do-livro-e-dos-direitos-de-autor-ler-com-olhos-cuidados\/#breadcrumb"},"inLanguage":"es","potentialAction":[{"@type":"ReadAction","target":["https:\/\/www.prooptica.pt\/%f0%9f%93%9a-dia-mundial-do-livro-e-dos-direitos-de-autor-ler-com-olhos-cuidados\/"]}]},{"@type":"ImageObject","inLanguage":"es","@id":"https:\/\/www.prooptica.pt\/%f0%9f%93%9a-dia-mundial-do-livro-e-dos-direitos-de-autor-ler-com-olhos-cuidados\/#primaryimage","url":"https:\/\/www.prooptica.pt\/wp-content\/uploads\/2025\/04\/Capa-artigo-blog-6.jpg","contentUrl":"https:\/\/www.prooptica.pt\/wp-content\/uploads\/2025\/04\/Capa-artigo-blog-6.jpg","width":852,"height":514},{"@type":"BreadcrumbList","@id":"https:\/\/www.prooptica.pt\/%f0%9f%93%9a-dia-mundial-do-livro-e-dos-direitos-de-autor-ler-com-olhos-cuidados\/#breadcrumb","itemListElement":[{"@type":"ListItem","position":1,"name":"In\u00edcio","item":"https:\/\/www.prooptica.pt\/"},{"@type":"ListItem","position":2,"name":"\ud83d\udcda Dia Mundial do Livro e dos Direitos de Autor | Ler com Olhos Cuidados"}]},{"@type":"WebSite","@id":"https:\/\/www.prooptica.pt\/home\/#website","url":"https:\/\/www.prooptica.pt\/home\/","name":"Prooptica","description":"Concepto de gafas completas","potentialAction":[{"@type":"SearchAction","target":{"@type":"EntryPoint","urlTemplate":"https:\/\/www.prooptica.pt\/home\/?s={search_term_string}"},"query-input":{"@type":"PropertyValueSpecification","valueRequired":true,"valueName":"search_term_string"}}],"inLanguage":"es"},{"@type":"Person","@id":"https:\/\/www.prooptica.pt\/home\/#\/schema\/person\/1cbd826a9322a3c38a052e43d1638306","name":"admin","image":{"@type":"ImageObject","inLanguage":"es","@id":"https:\/\/secure.gravatar.com\/avatar\/528c714482569d81724b02603aa719344e9ad7c0b50becf07272b2086b2c1cfd?s=96&d=mm&r=g","url":"https:\/\/secure.gravatar.com\/avatar\/528c714482569d81724b02603aa719344e9ad7c0b50becf07272b2086b2c1cfd?s=96&d=mm&r=g","contentUrl":"https:\/\/secure.gravatar.com\/avatar\/528c714482569d81724b02603aa719344e9ad7c0b50becf07272b2086b2c1cfd?s=96&d=mm&r=g","caption":"admin"},"url":"https:\/\/www.prooptica.pt\/es\/author\/admin\/"}]}},"_links":{"self":[{"href":"https:\/\/www.prooptica.pt\/es\/wp-json\/wp\/v2\/posts\/22227","targetHints":{"allow":["GET"]}}],"collection":[{"href":"https:\/\/www.prooptica.pt\/es\/wp-json\/wp\/v2\/posts"}],"about":[{"href":"https:\/\/www.prooptica.pt\/es\/wp-json\/wp\/v2\/types\/post"}],"author":[{"embeddable":true,"href":"https:\/\/www.prooptica.pt\/es\/wp-json\/wp\/v2\/users\/2"}],"replies":[{"embeddable":true,"href":"https:\/\/www.prooptica.pt\/es\/wp-json\/wp\/v2\/comments?post=22227"}],"version-history":[{"count":2,"href":"https:\/\/www.prooptica.pt\/es\/wp-json\/wp\/v2\/posts\/22227\/revisions"}],"predecessor-version":[{"id":22233,"href":"https:\/\/www.prooptica.pt\/es\/wp-json\/wp\/v2\/posts\/22227\/revisions\/22233"}],"wp:featuredmedia":[{"embeddable":true,"href":"https:\/\/www.prooptica.pt\/es\/wp-json\/wp\/v2\/media\/22228"}],"wp:attachment":[{"href":"https:\/\/www.prooptica.pt\/es\/wp-json\/wp\/v2\/media?parent=22227"}],"wp:term":[{"taxonomy":"category","embeddable":true,"href":"https:\/\/www.prooptica.pt\/es\/wp-json\/wp\/v2\/categories?post=22227"},{"taxonomy":"post_tag","embeddable":true,"href":"https:\/\/www.prooptica.pt\/es\/wp-json\/wp\/v2\/tags?post=22227"}],"curies":[{"name":"wp","href":"https:\/\/api.w.org\/{rel}","templated":true}]}}