{"id":23202,"date":"2025-05-16T16:17:50","date_gmt":"2025-05-16T16:17:50","guid":{"rendered":"https:\/\/www.prooptica.pt\/?p=23202"},"modified":"2025-05-16T16:20:52","modified_gmt":"2025-05-16T16:20:52","slug":"danell-la-atemporalidad-se-une-a-la-innovacion","status":"publish","type":"post","link":"https:\/\/www.prooptica.pt\/es\/danell-intemporalidade-que-se-funde-com-inovacao\/","title":{"rendered":"Danell | Atemporalidad fusionada con innovaci\u00f3n"},"content":{"rendered":"<p>Danell, la marca portuguesa de gafas, sigue rindiendo homenaje en sus colecciones al hombre cl\u00e1sico y conservador, fiel a su propio estilo y con una fuerte personalidad, pero que no renuncia a la elegancia atemporal.<\/p>\n<p>Con una colecci\u00f3n que combina sofisticaci\u00f3n con una masculinidad discreta pero presente, Danell presenta piezas distintivas dise\u00f1adas para ofrecer flexibilidad, durabilidad y ligereza, cualidades esenciales para el ritmo moderno, sin comprometer la esencia cl\u00e1sica de los modelos.<\/p>\n<p>La innovaci\u00f3n tambi\u00e9n est\u00e1 presente en la forma de comunicar de la marca. Las im\u00e1genes desarrolladas mediante inteligencia artificial aportan un sutil e interesante contraste al universo tradicional de Danell. Esta fusi\u00f3n de tradici\u00f3n y tecnolog\u00eda da como resultado una narrativa visual contempor\u00e1nea, donde pasado y futuro se encuentran en armon\u00eda.<\/p>\n<p>Danell es una marca que respeta y valora los c\u00f3digos de la elegancia cl\u00e1sica. Conservadora en el mejor sentido de la palabra, preserva la sobriedad y el rigor est\u00e9tico que definen el verdadero buen gusto masculino. Es esta combinaci\u00f3n de tradici\u00f3n, utilidad y elegancia lo que le confiere su identidad distintiva e intemporal.<\/p>\n<p style=\"text-align: center;\"><a href=\"https:\/\/loja.prooptica.pt\/wp-content\/uploads\/Catalogo-Danell-2025_LR-3.pdf\"><span style=\"color: #000000;\"><strong>Haga clic aqu\u00ed para descubrir la colecci\u00f3n<\/strong><\/span><\/a><\/p>","protected":false},"excerpt":{"rendered":"<p>A Danell, marca portuguesa de eyewear, continua a homenagear o homem cl\u00e1ssico e conservador nas suas cole\u00e7\u00f5es, fiel ao seu pr\u00f3prio estilo e com uma personalidade vincada, mas que n\u00e3o prescinde da eleg\u00e2ncia intemporal. Com uma cole\u00e7\u00e3o que alia sofistica\u00e7\u00e3o a uma masculinidade discreta, mas presente, a Danell apresenta pe\u00e7as distintas, concebidas para oferecer flexibilidade, [&hellip;]<\/p>\n","protected":false},"author":2,"featured_media":23203,"comment_status":"closed","ping_status":"closed","sticky":false,"template":"","format":"standard","meta":{"footnotes":""},"categories":[67,189],"tags":[],"class_list":["post-23202","post","type-post","status-publish","format-standard","has-post-thumbnail","hentry","category-moda-portuguesa","category-oculos"],"yoast_head":"<!-- This site is optimized with the Yoast SEO plugin v27.5 - https:\/\/yoast.com\/product\/yoast-seo-wordpress\/ -->\n<title>Danell | Intemporalidade que se funde com inova\u00e7\u00e3o<\/title>\n<meta name=\"description\" content=\"As imagens Danell desenvolvidas atrav\u00e9s de intelig\u00eancia artificial trazem um contraste subtil e interessante ao universo tradicional da marca\" \/>\n<meta name=\"robots\" content=\"index, follow, max-snippet:-1, max-image-preview:large, max-video-preview:-1\" \/>\n<link rel=\"canonical\" href=\"https:\/\/www.prooptica.pt\/es\/danell-la-atemporalidad-se-une-a-la-innovacion\/\" \/>\n<meta property=\"og:locale\" content=\"es_ES\" \/>\n<meta property=\"og:type\" content=\"article\" \/>\n<meta property=\"og:title\" content=\"Danell | Intemporalidade que se funde com inova\u00e7\u00e3o\" \/>\n<meta property=\"og:description\" content=\"As imagens Danell desenvolvidas atrav\u00e9s de intelig\u00eancia artificial trazem um contraste subtil e interessante ao universo tradicional da marca\" \/>\n<meta property=\"og:url\" content=\"https:\/\/www.prooptica.pt\/es\/danell-la-atemporalidad-se-une-a-la-innovacion\/\" \/>\n<meta property=\"og:site_name\" content=\"Prooptica\" \/>\n<meta property=\"article:published_time\" content=\"2025-05-16T16:17:50+00:00\" \/>\n<meta property=\"article:modified_time\" content=\"2025-05-16T16:20:52+00:00\" \/>\n<meta property=\"og:image\" content=\"https:\/\/www.prooptica.pt\/wp-content\/uploads\/2025\/05\/Capa-artigo-blog-4.jpg\" \/>\n\t<meta property=\"og:image:width\" content=\"852\" \/>\n\t<meta property=\"og:image:height\" content=\"514\" \/>\n\t<meta property=\"og:image:type\" content=\"image\/jpeg\" \/>\n<meta name=\"author\" content=\"admin\" \/>\n<meta name=\"twitter:card\" content=\"summary_large_image\" \/>\n<meta name=\"twitter:label1\" content=\"Escrito por\" \/>\n\t<meta name=\"twitter:data1\" content=\"admin\" \/>\n\t<meta name=\"twitter:label2\" content=\"Tiempo de lectura\" \/>\n\t<meta name=\"twitter:data2\" content=\"2 minutos\" \/>\n<script type=\"application\/ld+json\" class=\"yoast-schema-graph\">{\"@context\":\"https:\\\/\\\/schema.org\",\"@graph\":[{\"@type\":\"Article\",\"@id\":\"https:\\\/\\\/www.prooptica.pt\\\/danell-intemporalidade-que-se-funde-com-inovacao\\\/#article\",\"isPartOf\":{\"@id\":\"https:\\\/\\\/www.prooptica.pt\\\/danell-intemporalidade-que-se-funde-com-inovacao\\\/\"},\"author\":{\"name\":\"admin\",\"@id\":\"https:\\\/\\\/www.prooptica.pt\\\/home\\\/#\\\/schema\\\/person\\\/1cbd826a9322a3c38a052e43d1638306\"},\"headline\":\"Danell | Intemporalidade que se funde com inova\u00e7\u00e3o\",\"datePublished\":\"2025-05-16T16:17:50+00:00\",\"dateModified\":\"2025-05-16T16:20:52+00:00\",\"mainEntityOfPage\":{\"@id\":\"https:\\\/\\\/www.prooptica.pt\\\/danell-intemporalidade-que-se-funde-com-inovacao\\\/\"},\"wordCount\":213,\"image\":{\"@id\":\"https:\\\/\\\/www.prooptica.pt\\\/danell-intemporalidade-que-se-funde-com-inovacao\\\/#primaryimage\"},\"thumbnailUrl\":\"https:\\\/\\\/www.prooptica.pt\\\/wp-content\\\/uploads\\\/2025\\\/05\\\/Capa-artigo-blog-4.jpg\",\"articleSection\":[\"Moda Portuguesa\",\"\u00d3culos\"],\"inLanguage\":\"es\"},{\"@type\":\"WebPage\",\"@id\":\"https:\\\/\\\/www.prooptica.pt\\\/danell-intemporalidade-que-se-funde-com-inovacao\\\/\",\"url\":\"https:\\\/\\\/www.prooptica.pt\\\/danell-intemporalidade-que-se-funde-com-inovacao\\\/\",\"name\":\"Danell | Intemporalidade que se funde com inova\u00e7\u00e3o\",\"isPartOf\":{\"@id\":\"https:\\\/\\\/www.prooptica.pt\\\/home\\\/#website\"},\"primaryImageOfPage\":{\"@id\":\"https:\\\/\\\/www.prooptica.pt\\\/danell-intemporalidade-que-se-funde-com-inovacao\\\/#primaryimage\"},\"image\":{\"@id\":\"https:\\\/\\\/www.prooptica.pt\\\/danell-intemporalidade-que-se-funde-com-inovacao\\\/#primaryimage\"},\"thumbnailUrl\":\"https:\\\/\\\/www.prooptica.pt\\\/wp-content\\\/uploads\\\/2025\\\/05\\\/Capa-artigo-blog-4.jpg\",\"datePublished\":\"2025-05-16T16:17:50+00:00\",\"dateModified\":\"2025-05-16T16:20:52+00:00\",\"author\":{\"@id\":\"https:\\\/\\\/www.prooptica.pt\\\/home\\\/#\\\/schema\\\/person\\\/1cbd826a9322a3c38a052e43d1638306\"},\"description\":\"As imagens Danell desenvolvidas atrav\u00e9s de intelig\u00eancia artificial trazem um contraste subtil e interessante ao universo tradicional da marca\",\"breadcrumb\":{\"@id\":\"https:\\\/\\\/www.prooptica.pt\\\/danell-intemporalidade-que-se-funde-com-inovacao\\\/#breadcrumb\"},\"inLanguage\":\"es\",\"potentialAction\":[{\"@type\":\"ReadAction\",\"target\":[\"https:\\\/\\\/www.prooptica.pt\\\/danell-intemporalidade-que-se-funde-com-inovacao\\\/\"]}]},{\"@type\":\"ImageObject\",\"inLanguage\":\"es\",\"@id\":\"https:\\\/\\\/www.prooptica.pt\\\/danell-intemporalidade-que-se-funde-com-inovacao\\\/#primaryimage\",\"url\":\"https:\\\/\\\/www.prooptica.pt\\\/wp-content\\\/uploads\\\/2025\\\/05\\\/Capa-artigo-blog-4.jpg\",\"contentUrl\":\"https:\\\/\\\/www.prooptica.pt\\\/wp-content\\\/uploads\\\/2025\\\/05\\\/Capa-artigo-blog-4.jpg\",\"width\":852,\"height\":514},{\"@type\":\"BreadcrumbList\",\"@id\":\"https:\\\/\\\/www.prooptica.pt\\\/danell-intemporalidade-que-se-funde-com-inovacao\\\/#breadcrumb\",\"itemListElement\":[{\"@type\":\"ListItem\",\"position\":1,\"name\":\"In\u00edcio\",\"item\":\"https:\\\/\\\/www.prooptica.pt\\\/\"},{\"@type\":\"ListItem\",\"position\":2,\"name\":\"Danell | Intemporalidade que se funde com inova\u00e7\u00e3o\"}]},{\"@type\":\"WebSite\",\"@id\":\"https:\\\/\\\/www.prooptica.pt\\\/home\\\/#website\",\"url\":\"https:\\\/\\\/www.prooptica.pt\\\/home\\\/\",\"name\":\"Prooptica\",\"description\":\"Full Eyewear Concept\",\"potentialAction\":[{\"@type\":\"SearchAction\",\"target\":{\"@type\":\"EntryPoint\",\"urlTemplate\":\"https:\\\/\\\/www.prooptica.pt\\\/home\\\/?s={search_term_string}\"},\"query-input\":{\"@type\":\"PropertyValueSpecification\",\"valueRequired\":true,\"valueName\":\"search_term_string\"}}],\"inLanguage\":\"es\"},{\"@type\":\"Person\",\"@id\":\"https:\\\/\\\/www.prooptica.pt\\\/home\\\/#\\\/schema\\\/person\\\/1cbd826a9322a3c38a052e43d1638306\",\"name\":\"admin\",\"image\":{\"@type\":\"ImageObject\",\"inLanguage\":\"es\",\"@id\":\"https:\\\/\\\/secure.gravatar.com\\\/avatar\\\/528c714482569d81724b02603aa719344e9ad7c0b50becf07272b2086b2c1cfd?s=96&d=mm&r=g\",\"url\":\"https:\\\/\\\/secure.gravatar.com\\\/avatar\\\/528c714482569d81724b02603aa719344e9ad7c0b50becf07272b2086b2c1cfd?s=96&d=mm&r=g\",\"contentUrl\":\"https:\\\/\\\/secure.gravatar.com\\\/avatar\\\/528c714482569d81724b02603aa719344e9ad7c0b50becf07272b2086b2c1cfd?s=96&d=mm&r=g\",\"caption\":\"admin\"},\"url\":\"https:\\\/\\\/www.prooptica.pt\\\/es\\\/author\\\/admin\\\/\"}]}<\/script>\n<!-- \/ Yoast SEO plugin. -->","yoast_head_json":{"title":"Danell | Atemporalidad fusionada con innovaci\u00f3n","description":"Las im\u00e1genes de Danell desarrolladas mediante inteligencia artificial aportan un sutil e interesante contraste al universo tradicional de la marca","robots":{"index":"index","follow":"follow","max-snippet":"max-snippet:-1","max-image-preview":"max-image-preview:large","max-video-preview":"max-video-preview:-1"},"canonical":"https:\/\/www.prooptica.pt\/es\/danell-la-atemporalidad-se-une-a-la-innovacion\/","og_locale":"es_ES","og_type":"article","og_title":"Danell | Intemporalidade que se funde com inova\u00e7\u00e3o","og_description":"As imagens Danell desenvolvidas atrav\u00e9s de intelig\u00eancia artificial trazem um contraste subtil e interessante ao universo tradicional da marca","og_url":"https:\/\/www.prooptica.pt\/es\/danell-la-atemporalidad-se-une-a-la-innovacion\/","og_site_name":"Prooptica","article_published_time":"2025-05-16T16:17:50+00:00","article_modified_time":"2025-05-16T16:20:52+00:00","og_image":[{"width":852,"height":514,"url":"https:\/\/www.prooptica.pt\/wp-content\/uploads\/2025\/05\/Capa-artigo-blog-4.jpg","type":"image\/jpeg"}],"author":"admin","twitter_card":"summary_large_image","twitter_misc":{"Escrito por":"admin","Tiempo de lectura":"2 minutos"},"schema":{"@context":"https:\/\/schema.org","@graph":[{"@type":"Article","@id":"https:\/\/www.prooptica.pt\/danell-intemporalidade-que-se-funde-com-inovacao\/#article","isPartOf":{"@id":"https:\/\/www.prooptica.pt\/danell-intemporalidade-que-se-funde-com-inovacao\/"},"author":{"name":"admin","@id":"https:\/\/www.prooptica.pt\/home\/#\/schema\/person\/1cbd826a9322a3c38a052e43d1638306"},"headline":"Danell | Intemporalidade que se funde com inova\u00e7\u00e3o","datePublished":"2025-05-16T16:17:50+00:00","dateModified":"2025-05-16T16:20:52+00:00","mainEntityOfPage":{"@id":"https:\/\/www.prooptica.pt\/danell-intemporalidade-que-se-funde-com-inovacao\/"},"wordCount":213,"image":{"@id":"https:\/\/www.prooptica.pt\/danell-intemporalidade-que-se-funde-com-inovacao\/#primaryimage"},"thumbnailUrl":"https:\/\/www.prooptica.pt\/wp-content\/uploads\/2025\/05\/Capa-artigo-blog-4.jpg","articleSection":["Moda Portuguesa","\u00d3culos"],"inLanguage":"es"},{"@type":"WebPage","@id":"https:\/\/www.prooptica.pt\/danell-intemporalidade-que-se-funde-com-inovacao\/","url":"https:\/\/www.prooptica.pt\/danell-intemporalidade-que-se-funde-com-inovacao\/","name":"Danell | Atemporalidad fusionada con innovaci\u00f3n","isPartOf":{"@id":"https:\/\/www.prooptica.pt\/home\/#website"},"primaryImageOfPage":{"@id":"https:\/\/www.prooptica.pt\/danell-intemporalidade-que-se-funde-com-inovacao\/#primaryimage"},"image":{"@id":"https:\/\/www.prooptica.pt\/danell-intemporalidade-que-se-funde-com-inovacao\/#primaryimage"},"thumbnailUrl":"https:\/\/www.prooptica.pt\/wp-content\/uploads\/2025\/05\/Capa-artigo-blog-4.jpg","datePublished":"2025-05-16T16:17:50+00:00","dateModified":"2025-05-16T16:20:52+00:00","author":{"@id":"https:\/\/www.prooptica.pt\/home\/#\/schema\/person\/1cbd826a9322a3c38a052e43d1638306"},"description":"Las im\u00e1genes de Danell desarrolladas mediante inteligencia artificial aportan un sutil e interesante contraste al universo tradicional de la marca","breadcrumb":{"@id":"https:\/\/www.prooptica.pt\/danell-intemporalidade-que-se-funde-com-inovacao\/#breadcrumb"},"inLanguage":"es","potentialAction":[{"@type":"ReadAction","target":["https:\/\/www.prooptica.pt\/danell-intemporalidade-que-se-funde-com-inovacao\/"]}]},{"@type":"ImageObject","inLanguage":"es","@id":"https:\/\/www.prooptica.pt\/danell-intemporalidade-que-se-funde-com-inovacao\/#primaryimage","url":"https:\/\/www.prooptica.pt\/wp-content\/uploads\/2025\/05\/Capa-artigo-blog-4.jpg","contentUrl":"https:\/\/www.prooptica.pt\/wp-content\/uploads\/2025\/05\/Capa-artigo-blog-4.jpg","width":852,"height":514},{"@type":"BreadcrumbList","@id":"https:\/\/www.prooptica.pt\/danell-intemporalidade-que-se-funde-com-inovacao\/#breadcrumb","itemListElement":[{"@type":"ListItem","position":1,"name":"In\u00edcio","item":"https:\/\/www.prooptica.pt\/"},{"@type":"ListItem","position":2,"name":"Danell | Intemporalidade que se funde com inova\u00e7\u00e3o"}]},{"@type":"WebSite","@id":"https:\/\/www.prooptica.pt\/home\/#website","url":"https:\/\/www.prooptica.pt\/home\/","name":"Prooptica","description":"Concepto de gafas completas","potentialAction":[{"@type":"SearchAction","target":{"@type":"EntryPoint","urlTemplate":"https:\/\/www.prooptica.pt\/home\/?s={search_term_string}"},"query-input":{"@type":"PropertyValueSpecification","valueRequired":true,"valueName":"search_term_string"}}],"inLanguage":"es"},{"@type":"Person","@id":"https:\/\/www.prooptica.pt\/home\/#\/schema\/person\/1cbd826a9322a3c38a052e43d1638306","name":"admin","image":{"@type":"ImageObject","inLanguage":"es","@id":"https:\/\/secure.gravatar.com\/avatar\/528c714482569d81724b02603aa719344e9ad7c0b50becf07272b2086b2c1cfd?s=96&d=mm&r=g","url":"https:\/\/secure.gravatar.com\/avatar\/528c714482569d81724b02603aa719344e9ad7c0b50becf07272b2086b2c1cfd?s=96&d=mm&r=g","contentUrl":"https:\/\/secure.gravatar.com\/avatar\/528c714482569d81724b02603aa719344e9ad7c0b50becf07272b2086b2c1cfd?s=96&d=mm&r=g","caption":"admin"},"url":"https:\/\/www.prooptica.pt\/es\/author\/admin\/"}]}},"_links":{"self":[{"href":"https:\/\/www.prooptica.pt\/es\/wp-json\/wp\/v2\/posts\/23202","targetHints":{"allow":["GET"]}}],"collection":[{"href":"https:\/\/www.prooptica.pt\/es\/wp-json\/wp\/v2\/posts"}],"about":[{"href":"https:\/\/www.prooptica.pt\/es\/wp-json\/wp\/v2\/types\/post"}],"author":[{"embeddable":true,"href":"https:\/\/www.prooptica.pt\/es\/wp-json\/wp\/v2\/users\/2"}],"replies":[{"embeddable":true,"href":"https:\/\/www.prooptica.pt\/es\/wp-json\/wp\/v2\/comments?post=23202"}],"version-history":[{"count":1,"href":"https:\/\/www.prooptica.pt\/es\/wp-json\/wp\/v2\/posts\/23202\/revisions"}],"predecessor-version":[{"id":23204,"href":"https:\/\/www.prooptica.pt\/es\/wp-json\/wp\/v2\/posts\/23202\/revisions\/23204"}],"wp:featuredmedia":[{"embeddable":true,"href":"https:\/\/www.prooptica.pt\/es\/wp-json\/wp\/v2\/media\/23203"}],"wp:attachment":[{"href":"https:\/\/www.prooptica.pt\/es\/wp-json\/wp\/v2\/media?parent=23202"}],"wp:term":[{"taxonomy":"category","embeddable":true,"href":"https:\/\/www.prooptica.pt\/es\/wp-json\/wp\/v2\/categories?post=23202"},{"taxonomy":"post_tag","embeddable":true,"href":"https:\/\/www.prooptica.pt\/es\/wp-json\/wp\/v2\/tags?post=23202"}],"curies":[{"name":"wp","href":"https:\/\/api.w.org\/{rel}","templated":true}]}}