{"id":23338,"date":"2025-05-23T17:01:50","date_gmt":"2025-05-23T17:01:50","guid":{"rendered":"https:\/\/www.prooptica.pt\/?p=23338"},"modified":"2025-05-23T17:37:18","modified_gmt":"2025-05-23T17:37:18","slug":"sombras-de-ojos-duyos-eyewear-brillo-y-elegancia","status":"publish","type":"post","link":"https:\/\/www.prooptica.pt\/es\/making-off-duyos-eyewear-sombras-brilhos-e-elegancia\/","title":{"rendered":"Making Off Duyos Eyewear | Sombras, brillo y elegancia"},"content":{"rendered":"<p>Prooptica desvela el making off de su \u00faltimo shooting para la colecci\u00f3n de gafas Duyos, fruto de una colaboraci\u00f3n exclusiva con el aclamado dise\u00f1ador espa\u00f1ol Juan Duyos. Fotografiada en el estudio, la campa\u00f1a es una oda visual a las sombras, los destellos y la elegancia, un verdadero ejercicio de estilo en el que moda y tendencia se dan la mano con gracia y audacia.<\/p>\n<p>Las monturas, creadas en estrecha colaboraci\u00f3n con Duyos, destacan por su paleta divertida, brillante y colorida, combinada con estampados, transparencias y destellos. Las l\u00edneas elegantes y los detalles irreverentes son una celebraci\u00f3n del universo femenino, donde cada pieza se dise\u00f1a como una extensi\u00f3n del estilo personal.<\/p>\n<p>Sin querer desvelarlo todo, nos limitaremos a darles una idea de c\u00f3mo era este universo creativo. El entorno del estudio se construy\u00f3 meticulosamente con planos superpuestos, juegos de luces y sombras que acent\u00faan la elegancia de las prendas y el aura de sofisticaci\u00f3n de la colecci\u00f3n. Pronto se presentar\u00e1n las fotograf\u00edas finales, que prometen sorprender con cada detalle captado.<\/p>\n<p style=\"text-align: center;\"><a href=\"https:\/\/youtube.com\/shorts\/XRQnk88UUVs?feature=share\"><span style=\"color: #000000;\"><strong>Haga clic aqu\u00ed para descubrir el Making Off<\/strong><\/span><\/a><\/p>","protected":false},"excerpt":{"rendered":"<p>A Prooptica revela o making off do mais recente shooting, da cole\u00e7\u00e3o de eyewear Duyos, fruto da colabora\u00e7\u00e3o exclusiva com o aclamado estilista espanhol Juan Duyos. Fotografada em est\u00fadio, a campanha \u00e9 uma ode visual \u00e0s sombras, aos brilhos e \u00e0 eleg\u00e2ncia \u2014 um verdadeiro exerc\u00edcio de estilo onde moda e tend\u00eancia se encontram com [&hellip;]<\/p>\n","protected":false},"author":2,"featured_media":23339,"comment_status":"closed","ping_status":"closed","sticky":false,"template":"","format":"standard","meta":{"footnotes":""},"categories":[189],"tags":[],"class_list":["post-23338","post","type-post","status-publish","format-standard","has-post-thumbnail","hentry","category-oculos"],"yoast_head":"<!-- This site is optimized with the Yoast SEO plugin v27.4 - https:\/\/yoast.com\/product\/yoast-seo-wordpress\/ -->\n<title>Making Off Duyos Eyewear | Sombras, Brilhos e Eleg\u00e2ncia<\/title>\n<meta name=\"description\" content=\"Fotografada em est\u00fadio, a campanha \u00e9 uma ode visual \u00e0s sombras, aos brilhos e \u00e0 eleg\u00e2ncia \u2014 onde moda e a tend\u00eancia se encontram.\" \/>\n<meta name=\"robots\" content=\"index, follow, max-snippet:-1, max-image-preview:large, max-video-preview:-1\" \/>\n<link rel=\"canonical\" href=\"https:\/\/www.prooptica.pt\/es\/sombras-de-ojos-duyos-eyewear-brillo-y-elegancia\/\" \/>\n<meta property=\"og:locale\" content=\"es_ES\" \/>\n<meta property=\"og:type\" content=\"article\" \/>\n<meta property=\"og:title\" content=\"Making Off Duyos Eyewear | Sombras, Brilhos e Eleg\u00e2ncia\" \/>\n<meta property=\"og:description\" content=\"Fotografada em est\u00fadio, a campanha \u00e9 uma ode visual \u00e0s sombras, aos brilhos e \u00e0 eleg\u00e2ncia \u2014 onde moda e a tend\u00eancia se encontram.\" \/>\n<meta property=\"og:url\" content=\"https:\/\/www.prooptica.pt\/es\/sombras-de-ojos-duyos-eyewear-brillo-y-elegancia\/\" \/>\n<meta property=\"og:site_name\" content=\"Prooptica\" \/>\n<meta property=\"article:published_time\" content=\"2025-05-23T17:01:50+00:00\" \/>\n<meta property=\"article:modified_time\" content=\"2025-05-23T17:37:18+00:00\" \/>\n<meta property=\"og:image\" content=\"https:\/\/www.prooptica.pt\/wp-content\/uploads\/2025\/05\/Capa-artigo-blog-2-1.jpg\" \/>\n\t<meta property=\"og:image:width\" content=\"852\" \/>\n\t<meta property=\"og:image:height\" content=\"514\" \/>\n\t<meta property=\"og:image:type\" content=\"image\/jpeg\" \/>\n<meta name=\"author\" content=\"admin\" \/>\n<meta name=\"twitter:card\" content=\"summary_large_image\" \/>\n<meta name=\"twitter:label1\" content=\"Escrito por\" \/>\n\t<meta name=\"twitter:data1\" content=\"admin\" \/>\n\t<meta name=\"twitter:label2\" content=\"Tiempo de lectura\" \/>\n\t<meta name=\"twitter:data2\" content=\"2 minutos\" \/>\n<script type=\"application\/ld+json\" class=\"yoast-schema-graph\">{\"@context\":\"https:\\\/\\\/schema.org\",\"@graph\":[{\"@type\":\"Article\",\"@id\":\"https:\\\/\\\/www.prooptica.pt\\\/making-off-duyos-eyewear-sombras-brilhos-e-elegancia\\\/#article\",\"isPartOf\":{\"@id\":\"https:\\\/\\\/www.prooptica.pt\\\/making-off-duyos-eyewear-sombras-brilhos-e-elegancia\\\/\"},\"author\":{\"name\":\"admin\",\"@id\":\"https:\\\/\\\/www.prooptica.pt\\\/home\\\/#\\\/schema\\\/person\\\/1cbd826a9322a3c38a052e43d1638306\"},\"headline\":\"Making Off Duyos Eyewear | Sombras, Brilhos e Eleg\u00e2ncia\",\"datePublished\":\"2025-05-23T17:01:50+00:00\",\"dateModified\":\"2025-05-23T17:37:18+00:00\",\"mainEntityOfPage\":{\"@id\":\"https:\\\/\\\/www.prooptica.pt\\\/making-off-duyos-eyewear-sombras-brilhos-e-elegancia\\\/\"},\"wordCount\":195,\"image\":{\"@id\":\"https:\\\/\\\/www.prooptica.pt\\\/making-off-duyos-eyewear-sombras-brilhos-e-elegancia\\\/#primaryimage\"},\"thumbnailUrl\":\"https:\\\/\\\/www.prooptica.pt\\\/wp-content\\\/uploads\\\/2025\\\/05\\\/Capa-artigo-blog-2-1.jpg\",\"articleSection\":[\"\u00d3culos\"],\"inLanguage\":\"es\"},{\"@type\":\"WebPage\",\"@id\":\"https:\\\/\\\/www.prooptica.pt\\\/making-off-duyos-eyewear-sombras-brilhos-e-elegancia\\\/\",\"url\":\"https:\\\/\\\/www.prooptica.pt\\\/making-off-duyos-eyewear-sombras-brilhos-e-elegancia\\\/\",\"name\":\"Making Off Duyos Eyewear | Sombras, Brilhos e Eleg\u00e2ncia\",\"isPartOf\":{\"@id\":\"https:\\\/\\\/www.prooptica.pt\\\/home\\\/#website\"},\"primaryImageOfPage\":{\"@id\":\"https:\\\/\\\/www.prooptica.pt\\\/making-off-duyos-eyewear-sombras-brilhos-e-elegancia\\\/#primaryimage\"},\"image\":{\"@id\":\"https:\\\/\\\/www.prooptica.pt\\\/making-off-duyos-eyewear-sombras-brilhos-e-elegancia\\\/#primaryimage\"},\"thumbnailUrl\":\"https:\\\/\\\/www.prooptica.pt\\\/wp-content\\\/uploads\\\/2025\\\/05\\\/Capa-artigo-blog-2-1.jpg\",\"datePublished\":\"2025-05-23T17:01:50+00:00\",\"dateModified\":\"2025-05-23T17:37:18+00:00\",\"author\":{\"@id\":\"https:\\\/\\\/www.prooptica.pt\\\/home\\\/#\\\/schema\\\/person\\\/1cbd826a9322a3c38a052e43d1638306\"},\"description\":\"Fotografada em est\u00fadio, a campanha \u00e9 uma ode visual \u00e0s sombras, aos brilhos e \u00e0 eleg\u00e2ncia \u2014 onde moda e a tend\u00eancia se encontram.\",\"breadcrumb\":{\"@id\":\"https:\\\/\\\/www.prooptica.pt\\\/making-off-duyos-eyewear-sombras-brilhos-e-elegancia\\\/#breadcrumb\"},\"inLanguage\":\"es\",\"potentialAction\":[{\"@type\":\"ReadAction\",\"target\":[\"https:\\\/\\\/www.prooptica.pt\\\/making-off-duyos-eyewear-sombras-brilhos-e-elegancia\\\/\"]}]},{\"@type\":\"ImageObject\",\"inLanguage\":\"es\",\"@id\":\"https:\\\/\\\/www.prooptica.pt\\\/making-off-duyos-eyewear-sombras-brilhos-e-elegancia\\\/#primaryimage\",\"url\":\"https:\\\/\\\/www.prooptica.pt\\\/wp-content\\\/uploads\\\/2025\\\/05\\\/Capa-artigo-blog-2-1.jpg\",\"contentUrl\":\"https:\\\/\\\/www.prooptica.pt\\\/wp-content\\\/uploads\\\/2025\\\/05\\\/Capa-artigo-blog-2-1.jpg\",\"width\":852,\"height\":514},{\"@type\":\"BreadcrumbList\",\"@id\":\"https:\\\/\\\/www.prooptica.pt\\\/making-off-duyos-eyewear-sombras-brilhos-e-elegancia\\\/#breadcrumb\",\"itemListElement\":[{\"@type\":\"ListItem\",\"position\":1,\"name\":\"In\u00edcio\",\"item\":\"https:\\\/\\\/www.prooptica.pt\\\/\"},{\"@type\":\"ListItem\",\"position\":2,\"name\":\"Making Off Duyos Eyewear | Sombras, Brilhos e Eleg\u00e2ncia\"}]},{\"@type\":\"WebSite\",\"@id\":\"https:\\\/\\\/www.prooptica.pt\\\/home\\\/#website\",\"url\":\"https:\\\/\\\/www.prooptica.pt\\\/home\\\/\",\"name\":\"Prooptica\",\"description\":\"Full Eyewear Concept\",\"potentialAction\":[{\"@type\":\"SearchAction\",\"target\":{\"@type\":\"EntryPoint\",\"urlTemplate\":\"https:\\\/\\\/www.prooptica.pt\\\/home\\\/?s={search_term_string}\"},\"query-input\":{\"@type\":\"PropertyValueSpecification\",\"valueRequired\":true,\"valueName\":\"search_term_string\"}}],\"inLanguage\":\"es\"},{\"@type\":\"Person\",\"@id\":\"https:\\\/\\\/www.prooptica.pt\\\/home\\\/#\\\/schema\\\/person\\\/1cbd826a9322a3c38a052e43d1638306\",\"name\":\"admin\",\"image\":{\"@type\":\"ImageObject\",\"inLanguage\":\"es\",\"@id\":\"https:\\\/\\\/secure.gravatar.com\\\/avatar\\\/528c714482569d81724b02603aa719344e9ad7c0b50becf07272b2086b2c1cfd?s=96&d=mm&r=g\",\"url\":\"https:\\\/\\\/secure.gravatar.com\\\/avatar\\\/528c714482569d81724b02603aa719344e9ad7c0b50becf07272b2086b2c1cfd?s=96&d=mm&r=g\",\"contentUrl\":\"https:\\\/\\\/secure.gravatar.com\\\/avatar\\\/528c714482569d81724b02603aa719344e9ad7c0b50becf07272b2086b2c1cfd?s=96&d=mm&r=g\",\"caption\":\"admin\"},\"url\":\"https:\\\/\\\/www.prooptica.pt\\\/es\\\/author\\\/admin\\\/\"}]}<\/script>\n<!-- \/ Yoast SEO plugin. -->","yoast_head_json":{"title":"Making Off Duyos Eyewear | Sombras, brillo y elegancia","description":"Fotografiada en el estudio, la campa\u00f1a es una oda visual a las sombras, los destellos y la elegancia, donde confluyen moda y tendencia.","robots":{"index":"index","follow":"follow","max-snippet":"max-snippet:-1","max-image-preview":"max-image-preview:large","max-video-preview":"max-video-preview:-1"},"canonical":"https:\/\/www.prooptica.pt\/es\/sombras-de-ojos-duyos-eyewear-brillo-y-elegancia\/","og_locale":"es_ES","og_type":"article","og_title":"Making Off Duyos Eyewear | Sombras, Brilhos e Eleg\u00e2ncia","og_description":"Fotografada em est\u00fadio, a campanha \u00e9 uma ode visual \u00e0s sombras, aos brilhos e \u00e0 eleg\u00e2ncia \u2014 onde moda e a tend\u00eancia se encontram.","og_url":"https:\/\/www.prooptica.pt\/es\/sombras-de-ojos-duyos-eyewear-brillo-y-elegancia\/","og_site_name":"Prooptica","article_published_time":"2025-05-23T17:01:50+00:00","article_modified_time":"2025-05-23T17:37:18+00:00","og_image":[{"width":852,"height":514,"url":"https:\/\/www.prooptica.pt\/wp-content\/uploads\/2025\/05\/Capa-artigo-blog-2-1.jpg","type":"image\/jpeg"}],"author":"admin","twitter_card":"summary_large_image","twitter_misc":{"Escrito por":"admin","Tiempo de lectura":"2 minutos"},"schema":{"@context":"https:\/\/schema.org","@graph":[{"@type":"Article","@id":"https:\/\/www.prooptica.pt\/making-off-duyos-eyewear-sombras-brilhos-e-elegancia\/#article","isPartOf":{"@id":"https:\/\/www.prooptica.pt\/making-off-duyos-eyewear-sombras-brilhos-e-elegancia\/"},"author":{"name":"admin","@id":"https:\/\/www.prooptica.pt\/home\/#\/schema\/person\/1cbd826a9322a3c38a052e43d1638306"},"headline":"Making Off Duyos Eyewear | Sombras, Brilhos e Eleg\u00e2ncia","datePublished":"2025-05-23T17:01:50+00:00","dateModified":"2025-05-23T17:37:18+00:00","mainEntityOfPage":{"@id":"https:\/\/www.prooptica.pt\/making-off-duyos-eyewear-sombras-brilhos-e-elegancia\/"},"wordCount":195,"image":{"@id":"https:\/\/www.prooptica.pt\/making-off-duyos-eyewear-sombras-brilhos-e-elegancia\/#primaryimage"},"thumbnailUrl":"https:\/\/www.prooptica.pt\/wp-content\/uploads\/2025\/05\/Capa-artigo-blog-2-1.jpg","articleSection":["\u00d3culos"],"inLanguage":"es"},{"@type":"WebPage","@id":"https:\/\/www.prooptica.pt\/making-off-duyos-eyewear-sombras-brilhos-e-elegancia\/","url":"https:\/\/www.prooptica.pt\/making-off-duyos-eyewear-sombras-brilhos-e-elegancia\/","name":"Making Off Duyos Eyewear | Sombras, brillo y elegancia","isPartOf":{"@id":"https:\/\/www.prooptica.pt\/home\/#website"},"primaryImageOfPage":{"@id":"https:\/\/www.prooptica.pt\/making-off-duyos-eyewear-sombras-brilhos-e-elegancia\/#primaryimage"},"image":{"@id":"https:\/\/www.prooptica.pt\/making-off-duyos-eyewear-sombras-brilhos-e-elegancia\/#primaryimage"},"thumbnailUrl":"https:\/\/www.prooptica.pt\/wp-content\/uploads\/2025\/05\/Capa-artigo-blog-2-1.jpg","datePublished":"2025-05-23T17:01:50+00:00","dateModified":"2025-05-23T17:37:18+00:00","author":{"@id":"https:\/\/www.prooptica.pt\/home\/#\/schema\/person\/1cbd826a9322a3c38a052e43d1638306"},"description":"Fotografiada en el estudio, la campa\u00f1a es una oda visual a las sombras, los destellos y la elegancia, donde confluyen moda y tendencia.","breadcrumb":{"@id":"https:\/\/www.prooptica.pt\/making-off-duyos-eyewear-sombras-brilhos-e-elegancia\/#breadcrumb"},"inLanguage":"es","potentialAction":[{"@type":"ReadAction","target":["https:\/\/www.prooptica.pt\/making-off-duyos-eyewear-sombras-brilhos-e-elegancia\/"]}]},{"@type":"ImageObject","inLanguage":"es","@id":"https:\/\/www.prooptica.pt\/making-off-duyos-eyewear-sombras-brilhos-e-elegancia\/#primaryimage","url":"https:\/\/www.prooptica.pt\/wp-content\/uploads\/2025\/05\/Capa-artigo-blog-2-1.jpg","contentUrl":"https:\/\/www.prooptica.pt\/wp-content\/uploads\/2025\/05\/Capa-artigo-blog-2-1.jpg","width":852,"height":514},{"@type":"BreadcrumbList","@id":"https:\/\/www.prooptica.pt\/making-off-duyos-eyewear-sombras-brilhos-e-elegancia\/#breadcrumb","itemListElement":[{"@type":"ListItem","position":1,"name":"In\u00edcio","item":"https:\/\/www.prooptica.pt\/"},{"@type":"ListItem","position":2,"name":"Making Off Duyos Eyewear | Sombras, Brilhos e Eleg\u00e2ncia"}]},{"@type":"WebSite","@id":"https:\/\/www.prooptica.pt\/home\/#website","url":"https:\/\/www.prooptica.pt\/home\/","name":"Prooptica","description":"Concepto de gafas completas","potentialAction":[{"@type":"SearchAction","target":{"@type":"EntryPoint","urlTemplate":"https:\/\/www.prooptica.pt\/home\/?s={search_term_string}"},"query-input":{"@type":"PropertyValueSpecification","valueRequired":true,"valueName":"search_term_string"}}],"inLanguage":"es"},{"@type":"Person","@id":"https:\/\/www.prooptica.pt\/home\/#\/schema\/person\/1cbd826a9322a3c38a052e43d1638306","name":"admin","image":{"@type":"ImageObject","inLanguage":"es","@id":"https:\/\/secure.gravatar.com\/avatar\/528c714482569d81724b02603aa719344e9ad7c0b50becf07272b2086b2c1cfd?s=96&d=mm&r=g","url":"https:\/\/secure.gravatar.com\/avatar\/528c714482569d81724b02603aa719344e9ad7c0b50becf07272b2086b2c1cfd?s=96&d=mm&r=g","contentUrl":"https:\/\/secure.gravatar.com\/avatar\/528c714482569d81724b02603aa719344e9ad7c0b50becf07272b2086b2c1cfd?s=96&d=mm&r=g","caption":"admin"},"url":"https:\/\/www.prooptica.pt\/es\/author\/admin\/"}]}},"_links":{"self":[{"href":"https:\/\/www.prooptica.pt\/es\/wp-json\/wp\/v2\/posts\/23338","targetHints":{"allow":["GET"]}}],"collection":[{"href":"https:\/\/www.prooptica.pt\/es\/wp-json\/wp\/v2\/posts"}],"about":[{"href":"https:\/\/www.prooptica.pt\/es\/wp-json\/wp\/v2\/types\/post"}],"author":[{"embeddable":true,"href":"https:\/\/www.prooptica.pt\/es\/wp-json\/wp\/v2\/users\/2"}],"replies":[{"embeddable":true,"href":"https:\/\/www.prooptica.pt\/es\/wp-json\/wp\/v2\/comments?post=23338"}],"version-history":[{"count":2,"href":"https:\/\/www.prooptica.pt\/es\/wp-json\/wp\/v2\/posts\/23338\/revisions"}],"predecessor-version":[{"id":23341,"href":"https:\/\/www.prooptica.pt\/es\/wp-json\/wp\/v2\/posts\/23338\/revisions\/23341"}],"wp:featuredmedia":[{"embeddable":true,"href":"https:\/\/www.prooptica.pt\/es\/wp-json\/wp\/v2\/media\/23339"}],"wp:attachment":[{"href":"https:\/\/www.prooptica.pt\/es\/wp-json\/wp\/v2\/media?parent=23338"}],"wp:term":[{"taxonomy":"category","embeddable":true,"href":"https:\/\/www.prooptica.pt\/es\/wp-json\/wp\/v2\/categories?post=23338"},{"taxonomy":"post_tag","embeddable":true,"href":"https:\/\/www.prooptica.pt\/es\/wp-json\/wp\/v2\/tags?post=23338"}],"curies":[{"name":"wp","href":"https:\/\/api.w.org\/{rel}","templated":true}]}}