{"id":23356,"date":"2025-05-29T10:06:35","date_gmt":"2025-05-29T10:06:35","guid":{"rendered":"https:\/\/www.prooptica.pt\/?p=23356"},"modified":"2025-05-29T10:06:35","modified_gmt":"2025-05-29T10:06:35","slug":"piper-vision-y-diversion-de-la-mano","status":"publish","type":"post","link":"https:\/\/www.prooptica.pt\/es\/piper-visao-e-diversao-de-maos-dadas\/","title":{"rendered":"Piper | Visi\u00f3n y diversi\u00f3n van de la mano"},"content":{"rendered":"<p>Piper, la marca de gafas especialmente dise\u00f1ada para ni\u00f1os, \u00a1ya ha conquistado a los m\u00e1s peque\u00f1os con mucho estilo, color y diversi\u00f3n! Con un dise\u00f1o irresistible y una paleta de colores vibrantes, la marca fue creada para satisfacer las necesidades de los ni\u00f1os, combinando est\u00e9tica, comodidad y resistencia.<\/p>\n<p>Divertidas, c\u00f3modas, duraderas y coloridas: as\u00ed se definen las Piper. M\u00e1s que un simple accesorio, esta l\u00ednea de gafas se convierte en un aut\u00e9ntico compa\u00f1ero de juegos, siguiendo el ritmo en\u00e9rgico de los ni\u00f1os y soportando sus aventuras m\u00e1s din\u00e1micas.<\/p>\n<p>Con modelos muy coloridos, materiales flexibles y un ajuste pensado para caras en crecimiento, Piper destaca por combinar funcionalidad con un dise\u00f1o muy comercial. Cada par de gafas est\u00e1 dise\u00f1ado para proporcionar comodidad durante todo el d\u00eda, sin comprometer el estilo de los m\u00e1s peque\u00f1os.<\/p>\n<p>Ya sea en el colegio, en el parque o en casa, las gafas Piper son la elecci\u00f3n ideal para los padres que buscan calidad y durabilidad, y para los ni\u00f1os a los que no les importa expresar su personalidad a trav\u00e9s del color y el dise\u00f1o.<\/p>\n<p style=\"text-align: center;\"><a href=\"https:\/\/loja.prooptica.pt\/wp-content\/uploads\/Catalogo-Piper-2025_LR-2.pdf\"><span style=\"color: #000000;\"><strong>Haz clic aqu\u00ed y descubre esta divertida colecci\u00f3n<\/strong><\/span><\/a><\/p>","protected":false},"excerpt":{"rendered":"<p>A Piper, marca de \u00f3culos especialmente pensada para crian\u00e7as, j\u00e1 conquistou os mais pequenos com muito estilo, cor e divers\u00e3o! Com um design irresist\u00edvel e uma paleta de cores vibrante, a marca foi criada para dar resposta \u00e0s necessidades do p\u00fablico infantil, aliando est\u00e9tica, conforto e resist\u00eancia. Divertida, confort\u00e1vel, resistente e colorida \u2013 assim se [&hellip;]<\/p>\n","protected":false},"author":2,"featured_media":23359,"comment_status":"closed","ping_status":"closed","sticky":false,"template":"","format":"standard","meta":{"footnotes":""},"categories":[189],"tags":[],"class_list":["post-23356","post","type-post","status-publish","format-standard","has-post-thumbnail","hentry","category-oculos"],"yoast_head":"<!-- This site is optimized with the Yoast SEO plugin v27.4 - https:\/\/yoast.com\/product\/yoast-seo-wordpress\/ -->\n<title>Piper | Vis\u00e3o e divers\u00e3o de m\u00e3os dada<\/title>\n<meta name=\"description\" content=\"Cada par de \u00f3culos Piper \u00e9 desenvolvido para proporcionar conforto todo o dia, sem comprometer o estilo dos mais pequenos.\" \/>\n<meta name=\"robots\" content=\"index, follow, max-snippet:-1, max-image-preview:large, max-video-preview:-1\" \/>\n<link rel=\"canonical\" href=\"https:\/\/www.prooptica.pt\/es\/piper-vision-y-diversion-de-la-mano\/\" \/>\n<meta property=\"og:locale\" content=\"es_ES\" \/>\n<meta property=\"og:type\" content=\"article\" \/>\n<meta property=\"og:title\" content=\"Piper | Vis\u00e3o e divers\u00e3o de m\u00e3os dada\" \/>\n<meta property=\"og:description\" content=\"Cada par de \u00f3culos Piper \u00e9 desenvolvido para proporcionar conforto todo o dia, sem comprometer o estilo dos mais pequenos.\" \/>\n<meta property=\"og:url\" content=\"https:\/\/www.prooptica.pt\/es\/piper-vision-y-diversion-de-la-mano\/\" \/>\n<meta property=\"og:site_name\" content=\"Prooptica\" \/>\n<meta property=\"article:published_time\" content=\"2025-05-29T10:06:35+00:00\" \/>\n<meta property=\"og:image\" content=\"https:\/\/www.prooptica.pt\/wp-content\/uploads\/2025\/05\/Capa-artigo-blog-PP.jpg\" \/>\n\t<meta property=\"og:image:width\" content=\"852\" \/>\n\t<meta property=\"og:image:height\" content=\"514\" \/>\n\t<meta property=\"og:image:type\" content=\"image\/jpeg\" \/>\n<meta name=\"author\" content=\"admin\" \/>\n<meta name=\"twitter:card\" content=\"summary_large_image\" \/>\n<meta name=\"twitter:label1\" content=\"Escrito por\" \/>\n\t<meta name=\"twitter:data1\" content=\"admin\" \/>\n\t<meta name=\"twitter:label2\" content=\"Tiempo de lectura\" \/>\n\t<meta name=\"twitter:data2\" content=\"2 minutos\" \/>\n<script type=\"application\/ld+json\" class=\"yoast-schema-graph\">{\"@context\":\"https:\\\/\\\/schema.org\",\"@graph\":[{\"@type\":\"Article\",\"@id\":\"https:\\\/\\\/www.prooptica.pt\\\/piper-visao-e-diversao-de-maos-dadas\\\/#article\",\"isPartOf\":{\"@id\":\"https:\\\/\\\/www.prooptica.pt\\\/piper-visao-e-diversao-de-maos-dadas\\\/\"},\"author\":{\"name\":\"admin\",\"@id\":\"https:\\\/\\\/www.prooptica.pt\\\/home\\\/#\\\/schema\\\/person\\\/1cbd826a9322a3c38a052e43d1638306\"},\"headline\":\"Piper | Vis\u00e3o e divers\u00e3o de m\u00e3os dadas\",\"datePublished\":\"2025-05-29T10:06:35+00:00\",\"mainEntityOfPage\":{\"@id\":\"https:\\\/\\\/www.prooptica.pt\\\/piper-visao-e-diversao-de-maos-dadas\\\/\"},\"wordCount\":201,\"image\":{\"@id\":\"https:\\\/\\\/www.prooptica.pt\\\/piper-visao-e-diversao-de-maos-dadas\\\/#primaryimage\"},\"thumbnailUrl\":\"https:\\\/\\\/www.prooptica.pt\\\/wp-content\\\/uploads\\\/2025\\\/05\\\/Capa-artigo-blog-PP.jpg\",\"articleSection\":[\"\u00d3culos\"],\"inLanguage\":\"es\"},{\"@type\":\"WebPage\",\"@id\":\"https:\\\/\\\/www.prooptica.pt\\\/piper-visao-e-diversao-de-maos-dadas\\\/\",\"url\":\"https:\\\/\\\/www.prooptica.pt\\\/piper-visao-e-diversao-de-maos-dadas\\\/\",\"name\":\"Piper | Vis\u00e3o e divers\u00e3o de m\u00e3os dada\",\"isPartOf\":{\"@id\":\"https:\\\/\\\/www.prooptica.pt\\\/home\\\/#website\"},\"primaryImageOfPage\":{\"@id\":\"https:\\\/\\\/www.prooptica.pt\\\/piper-visao-e-diversao-de-maos-dadas\\\/#primaryimage\"},\"image\":{\"@id\":\"https:\\\/\\\/www.prooptica.pt\\\/piper-visao-e-diversao-de-maos-dadas\\\/#primaryimage\"},\"thumbnailUrl\":\"https:\\\/\\\/www.prooptica.pt\\\/wp-content\\\/uploads\\\/2025\\\/05\\\/Capa-artigo-blog-PP.jpg\",\"datePublished\":\"2025-05-29T10:06:35+00:00\",\"author\":{\"@id\":\"https:\\\/\\\/www.prooptica.pt\\\/home\\\/#\\\/schema\\\/person\\\/1cbd826a9322a3c38a052e43d1638306\"},\"description\":\"Cada par de \u00f3culos Piper \u00e9 desenvolvido para proporcionar conforto todo o dia, sem comprometer o estilo dos mais pequenos.\",\"breadcrumb\":{\"@id\":\"https:\\\/\\\/www.prooptica.pt\\\/piper-visao-e-diversao-de-maos-dadas\\\/#breadcrumb\"},\"inLanguage\":\"es\",\"potentialAction\":[{\"@type\":\"ReadAction\",\"target\":[\"https:\\\/\\\/www.prooptica.pt\\\/piper-visao-e-diversao-de-maos-dadas\\\/\"]}]},{\"@type\":\"ImageObject\",\"inLanguage\":\"es\",\"@id\":\"https:\\\/\\\/www.prooptica.pt\\\/piper-visao-e-diversao-de-maos-dadas\\\/#primaryimage\",\"url\":\"https:\\\/\\\/www.prooptica.pt\\\/wp-content\\\/uploads\\\/2025\\\/05\\\/Capa-artigo-blog-PP.jpg\",\"contentUrl\":\"https:\\\/\\\/www.prooptica.pt\\\/wp-content\\\/uploads\\\/2025\\\/05\\\/Capa-artigo-blog-PP.jpg\",\"width\":852,\"height\":514},{\"@type\":\"BreadcrumbList\",\"@id\":\"https:\\\/\\\/www.prooptica.pt\\\/piper-visao-e-diversao-de-maos-dadas\\\/#breadcrumb\",\"itemListElement\":[{\"@type\":\"ListItem\",\"position\":1,\"name\":\"In\u00edcio\",\"item\":\"https:\\\/\\\/www.prooptica.pt\\\/\"},{\"@type\":\"ListItem\",\"position\":2,\"name\":\"Piper | Vis\u00e3o e divers\u00e3o de m\u00e3os dadas\"}]},{\"@type\":\"WebSite\",\"@id\":\"https:\\\/\\\/www.prooptica.pt\\\/home\\\/#website\",\"url\":\"https:\\\/\\\/www.prooptica.pt\\\/home\\\/\",\"name\":\"Prooptica\",\"description\":\"Full Eyewear Concept\",\"potentialAction\":[{\"@type\":\"SearchAction\",\"target\":{\"@type\":\"EntryPoint\",\"urlTemplate\":\"https:\\\/\\\/www.prooptica.pt\\\/home\\\/?s={search_term_string}\"},\"query-input\":{\"@type\":\"PropertyValueSpecification\",\"valueRequired\":true,\"valueName\":\"search_term_string\"}}],\"inLanguage\":\"es\"},{\"@type\":\"Person\",\"@id\":\"https:\\\/\\\/www.prooptica.pt\\\/home\\\/#\\\/schema\\\/person\\\/1cbd826a9322a3c38a052e43d1638306\",\"name\":\"admin\",\"image\":{\"@type\":\"ImageObject\",\"inLanguage\":\"es\",\"@id\":\"https:\\\/\\\/secure.gravatar.com\\\/avatar\\\/528c714482569d81724b02603aa719344e9ad7c0b50becf07272b2086b2c1cfd?s=96&d=mm&r=g\",\"url\":\"https:\\\/\\\/secure.gravatar.com\\\/avatar\\\/528c714482569d81724b02603aa719344e9ad7c0b50becf07272b2086b2c1cfd?s=96&d=mm&r=g\",\"contentUrl\":\"https:\\\/\\\/secure.gravatar.com\\\/avatar\\\/528c714482569d81724b02603aa719344e9ad7c0b50becf07272b2086b2c1cfd?s=96&d=mm&r=g\",\"caption\":\"admin\"},\"url\":\"https:\\\/\\\/www.prooptica.pt\\\/es\\\/author\\\/admin\\\/\"}]}<\/script>\n<!-- \/ Yoast SEO plugin. -->","yoast_head_json":{"title":"Piper | Visi\u00f3n y diversi\u00f3n van de la mano","description":"Cada par de gafas de sol Piper est\u00e1 dise\u00f1ado para proporcionar comodidad durante todo el d\u00eda sin comprometer el estilo de los m\u00e1s peque\u00f1os.","robots":{"index":"index","follow":"follow","max-snippet":"max-snippet:-1","max-image-preview":"max-image-preview:large","max-video-preview":"max-video-preview:-1"},"canonical":"https:\/\/www.prooptica.pt\/es\/piper-vision-y-diversion-de-la-mano\/","og_locale":"es_ES","og_type":"article","og_title":"Piper | Vis\u00e3o e divers\u00e3o de m\u00e3os dada","og_description":"Cada par de \u00f3culos Piper \u00e9 desenvolvido para proporcionar conforto todo o dia, sem comprometer o estilo dos mais pequenos.","og_url":"https:\/\/www.prooptica.pt\/es\/piper-vision-y-diversion-de-la-mano\/","og_site_name":"Prooptica","article_published_time":"2025-05-29T10:06:35+00:00","og_image":[{"width":852,"height":514,"url":"https:\/\/www.prooptica.pt\/wp-content\/uploads\/2025\/05\/Capa-artigo-blog-PP.jpg","type":"image\/jpeg"}],"author":"admin","twitter_card":"summary_large_image","twitter_misc":{"Escrito por":"admin","Tiempo de lectura":"2 minutos"},"schema":{"@context":"https:\/\/schema.org","@graph":[{"@type":"Article","@id":"https:\/\/www.prooptica.pt\/piper-visao-e-diversao-de-maos-dadas\/#article","isPartOf":{"@id":"https:\/\/www.prooptica.pt\/piper-visao-e-diversao-de-maos-dadas\/"},"author":{"name":"admin","@id":"https:\/\/www.prooptica.pt\/home\/#\/schema\/person\/1cbd826a9322a3c38a052e43d1638306"},"headline":"Piper | Vis\u00e3o e divers\u00e3o de m\u00e3os dadas","datePublished":"2025-05-29T10:06:35+00:00","mainEntityOfPage":{"@id":"https:\/\/www.prooptica.pt\/piper-visao-e-diversao-de-maos-dadas\/"},"wordCount":201,"image":{"@id":"https:\/\/www.prooptica.pt\/piper-visao-e-diversao-de-maos-dadas\/#primaryimage"},"thumbnailUrl":"https:\/\/www.prooptica.pt\/wp-content\/uploads\/2025\/05\/Capa-artigo-blog-PP.jpg","articleSection":["\u00d3culos"],"inLanguage":"es"},{"@type":"WebPage","@id":"https:\/\/www.prooptica.pt\/piper-visao-e-diversao-de-maos-dadas\/","url":"https:\/\/www.prooptica.pt\/piper-visao-e-diversao-de-maos-dadas\/","name":"Piper | Visi\u00f3n y diversi\u00f3n van de la mano","isPartOf":{"@id":"https:\/\/www.prooptica.pt\/home\/#website"},"primaryImageOfPage":{"@id":"https:\/\/www.prooptica.pt\/piper-visao-e-diversao-de-maos-dadas\/#primaryimage"},"image":{"@id":"https:\/\/www.prooptica.pt\/piper-visao-e-diversao-de-maos-dadas\/#primaryimage"},"thumbnailUrl":"https:\/\/www.prooptica.pt\/wp-content\/uploads\/2025\/05\/Capa-artigo-blog-PP.jpg","datePublished":"2025-05-29T10:06:35+00:00","author":{"@id":"https:\/\/www.prooptica.pt\/home\/#\/schema\/person\/1cbd826a9322a3c38a052e43d1638306"},"description":"Cada par de gafas de sol Piper est\u00e1 dise\u00f1ado para proporcionar comodidad durante todo el d\u00eda sin comprometer el estilo de los m\u00e1s peque\u00f1os.","breadcrumb":{"@id":"https:\/\/www.prooptica.pt\/piper-visao-e-diversao-de-maos-dadas\/#breadcrumb"},"inLanguage":"es","potentialAction":[{"@type":"ReadAction","target":["https:\/\/www.prooptica.pt\/piper-visao-e-diversao-de-maos-dadas\/"]}]},{"@type":"ImageObject","inLanguage":"es","@id":"https:\/\/www.prooptica.pt\/piper-visao-e-diversao-de-maos-dadas\/#primaryimage","url":"https:\/\/www.prooptica.pt\/wp-content\/uploads\/2025\/05\/Capa-artigo-blog-PP.jpg","contentUrl":"https:\/\/www.prooptica.pt\/wp-content\/uploads\/2025\/05\/Capa-artigo-blog-PP.jpg","width":852,"height":514},{"@type":"BreadcrumbList","@id":"https:\/\/www.prooptica.pt\/piper-visao-e-diversao-de-maos-dadas\/#breadcrumb","itemListElement":[{"@type":"ListItem","position":1,"name":"In\u00edcio","item":"https:\/\/www.prooptica.pt\/"},{"@type":"ListItem","position":2,"name":"Piper | Vis\u00e3o e divers\u00e3o de m\u00e3os dadas"}]},{"@type":"WebSite","@id":"https:\/\/www.prooptica.pt\/home\/#website","url":"https:\/\/www.prooptica.pt\/home\/","name":"Prooptica","description":"Concepto de gafas completas","potentialAction":[{"@type":"SearchAction","target":{"@type":"EntryPoint","urlTemplate":"https:\/\/www.prooptica.pt\/home\/?s={search_term_string}"},"query-input":{"@type":"PropertyValueSpecification","valueRequired":true,"valueName":"search_term_string"}}],"inLanguage":"es"},{"@type":"Person","@id":"https:\/\/www.prooptica.pt\/home\/#\/schema\/person\/1cbd826a9322a3c38a052e43d1638306","name":"admin","image":{"@type":"ImageObject","inLanguage":"es","@id":"https:\/\/secure.gravatar.com\/avatar\/528c714482569d81724b02603aa719344e9ad7c0b50becf07272b2086b2c1cfd?s=96&d=mm&r=g","url":"https:\/\/secure.gravatar.com\/avatar\/528c714482569d81724b02603aa719344e9ad7c0b50becf07272b2086b2c1cfd?s=96&d=mm&r=g","contentUrl":"https:\/\/secure.gravatar.com\/avatar\/528c714482569d81724b02603aa719344e9ad7c0b50becf07272b2086b2c1cfd?s=96&d=mm&r=g","caption":"admin"},"url":"https:\/\/www.prooptica.pt\/es\/author\/admin\/"}]}},"_links":{"self":[{"href":"https:\/\/www.prooptica.pt\/es\/wp-json\/wp\/v2\/posts\/23356","targetHints":{"allow":["GET"]}}],"collection":[{"href":"https:\/\/www.prooptica.pt\/es\/wp-json\/wp\/v2\/posts"}],"about":[{"href":"https:\/\/www.prooptica.pt\/es\/wp-json\/wp\/v2\/types\/post"}],"author":[{"embeddable":true,"href":"https:\/\/www.prooptica.pt\/es\/wp-json\/wp\/v2\/users\/2"}],"replies":[{"embeddable":true,"href":"https:\/\/www.prooptica.pt\/es\/wp-json\/wp\/v2\/comments?post=23356"}],"version-history":[{"count":1,"href":"https:\/\/www.prooptica.pt\/es\/wp-json\/wp\/v2\/posts\/23356\/revisions"}],"predecessor-version":[{"id":23360,"href":"https:\/\/www.prooptica.pt\/es\/wp-json\/wp\/v2\/posts\/23356\/revisions\/23360"}],"wp:featuredmedia":[{"embeddable":true,"href":"https:\/\/www.prooptica.pt\/es\/wp-json\/wp\/v2\/media\/23359"}],"wp:attachment":[{"href":"https:\/\/www.prooptica.pt\/es\/wp-json\/wp\/v2\/media?parent=23356"}],"wp:term":[{"taxonomy":"category","embeddable":true,"href":"https:\/\/www.prooptica.pt\/es\/wp-json\/wp\/v2\/categories?post=23356"},{"taxonomy":"post_tag","embeddable":true,"href":"https:\/\/www.prooptica.pt\/es\/wp-json\/wp\/v2\/tags?post=23356"}],"curies":[{"name":"wp","href":"https:\/\/api.w.org\/{rel}","templated":true}]}}