{"id":23374,"date":"2025-06-04T08:38:41","date_gmt":"2025-06-04T08:38:41","guid":{"rendered":"https:\/\/www.prooptica.pt\/?p=23374"},"modified":"2025-06-04T11:50:05","modified_gmt":"2025-06-04T11:50:05","slug":"dia-mundial-del-running-cuida-tu-cuerpo-y-tu-vista-y-corre-por-un-futuro-mas-saludable","status":"publish","type":"post","link":"https:\/\/www.prooptica.pt\/es\/dia-mundial-da-corrida-cuidar-do-corpo-e-da-visao-e-correr-para-um-futuro-mais-saudavel\/","title":{"rendered":"D\u00eda Mundial del Corredor | Cuidar el cuerpo y la vista es correr hacia un futuro m\u00e1s sano"},"content":{"rendered":"<p>El D\u00eda Mundial del Corredor tiene como objetivo promover un estilo de vida m\u00e1s activo y saludable, concienciando sobre los beneficios del deporte en la prevenci\u00f3n de enfermedades y la mejora de la calidad de vida. Tambi\u00e9n es una fecha simb\u00f3lica que une a personas de todo el mundo, de todas las edades y niveles de experiencia, en torno a un movimiento com\u00fan: correr por placer, por salud, para superar obst\u00e1culos o simplemente por el placer de moverse.<\/p>\n<p>En este d\u00eda celebramos no s\u00f3lo el placer de correr, sino tambi\u00e9n la importancia de hacerlo bien y con seguridad. El ejercicio f\u00edsico tiene innumerables beneficios para la salud f\u00edsica y mental, pero para sacarle el m\u00e1ximo partido es esencial estar bien preparado, tambi\u00e9n en lo que se refiere a la vista.<\/p>\n<p>Existen gafas espec\u00edficas para correr, desarrolladas con un dise\u00f1o deportivo y aerodin\u00e1mico, ideales para seguir el ritmo y los retos de esta actividad. Adem\u00e1s de ofrecer protecci\u00f3n contra la luz solar intensa y part\u00edculas como el polvo o los insectos, estos modelos son graduables, lo que permite una visi\u00f3n n\u00edtida incluso en movimiento.<\/p>\n<p>Con placas de goma blanda y extremos ajustables, ofrecen un ajuste c\u00f3modo y seguro, incluso durante los entrenamientos m\u00e1s exigentes. Por ello, son el compa\u00f1ero ideal no solo de los corredores, sino tambi\u00e9n de los ciclistas y otras actividades al aire libre.<\/p>\n<p>En el deporte, como en la vida cotidiana, ver bien marca la diferencia. Este D\u00eda Mundial del Corredor, cuida tu cuerpo... y tu vista.<\/p>","protected":false},"excerpt":{"rendered":"<p>O Dia Mundial da Corrida tem como objetivo promover um estilo de vida mais ativo e saud\u00e1vel, sensibilizando para os benef\u00edcios do desporto na preven\u00e7\u00e3o de doen\u00e7as e na melhoria da qualidade de vida. \u00c9 tamb\u00e9m uma data simb\u00f3lica que une pessoas em todo o mundo, de todas as idades e n\u00edveis de experi\u00eancia, em [&hellip;]<\/p>\n","protected":false},"author":2,"featured_media":23411,"comment_status":"closed","ping_status":"closed","sticky":false,"template":"","format":"standard","meta":{"footnotes":""},"categories":[238],"tags":[],"class_list":["post-23374","post","type-post","status-publish","format-standard","has-post-thumbnail","hentry","category-insight"],"yoast_head":"<!-- This site is optimized with the Yoast SEO plugin v27.4 - https:\/\/yoast.com\/product\/yoast-seo-wordpress\/ -->\n<title>Dia Mundial da Corrida | Cuidar do corpo e da vis\u00e3o<\/title>\n<meta name=\"description\" content=\"No desporto, tal como no dia-a-dia, ver bem faz toda a diferen\u00e7a. Neste Dia Mundial da Corrida, cuide do seu corpo\u2026 e da sua vis\u00e3o.\" \/>\n<meta name=\"robots\" content=\"index, follow, max-snippet:-1, max-image-preview:large, max-video-preview:-1\" \/>\n<link rel=\"canonical\" href=\"https:\/\/www.prooptica.pt\/es\/dia-mundial-del-running-cuida-tu-cuerpo-y-tu-vista-y-corre-por-un-futuro-mas-saludable\/\" \/>\n<meta property=\"og:locale\" content=\"es_ES\" \/>\n<meta property=\"og:type\" content=\"article\" \/>\n<meta property=\"og:title\" content=\"Dia Mundial da Corrida | Cuidar do corpo e da vis\u00e3o\" \/>\n<meta property=\"og:description\" content=\"No desporto, tal como no dia-a-dia, ver bem faz toda a diferen\u00e7a. Neste Dia Mundial da Corrida, cuide do seu corpo\u2026 e da sua vis\u00e3o.\" \/>\n<meta property=\"og:url\" content=\"https:\/\/www.prooptica.pt\/es\/dia-mundial-del-running-cuida-tu-cuerpo-y-tu-vista-y-corre-por-un-futuro-mas-saludable\/\" \/>\n<meta property=\"og:site_name\" content=\"Prooptica\" \/>\n<meta property=\"article:published_time\" content=\"2025-06-04T08:38:41+00:00\" \/>\n<meta property=\"article:modified_time\" content=\"2025-06-04T11:50:05+00:00\" \/>\n<meta property=\"og:image\" content=\"https:\/\/www.prooptica.pt\/wp-content\/uploads\/2025\/06\/Capa-artigo-blog-2.jpg\" \/>\n\t<meta property=\"og:image:width\" content=\"852\" \/>\n\t<meta property=\"og:image:height\" content=\"514\" \/>\n\t<meta property=\"og:image:type\" content=\"image\/jpeg\" \/>\n<meta name=\"author\" content=\"admin\" \/>\n<meta name=\"twitter:card\" content=\"summary_large_image\" \/>\n<meta name=\"twitter:label1\" content=\"Escrito por\" \/>\n\t<meta name=\"twitter:data1\" content=\"admin\" \/>\n\t<meta name=\"twitter:label2\" content=\"Tiempo de lectura\" \/>\n\t<meta name=\"twitter:data2\" content=\"2 minutos\" \/>\n<script type=\"application\/ld+json\" class=\"yoast-schema-graph\">{\"@context\":\"https:\\\/\\\/schema.org\",\"@graph\":[{\"@type\":\"Article\",\"@id\":\"https:\\\/\\\/www.prooptica.pt\\\/dia-mundial-da-corrida-cuidar-do-corpo-e-da-visao-e-correr-para-um-futuro-mais-saudavel\\\/#article\",\"isPartOf\":{\"@id\":\"https:\\\/\\\/www.prooptica.pt\\\/dia-mundial-da-corrida-cuidar-do-corpo-e-da-visao-e-correr-para-um-futuro-mais-saudavel\\\/\"},\"author\":{\"name\":\"admin\",\"@id\":\"https:\\\/\\\/www.prooptica.pt\\\/home\\\/#\\\/schema\\\/person\\\/1cbd826a9322a3c38a052e43d1638306\"},\"headline\":\"Dia Mundial da Corrida | Cuidar do corpo e da vis\u00e3o \u00e9 correr para um futuro mais saud\u00e1vel\",\"datePublished\":\"2025-06-04T08:38:41+00:00\",\"dateModified\":\"2025-06-04T11:50:05+00:00\",\"mainEntityOfPage\":{\"@id\":\"https:\\\/\\\/www.prooptica.pt\\\/dia-mundial-da-corrida-cuidar-do-corpo-e-da-visao-e-correr-para-um-futuro-mais-saudavel\\\/\"},\"wordCount\":301,\"image\":{\"@id\":\"https:\\\/\\\/www.prooptica.pt\\\/dia-mundial-da-corrida-cuidar-do-corpo-e-da-visao-e-correr-para-um-futuro-mais-saudavel\\\/#primaryimage\"},\"thumbnailUrl\":\"https:\\\/\\\/www.prooptica.pt\\\/wp-content\\\/uploads\\\/2025\\\/06\\\/Capa-artigo-blog-2.jpg\",\"articleSection\":[\"Insight\"],\"inLanguage\":\"es\"},{\"@type\":\"WebPage\",\"@id\":\"https:\\\/\\\/www.prooptica.pt\\\/dia-mundial-da-corrida-cuidar-do-corpo-e-da-visao-e-correr-para-um-futuro-mais-saudavel\\\/\",\"url\":\"https:\\\/\\\/www.prooptica.pt\\\/dia-mundial-da-corrida-cuidar-do-corpo-e-da-visao-e-correr-para-um-futuro-mais-saudavel\\\/\",\"name\":\"Dia Mundial da Corrida | Cuidar do corpo e da vis\u00e3o\",\"isPartOf\":{\"@id\":\"https:\\\/\\\/www.prooptica.pt\\\/home\\\/#website\"},\"primaryImageOfPage\":{\"@id\":\"https:\\\/\\\/www.prooptica.pt\\\/dia-mundial-da-corrida-cuidar-do-corpo-e-da-visao-e-correr-para-um-futuro-mais-saudavel\\\/#primaryimage\"},\"image\":{\"@id\":\"https:\\\/\\\/www.prooptica.pt\\\/dia-mundial-da-corrida-cuidar-do-corpo-e-da-visao-e-correr-para-um-futuro-mais-saudavel\\\/#primaryimage\"},\"thumbnailUrl\":\"https:\\\/\\\/www.prooptica.pt\\\/wp-content\\\/uploads\\\/2025\\\/06\\\/Capa-artigo-blog-2.jpg\",\"datePublished\":\"2025-06-04T08:38:41+00:00\",\"dateModified\":\"2025-06-04T11:50:05+00:00\",\"author\":{\"@id\":\"https:\\\/\\\/www.prooptica.pt\\\/home\\\/#\\\/schema\\\/person\\\/1cbd826a9322a3c38a052e43d1638306\"},\"description\":\"No desporto, tal como no dia-a-dia, ver bem faz toda a diferen\u00e7a. Neste Dia Mundial da Corrida, cuide do seu corpo\u2026 e da sua vis\u00e3o.\",\"breadcrumb\":{\"@id\":\"https:\\\/\\\/www.prooptica.pt\\\/dia-mundial-da-corrida-cuidar-do-corpo-e-da-visao-e-correr-para-um-futuro-mais-saudavel\\\/#breadcrumb\"},\"inLanguage\":\"es\",\"potentialAction\":[{\"@type\":\"ReadAction\",\"target\":[\"https:\\\/\\\/www.prooptica.pt\\\/dia-mundial-da-corrida-cuidar-do-corpo-e-da-visao-e-correr-para-um-futuro-mais-saudavel\\\/\"]}]},{\"@type\":\"ImageObject\",\"inLanguage\":\"es\",\"@id\":\"https:\\\/\\\/www.prooptica.pt\\\/dia-mundial-da-corrida-cuidar-do-corpo-e-da-visao-e-correr-para-um-futuro-mais-saudavel\\\/#primaryimage\",\"url\":\"https:\\\/\\\/www.prooptica.pt\\\/wp-content\\\/uploads\\\/2025\\\/06\\\/Capa-artigo-blog-2.jpg\",\"contentUrl\":\"https:\\\/\\\/www.prooptica.pt\\\/wp-content\\\/uploads\\\/2025\\\/06\\\/Capa-artigo-blog-2.jpg\",\"width\":852,\"height\":514},{\"@type\":\"BreadcrumbList\",\"@id\":\"https:\\\/\\\/www.prooptica.pt\\\/dia-mundial-da-corrida-cuidar-do-corpo-e-da-visao-e-correr-para-um-futuro-mais-saudavel\\\/#breadcrumb\",\"itemListElement\":[{\"@type\":\"ListItem\",\"position\":1,\"name\":\"In\u00edcio\",\"item\":\"https:\\\/\\\/www.prooptica.pt\\\/\"},{\"@type\":\"ListItem\",\"position\":2,\"name\":\"Dia Mundial da Corrida | Cuidar do corpo e da vis\u00e3o \u00e9 correr para um futuro mais saud\u00e1vel\"}]},{\"@type\":\"WebSite\",\"@id\":\"https:\\\/\\\/www.prooptica.pt\\\/home\\\/#website\",\"url\":\"https:\\\/\\\/www.prooptica.pt\\\/home\\\/\",\"name\":\"Prooptica\",\"description\":\"Full Eyewear Concept\",\"potentialAction\":[{\"@type\":\"SearchAction\",\"target\":{\"@type\":\"EntryPoint\",\"urlTemplate\":\"https:\\\/\\\/www.prooptica.pt\\\/home\\\/?s={search_term_string}\"},\"query-input\":{\"@type\":\"PropertyValueSpecification\",\"valueRequired\":true,\"valueName\":\"search_term_string\"}}],\"inLanguage\":\"es\"},{\"@type\":\"Person\",\"@id\":\"https:\\\/\\\/www.prooptica.pt\\\/home\\\/#\\\/schema\\\/person\\\/1cbd826a9322a3c38a052e43d1638306\",\"name\":\"admin\",\"image\":{\"@type\":\"ImageObject\",\"inLanguage\":\"es\",\"@id\":\"https:\\\/\\\/secure.gravatar.com\\\/avatar\\\/528c714482569d81724b02603aa719344e9ad7c0b50becf07272b2086b2c1cfd?s=96&d=mm&r=g\",\"url\":\"https:\\\/\\\/secure.gravatar.com\\\/avatar\\\/528c714482569d81724b02603aa719344e9ad7c0b50becf07272b2086b2c1cfd?s=96&d=mm&r=g\",\"contentUrl\":\"https:\\\/\\\/secure.gravatar.com\\\/avatar\\\/528c714482569d81724b02603aa719344e9ad7c0b50becf07272b2086b2c1cfd?s=96&d=mm&r=g\",\"caption\":\"admin\"},\"url\":\"https:\\\/\\\/www.prooptica.pt\\\/es\\\/author\\\/admin\\\/\"}]}<\/script>\n<!-- \/ Yoast SEO plugin. -->","yoast_head_json":{"title":"D\u00eda Mundial del Corredor | Cuidar el cuerpo y la vista","description":"En el deporte, como en la vida cotidiana, ver bien marca la diferencia. Este D\u00eda Mundial del Corredor, cuida tu cuerpo... y tu vista.","robots":{"index":"index","follow":"follow","max-snippet":"max-snippet:-1","max-image-preview":"max-image-preview:large","max-video-preview":"max-video-preview:-1"},"canonical":"https:\/\/www.prooptica.pt\/es\/dia-mundial-del-running-cuida-tu-cuerpo-y-tu-vista-y-corre-por-un-futuro-mas-saludable\/","og_locale":"es_ES","og_type":"article","og_title":"Dia Mundial da Corrida | Cuidar do corpo e da vis\u00e3o","og_description":"No desporto, tal como no dia-a-dia, ver bem faz toda a diferen\u00e7a. Neste Dia Mundial da Corrida, cuide do seu corpo\u2026 e da sua vis\u00e3o.","og_url":"https:\/\/www.prooptica.pt\/es\/dia-mundial-del-running-cuida-tu-cuerpo-y-tu-vista-y-corre-por-un-futuro-mas-saludable\/","og_site_name":"Prooptica","article_published_time":"2025-06-04T08:38:41+00:00","article_modified_time":"2025-06-04T11:50:05+00:00","og_image":[{"width":852,"height":514,"url":"https:\/\/www.prooptica.pt\/wp-content\/uploads\/2025\/06\/Capa-artigo-blog-2.jpg","type":"image\/jpeg"}],"author":"admin","twitter_card":"summary_large_image","twitter_misc":{"Escrito por":"admin","Tiempo de lectura":"2 minutos"},"schema":{"@context":"https:\/\/schema.org","@graph":[{"@type":"Article","@id":"https:\/\/www.prooptica.pt\/dia-mundial-da-corrida-cuidar-do-corpo-e-da-visao-e-correr-para-um-futuro-mais-saudavel\/#article","isPartOf":{"@id":"https:\/\/www.prooptica.pt\/dia-mundial-da-corrida-cuidar-do-corpo-e-da-visao-e-correr-para-um-futuro-mais-saudavel\/"},"author":{"name":"admin","@id":"https:\/\/www.prooptica.pt\/home\/#\/schema\/person\/1cbd826a9322a3c38a052e43d1638306"},"headline":"Dia Mundial da Corrida | Cuidar do corpo e da vis\u00e3o \u00e9 correr para um futuro mais saud\u00e1vel","datePublished":"2025-06-04T08:38:41+00:00","dateModified":"2025-06-04T11:50:05+00:00","mainEntityOfPage":{"@id":"https:\/\/www.prooptica.pt\/dia-mundial-da-corrida-cuidar-do-corpo-e-da-visao-e-correr-para-um-futuro-mais-saudavel\/"},"wordCount":301,"image":{"@id":"https:\/\/www.prooptica.pt\/dia-mundial-da-corrida-cuidar-do-corpo-e-da-visao-e-correr-para-um-futuro-mais-saudavel\/#primaryimage"},"thumbnailUrl":"https:\/\/www.prooptica.pt\/wp-content\/uploads\/2025\/06\/Capa-artigo-blog-2.jpg","articleSection":["Insight"],"inLanguage":"es"},{"@type":"WebPage","@id":"https:\/\/www.prooptica.pt\/dia-mundial-da-corrida-cuidar-do-corpo-e-da-visao-e-correr-para-um-futuro-mais-saudavel\/","url":"https:\/\/www.prooptica.pt\/dia-mundial-da-corrida-cuidar-do-corpo-e-da-visao-e-correr-para-um-futuro-mais-saudavel\/","name":"D\u00eda Mundial del Corredor | Cuidar el cuerpo y la vista","isPartOf":{"@id":"https:\/\/www.prooptica.pt\/home\/#website"},"primaryImageOfPage":{"@id":"https:\/\/www.prooptica.pt\/dia-mundial-da-corrida-cuidar-do-corpo-e-da-visao-e-correr-para-um-futuro-mais-saudavel\/#primaryimage"},"image":{"@id":"https:\/\/www.prooptica.pt\/dia-mundial-da-corrida-cuidar-do-corpo-e-da-visao-e-correr-para-um-futuro-mais-saudavel\/#primaryimage"},"thumbnailUrl":"https:\/\/www.prooptica.pt\/wp-content\/uploads\/2025\/06\/Capa-artigo-blog-2.jpg","datePublished":"2025-06-04T08:38:41+00:00","dateModified":"2025-06-04T11:50:05+00:00","author":{"@id":"https:\/\/www.prooptica.pt\/home\/#\/schema\/person\/1cbd826a9322a3c38a052e43d1638306"},"description":"En el deporte, como en la vida cotidiana, ver bien marca la diferencia. Este D\u00eda Mundial del Corredor, cuida tu cuerpo... y tu vista.","breadcrumb":{"@id":"https:\/\/www.prooptica.pt\/dia-mundial-da-corrida-cuidar-do-corpo-e-da-visao-e-correr-para-um-futuro-mais-saudavel\/#breadcrumb"},"inLanguage":"es","potentialAction":[{"@type":"ReadAction","target":["https:\/\/www.prooptica.pt\/dia-mundial-da-corrida-cuidar-do-corpo-e-da-visao-e-correr-para-um-futuro-mais-saudavel\/"]}]},{"@type":"ImageObject","inLanguage":"es","@id":"https:\/\/www.prooptica.pt\/dia-mundial-da-corrida-cuidar-do-corpo-e-da-visao-e-correr-para-um-futuro-mais-saudavel\/#primaryimage","url":"https:\/\/www.prooptica.pt\/wp-content\/uploads\/2025\/06\/Capa-artigo-blog-2.jpg","contentUrl":"https:\/\/www.prooptica.pt\/wp-content\/uploads\/2025\/06\/Capa-artigo-blog-2.jpg","width":852,"height":514},{"@type":"BreadcrumbList","@id":"https:\/\/www.prooptica.pt\/dia-mundial-da-corrida-cuidar-do-corpo-e-da-visao-e-correr-para-um-futuro-mais-saudavel\/#breadcrumb","itemListElement":[{"@type":"ListItem","position":1,"name":"In\u00edcio","item":"https:\/\/www.prooptica.pt\/"},{"@type":"ListItem","position":2,"name":"Dia Mundial da Corrida | Cuidar do corpo e da vis\u00e3o \u00e9 correr para um futuro mais saud\u00e1vel"}]},{"@type":"WebSite","@id":"https:\/\/www.prooptica.pt\/home\/#website","url":"https:\/\/www.prooptica.pt\/home\/","name":"Prooptica","description":"Concepto de gafas completas","potentialAction":[{"@type":"SearchAction","target":{"@type":"EntryPoint","urlTemplate":"https:\/\/www.prooptica.pt\/home\/?s={search_term_string}"},"query-input":{"@type":"PropertyValueSpecification","valueRequired":true,"valueName":"search_term_string"}}],"inLanguage":"es"},{"@type":"Person","@id":"https:\/\/www.prooptica.pt\/home\/#\/schema\/person\/1cbd826a9322a3c38a052e43d1638306","name":"admin","image":{"@type":"ImageObject","inLanguage":"es","@id":"https:\/\/secure.gravatar.com\/avatar\/528c714482569d81724b02603aa719344e9ad7c0b50becf07272b2086b2c1cfd?s=96&d=mm&r=g","url":"https:\/\/secure.gravatar.com\/avatar\/528c714482569d81724b02603aa719344e9ad7c0b50becf07272b2086b2c1cfd?s=96&d=mm&r=g","contentUrl":"https:\/\/secure.gravatar.com\/avatar\/528c714482569d81724b02603aa719344e9ad7c0b50becf07272b2086b2c1cfd?s=96&d=mm&r=g","caption":"admin"},"url":"https:\/\/www.prooptica.pt\/es\/author\/admin\/"}]}},"_links":{"self":[{"href":"https:\/\/www.prooptica.pt\/es\/wp-json\/wp\/v2\/posts\/23374","targetHints":{"allow":["GET"]}}],"collection":[{"href":"https:\/\/www.prooptica.pt\/es\/wp-json\/wp\/v2\/posts"}],"about":[{"href":"https:\/\/www.prooptica.pt\/es\/wp-json\/wp\/v2\/types\/post"}],"author":[{"embeddable":true,"href":"https:\/\/www.prooptica.pt\/es\/wp-json\/wp\/v2\/users\/2"}],"replies":[{"embeddable":true,"href":"https:\/\/www.prooptica.pt\/es\/wp-json\/wp\/v2\/comments?post=23374"}],"version-history":[{"count":1,"href":"https:\/\/www.prooptica.pt\/es\/wp-json\/wp\/v2\/posts\/23374\/revisions"}],"predecessor-version":[{"id":23376,"href":"https:\/\/www.prooptica.pt\/es\/wp-json\/wp\/v2\/posts\/23374\/revisions\/23376"}],"wp:featuredmedia":[{"embeddable":true,"href":"https:\/\/www.prooptica.pt\/es\/wp-json\/wp\/v2\/media\/23411"}],"wp:attachment":[{"href":"https:\/\/www.prooptica.pt\/es\/wp-json\/wp\/v2\/media?parent=23374"}],"wp:term":[{"taxonomy":"category","embeddable":true,"href":"https:\/\/www.prooptica.pt\/es\/wp-json\/wp\/v2\/categories?post=23374"},{"taxonomy":"post_tag","embeddable":true,"href":"https:\/\/www.prooptica.pt\/es\/wp-json\/wp\/v2\/tags?post=23374"}],"curies":[{"name":"wp","href":"https:\/\/api.w.org\/{rel}","templated":true}]}}