{"id":23425,"date":"2025-06-06T17:00:25","date_gmt":"2025-06-06T17:00:25","guid":{"rendered":"https:\/\/www.prooptica.pt\/?p=23425"},"modified":"2025-06-06T17:00:25","modified_gmt":"2025-06-06T17:00:25","slug":"throttleman-ecoeyewear-ve-el-futuro-con-conciencia-medioambiental","status":"publish","type":"post","link":"https:\/\/www.prooptica.pt\/es\/throttleman-ecoeyewear-ver-o-futuro-com-consciencia-ambiental\/","title":{"rendered":"Throttleman ECOEyewear | Ver el futuro con conciencia medioambiental"},"content":{"rendered":"<p data-start=\"317\" data-end=\"563\">En el marco de la <strong data-start=\"330\" data-end=\"357\">D\u00eda Mundial del Medio Ambiente<\/strong>Throttleman refuerza una vez m\u00e1s su compromiso con la sostenibilidad, haciendo hincapi\u00e9 en la <strong data-start=\"443\" data-end=\"485\">Colecci\u00f3n c\u00e1psula Throttleman ECOEyewear<\/strong> - una l\u00ednea que combina estilo, innovaci\u00f3n y un aut\u00e9ntico compromiso con el planeta.<\/p>\n<p data-start=\"565\" data-end=\"913\">Presentada anteriormente, esta c\u00e1psula marca un paso importante en el camino de la marca hacia pr\u00e1cticas m\u00e1s conscientes dentro del mundo de la \u00f3ptica. Se trata de una colecci\u00f3n de gafas de moda, desarrollada con <strong data-start=\"779\" data-end=\"812\">materiales de origen biol\u00f3gico<\/strong>Adem\u00e1s, es posible utilizar celulosa moldeada por inyecci\u00f3n de acetato, una alternativa ecol\u00f3gica a las materias primas convencionales.<\/p>\n<p data-start=\"915\" data-end=\"1174\">Pero la preocupaci\u00f3n medioambiental va m\u00e1s all\u00e1 de la elecci\u00f3n del material de base. Todos los componentes, incluido el <strong data-start=\"1016\" data-end=\"1053\">aditivos colorantes y pigmentos<\/strong>se han seleccionado cuidadosamente centr\u00e1ndose en <strong data-start=\"1101\" data-end=\"1133\">reducir el impacto medioambiental<\/strong> durante todo el ciclo de vida del producto.<\/p>\n<p data-start=\"1176\" data-end=\"1499\">La c\u00e1psula consta de <strong data-start=\"1201\" data-end=\"1260\">dos modelos de montura y dos modelos de gafas de sol<\/strong>disponibles en <strong data-start=\"1284\" data-end=\"1298\">dos colores<\/strong>ofreciendo versatilidad y autenticidad a quienes buscan un estilo alineado con los valores de la sostenibilidad. Es, hasta la fecha, la colecci\u00f3n m\u00e1s ecol\u00f3gica de la cartera de gafas Throttleman.<\/p>\n<p data-start=\"1501\" data-end=\"1753\">Al destacar una vez m\u00e1s esta l\u00ednea, Throttleman reafirma su compromiso con un <strong data-start=\"1583\" data-end=\"1625\">consumidores m\u00e1s conscientes e informados<\/strong>que valora los productos con prop\u00f3sito, sin renunciar a la est\u00e9tica, la calidad o la identidad que siempre han caracterizado a la marca.<\/p>\n<p data-start=\"1755\" data-end=\"1891\">Tras el D\u00eda Mundial del Medio Ambiente, invitamos a todos a <strong data-start=\"1805\" data-end=\"1837\">ver el mundo con otros ojos<\/strong> - m\u00e1s atentos, m\u00e1s responsables, m\u00e1s sostenibles.<\/p>\n<p data-start=\"1893\" data-end=\"2001\"><strong data-start=\"1893\" data-end=\"1919\">Throttleman ECOEyewear<\/strong>porque el futuro tambi\u00e9n se construye con lo que elegimos ponernos cada d\u00eda.<\/p>\n<p style=\"text-align: center;\"><a href=\"https:\/\/loja.prooptica.pt\/wp-content\/uploads\/CAPSULA-THROTTLEMAN-ECO.pdf\"><span style=\"color: #000000;\"><strong>Haz clic aqu\u00ed y descubre la colecci\u00f3n c\u00e1psula m\u00e1s ecol\u00f3gica del momento<\/strong><\/span><\/a><\/p>","protected":false},"excerpt":{"rendered":"<p>No \u00e2mbito do Dia Mundial do Ambiente, a Throttleman volta a refor\u00e7ar a sua aposta na sustentabilidade com destaque para a cole\u00e7\u00e3o c\u00e1psula Throttleman ECOEyewear \u2014 uma linha que alia estilo, inova\u00e7\u00e3o e um compromisso genu\u00edno com o planeta. J\u00e1 apresentada anteriormente, esta c\u00e1psula marca um passo importante no percurso da marca rumo a pr\u00e1ticas [&hellip;]<\/p>\n","protected":false},"author":2,"featured_media":23426,"comment_status":"closed","ping_status":"closed","sticky":false,"template":"","format":"standard","meta":{"footnotes":""},"categories":[195],"tags":[],"class_list":["post-23425","post","type-post","status-publish","format-standard","has-post-thumbnail","hentry","category-institucional"],"yoast_head":"<!-- This site is optimized with the Yoast SEO plugin v27.4 - https:\/\/yoast.com\/product\/yoast-seo-wordpress\/ -->\n<title>Throttleman ECOEyewear | Ver o Futuro com Consci\u00eancia<\/title>\n<meta name=\"description\" content=\"C\u00e1psula Throttleman ECOEyewear: porque o futuro tamb\u00e9m se constr\u00f3i com aquilo que escolhemos usar todos os dias.\" \/>\n<meta name=\"robots\" content=\"index, follow, max-snippet:-1, max-image-preview:large, max-video-preview:-1\" \/>\n<link rel=\"canonical\" href=\"https:\/\/www.prooptica.pt\/es\/throttleman-ecoeyewear-ve-el-futuro-con-conciencia-medioambiental\/\" \/>\n<meta property=\"og:locale\" content=\"es_ES\" \/>\n<meta property=\"og:type\" content=\"article\" \/>\n<meta property=\"og:title\" content=\"Throttleman ECOEyewear | Ver o Futuro com Consci\u00eancia\" \/>\n<meta property=\"og:description\" content=\"C\u00e1psula Throttleman ECOEyewear: porque o futuro tamb\u00e9m se constr\u00f3i com aquilo que escolhemos usar todos os dias.\" \/>\n<meta property=\"og:url\" content=\"https:\/\/www.prooptica.pt\/es\/throttleman-ecoeyewear-ve-el-futuro-con-conciencia-medioambiental\/\" \/>\n<meta property=\"og:site_name\" content=\"Prooptica\" \/>\n<meta property=\"article:published_time\" content=\"2025-06-06T17:00:25+00:00\" \/>\n<meta property=\"og:image\" content=\"https:\/\/www.prooptica.pt\/wp-content\/uploads\/2025\/06\/Capa-artigo-blog-TT-eco-2.jpg\" \/>\n\t<meta property=\"og:image:width\" content=\"852\" \/>\n\t<meta property=\"og:image:height\" content=\"514\" \/>\n\t<meta property=\"og:image:type\" content=\"image\/jpeg\" \/>\n<meta name=\"author\" content=\"admin\" \/>\n<meta name=\"twitter:card\" content=\"summary_large_image\" \/>\n<meta name=\"twitter:label1\" content=\"Escrito por\" \/>\n\t<meta name=\"twitter:data1\" content=\"admin\" \/>\n\t<meta name=\"twitter:label2\" content=\"Tiempo de lectura\" \/>\n\t<meta name=\"twitter:data2\" content=\"2 minutos\" \/>\n<script type=\"application\/ld+json\" class=\"yoast-schema-graph\">{\"@context\":\"https:\\\/\\\/schema.org\",\"@graph\":[{\"@type\":\"Article\",\"@id\":\"https:\\\/\\\/www.prooptica.pt\\\/throttleman-ecoeyewear-ver-o-futuro-com-consciencia-ambiental\\\/#article\",\"isPartOf\":{\"@id\":\"https:\\\/\\\/www.prooptica.pt\\\/throttleman-ecoeyewear-ver-o-futuro-com-consciencia-ambiental\\\/\"},\"author\":{\"name\":\"admin\",\"@id\":\"https:\\\/\\\/www.prooptica.pt\\\/home\\\/#\\\/schema\\\/person\\\/1cbd826a9322a3c38a052e43d1638306\"},\"headline\":\"Throttleman ECOEyewear | Ver o Futuro com Consci\u00eancia Ambiental\",\"datePublished\":\"2025-06-06T17:00:25+00:00\",\"mainEntityOfPage\":{\"@id\":\"https:\\\/\\\/www.prooptica.pt\\\/throttleman-ecoeyewear-ver-o-futuro-com-consciencia-ambiental\\\/\"},\"wordCount\":299,\"image\":{\"@id\":\"https:\\\/\\\/www.prooptica.pt\\\/throttleman-ecoeyewear-ver-o-futuro-com-consciencia-ambiental\\\/#primaryimage\"},\"thumbnailUrl\":\"https:\\\/\\\/www.prooptica.pt\\\/wp-content\\\/uploads\\\/2025\\\/06\\\/Capa-artigo-blog-TT-eco-2.jpg\",\"articleSection\":[\"Institucional\"],\"inLanguage\":\"es\"},{\"@type\":\"WebPage\",\"@id\":\"https:\\\/\\\/www.prooptica.pt\\\/throttleman-ecoeyewear-ver-o-futuro-com-consciencia-ambiental\\\/\",\"url\":\"https:\\\/\\\/www.prooptica.pt\\\/throttleman-ecoeyewear-ver-o-futuro-com-consciencia-ambiental\\\/\",\"name\":\"Throttleman ECOEyewear | Ver o Futuro com Consci\u00eancia\",\"isPartOf\":{\"@id\":\"https:\\\/\\\/www.prooptica.pt\\\/home\\\/#website\"},\"primaryImageOfPage\":{\"@id\":\"https:\\\/\\\/www.prooptica.pt\\\/throttleman-ecoeyewear-ver-o-futuro-com-consciencia-ambiental\\\/#primaryimage\"},\"image\":{\"@id\":\"https:\\\/\\\/www.prooptica.pt\\\/throttleman-ecoeyewear-ver-o-futuro-com-consciencia-ambiental\\\/#primaryimage\"},\"thumbnailUrl\":\"https:\\\/\\\/www.prooptica.pt\\\/wp-content\\\/uploads\\\/2025\\\/06\\\/Capa-artigo-blog-TT-eco-2.jpg\",\"datePublished\":\"2025-06-06T17:00:25+00:00\",\"author\":{\"@id\":\"https:\\\/\\\/www.prooptica.pt\\\/home\\\/#\\\/schema\\\/person\\\/1cbd826a9322a3c38a052e43d1638306\"},\"description\":\"C\u00e1psula Throttleman ECOEyewear: porque o futuro tamb\u00e9m se constr\u00f3i com aquilo que escolhemos usar todos os dias.\",\"breadcrumb\":{\"@id\":\"https:\\\/\\\/www.prooptica.pt\\\/throttleman-ecoeyewear-ver-o-futuro-com-consciencia-ambiental\\\/#breadcrumb\"},\"inLanguage\":\"es\",\"potentialAction\":[{\"@type\":\"ReadAction\",\"target\":[\"https:\\\/\\\/www.prooptica.pt\\\/throttleman-ecoeyewear-ver-o-futuro-com-consciencia-ambiental\\\/\"]}]},{\"@type\":\"ImageObject\",\"inLanguage\":\"es\",\"@id\":\"https:\\\/\\\/www.prooptica.pt\\\/throttleman-ecoeyewear-ver-o-futuro-com-consciencia-ambiental\\\/#primaryimage\",\"url\":\"https:\\\/\\\/www.prooptica.pt\\\/wp-content\\\/uploads\\\/2025\\\/06\\\/Capa-artigo-blog-TT-eco-2.jpg\",\"contentUrl\":\"https:\\\/\\\/www.prooptica.pt\\\/wp-content\\\/uploads\\\/2025\\\/06\\\/Capa-artigo-blog-TT-eco-2.jpg\",\"width\":852,\"height\":514},{\"@type\":\"BreadcrumbList\",\"@id\":\"https:\\\/\\\/www.prooptica.pt\\\/throttleman-ecoeyewear-ver-o-futuro-com-consciencia-ambiental\\\/#breadcrumb\",\"itemListElement\":[{\"@type\":\"ListItem\",\"position\":1,\"name\":\"In\u00edcio\",\"item\":\"https:\\\/\\\/www.prooptica.pt\\\/\"},{\"@type\":\"ListItem\",\"position\":2,\"name\":\"Throttleman ECOEyewear | Ver o Futuro com Consci\u00eancia Ambiental\"}]},{\"@type\":\"WebSite\",\"@id\":\"https:\\\/\\\/www.prooptica.pt\\\/home\\\/#website\",\"url\":\"https:\\\/\\\/www.prooptica.pt\\\/home\\\/\",\"name\":\"Prooptica\",\"description\":\"Full Eyewear Concept\",\"potentialAction\":[{\"@type\":\"SearchAction\",\"target\":{\"@type\":\"EntryPoint\",\"urlTemplate\":\"https:\\\/\\\/www.prooptica.pt\\\/home\\\/?s={search_term_string}\"},\"query-input\":{\"@type\":\"PropertyValueSpecification\",\"valueRequired\":true,\"valueName\":\"search_term_string\"}}],\"inLanguage\":\"es\"},{\"@type\":\"Person\",\"@id\":\"https:\\\/\\\/www.prooptica.pt\\\/home\\\/#\\\/schema\\\/person\\\/1cbd826a9322a3c38a052e43d1638306\",\"name\":\"admin\",\"image\":{\"@type\":\"ImageObject\",\"inLanguage\":\"es\",\"@id\":\"https:\\\/\\\/secure.gravatar.com\\\/avatar\\\/528c714482569d81724b02603aa719344e9ad7c0b50becf07272b2086b2c1cfd?s=96&d=mm&r=g\",\"url\":\"https:\\\/\\\/secure.gravatar.com\\\/avatar\\\/528c714482569d81724b02603aa719344e9ad7c0b50becf07272b2086b2c1cfd?s=96&d=mm&r=g\",\"contentUrl\":\"https:\\\/\\\/secure.gravatar.com\\\/avatar\\\/528c714482569d81724b02603aa719344e9ad7c0b50becf07272b2086b2c1cfd?s=96&d=mm&r=g\",\"caption\":\"admin\"},\"url\":\"https:\\\/\\\/www.prooptica.pt\\\/es\\\/author\\\/admin\\\/\"}]}<\/script>\n<!-- \/ Yoast SEO plugin. -->","yoast_head_json":{"title":"Throttleman ECOEyewear | Ver el futuro con conciencia","description":"C\u00e1psula Throttleman ECOEyewear: porque el futuro tambi\u00e9n se construye con lo que elegimos llevar cada d\u00eda.","robots":{"index":"index","follow":"follow","max-snippet":"max-snippet:-1","max-image-preview":"max-image-preview:large","max-video-preview":"max-video-preview:-1"},"canonical":"https:\/\/www.prooptica.pt\/es\/throttleman-ecoeyewear-ve-el-futuro-con-conciencia-medioambiental\/","og_locale":"es_ES","og_type":"article","og_title":"Throttleman ECOEyewear | Ver o Futuro com Consci\u00eancia","og_description":"C\u00e1psula Throttleman ECOEyewear: porque o futuro tamb\u00e9m se constr\u00f3i com aquilo que escolhemos usar todos os dias.","og_url":"https:\/\/www.prooptica.pt\/es\/throttleman-ecoeyewear-ve-el-futuro-con-conciencia-medioambiental\/","og_site_name":"Prooptica","article_published_time":"2025-06-06T17:00:25+00:00","og_image":[{"width":852,"height":514,"url":"https:\/\/www.prooptica.pt\/wp-content\/uploads\/2025\/06\/Capa-artigo-blog-TT-eco-2.jpg","type":"image\/jpeg"}],"author":"admin","twitter_card":"summary_large_image","twitter_misc":{"Escrito por":"admin","Tiempo de lectura":"2 minutos"},"schema":{"@context":"https:\/\/schema.org","@graph":[{"@type":"Article","@id":"https:\/\/www.prooptica.pt\/throttleman-ecoeyewear-ver-o-futuro-com-consciencia-ambiental\/#article","isPartOf":{"@id":"https:\/\/www.prooptica.pt\/throttleman-ecoeyewear-ver-o-futuro-com-consciencia-ambiental\/"},"author":{"name":"admin","@id":"https:\/\/www.prooptica.pt\/home\/#\/schema\/person\/1cbd826a9322a3c38a052e43d1638306"},"headline":"Throttleman ECOEyewear | Ver o Futuro com Consci\u00eancia Ambiental","datePublished":"2025-06-06T17:00:25+00:00","mainEntityOfPage":{"@id":"https:\/\/www.prooptica.pt\/throttleman-ecoeyewear-ver-o-futuro-com-consciencia-ambiental\/"},"wordCount":299,"image":{"@id":"https:\/\/www.prooptica.pt\/throttleman-ecoeyewear-ver-o-futuro-com-consciencia-ambiental\/#primaryimage"},"thumbnailUrl":"https:\/\/www.prooptica.pt\/wp-content\/uploads\/2025\/06\/Capa-artigo-blog-TT-eco-2.jpg","articleSection":["Institucional"],"inLanguage":"es"},{"@type":"WebPage","@id":"https:\/\/www.prooptica.pt\/throttleman-ecoeyewear-ver-o-futuro-com-consciencia-ambiental\/","url":"https:\/\/www.prooptica.pt\/throttleman-ecoeyewear-ver-o-futuro-com-consciencia-ambiental\/","name":"Throttleman ECOEyewear | Ver el futuro con conciencia","isPartOf":{"@id":"https:\/\/www.prooptica.pt\/home\/#website"},"primaryImageOfPage":{"@id":"https:\/\/www.prooptica.pt\/throttleman-ecoeyewear-ver-o-futuro-com-consciencia-ambiental\/#primaryimage"},"image":{"@id":"https:\/\/www.prooptica.pt\/throttleman-ecoeyewear-ver-o-futuro-com-consciencia-ambiental\/#primaryimage"},"thumbnailUrl":"https:\/\/www.prooptica.pt\/wp-content\/uploads\/2025\/06\/Capa-artigo-blog-TT-eco-2.jpg","datePublished":"2025-06-06T17:00:25+00:00","author":{"@id":"https:\/\/www.prooptica.pt\/home\/#\/schema\/person\/1cbd826a9322a3c38a052e43d1638306"},"description":"C\u00e1psula Throttleman ECOEyewear: porque el futuro tambi\u00e9n se construye con lo que elegimos llevar cada d\u00eda.","breadcrumb":{"@id":"https:\/\/www.prooptica.pt\/throttleman-ecoeyewear-ver-o-futuro-com-consciencia-ambiental\/#breadcrumb"},"inLanguage":"es","potentialAction":[{"@type":"ReadAction","target":["https:\/\/www.prooptica.pt\/throttleman-ecoeyewear-ver-o-futuro-com-consciencia-ambiental\/"]}]},{"@type":"ImageObject","inLanguage":"es","@id":"https:\/\/www.prooptica.pt\/throttleman-ecoeyewear-ver-o-futuro-com-consciencia-ambiental\/#primaryimage","url":"https:\/\/www.prooptica.pt\/wp-content\/uploads\/2025\/06\/Capa-artigo-blog-TT-eco-2.jpg","contentUrl":"https:\/\/www.prooptica.pt\/wp-content\/uploads\/2025\/06\/Capa-artigo-blog-TT-eco-2.jpg","width":852,"height":514},{"@type":"BreadcrumbList","@id":"https:\/\/www.prooptica.pt\/throttleman-ecoeyewear-ver-o-futuro-com-consciencia-ambiental\/#breadcrumb","itemListElement":[{"@type":"ListItem","position":1,"name":"In\u00edcio","item":"https:\/\/www.prooptica.pt\/"},{"@type":"ListItem","position":2,"name":"Throttleman ECOEyewear | Ver o Futuro com Consci\u00eancia Ambiental"}]},{"@type":"WebSite","@id":"https:\/\/www.prooptica.pt\/home\/#website","url":"https:\/\/www.prooptica.pt\/home\/","name":"Prooptica","description":"Concepto de gafas completas","potentialAction":[{"@type":"SearchAction","target":{"@type":"EntryPoint","urlTemplate":"https:\/\/www.prooptica.pt\/home\/?s={search_term_string}"},"query-input":{"@type":"PropertyValueSpecification","valueRequired":true,"valueName":"search_term_string"}}],"inLanguage":"es"},{"@type":"Person","@id":"https:\/\/www.prooptica.pt\/home\/#\/schema\/person\/1cbd826a9322a3c38a052e43d1638306","name":"admin","image":{"@type":"ImageObject","inLanguage":"es","@id":"https:\/\/secure.gravatar.com\/avatar\/528c714482569d81724b02603aa719344e9ad7c0b50becf07272b2086b2c1cfd?s=96&d=mm&r=g","url":"https:\/\/secure.gravatar.com\/avatar\/528c714482569d81724b02603aa719344e9ad7c0b50becf07272b2086b2c1cfd?s=96&d=mm&r=g","contentUrl":"https:\/\/secure.gravatar.com\/avatar\/528c714482569d81724b02603aa719344e9ad7c0b50becf07272b2086b2c1cfd?s=96&d=mm&r=g","caption":"admin"},"url":"https:\/\/www.prooptica.pt\/es\/author\/admin\/"}]}},"_links":{"self":[{"href":"https:\/\/www.prooptica.pt\/es\/wp-json\/wp\/v2\/posts\/23425","targetHints":{"allow":["GET"]}}],"collection":[{"href":"https:\/\/www.prooptica.pt\/es\/wp-json\/wp\/v2\/posts"}],"about":[{"href":"https:\/\/www.prooptica.pt\/es\/wp-json\/wp\/v2\/types\/post"}],"author":[{"embeddable":true,"href":"https:\/\/www.prooptica.pt\/es\/wp-json\/wp\/v2\/users\/2"}],"replies":[{"embeddable":true,"href":"https:\/\/www.prooptica.pt\/es\/wp-json\/wp\/v2\/comments?post=23425"}],"version-history":[{"count":1,"href":"https:\/\/www.prooptica.pt\/es\/wp-json\/wp\/v2\/posts\/23425\/revisions"}],"predecessor-version":[{"id":23427,"href":"https:\/\/www.prooptica.pt\/es\/wp-json\/wp\/v2\/posts\/23425\/revisions\/23427"}],"wp:featuredmedia":[{"embeddable":true,"href":"https:\/\/www.prooptica.pt\/es\/wp-json\/wp\/v2\/media\/23426"}],"wp:attachment":[{"href":"https:\/\/www.prooptica.pt\/es\/wp-json\/wp\/v2\/media?parent=23425"}],"wp:term":[{"taxonomy":"category","embeddable":true,"href":"https:\/\/www.prooptica.pt\/es\/wp-json\/wp\/v2\/categories?post=23425"},{"taxonomy":"post_tag","embeddable":true,"href":"https:\/\/www.prooptica.pt\/es\/wp-json\/wp\/v2\/tags?post=23425"}],"curies":[{"name":"wp","href":"https:\/\/api.w.org\/{rel}","templated":true}]}}