{"id":23428,"date":"2025-06-09T16:37:50","date_gmt":"2025-06-09T16:37:50","guid":{"rendered":"https:\/\/www.prooptica.pt\/?p=23428"},"modified":"2025-06-09T16:37:50","modified_gmt":"2025-06-09T16:37:50","slug":"dia-de-portugal-celebrando-lo-nuestro","status":"publish","type":"post","link":"https:\/\/www.prooptica.pt\/es\/dia-de-portugal-a-celebrar-o-que-e-nosso\/","title":{"rendered":"D\u00eda de Portugal | Celebrar lo nuestro"},"content":{"rendered":"<p>En este D\u00eda de Portugal, celebramos con orgullo la identidad, la creatividad y el talento que definen a nuestro pa\u00eds. A lo largo de los a\u00f1os <strong>Prooptica<\/strong> ha asumido un papel activo en la promoci\u00f3n de la cultura y la moda portuguesas en el sector \u00f3ptico, invirtiendo continuamente en la creaci\u00f3n, el desarrollo y la internacionalizaci\u00f3n de marcas nacionales. Creemos en el valor de lo nuestro y nos esforzamos por mostr\u00e1rselo al mundo.<\/p>\n<p>M\u00e1s que una empresa de distribuci\u00f3n, somos un motor del dise\u00f1o y la industria portugueses, apoyando marcas que reflejan la autenticidad, el estilo y la diversidad de nuestra cultura. Con colecciones que combinan tradici\u00f3n, innovaci\u00f3n e identidad visual, llevamos Portugal m\u00e1s all\u00e1 de las fronteras con orgullo y ambici\u00f3n.<\/p>\n<p>Estas marcas incluyen <strong>Amalia<\/strong>Un homenaje a la mayor voz del fado, con monturas que evocan la elegancia cl\u00e1sica y la feminidad atemporal. A <strong>Dielmar<\/strong>, una referencia en la excelencia de la ropa masculina, aporta la misma sofisticaci\u00f3n, sobriedad y atenci\u00f3n al detalle a sus gafas. A <strong>Lanidor<\/strong>, referencia esencial en la confecci\u00f3n femenina en Portugal, traslada su estilo delicado y contempor\u00e1neo al universo de las gafas, con modelos sofisticados pensados para la mujer moderna. A <strong>Quebramar<\/strong> traslada el esp\u00edritu n\u00e1utico y aventurero al universo de las gafas, con l\u00edneas deportivas y funcionales, con los modelos Clip-on y Sport. A <strong>Throttleman<\/strong>con una actitud relajada y urbana, ofrece colecciones j\u00f3venes y vers\u00e1tiles llenas de energ\u00eda y estilo.<\/p>\n<p>En Prooptica, no s\u00f3lo promovemos marcas: promovemos historias, identidad y talento nacional. Creemos en el poder de la moda y la cultura portuguesas como motores de afirmaci\u00f3n m\u00e1s all\u00e1 de las fronteras. Por eso seguimos invirtiendo con pasi\u00f3n y determinaci\u00f3n en colecciones que reflejan lo mejor que Portugal puede ofrecer. Porque vestir y ver portugu\u00e9s es m\u00e1s que una elecci\u00f3n: es un acto de orgullo, autenticidad y valoraci\u00f3n de lo nuestro.<\/p>","protected":false},"excerpt":{"rendered":"<p>Neste Dia de Portugal, celebramos com orgulho a identidade, a criatividade e o talento que definem o nosso pa\u00eds. Ao longo dos anos, a Prooptica tem assumido um papel ativo na promo\u00e7\u00e3o da cultura e moda portuguesa no setor da \u00f3tica, investindo continuamente na cria\u00e7\u00e3o, desenvolvimento e internacionaliza\u00e7\u00e3o de marcas nacionais. Acreditamos no valor do [&hellip;]<\/p>\n","protected":false},"author":2,"featured_media":23431,"comment_status":"closed","ping_status":"closed","sticky":false,"template":"","format":"standard","meta":{"footnotes":""},"categories":[67],"tags":[],"class_list":["post-23428","post","type-post","status-publish","format-standard","has-post-thumbnail","hentry","category-moda-portuguesa"],"yoast_head":"<!-- This site is optimized with the Yoast SEO plugin v27.4 - https:\/\/yoast.com\/product\/yoast-seo-wordpress\/ -->\n<title>Dia de Portugal | A celebrar o que \u00e9 nosso<\/title>\n<meta name=\"description\" content=\"Na Prooptica, promovemos hist\u00f3rias, identidade e talento nacional. Acreditamos na for\u00e7a da moda e da cultura portuguesa!\" \/>\n<meta name=\"robots\" content=\"index, follow, max-snippet:-1, max-image-preview:large, max-video-preview:-1\" \/>\n<link rel=\"canonical\" href=\"https:\/\/www.prooptica.pt\/es\/dia-de-portugal-celebrando-lo-nuestro\/\" \/>\n<meta property=\"og:locale\" content=\"es_ES\" \/>\n<meta property=\"og:type\" content=\"article\" \/>\n<meta property=\"og:title\" content=\"Dia de Portugal | A celebrar o que \u00e9 nosso\" \/>\n<meta property=\"og:description\" content=\"Na Prooptica, promovemos hist\u00f3rias, identidade e talento nacional. Acreditamos na for\u00e7a da moda e da cultura portuguesa!\" \/>\n<meta property=\"og:url\" content=\"https:\/\/www.prooptica.pt\/es\/dia-de-portugal-celebrando-lo-nuestro\/\" \/>\n<meta property=\"og:site_name\" content=\"Prooptica\" \/>\n<meta property=\"article:published_time\" content=\"2025-06-09T16:37:50+00:00\" \/>\n<meta property=\"og:image\" content=\"https:\/\/www.prooptica.pt\/wp-content\/uploads\/2025\/06\/Capa-de-Blog.jpeg\" \/>\n\t<meta property=\"og:image:width\" content=\"1600\" \/>\n\t<meta property=\"og:image:height\" content=\"965\" \/>\n\t<meta property=\"og:image:type\" content=\"image\/jpeg\" \/>\n<meta name=\"author\" content=\"admin\" \/>\n<meta name=\"twitter:card\" content=\"summary_large_image\" \/>\n<meta name=\"twitter:label1\" content=\"Escrito por\" \/>\n\t<meta name=\"twitter:data1\" content=\"admin\" \/>\n\t<meta name=\"twitter:label2\" content=\"Tiempo de lectura\" \/>\n\t<meta name=\"twitter:data2\" content=\"2 minutos\" \/>\n<script type=\"application\/ld+json\" class=\"yoast-schema-graph\">{\"@context\":\"https:\\\/\\\/schema.org\",\"@graph\":[{\"@type\":\"Article\",\"@id\":\"https:\\\/\\\/www.prooptica.pt\\\/dia-de-portugal-a-celebrar-o-que-e-nosso\\\/#article\",\"isPartOf\":{\"@id\":\"https:\\\/\\\/www.prooptica.pt\\\/dia-de-portugal-a-celebrar-o-que-e-nosso\\\/\"},\"author\":{\"name\":\"admin\",\"@id\":\"https:\\\/\\\/www.prooptica.pt\\\/home\\\/#\\\/schema\\\/person\\\/1cbd826a9322a3c38a052e43d1638306\"},\"headline\":\"Dia de Portugal | A celebrar o que \u00e9 nosso\",\"datePublished\":\"2025-06-09T16:37:50+00:00\",\"mainEntityOfPage\":{\"@id\":\"https:\\\/\\\/www.prooptica.pt\\\/dia-de-portugal-a-celebrar-o-que-e-nosso\\\/\"},\"wordCount\":340,\"image\":{\"@id\":\"https:\\\/\\\/www.prooptica.pt\\\/dia-de-portugal-a-celebrar-o-que-e-nosso\\\/#primaryimage\"},\"thumbnailUrl\":\"https:\\\/\\\/www.prooptica.pt\\\/wp-content\\\/uploads\\\/2025\\\/06\\\/Capa-de-Blog.jpeg\",\"articleSection\":[\"Moda Portuguesa\"],\"inLanguage\":\"es\"},{\"@type\":\"WebPage\",\"@id\":\"https:\\\/\\\/www.prooptica.pt\\\/dia-de-portugal-a-celebrar-o-que-e-nosso\\\/\",\"url\":\"https:\\\/\\\/www.prooptica.pt\\\/dia-de-portugal-a-celebrar-o-que-e-nosso\\\/\",\"name\":\"Dia de Portugal | A celebrar o que \u00e9 nosso\",\"isPartOf\":{\"@id\":\"https:\\\/\\\/www.prooptica.pt\\\/home\\\/#website\"},\"primaryImageOfPage\":{\"@id\":\"https:\\\/\\\/www.prooptica.pt\\\/dia-de-portugal-a-celebrar-o-que-e-nosso\\\/#primaryimage\"},\"image\":{\"@id\":\"https:\\\/\\\/www.prooptica.pt\\\/dia-de-portugal-a-celebrar-o-que-e-nosso\\\/#primaryimage\"},\"thumbnailUrl\":\"https:\\\/\\\/www.prooptica.pt\\\/wp-content\\\/uploads\\\/2025\\\/06\\\/Capa-de-Blog.jpeg\",\"datePublished\":\"2025-06-09T16:37:50+00:00\",\"author\":{\"@id\":\"https:\\\/\\\/www.prooptica.pt\\\/home\\\/#\\\/schema\\\/person\\\/1cbd826a9322a3c38a052e43d1638306\"},\"description\":\"Na Prooptica, promovemos hist\u00f3rias, identidade e talento nacional. Acreditamos na for\u00e7a da moda e da cultura portuguesa!\",\"breadcrumb\":{\"@id\":\"https:\\\/\\\/www.prooptica.pt\\\/dia-de-portugal-a-celebrar-o-que-e-nosso\\\/#breadcrumb\"},\"inLanguage\":\"es\",\"potentialAction\":[{\"@type\":\"ReadAction\",\"target\":[\"https:\\\/\\\/www.prooptica.pt\\\/dia-de-portugal-a-celebrar-o-que-e-nosso\\\/\"]}]},{\"@type\":\"ImageObject\",\"inLanguage\":\"es\",\"@id\":\"https:\\\/\\\/www.prooptica.pt\\\/dia-de-portugal-a-celebrar-o-que-e-nosso\\\/#primaryimage\",\"url\":\"https:\\\/\\\/www.prooptica.pt\\\/wp-content\\\/uploads\\\/2025\\\/06\\\/Capa-de-Blog.jpeg\",\"contentUrl\":\"https:\\\/\\\/www.prooptica.pt\\\/wp-content\\\/uploads\\\/2025\\\/06\\\/Capa-de-Blog.jpeg\",\"width\":1600,\"height\":965},{\"@type\":\"BreadcrumbList\",\"@id\":\"https:\\\/\\\/www.prooptica.pt\\\/dia-de-portugal-a-celebrar-o-que-e-nosso\\\/#breadcrumb\",\"itemListElement\":[{\"@type\":\"ListItem\",\"position\":1,\"name\":\"In\u00edcio\",\"item\":\"https:\\\/\\\/www.prooptica.pt\\\/\"},{\"@type\":\"ListItem\",\"position\":2,\"name\":\"Dia de Portugal | A celebrar o que \u00e9 nosso\"}]},{\"@type\":\"WebSite\",\"@id\":\"https:\\\/\\\/www.prooptica.pt\\\/home\\\/#website\",\"url\":\"https:\\\/\\\/www.prooptica.pt\\\/home\\\/\",\"name\":\"Prooptica\",\"description\":\"Full Eyewear Concept\",\"potentialAction\":[{\"@type\":\"SearchAction\",\"target\":{\"@type\":\"EntryPoint\",\"urlTemplate\":\"https:\\\/\\\/www.prooptica.pt\\\/home\\\/?s={search_term_string}\"},\"query-input\":{\"@type\":\"PropertyValueSpecification\",\"valueRequired\":true,\"valueName\":\"search_term_string\"}}],\"inLanguage\":\"es\"},{\"@type\":\"Person\",\"@id\":\"https:\\\/\\\/www.prooptica.pt\\\/home\\\/#\\\/schema\\\/person\\\/1cbd826a9322a3c38a052e43d1638306\",\"name\":\"admin\",\"image\":{\"@type\":\"ImageObject\",\"inLanguage\":\"es\",\"@id\":\"https:\\\/\\\/secure.gravatar.com\\\/avatar\\\/528c714482569d81724b02603aa719344e9ad7c0b50becf07272b2086b2c1cfd?s=96&d=mm&r=g\",\"url\":\"https:\\\/\\\/secure.gravatar.com\\\/avatar\\\/528c714482569d81724b02603aa719344e9ad7c0b50becf07272b2086b2c1cfd?s=96&d=mm&r=g\",\"contentUrl\":\"https:\\\/\\\/secure.gravatar.com\\\/avatar\\\/528c714482569d81724b02603aa719344e9ad7c0b50becf07272b2086b2c1cfd?s=96&d=mm&r=g\",\"caption\":\"admin\"},\"url\":\"https:\\\/\\\/www.prooptica.pt\\\/es\\\/author\\\/admin\\\/\"}]}<\/script>\n<!-- \/ Yoast SEO plugin. -->","yoast_head_json":{"title":"D\u00eda de Portugal | Celebrar lo nuestro","description":"En Prooptica, promovemos historias, identidad y talento nacional. Creemos en el poder de la moda y la cultura portuguesas.","robots":{"index":"index","follow":"follow","max-snippet":"max-snippet:-1","max-image-preview":"max-image-preview:large","max-video-preview":"max-video-preview:-1"},"canonical":"https:\/\/www.prooptica.pt\/es\/dia-de-portugal-celebrando-lo-nuestro\/","og_locale":"es_ES","og_type":"article","og_title":"Dia de Portugal | A celebrar o que \u00e9 nosso","og_description":"Na Prooptica, promovemos hist\u00f3rias, identidade e talento nacional. Acreditamos na for\u00e7a da moda e da cultura portuguesa!","og_url":"https:\/\/www.prooptica.pt\/es\/dia-de-portugal-celebrando-lo-nuestro\/","og_site_name":"Prooptica","article_published_time":"2025-06-09T16:37:50+00:00","og_image":[{"width":1600,"height":965,"url":"https:\/\/www.prooptica.pt\/wp-content\/uploads\/2025\/06\/Capa-de-Blog.jpeg","type":"image\/jpeg"}],"author":"admin","twitter_card":"summary_large_image","twitter_misc":{"Escrito por":"admin","Tiempo de lectura":"2 minutos"},"schema":{"@context":"https:\/\/schema.org","@graph":[{"@type":"Article","@id":"https:\/\/www.prooptica.pt\/dia-de-portugal-a-celebrar-o-que-e-nosso\/#article","isPartOf":{"@id":"https:\/\/www.prooptica.pt\/dia-de-portugal-a-celebrar-o-que-e-nosso\/"},"author":{"name":"admin","@id":"https:\/\/www.prooptica.pt\/home\/#\/schema\/person\/1cbd826a9322a3c38a052e43d1638306"},"headline":"Dia de Portugal | A celebrar o que \u00e9 nosso","datePublished":"2025-06-09T16:37:50+00:00","mainEntityOfPage":{"@id":"https:\/\/www.prooptica.pt\/dia-de-portugal-a-celebrar-o-que-e-nosso\/"},"wordCount":340,"image":{"@id":"https:\/\/www.prooptica.pt\/dia-de-portugal-a-celebrar-o-que-e-nosso\/#primaryimage"},"thumbnailUrl":"https:\/\/www.prooptica.pt\/wp-content\/uploads\/2025\/06\/Capa-de-Blog.jpeg","articleSection":["Moda Portuguesa"],"inLanguage":"es"},{"@type":"WebPage","@id":"https:\/\/www.prooptica.pt\/dia-de-portugal-a-celebrar-o-que-e-nosso\/","url":"https:\/\/www.prooptica.pt\/dia-de-portugal-a-celebrar-o-que-e-nosso\/","name":"D\u00eda de Portugal | Celebrar lo nuestro","isPartOf":{"@id":"https:\/\/www.prooptica.pt\/home\/#website"},"primaryImageOfPage":{"@id":"https:\/\/www.prooptica.pt\/dia-de-portugal-a-celebrar-o-que-e-nosso\/#primaryimage"},"image":{"@id":"https:\/\/www.prooptica.pt\/dia-de-portugal-a-celebrar-o-que-e-nosso\/#primaryimage"},"thumbnailUrl":"https:\/\/www.prooptica.pt\/wp-content\/uploads\/2025\/06\/Capa-de-Blog.jpeg","datePublished":"2025-06-09T16:37:50+00:00","author":{"@id":"https:\/\/www.prooptica.pt\/home\/#\/schema\/person\/1cbd826a9322a3c38a052e43d1638306"},"description":"En Prooptica, promovemos historias, identidad y talento nacional. Creemos en el poder de la moda y la cultura portuguesas.","breadcrumb":{"@id":"https:\/\/www.prooptica.pt\/dia-de-portugal-a-celebrar-o-que-e-nosso\/#breadcrumb"},"inLanguage":"es","potentialAction":[{"@type":"ReadAction","target":["https:\/\/www.prooptica.pt\/dia-de-portugal-a-celebrar-o-que-e-nosso\/"]}]},{"@type":"ImageObject","inLanguage":"es","@id":"https:\/\/www.prooptica.pt\/dia-de-portugal-a-celebrar-o-que-e-nosso\/#primaryimage","url":"https:\/\/www.prooptica.pt\/wp-content\/uploads\/2025\/06\/Capa-de-Blog.jpeg","contentUrl":"https:\/\/www.prooptica.pt\/wp-content\/uploads\/2025\/06\/Capa-de-Blog.jpeg","width":1600,"height":965},{"@type":"BreadcrumbList","@id":"https:\/\/www.prooptica.pt\/dia-de-portugal-a-celebrar-o-que-e-nosso\/#breadcrumb","itemListElement":[{"@type":"ListItem","position":1,"name":"In\u00edcio","item":"https:\/\/www.prooptica.pt\/"},{"@type":"ListItem","position":2,"name":"Dia de Portugal | A celebrar o que \u00e9 nosso"}]},{"@type":"WebSite","@id":"https:\/\/www.prooptica.pt\/home\/#website","url":"https:\/\/www.prooptica.pt\/home\/","name":"Prooptica","description":"Concepto de gafas completas","potentialAction":[{"@type":"SearchAction","target":{"@type":"EntryPoint","urlTemplate":"https:\/\/www.prooptica.pt\/home\/?s={search_term_string}"},"query-input":{"@type":"PropertyValueSpecification","valueRequired":true,"valueName":"search_term_string"}}],"inLanguage":"es"},{"@type":"Person","@id":"https:\/\/www.prooptica.pt\/home\/#\/schema\/person\/1cbd826a9322a3c38a052e43d1638306","name":"admin","image":{"@type":"ImageObject","inLanguage":"es","@id":"https:\/\/secure.gravatar.com\/avatar\/528c714482569d81724b02603aa719344e9ad7c0b50becf07272b2086b2c1cfd?s=96&d=mm&r=g","url":"https:\/\/secure.gravatar.com\/avatar\/528c714482569d81724b02603aa719344e9ad7c0b50becf07272b2086b2c1cfd?s=96&d=mm&r=g","contentUrl":"https:\/\/secure.gravatar.com\/avatar\/528c714482569d81724b02603aa719344e9ad7c0b50becf07272b2086b2c1cfd?s=96&d=mm&r=g","caption":"admin"},"url":"https:\/\/www.prooptica.pt\/es\/author\/admin\/"}]}},"_links":{"self":[{"href":"https:\/\/www.prooptica.pt\/es\/wp-json\/wp\/v2\/posts\/23428","targetHints":{"allow":["GET"]}}],"collection":[{"href":"https:\/\/www.prooptica.pt\/es\/wp-json\/wp\/v2\/posts"}],"about":[{"href":"https:\/\/www.prooptica.pt\/es\/wp-json\/wp\/v2\/types\/post"}],"author":[{"embeddable":true,"href":"https:\/\/www.prooptica.pt\/es\/wp-json\/wp\/v2\/users\/2"}],"replies":[{"embeddable":true,"href":"https:\/\/www.prooptica.pt\/es\/wp-json\/wp\/v2\/comments?post=23428"}],"version-history":[{"count":2,"href":"https:\/\/www.prooptica.pt\/es\/wp-json\/wp\/v2\/posts\/23428\/revisions"}],"predecessor-version":[{"id":23432,"href":"https:\/\/www.prooptica.pt\/es\/wp-json\/wp\/v2\/posts\/23428\/revisions\/23432"}],"wp:featuredmedia":[{"embeddable":true,"href":"https:\/\/www.prooptica.pt\/es\/wp-json\/wp\/v2\/media\/23431"}],"wp:attachment":[{"href":"https:\/\/www.prooptica.pt\/es\/wp-json\/wp\/v2\/media?parent=23428"}],"wp:term":[{"taxonomy":"category","embeddable":true,"href":"https:\/\/www.prooptica.pt\/es\/wp-json\/wp\/v2\/categories?post=23428"},{"taxonomy":"post_tag","embeddable":true,"href":"https:\/\/www.prooptica.pt\/es\/wp-json\/wp\/v2\/tags?post=23428"}],"curies":[{"name":"wp","href":"https:\/\/api.w.org\/{rel}","templated":true}]}}