{"id":23550,"date":"2025-06-18T14:49:22","date_gmt":"2025-06-18T14:49:22","guid":{"rendered":"https:\/\/www.prooptica.pt\/?p=23550"},"modified":"2025-06-18T15:32:02","modified_gmt":"2025-06-18T15:32:02","slug":"prooptica-amplia-sus-operaciones-logisticas","status":"publish","type":"post","link":"https:\/\/www.prooptica.pt\/es\/prooptica-ampliamos-a-nossa-operacao-logistica\/","title":{"rendered":"Prooptica | Hemos ampliado nuestra operaci\u00f3n log\u00edstica"},"content":{"rendered":"<p>En Prooptica creemos que para servir mejor hay que invertir, y eso es exactamente lo que hemos hecho. Recientemente hemos ampliado nuestro almac\u00e9n, duplicando su superficie y dot\u00e1ndolo de m\u00e1s capacidad, m\u00e1s tecnolog\u00eda y m\u00e1s soluciones para quienes conf\u00edan en nosotros cada d\u00eda.<\/p>\n<h6><strong>M\u00e1s espacio, m\u00e1s eficacia<\/strong><\/h6>\n<p>Con amplios pasillos y una estructura interna optimizada, el nuevo almac\u00e9n nos permite responder con mayor rapidez y agilidad a las necesidades de nuestros socios. M\u00e1s espacio significa mayor capacidad de respuesta, y eso marca la diferencia en un mercado cada vez m\u00e1s din\u00e1mico y exigente.<\/p>\n<h6><strong>Procesos automatizados, resultados m\u00e1s r\u00e1pidos<\/strong><\/h6>\n<p>Adem\u00e1s de la expansi\u00f3n f\u00edsica, tambi\u00e9n hemos invertido en la automatizaci\u00f3n de procesos: lectura de c\u00f3digos, preparaci\u00f3n de pedidos, preparaci\u00f3n de pedidos... todo m\u00e1s r\u00e1pido, con m\u00e1s precisi\u00f3n y con menos margen de error. La tecnolog\u00eda se ha convertido en un aliado a\u00fan m\u00e1s fuerte en nuestro compromiso con la eficiencia y la fiabilidad.<\/p>\n<h6><strong>M\u00e1s existencias, mayor disponibilidad<\/strong><\/h6>\n<p>Sabemos que la disponibilidad inmediata es crucial en la vida diaria de nuestros clientes. Por eso hemos reforzado nuestras existencias y ampliado la gama de productos en stock. Hoy disponemos de m\u00e1s marcas, m\u00e1s referencias y m\u00e1s soluciones.<\/p>\n<h6><strong>Un equipo dispuesto a acercarse<\/strong><\/h6>\n<p>Nuestra evoluci\u00f3n no es s\u00f3lo estructural, sino tambi\u00e9n humana. Hemos reforzado nuestros equipos de log\u00edstica y atenci\u00f3n al cliente, porque creemos que un buen servicio empieza por personas comprometidas, disponibles y accesibles. Siempre que nuestros socios nos necesitan, estamos ah\u00ed, listos para ayudar.<\/p>\n<h6><strong>\u00bfCu\u00e1l es el resultado? Entregas puntuales.<\/strong><\/h6>\n<p>Todo ello con un \u00fanico objetivo: que cada cliente obtenga lo que necesita, cuando lo necesita. Trabajamos cada d\u00eda para que su negocio funcione correctamente, con la profesionalidad y dedicaci\u00f3n que hacen de Prooptica una referencia en el mercado \u00f3ptico ib\u00e9rico.<\/p>\n<h6><strong>\ud83d\udd17 Prooptica: cada d\u00eda, trabajamos para que tu negocio siga funcionando.<\/strong><\/h6>\n<p>&nbsp;<\/p>","protected":false},"excerpt":{"rendered":"<p>Na Prooptica, acreditamos que para servir melhor \u00e9 preciso investir \u2014 e foi exatamente isso que fizemos. Recentemente, ampli\u00e1mos o nosso armaz\u00e9m, duplicando a sua \u00e1rea e dotando-o de mais capacidade, mais tecnologia e mais solu\u00e7\u00f5es para quem confia em n\u00f3s todos os dias. Mais espa\u00e7o, mais efici\u00eancia Com corredores amplos e uma estrutura interna [&hellip;]<\/p>\n","protected":false},"author":2,"featured_media":23551,"comment_status":"closed","ping_status":"closed","sticky":false,"template":"","format":"standard","meta":{"footnotes":""},"categories":[195],"tags":[],"class_list":["post-23550","post","type-post","status-publish","format-standard","has-post-thumbnail","hentry","category-institucional"],"yoast_head":"<!-- This site is optimized with the Yoast SEO plugin v27.5 - https:\/\/yoast.com\/product\/yoast-seo-wordpress\/ -->\n<title>Prooptica | Ampli\u00e1mos a nossa Opera\u00e7\u00e3o Log\u00edstica<\/title>\n<meta name=\"description\" content=\"Recentemente, ampli\u00e1mos o nosso armaz\u00e9m, duplicando a sua \u00e1rea e dotando-o de mais capacidade, mais tecnologia e mais solu\u00e7\u00f5es.\" \/>\n<meta name=\"robots\" content=\"index, follow, max-snippet:-1, max-image-preview:large, max-video-preview:-1\" \/>\n<link rel=\"canonical\" href=\"https:\/\/www.prooptica.pt\/es\/prooptica-amplia-sus-operaciones-logisticas\/\" \/>\n<meta property=\"og:locale\" content=\"es_ES\" \/>\n<meta property=\"og:type\" content=\"article\" \/>\n<meta property=\"og:title\" content=\"Prooptica | Ampli\u00e1mos a nossa Opera\u00e7\u00e3o Log\u00edstica\" \/>\n<meta property=\"og:description\" content=\"Recentemente, ampli\u00e1mos o nosso armaz\u00e9m, duplicando a sua \u00e1rea e dotando-o de mais capacidade, mais tecnologia e mais solu\u00e7\u00f5es.\" \/>\n<meta property=\"og:url\" content=\"https:\/\/www.prooptica.pt\/es\/prooptica-amplia-sus-operaciones-logisticas\/\" \/>\n<meta property=\"og:site_name\" content=\"Prooptica\" \/>\n<meta property=\"article:published_time\" content=\"2025-06-18T14:49:22+00:00\" \/>\n<meta property=\"article:modified_time\" content=\"2025-06-18T15:32:02+00:00\" \/>\n<meta property=\"og:image\" content=\"https:\/\/www.prooptica.pt\/wp-content\/uploads\/2025\/06\/Capa-artigo-blog-5.jpg\" \/>\n\t<meta property=\"og:image:width\" content=\"852\" \/>\n\t<meta property=\"og:image:height\" content=\"514\" \/>\n\t<meta property=\"og:image:type\" content=\"image\/jpeg\" \/>\n<meta name=\"author\" content=\"admin\" \/>\n<meta name=\"twitter:card\" content=\"summary_large_image\" \/>\n<meta name=\"twitter:label1\" content=\"Escrito por\" \/>\n\t<meta name=\"twitter:data1\" content=\"admin\" \/>\n\t<meta name=\"twitter:label2\" content=\"Tiempo de lectura\" \/>\n\t<meta name=\"twitter:data2\" content=\"2 minutos\" \/>\n<script type=\"application\/ld+json\" class=\"yoast-schema-graph\">{\"@context\":\"https:\\\/\\\/schema.org\",\"@graph\":[{\"@type\":\"Article\",\"@id\":\"https:\\\/\\\/www.prooptica.pt\\\/prooptica-ampliamos-a-nossa-operacao-logistica\\\/#article\",\"isPartOf\":{\"@id\":\"https:\\\/\\\/www.prooptica.pt\\\/prooptica-ampliamos-a-nossa-operacao-logistica\\\/\"},\"author\":{\"name\":\"admin\",\"@id\":\"https:\\\/\\\/www.prooptica.pt\\\/home\\\/#\\\/schema\\\/person\\\/1cbd826a9322a3c38a052e43d1638306\"},\"headline\":\"Prooptica | Ampli\u00e1mos a nossa Opera\u00e7\u00e3o Log\u00edstica\",\"datePublished\":\"2025-06-18T14:49:22+00:00\",\"dateModified\":\"2025-06-18T15:32:02+00:00\",\"mainEntityOfPage\":{\"@id\":\"https:\\\/\\\/www.prooptica.pt\\\/prooptica-ampliamos-a-nossa-operacao-logistica\\\/\"},\"wordCount\":350,\"image\":{\"@id\":\"https:\\\/\\\/www.prooptica.pt\\\/prooptica-ampliamos-a-nossa-operacao-logistica\\\/#primaryimage\"},\"thumbnailUrl\":\"https:\\\/\\\/www.prooptica.pt\\\/wp-content\\\/uploads\\\/2025\\\/06\\\/Capa-artigo-blog-5.jpg\",\"articleSection\":[\"Institucional\"],\"inLanguage\":\"es\"},{\"@type\":\"WebPage\",\"@id\":\"https:\\\/\\\/www.prooptica.pt\\\/prooptica-ampliamos-a-nossa-operacao-logistica\\\/\",\"url\":\"https:\\\/\\\/www.prooptica.pt\\\/prooptica-ampliamos-a-nossa-operacao-logistica\\\/\",\"name\":\"Prooptica | Ampli\u00e1mos a nossa Opera\u00e7\u00e3o Log\u00edstica\",\"isPartOf\":{\"@id\":\"https:\\\/\\\/www.prooptica.pt\\\/home\\\/#website\"},\"primaryImageOfPage\":{\"@id\":\"https:\\\/\\\/www.prooptica.pt\\\/prooptica-ampliamos-a-nossa-operacao-logistica\\\/#primaryimage\"},\"image\":{\"@id\":\"https:\\\/\\\/www.prooptica.pt\\\/prooptica-ampliamos-a-nossa-operacao-logistica\\\/#primaryimage\"},\"thumbnailUrl\":\"https:\\\/\\\/www.prooptica.pt\\\/wp-content\\\/uploads\\\/2025\\\/06\\\/Capa-artigo-blog-5.jpg\",\"datePublished\":\"2025-06-18T14:49:22+00:00\",\"dateModified\":\"2025-06-18T15:32:02+00:00\",\"author\":{\"@id\":\"https:\\\/\\\/www.prooptica.pt\\\/home\\\/#\\\/schema\\\/person\\\/1cbd826a9322a3c38a052e43d1638306\"},\"description\":\"Recentemente, ampli\u00e1mos o nosso armaz\u00e9m, duplicando a sua \u00e1rea e dotando-o de mais capacidade, mais tecnologia e mais solu\u00e7\u00f5es.\",\"breadcrumb\":{\"@id\":\"https:\\\/\\\/www.prooptica.pt\\\/prooptica-ampliamos-a-nossa-operacao-logistica\\\/#breadcrumb\"},\"inLanguage\":\"es\",\"potentialAction\":[{\"@type\":\"ReadAction\",\"target\":[\"https:\\\/\\\/www.prooptica.pt\\\/prooptica-ampliamos-a-nossa-operacao-logistica\\\/\"]}]},{\"@type\":\"ImageObject\",\"inLanguage\":\"es\",\"@id\":\"https:\\\/\\\/www.prooptica.pt\\\/prooptica-ampliamos-a-nossa-operacao-logistica\\\/#primaryimage\",\"url\":\"https:\\\/\\\/www.prooptica.pt\\\/wp-content\\\/uploads\\\/2025\\\/06\\\/Capa-artigo-blog-5.jpg\",\"contentUrl\":\"https:\\\/\\\/www.prooptica.pt\\\/wp-content\\\/uploads\\\/2025\\\/06\\\/Capa-artigo-blog-5.jpg\",\"width\":852,\"height\":514},{\"@type\":\"BreadcrumbList\",\"@id\":\"https:\\\/\\\/www.prooptica.pt\\\/prooptica-ampliamos-a-nossa-operacao-logistica\\\/#breadcrumb\",\"itemListElement\":[{\"@type\":\"ListItem\",\"position\":1,\"name\":\"In\u00edcio\",\"item\":\"https:\\\/\\\/www.prooptica.pt\\\/\"},{\"@type\":\"ListItem\",\"position\":2,\"name\":\"Prooptica | Ampli\u00e1mos a nossa Opera\u00e7\u00e3o Log\u00edstica\"}]},{\"@type\":\"WebSite\",\"@id\":\"https:\\\/\\\/www.prooptica.pt\\\/home\\\/#website\",\"url\":\"https:\\\/\\\/www.prooptica.pt\\\/home\\\/\",\"name\":\"Prooptica\",\"description\":\"Full Eyewear Concept\",\"potentialAction\":[{\"@type\":\"SearchAction\",\"target\":{\"@type\":\"EntryPoint\",\"urlTemplate\":\"https:\\\/\\\/www.prooptica.pt\\\/home\\\/?s={search_term_string}\"},\"query-input\":{\"@type\":\"PropertyValueSpecification\",\"valueRequired\":true,\"valueName\":\"search_term_string\"}}],\"inLanguage\":\"es\"},{\"@type\":\"Person\",\"@id\":\"https:\\\/\\\/www.prooptica.pt\\\/home\\\/#\\\/schema\\\/person\\\/1cbd826a9322a3c38a052e43d1638306\",\"name\":\"admin\",\"image\":{\"@type\":\"ImageObject\",\"inLanguage\":\"es\",\"@id\":\"https:\\\/\\\/secure.gravatar.com\\\/avatar\\\/528c714482569d81724b02603aa719344e9ad7c0b50becf07272b2086b2c1cfd?s=96&d=mm&r=g\",\"url\":\"https:\\\/\\\/secure.gravatar.com\\\/avatar\\\/528c714482569d81724b02603aa719344e9ad7c0b50becf07272b2086b2c1cfd?s=96&d=mm&r=g\",\"contentUrl\":\"https:\\\/\\\/secure.gravatar.com\\\/avatar\\\/528c714482569d81724b02603aa719344e9ad7c0b50becf07272b2086b2c1cfd?s=96&d=mm&r=g\",\"caption\":\"admin\"},\"url\":\"https:\\\/\\\/www.prooptica.pt\\\/es\\\/author\\\/admin\\\/\"}]}<\/script>\n<!-- \/ Yoast SEO plugin. -->","yoast_head_json":{"title":"Prooptica | Hemos ampliado nuestra operaci\u00f3n log\u00edstica","description":"Recientemente hemos ampliado nuestro almac\u00e9n, duplicando su superficie y dot\u00e1ndolo de m\u00e1s capacidad, m\u00e1s tecnolog\u00eda y m\u00e1s soluciones.","robots":{"index":"index","follow":"follow","max-snippet":"max-snippet:-1","max-image-preview":"max-image-preview:large","max-video-preview":"max-video-preview:-1"},"canonical":"https:\/\/www.prooptica.pt\/es\/prooptica-amplia-sus-operaciones-logisticas\/","og_locale":"es_ES","og_type":"article","og_title":"Prooptica | Ampli\u00e1mos a nossa Opera\u00e7\u00e3o Log\u00edstica","og_description":"Recentemente, ampli\u00e1mos o nosso armaz\u00e9m, duplicando a sua \u00e1rea e dotando-o de mais capacidade, mais tecnologia e mais solu\u00e7\u00f5es.","og_url":"https:\/\/www.prooptica.pt\/es\/prooptica-amplia-sus-operaciones-logisticas\/","og_site_name":"Prooptica","article_published_time":"2025-06-18T14:49:22+00:00","article_modified_time":"2025-06-18T15:32:02+00:00","og_image":[{"width":852,"height":514,"url":"https:\/\/www.prooptica.pt\/wp-content\/uploads\/2025\/06\/Capa-artigo-blog-5.jpg","type":"image\/jpeg"}],"author":"admin","twitter_card":"summary_large_image","twitter_misc":{"Escrito por":"admin","Tiempo de lectura":"2 minutos"},"schema":{"@context":"https:\/\/schema.org","@graph":[{"@type":"Article","@id":"https:\/\/www.prooptica.pt\/prooptica-ampliamos-a-nossa-operacao-logistica\/#article","isPartOf":{"@id":"https:\/\/www.prooptica.pt\/prooptica-ampliamos-a-nossa-operacao-logistica\/"},"author":{"name":"admin","@id":"https:\/\/www.prooptica.pt\/home\/#\/schema\/person\/1cbd826a9322a3c38a052e43d1638306"},"headline":"Prooptica | Ampli\u00e1mos a nossa Opera\u00e7\u00e3o Log\u00edstica","datePublished":"2025-06-18T14:49:22+00:00","dateModified":"2025-06-18T15:32:02+00:00","mainEntityOfPage":{"@id":"https:\/\/www.prooptica.pt\/prooptica-ampliamos-a-nossa-operacao-logistica\/"},"wordCount":350,"image":{"@id":"https:\/\/www.prooptica.pt\/prooptica-ampliamos-a-nossa-operacao-logistica\/#primaryimage"},"thumbnailUrl":"https:\/\/www.prooptica.pt\/wp-content\/uploads\/2025\/06\/Capa-artigo-blog-5.jpg","articleSection":["Institucional"],"inLanguage":"es"},{"@type":"WebPage","@id":"https:\/\/www.prooptica.pt\/prooptica-ampliamos-a-nossa-operacao-logistica\/","url":"https:\/\/www.prooptica.pt\/prooptica-ampliamos-a-nossa-operacao-logistica\/","name":"Prooptica | Hemos ampliado nuestra operaci\u00f3n log\u00edstica","isPartOf":{"@id":"https:\/\/www.prooptica.pt\/home\/#website"},"primaryImageOfPage":{"@id":"https:\/\/www.prooptica.pt\/prooptica-ampliamos-a-nossa-operacao-logistica\/#primaryimage"},"image":{"@id":"https:\/\/www.prooptica.pt\/prooptica-ampliamos-a-nossa-operacao-logistica\/#primaryimage"},"thumbnailUrl":"https:\/\/www.prooptica.pt\/wp-content\/uploads\/2025\/06\/Capa-artigo-blog-5.jpg","datePublished":"2025-06-18T14:49:22+00:00","dateModified":"2025-06-18T15:32:02+00:00","author":{"@id":"https:\/\/www.prooptica.pt\/home\/#\/schema\/person\/1cbd826a9322a3c38a052e43d1638306"},"description":"Recientemente hemos ampliado nuestro almac\u00e9n, duplicando su superficie y dot\u00e1ndolo de m\u00e1s capacidad, m\u00e1s tecnolog\u00eda y m\u00e1s soluciones.","breadcrumb":{"@id":"https:\/\/www.prooptica.pt\/prooptica-ampliamos-a-nossa-operacao-logistica\/#breadcrumb"},"inLanguage":"es","potentialAction":[{"@type":"ReadAction","target":["https:\/\/www.prooptica.pt\/prooptica-ampliamos-a-nossa-operacao-logistica\/"]}]},{"@type":"ImageObject","inLanguage":"es","@id":"https:\/\/www.prooptica.pt\/prooptica-ampliamos-a-nossa-operacao-logistica\/#primaryimage","url":"https:\/\/www.prooptica.pt\/wp-content\/uploads\/2025\/06\/Capa-artigo-blog-5.jpg","contentUrl":"https:\/\/www.prooptica.pt\/wp-content\/uploads\/2025\/06\/Capa-artigo-blog-5.jpg","width":852,"height":514},{"@type":"BreadcrumbList","@id":"https:\/\/www.prooptica.pt\/prooptica-ampliamos-a-nossa-operacao-logistica\/#breadcrumb","itemListElement":[{"@type":"ListItem","position":1,"name":"In\u00edcio","item":"https:\/\/www.prooptica.pt\/"},{"@type":"ListItem","position":2,"name":"Prooptica | Ampli\u00e1mos a nossa Opera\u00e7\u00e3o Log\u00edstica"}]},{"@type":"WebSite","@id":"https:\/\/www.prooptica.pt\/home\/#website","url":"https:\/\/www.prooptica.pt\/home\/","name":"Prooptica","description":"Concepto de gafas completas","potentialAction":[{"@type":"SearchAction","target":{"@type":"EntryPoint","urlTemplate":"https:\/\/www.prooptica.pt\/home\/?s={search_term_string}"},"query-input":{"@type":"PropertyValueSpecification","valueRequired":true,"valueName":"search_term_string"}}],"inLanguage":"es"},{"@type":"Person","@id":"https:\/\/www.prooptica.pt\/home\/#\/schema\/person\/1cbd826a9322a3c38a052e43d1638306","name":"admin","image":{"@type":"ImageObject","inLanguage":"es","@id":"https:\/\/secure.gravatar.com\/avatar\/528c714482569d81724b02603aa719344e9ad7c0b50becf07272b2086b2c1cfd?s=96&d=mm&r=g","url":"https:\/\/secure.gravatar.com\/avatar\/528c714482569d81724b02603aa719344e9ad7c0b50becf07272b2086b2c1cfd?s=96&d=mm&r=g","contentUrl":"https:\/\/secure.gravatar.com\/avatar\/528c714482569d81724b02603aa719344e9ad7c0b50becf07272b2086b2c1cfd?s=96&d=mm&r=g","caption":"admin"},"url":"https:\/\/www.prooptica.pt\/es\/author\/admin\/"}]}},"_links":{"self":[{"href":"https:\/\/www.prooptica.pt\/es\/wp-json\/wp\/v2\/posts\/23550","targetHints":{"allow":["GET"]}}],"collection":[{"href":"https:\/\/www.prooptica.pt\/es\/wp-json\/wp\/v2\/posts"}],"about":[{"href":"https:\/\/www.prooptica.pt\/es\/wp-json\/wp\/v2\/types\/post"}],"author":[{"embeddable":true,"href":"https:\/\/www.prooptica.pt\/es\/wp-json\/wp\/v2\/users\/2"}],"replies":[{"embeddable":true,"href":"https:\/\/www.prooptica.pt\/es\/wp-json\/wp\/v2\/comments?post=23550"}],"version-history":[{"count":2,"href":"https:\/\/www.prooptica.pt\/es\/wp-json\/wp\/v2\/posts\/23550\/revisions"}],"predecessor-version":[{"id":23553,"href":"https:\/\/www.prooptica.pt\/es\/wp-json\/wp\/v2\/posts\/23550\/revisions\/23553"}],"wp:featuredmedia":[{"embeddable":true,"href":"https:\/\/www.prooptica.pt\/es\/wp-json\/wp\/v2\/media\/23551"}],"wp:attachment":[{"href":"https:\/\/www.prooptica.pt\/es\/wp-json\/wp\/v2\/media?parent=23550"}],"wp:term":[{"taxonomy":"category","embeddable":true,"href":"https:\/\/www.prooptica.pt\/es\/wp-json\/wp\/v2\/categories?post=23550"},{"taxonomy":"post_tag","embeddable":true,"href":"https:\/\/www.prooptica.pt\/es\/wp-json\/wp\/v2\/tags?post=23550"}],"curies":[{"name":"wp","href":"https:\/\/api.w.org\/{rel}","templated":true}]}}