{"id":23599,"date":"2025-06-20T12:39:23","date_gmt":"2025-06-20T12:39:23","guid":{"rendered":"https:\/\/www.prooptica.pt\/?p=23599"},"modified":"2025-06-20T13:39:28","modified_gmt":"2025-06-20T13:39:28","slug":"fotografiar-duyos-una-inmersion-en-la-luz-la-sombra-y-el-estilo","status":"publish","type":"post","link":"https:\/\/www.prooptica.pt\/es\/shooting-duyos-uma-imersao-em-luz-sombra-e-estilo\/","title":{"rendered":"Shooting Duyos | Una inmersi\u00f3n en la luz, la sombra y el estilo"},"content":{"rendered":"<p><strong>Shooting Duyos | Una inmersi\u00f3n en la luz, la sombra y el estilo<\/strong><\/p>\n<p>Presentamos en exclusiva el making off de la \u00faltima campa\u00f1a de la colecci\u00f3n de gafas Duyos, fruto de la colaboraci\u00f3n con el reconocido estilista espa\u00f1ol Juan Duyos. Fotografiada en estudio bajo la atenta mirada del aclamado estilista, la campa\u00f1a va m\u00e1s all\u00e1 de una presentaci\u00f3n de producto, es una construcci\u00f3n art\u00edstica que explora la est\u00e9tica de la sombra, los primeros planos y la multiplicidad de im\u00e1genes, revelando la colecci\u00f3n desde diferentes perspectivas y sensaciones.<\/p>\n<p>M\u00e1s que un simple registro fotogr\u00e1fico, esta sesi\u00f3n se concibi\u00f3 como una verdadera narraci\u00f3n visual. La atm\u00f3sfera creada en el estudio se caracteriza por la superposici\u00f3n de planos, el uso dram\u00e1tico de los contrastes de luces y sombras y los primeros planos que acercan la mirada a los detalles y las texturas, una invitaci\u00f3n a explorar la esencia de cada pieza con profundidad y emoci\u00f3n.<\/p>\n<p>La colecci\u00f3n Duyos se caracteriza por una paleta de colores intensa y luminosa, combinada con estampados atrevidos, transparencias y sutiles destellos. Las l\u00edneas elegantes y los detalles irreverentes reflejan la visi\u00f3n \u00fanica del universo femenino que tan bien representa Juan Duyos. Cada modelo ha sido dise\u00f1ado como una extensi\u00f3n de su estilo personal: con elegancia, personalidad y un toque de irreverencia.<\/p>\n<p>El making off muestra un entorno creativo cuidadosamente pensado, donde cada clic buscaba expresar movimiento, emoci\u00f3n y sofisticaci\u00f3n. M\u00faltiples fotograf\u00edas y perspectivas superpuestas captan las piezas desde diferentes \u00e1ngulos y luces, elevando el dise\u00f1o a una experiencia sensorial.<\/p>\n<p>Estamos encantados de revelar las im\u00e1genes finales de la campa\u00f1a, donde cada fotograf\u00eda capta la identidad de la colecci\u00f3n con una mirada art\u00edstica y cautivadora. Una celebraci\u00f3n visual que combina moda, arte y gafas, y que promete sorprender con cada detalle.<\/p>\n<p style=\"text-align: center;\"><span style=\"color: #000000;\"><a style=\"color: #000000;\" href=\"https:\/\/youtu.be\/35Vqr_Xzbj4\"><strong>Haga clic aqu\u00ed para ver el v\u00eddeo<\/strong><\/a>!<\/span><\/p>","protected":false},"excerpt":{"rendered":"<p>Shooting Duyos | Uma imers\u00e3o em luz, sombra e estilo Apresentamos um olhar exclusivo sobre o making off da campanha mais recente da cole\u00e7\u00e3o de eyewear Duyos, fruto da colabora\u00e7\u00e3o com o consagrado estilista espanhol Juan Duyos. Fotografada em est\u00fadio sob o olhar atento do aclamado estilista, a campanha vai al\u00e9m da apresenta\u00e7\u00e3o de produto [&hellip;]<\/p>\n","protected":false},"author":2,"featured_media":23603,"comment_status":"closed","ping_status":"closed","sticky":false,"template":"","format":"standard","meta":{"footnotes":""},"categories":[189],"tags":[],"class_list":["post-23599","post","type-post","status-publish","format-standard","has-post-thumbnail","hentry","category-oculos"],"yoast_head":"<!-- This site is optimized with the Yoast SEO plugin v27.4 - https:\/\/yoast.com\/product\/yoast-seo-wordpress\/ -->\n<title>Shooting Duyos | Uma imers\u00e3o em luz, sombra e estilo<\/title>\n<meta name=\"description\" content=\"\u00c9 com entusiasmo que revelamos as imagens da campanha, onde cada fotografia capta a identidade da cole\u00e7\u00e3o com um olhar art\u00edstico.\" \/>\n<meta name=\"robots\" content=\"index, follow, max-snippet:-1, max-image-preview:large, max-video-preview:-1\" \/>\n<link rel=\"canonical\" href=\"https:\/\/www.prooptica.pt\/es\/fotografiar-duyos-una-inmersion-en-la-luz-la-sombra-y-el-estilo\/\" \/>\n<meta property=\"og:locale\" content=\"es_ES\" \/>\n<meta property=\"og:type\" content=\"article\" \/>\n<meta property=\"og:title\" content=\"Shooting Duyos | Uma imers\u00e3o em luz, sombra e estilo\" \/>\n<meta property=\"og:description\" content=\"\u00c9 com entusiasmo que revelamos as imagens da campanha, onde cada fotografia capta a identidade da cole\u00e7\u00e3o com um olhar art\u00edstico.\" \/>\n<meta property=\"og:url\" content=\"https:\/\/www.prooptica.pt\/es\/fotografiar-duyos-una-inmersion-en-la-luz-la-sombra-y-el-estilo\/\" \/>\n<meta property=\"og:site_name\" content=\"Prooptica\" \/>\n<meta property=\"article:published_time\" content=\"2025-06-20T12:39:23+00:00\" \/>\n<meta property=\"article:modified_time\" content=\"2025-06-20T13:39:28+00:00\" \/>\n<meta property=\"og:image\" content=\"https:\/\/www.prooptica.pt\/wp-content\/uploads\/2025\/06\/Capa-artigo-blog-3-1.jpg\" \/>\n\t<meta property=\"og:image:width\" content=\"852\" \/>\n\t<meta property=\"og:image:height\" content=\"514\" \/>\n\t<meta property=\"og:image:type\" content=\"image\/jpeg\" \/>\n<meta name=\"author\" content=\"admin\" \/>\n<meta name=\"twitter:card\" content=\"summary_large_image\" \/>\n<meta name=\"twitter:label1\" content=\"Escrito por\" \/>\n\t<meta name=\"twitter:data1\" content=\"admin\" \/>\n\t<meta name=\"twitter:label2\" content=\"Tiempo de lectura\" \/>\n\t<meta name=\"twitter:data2\" content=\"2 minutos\" \/>\n<script type=\"application\/ld+json\" class=\"yoast-schema-graph\">{\"@context\":\"https:\\\/\\\/schema.org\",\"@graph\":[{\"@type\":\"Article\",\"@id\":\"https:\\\/\\\/www.prooptica.pt\\\/shooting-duyos-uma-imersao-em-luz-sombra-e-estilo\\\/#article\",\"isPartOf\":{\"@id\":\"https:\\\/\\\/www.prooptica.pt\\\/shooting-duyos-uma-imersao-em-luz-sombra-e-estilo\\\/\"},\"author\":{\"name\":\"admin\",\"@id\":\"https:\\\/\\\/www.prooptica.pt\\\/home\\\/#\\\/schema\\\/person\\\/1cbd826a9322a3c38a052e43d1638306\"},\"headline\":\"Shooting Duyos | Uma imers\u00e3o em luz, sombra e estilo\",\"datePublished\":\"2025-06-20T12:39:23+00:00\",\"dateModified\":\"2025-06-20T13:39:28+00:00\",\"mainEntityOfPage\":{\"@id\":\"https:\\\/\\\/www.prooptica.pt\\\/shooting-duyos-uma-imersao-em-luz-sombra-e-estilo\\\/\"},\"wordCount\":326,\"image\":{\"@id\":\"https:\\\/\\\/www.prooptica.pt\\\/shooting-duyos-uma-imersao-em-luz-sombra-e-estilo\\\/#primaryimage\"},\"thumbnailUrl\":\"https:\\\/\\\/www.prooptica.pt\\\/wp-content\\\/uploads\\\/2025\\\/06\\\/Capa-artigo-blog-3-1.jpg\",\"articleSection\":[\"\u00d3culos\"],\"inLanguage\":\"es\"},{\"@type\":\"WebPage\",\"@id\":\"https:\\\/\\\/www.prooptica.pt\\\/shooting-duyos-uma-imersao-em-luz-sombra-e-estilo\\\/\",\"url\":\"https:\\\/\\\/www.prooptica.pt\\\/shooting-duyos-uma-imersao-em-luz-sombra-e-estilo\\\/\",\"name\":\"Shooting Duyos | Uma imers\u00e3o em luz, sombra e estilo\",\"isPartOf\":{\"@id\":\"https:\\\/\\\/www.prooptica.pt\\\/home\\\/#website\"},\"primaryImageOfPage\":{\"@id\":\"https:\\\/\\\/www.prooptica.pt\\\/shooting-duyos-uma-imersao-em-luz-sombra-e-estilo\\\/#primaryimage\"},\"image\":{\"@id\":\"https:\\\/\\\/www.prooptica.pt\\\/shooting-duyos-uma-imersao-em-luz-sombra-e-estilo\\\/#primaryimage\"},\"thumbnailUrl\":\"https:\\\/\\\/www.prooptica.pt\\\/wp-content\\\/uploads\\\/2025\\\/06\\\/Capa-artigo-blog-3-1.jpg\",\"datePublished\":\"2025-06-20T12:39:23+00:00\",\"dateModified\":\"2025-06-20T13:39:28+00:00\",\"author\":{\"@id\":\"https:\\\/\\\/www.prooptica.pt\\\/home\\\/#\\\/schema\\\/person\\\/1cbd826a9322a3c38a052e43d1638306\"},\"description\":\"\u00c9 com entusiasmo que revelamos as imagens da campanha, onde cada fotografia capta a identidade da cole\u00e7\u00e3o com um olhar art\u00edstico.\",\"breadcrumb\":{\"@id\":\"https:\\\/\\\/www.prooptica.pt\\\/shooting-duyos-uma-imersao-em-luz-sombra-e-estilo\\\/#breadcrumb\"},\"inLanguage\":\"es\",\"potentialAction\":[{\"@type\":\"ReadAction\",\"target\":[\"https:\\\/\\\/www.prooptica.pt\\\/shooting-duyos-uma-imersao-em-luz-sombra-e-estilo\\\/\"]}]},{\"@type\":\"ImageObject\",\"inLanguage\":\"es\",\"@id\":\"https:\\\/\\\/www.prooptica.pt\\\/shooting-duyos-uma-imersao-em-luz-sombra-e-estilo\\\/#primaryimage\",\"url\":\"https:\\\/\\\/www.prooptica.pt\\\/wp-content\\\/uploads\\\/2025\\\/06\\\/Capa-artigo-blog-3-1.jpg\",\"contentUrl\":\"https:\\\/\\\/www.prooptica.pt\\\/wp-content\\\/uploads\\\/2025\\\/06\\\/Capa-artigo-blog-3-1.jpg\",\"width\":852,\"height\":514},{\"@type\":\"BreadcrumbList\",\"@id\":\"https:\\\/\\\/www.prooptica.pt\\\/shooting-duyos-uma-imersao-em-luz-sombra-e-estilo\\\/#breadcrumb\",\"itemListElement\":[{\"@type\":\"ListItem\",\"position\":1,\"name\":\"In\u00edcio\",\"item\":\"https:\\\/\\\/www.prooptica.pt\\\/\"},{\"@type\":\"ListItem\",\"position\":2,\"name\":\"Shooting Duyos | Uma imers\u00e3o em luz, sombra e estilo\"}]},{\"@type\":\"WebSite\",\"@id\":\"https:\\\/\\\/www.prooptica.pt\\\/home\\\/#website\",\"url\":\"https:\\\/\\\/www.prooptica.pt\\\/home\\\/\",\"name\":\"Prooptica\",\"description\":\"Full Eyewear Concept\",\"potentialAction\":[{\"@type\":\"SearchAction\",\"target\":{\"@type\":\"EntryPoint\",\"urlTemplate\":\"https:\\\/\\\/www.prooptica.pt\\\/home\\\/?s={search_term_string}\"},\"query-input\":{\"@type\":\"PropertyValueSpecification\",\"valueRequired\":true,\"valueName\":\"search_term_string\"}}],\"inLanguage\":\"es\"},{\"@type\":\"Person\",\"@id\":\"https:\\\/\\\/www.prooptica.pt\\\/home\\\/#\\\/schema\\\/person\\\/1cbd826a9322a3c38a052e43d1638306\",\"name\":\"admin\",\"image\":{\"@type\":\"ImageObject\",\"inLanguage\":\"es\",\"@id\":\"https:\\\/\\\/secure.gravatar.com\\\/avatar\\\/528c714482569d81724b02603aa719344e9ad7c0b50becf07272b2086b2c1cfd?s=96&d=mm&r=g\",\"url\":\"https:\\\/\\\/secure.gravatar.com\\\/avatar\\\/528c714482569d81724b02603aa719344e9ad7c0b50becf07272b2086b2c1cfd?s=96&d=mm&r=g\",\"contentUrl\":\"https:\\\/\\\/secure.gravatar.com\\\/avatar\\\/528c714482569d81724b02603aa719344e9ad7c0b50becf07272b2086b2c1cfd?s=96&d=mm&r=g\",\"caption\":\"admin\"},\"url\":\"https:\\\/\\\/www.prooptica.pt\\\/es\\\/author\\\/admin\\\/\"}]}<\/script>\n<!-- \/ Yoast SEO plugin. -->","yoast_head_json":{"title":"Shooting Duyos | Una inmersi\u00f3n en la luz, la sombra y el estilo","description":"Estamos encantados de desvelar las im\u00e1genes de la campa\u00f1a, donde cada fotograf\u00eda capta la identidad de la colecci\u00f3n con una mirada art\u00edstica.","robots":{"index":"index","follow":"follow","max-snippet":"max-snippet:-1","max-image-preview":"max-image-preview:large","max-video-preview":"max-video-preview:-1"},"canonical":"https:\/\/www.prooptica.pt\/es\/fotografiar-duyos-una-inmersion-en-la-luz-la-sombra-y-el-estilo\/","og_locale":"es_ES","og_type":"article","og_title":"Shooting Duyos | Uma imers\u00e3o em luz, sombra e estilo","og_description":"\u00c9 com entusiasmo que revelamos as imagens da campanha, onde cada fotografia capta a identidade da cole\u00e7\u00e3o com um olhar art\u00edstico.","og_url":"https:\/\/www.prooptica.pt\/es\/fotografiar-duyos-una-inmersion-en-la-luz-la-sombra-y-el-estilo\/","og_site_name":"Prooptica","article_published_time":"2025-06-20T12:39:23+00:00","article_modified_time":"2025-06-20T13:39:28+00:00","og_image":[{"width":852,"height":514,"url":"https:\/\/www.prooptica.pt\/wp-content\/uploads\/2025\/06\/Capa-artigo-blog-3-1.jpg","type":"image\/jpeg"}],"author":"admin","twitter_card":"summary_large_image","twitter_misc":{"Escrito por":"admin","Tiempo de lectura":"2 minutos"},"schema":{"@context":"https:\/\/schema.org","@graph":[{"@type":"Article","@id":"https:\/\/www.prooptica.pt\/shooting-duyos-uma-imersao-em-luz-sombra-e-estilo\/#article","isPartOf":{"@id":"https:\/\/www.prooptica.pt\/shooting-duyos-uma-imersao-em-luz-sombra-e-estilo\/"},"author":{"name":"admin","@id":"https:\/\/www.prooptica.pt\/home\/#\/schema\/person\/1cbd826a9322a3c38a052e43d1638306"},"headline":"Shooting Duyos | Uma imers\u00e3o em luz, sombra e estilo","datePublished":"2025-06-20T12:39:23+00:00","dateModified":"2025-06-20T13:39:28+00:00","mainEntityOfPage":{"@id":"https:\/\/www.prooptica.pt\/shooting-duyos-uma-imersao-em-luz-sombra-e-estilo\/"},"wordCount":326,"image":{"@id":"https:\/\/www.prooptica.pt\/shooting-duyos-uma-imersao-em-luz-sombra-e-estilo\/#primaryimage"},"thumbnailUrl":"https:\/\/www.prooptica.pt\/wp-content\/uploads\/2025\/06\/Capa-artigo-blog-3-1.jpg","articleSection":["\u00d3culos"],"inLanguage":"es"},{"@type":"WebPage","@id":"https:\/\/www.prooptica.pt\/shooting-duyos-uma-imersao-em-luz-sombra-e-estilo\/","url":"https:\/\/www.prooptica.pt\/shooting-duyos-uma-imersao-em-luz-sombra-e-estilo\/","name":"Shooting Duyos | Una inmersi\u00f3n en la luz, la sombra y el estilo","isPartOf":{"@id":"https:\/\/www.prooptica.pt\/home\/#website"},"primaryImageOfPage":{"@id":"https:\/\/www.prooptica.pt\/shooting-duyos-uma-imersao-em-luz-sombra-e-estilo\/#primaryimage"},"image":{"@id":"https:\/\/www.prooptica.pt\/shooting-duyos-uma-imersao-em-luz-sombra-e-estilo\/#primaryimage"},"thumbnailUrl":"https:\/\/www.prooptica.pt\/wp-content\/uploads\/2025\/06\/Capa-artigo-blog-3-1.jpg","datePublished":"2025-06-20T12:39:23+00:00","dateModified":"2025-06-20T13:39:28+00:00","author":{"@id":"https:\/\/www.prooptica.pt\/home\/#\/schema\/person\/1cbd826a9322a3c38a052e43d1638306"},"description":"Estamos encantados de desvelar las im\u00e1genes de la campa\u00f1a, donde cada fotograf\u00eda capta la identidad de la colecci\u00f3n con una mirada art\u00edstica.","breadcrumb":{"@id":"https:\/\/www.prooptica.pt\/shooting-duyos-uma-imersao-em-luz-sombra-e-estilo\/#breadcrumb"},"inLanguage":"es","potentialAction":[{"@type":"ReadAction","target":["https:\/\/www.prooptica.pt\/shooting-duyos-uma-imersao-em-luz-sombra-e-estilo\/"]}]},{"@type":"ImageObject","inLanguage":"es","@id":"https:\/\/www.prooptica.pt\/shooting-duyos-uma-imersao-em-luz-sombra-e-estilo\/#primaryimage","url":"https:\/\/www.prooptica.pt\/wp-content\/uploads\/2025\/06\/Capa-artigo-blog-3-1.jpg","contentUrl":"https:\/\/www.prooptica.pt\/wp-content\/uploads\/2025\/06\/Capa-artigo-blog-3-1.jpg","width":852,"height":514},{"@type":"BreadcrumbList","@id":"https:\/\/www.prooptica.pt\/shooting-duyos-uma-imersao-em-luz-sombra-e-estilo\/#breadcrumb","itemListElement":[{"@type":"ListItem","position":1,"name":"In\u00edcio","item":"https:\/\/www.prooptica.pt\/"},{"@type":"ListItem","position":2,"name":"Shooting Duyos | Uma imers\u00e3o em luz, sombra e estilo"}]},{"@type":"WebSite","@id":"https:\/\/www.prooptica.pt\/home\/#website","url":"https:\/\/www.prooptica.pt\/home\/","name":"Prooptica","description":"Concepto de gafas completas","potentialAction":[{"@type":"SearchAction","target":{"@type":"EntryPoint","urlTemplate":"https:\/\/www.prooptica.pt\/home\/?s={search_term_string}"},"query-input":{"@type":"PropertyValueSpecification","valueRequired":true,"valueName":"search_term_string"}}],"inLanguage":"es"},{"@type":"Person","@id":"https:\/\/www.prooptica.pt\/home\/#\/schema\/person\/1cbd826a9322a3c38a052e43d1638306","name":"admin","image":{"@type":"ImageObject","inLanguage":"es","@id":"https:\/\/secure.gravatar.com\/avatar\/528c714482569d81724b02603aa719344e9ad7c0b50becf07272b2086b2c1cfd?s=96&d=mm&r=g","url":"https:\/\/secure.gravatar.com\/avatar\/528c714482569d81724b02603aa719344e9ad7c0b50becf07272b2086b2c1cfd?s=96&d=mm&r=g","contentUrl":"https:\/\/secure.gravatar.com\/avatar\/528c714482569d81724b02603aa719344e9ad7c0b50becf07272b2086b2c1cfd?s=96&d=mm&r=g","caption":"admin"},"url":"https:\/\/www.prooptica.pt\/es\/author\/admin\/"}]}},"_links":{"self":[{"href":"https:\/\/www.prooptica.pt\/es\/wp-json\/wp\/v2\/posts\/23599","targetHints":{"allow":["GET"]}}],"collection":[{"href":"https:\/\/www.prooptica.pt\/es\/wp-json\/wp\/v2\/posts"}],"about":[{"href":"https:\/\/www.prooptica.pt\/es\/wp-json\/wp\/v2\/types\/post"}],"author":[{"embeddable":true,"href":"https:\/\/www.prooptica.pt\/es\/wp-json\/wp\/v2\/users\/2"}],"replies":[{"embeddable":true,"href":"https:\/\/www.prooptica.pt\/es\/wp-json\/wp\/v2\/comments?post=23599"}],"version-history":[{"count":4,"href":"https:\/\/www.prooptica.pt\/es\/wp-json\/wp\/v2\/posts\/23599\/revisions"}],"predecessor-version":[{"id":23607,"href":"https:\/\/www.prooptica.pt\/es\/wp-json\/wp\/v2\/posts\/23599\/revisions\/23607"}],"wp:featuredmedia":[{"embeddable":true,"href":"https:\/\/www.prooptica.pt\/es\/wp-json\/wp\/v2\/media\/23603"}],"wp:attachment":[{"href":"https:\/\/www.prooptica.pt\/es\/wp-json\/wp\/v2\/media?parent=23599"}],"wp:term":[{"taxonomy":"category","embeddable":true,"href":"https:\/\/www.prooptica.pt\/es\/wp-json\/wp\/v2\/categories?post=23599"},{"taxonomy":"post_tag","embeddable":true,"href":"https:\/\/www.prooptica.pt\/es\/wp-json\/wp\/v2\/tags?post=23599"}],"curies":[{"name":"wp","href":"https:\/\/api.w.org\/{rel}","templated":true}]}}