{"id":23608,"date":"2025-06-20T13:55:08","date_gmt":"2025-06-20T13:55:08","guid":{"rendered":"https:\/\/www.prooptica.pt\/?p=23608"},"modified":"2025-06-20T13:55:08","modified_gmt":"2025-06-20T13:55:08","slug":"quebramar-presenta-nuevas-imagenes-que-celebran-el-verano-y-la-esencia-nautica-de-la-marca","status":"publish","type":"post","link":"https:\/\/www.prooptica.pt\/es\/quebramar-apresenta-novas-imagens-celebram-o-verao-e-a-essencia-nautica-da-marca\/","title":{"rendered":"Quebramar presenta nuevas im\u00e1genes que celebran el verano y la esencia n\u00e1utica de la marca"},"content":{"rendered":"<p>Quebramar, la marca emblem\u00e1tica del estilo de vida n\u00e1utico y casual, ha desvelado sus nuevas im\u00e1genes para la pr\u00f3xima temporada. Con un fuerte atractivo visual y un marcado esp\u00edritu juvenil, la nueva campa\u00f1a nos transporta a largos, soleados y relajados d\u00edas de verano, donde la libertad y el confort son los protagonistas.<\/p>\n<p>En esta nueva producci\u00f3n, Quebramar recrea un ambiente fresco, ligero e informal, manteni\u00e9ndose fiel a su ADN. La est\u00e9tica n\u00e1utica est\u00e1 presente en cada detalle -desde la elecci\u00f3n de los escenarios hasta la actitud relajada de los modelos-, reflejando a la perfecci\u00f3n el esp\u00edritu aventurero y contempor\u00e1neo de la marca.<\/p>\n<p>Entre los productos m\u00e1s destacados se encuentra la gama de gafas con clip, que sigue conquistando al p\u00fablico. Su equilibrada combinaci\u00f3n de moda y funcionalidad ha sido muy apreciada por los consumidores activos y din\u00e1micos que buscan soluciones vers\u00e1tiles sin renunciar al estilo.<\/p>\n<p>La colecci\u00f3n de gafas presenta una paleta de colores divertida y fiel al universo Quebramar, con tonos frescos y modelos desenfadados, lo que la convierte en una propuesta que combina comodidad, tendencia e identidad, perfecta para acompa\u00f1ar los d\u00edas m\u00e1s luminosos de la temporada.<\/p>\n<p style=\"text-align: center;\"><span style=\"color: #000000;\"><strong><a style=\"color: #000000;\" href=\"https:\/\/loja.prooptica.pt\/wp-content\/uploads\/Imagens-QM_.pdf\">Haga clic aqu\u00ed y descubra las im\u00e1genes<\/a><\/strong><\/span><\/p>","protected":false},"excerpt":{"rendered":"<p>A Quebramar, marca emblem\u00e1tica do lifestyle n\u00e1utico e casual, revela as suas novas imagens para a esta\u00e7\u00e3o que se avizinha. Com um forte apelo visual e um esp\u00edrito marcadamente jovem, a nova campanha transporta-nos para dias de ver\u00e3o longos, solares e descontra\u00eddos, onde a liberdade e o conforto s\u00e3o protagonistas. Nesta nova produ\u00e7\u00e3o, a Quebramar [&hellip;]<\/p>\n","protected":false},"author":2,"featured_media":23609,"comment_status":"closed","ping_status":"closed","sticky":false,"template":"","format":"standard","meta":{"footnotes":""},"categories":[67,189],"tags":[],"class_list":["post-23608","post","type-post","status-publish","format-standard","has-post-thumbnail","hentry","category-moda-portuguesa","category-oculos"],"yoast_head":"<!-- This site is optimized with the Yoast SEO plugin v27.5 - https:\/\/yoast.com\/product\/yoast-seo-wordpress\/ -->\n<title>Quebramar apresenta novas imagens | Celebram o ver\u00e3o<\/title>\n<meta name=\"description\" content=\"Nesta nova produ\u00e7\u00e3o, a Quebramar recria um ambiente fresco, leve e informal, mantendo-se fiel ao seu ADN, sempre jovem e aventureiro.\" \/>\n<meta name=\"robots\" content=\"index, follow, max-snippet:-1, max-image-preview:large, max-video-preview:-1\" \/>\n<link rel=\"canonical\" href=\"https:\/\/www.prooptica.pt\/es\/quebramar-presenta-nuevas-imagenes-que-celebran-el-verano-y-la-esencia-nautica-de-la-marca\/\" \/>\n<meta property=\"og:locale\" content=\"es_ES\" \/>\n<meta property=\"og:type\" content=\"article\" \/>\n<meta property=\"og:title\" content=\"Quebramar apresenta novas imagens | Celebram o ver\u00e3o\" \/>\n<meta property=\"og:description\" content=\"Nesta nova produ\u00e7\u00e3o, a Quebramar recria um ambiente fresco, leve e informal, mantendo-se fiel ao seu ADN, sempre jovem e aventureiro.\" \/>\n<meta property=\"og:url\" content=\"https:\/\/www.prooptica.pt\/es\/quebramar-presenta-nuevas-imagenes-que-celebran-el-verano-y-la-esencia-nautica-de-la-marca\/\" \/>\n<meta property=\"og:site_name\" content=\"Prooptica\" \/>\n<meta property=\"article:published_time\" content=\"2025-06-20T13:55:08+00:00\" \/>\n<meta property=\"og:image\" content=\"https:\/\/www.prooptica.pt\/wp-content\/uploads\/2025\/06\/Capa-artigo-blog-6.jpg\" \/>\n\t<meta property=\"og:image:width\" content=\"852\" \/>\n\t<meta property=\"og:image:height\" content=\"514\" \/>\n\t<meta property=\"og:image:type\" content=\"image\/jpeg\" \/>\n<meta name=\"author\" content=\"admin\" \/>\n<meta name=\"twitter:card\" content=\"summary_large_image\" \/>\n<meta name=\"twitter:label1\" content=\"Escrito por\" \/>\n\t<meta name=\"twitter:data1\" content=\"admin\" \/>\n\t<meta name=\"twitter:label2\" content=\"Tiempo de lectura\" \/>\n\t<meta name=\"twitter:data2\" content=\"2 minutos\" \/>\n<script type=\"application\/ld+json\" class=\"yoast-schema-graph\">{\"@context\":\"https:\\\/\\\/schema.org\",\"@graph\":[{\"@type\":\"Article\",\"@id\":\"https:\\\/\\\/www.prooptica.pt\\\/quebramar-apresenta-novas-imagens-celebram-o-verao-e-a-essencia-nautica-da-marca\\\/#article\",\"isPartOf\":{\"@id\":\"https:\\\/\\\/www.prooptica.pt\\\/quebramar-apresenta-novas-imagens-celebram-o-verao-e-a-essencia-nautica-da-marca\\\/\"},\"author\":{\"name\":\"admin\",\"@id\":\"https:\\\/\\\/www.prooptica.pt\\\/home\\\/#\\\/schema\\\/person\\\/1cbd826a9322a3c38a052e43d1638306\"},\"headline\":\"Quebramar apresenta novas imagens | Celebram o ver\u00e3o e a ess\u00eancia n\u00e1utica da marca\",\"datePublished\":\"2025-06-20T13:55:08+00:00\",\"mainEntityOfPage\":{\"@id\":\"https:\\\/\\\/www.prooptica.pt\\\/quebramar-apresenta-novas-imagens-celebram-o-verao-e-a-essencia-nautica-da-marca\\\/\"},\"wordCount\":217,\"image\":{\"@id\":\"https:\\\/\\\/www.prooptica.pt\\\/quebramar-apresenta-novas-imagens-celebram-o-verao-e-a-essencia-nautica-da-marca\\\/#primaryimage\"},\"thumbnailUrl\":\"https:\\\/\\\/www.prooptica.pt\\\/wp-content\\\/uploads\\\/2025\\\/06\\\/Capa-artigo-blog-6.jpg\",\"articleSection\":[\"Moda Portuguesa\",\"\u00d3culos\"],\"inLanguage\":\"es\"},{\"@type\":\"WebPage\",\"@id\":\"https:\\\/\\\/www.prooptica.pt\\\/quebramar-apresenta-novas-imagens-celebram-o-verao-e-a-essencia-nautica-da-marca\\\/\",\"url\":\"https:\\\/\\\/www.prooptica.pt\\\/quebramar-apresenta-novas-imagens-celebram-o-verao-e-a-essencia-nautica-da-marca\\\/\",\"name\":\"Quebramar apresenta novas imagens | Celebram o ver\u00e3o\",\"isPartOf\":{\"@id\":\"https:\\\/\\\/www.prooptica.pt\\\/home\\\/#website\"},\"primaryImageOfPage\":{\"@id\":\"https:\\\/\\\/www.prooptica.pt\\\/quebramar-apresenta-novas-imagens-celebram-o-verao-e-a-essencia-nautica-da-marca\\\/#primaryimage\"},\"image\":{\"@id\":\"https:\\\/\\\/www.prooptica.pt\\\/quebramar-apresenta-novas-imagens-celebram-o-verao-e-a-essencia-nautica-da-marca\\\/#primaryimage\"},\"thumbnailUrl\":\"https:\\\/\\\/www.prooptica.pt\\\/wp-content\\\/uploads\\\/2025\\\/06\\\/Capa-artigo-blog-6.jpg\",\"datePublished\":\"2025-06-20T13:55:08+00:00\",\"author\":{\"@id\":\"https:\\\/\\\/www.prooptica.pt\\\/home\\\/#\\\/schema\\\/person\\\/1cbd826a9322a3c38a052e43d1638306\"},\"description\":\"Nesta nova produ\u00e7\u00e3o, a Quebramar recria um ambiente fresco, leve e informal, mantendo-se fiel ao seu ADN, sempre jovem e aventureiro.\",\"breadcrumb\":{\"@id\":\"https:\\\/\\\/www.prooptica.pt\\\/quebramar-apresenta-novas-imagens-celebram-o-verao-e-a-essencia-nautica-da-marca\\\/#breadcrumb\"},\"inLanguage\":\"es\",\"potentialAction\":[{\"@type\":\"ReadAction\",\"target\":[\"https:\\\/\\\/www.prooptica.pt\\\/quebramar-apresenta-novas-imagens-celebram-o-verao-e-a-essencia-nautica-da-marca\\\/\"]}]},{\"@type\":\"ImageObject\",\"inLanguage\":\"es\",\"@id\":\"https:\\\/\\\/www.prooptica.pt\\\/quebramar-apresenta-novas-imagens-celebram-o-verao-e-a-essencia-nautica-da-marca\\\/#primaryimage\",\"url\":\"https:\\\/\\\/www.prooptica.pt\\\/wp-content\\\/uploads\\\/2025\\\/06\\\/Capa-artigo-blog-6.jpg\",\"contentUrl\":\"https:\\\/\\\/www.prooptica.pt\\\/wp-content\\\/uploads\\\/2025\\\/06\\\/Capa-artigo-blog-6.jpg\",\"width\":852,\"height\":514},{\"@type\":\"BreadcrumbList\",\"@id\":\"https:\\\/\\\/www.prooptica.pt\\\/quebramar-apresenta-novas-imagens-celebram-o-verao-e-a-essencia-nautica-da-marca\\\/#breadcrumb\",\"itemListElement\":[{\"@type\":\"ListItem\",\"position\":1,\"name\":\"In\u00edcio\",\"item\":\"https:\\\/\\\/www.prooptica.pt\\\/\"},{\"@type\":\"ListItem\",\"position\":2,\"name\":\"Quebramar apresenta novas imagens | Celebram o ver\u00e3o e a ess\u00eancia n\u00e1utica da marca\"}]},{\"@type\":\"WebSite\",\"@id\":\"https:\\\/\\\/www.prooptica.pt\\\/home\\\/#website\",\"url\":\"https:\\\/\\\/www.prooptica.pt\\\/home\\\/\",\"name\":\"Prooptica\",\"description\":\"Full Eyewear Concept\",\"potentialAction\":[{\"@type\":\"SearchAction\",\"target\":{\"@type\":\"EntryPoint\",\"urlTemplate\":\"https:\\\/\\\/www.prooptica.pt\\\/home\\\/?s={search_term_string}\"},\"query-input\":{\"@type\":\"PropertyValueSpecification\",\"valueRequired\":true,\"valueName\":\"search_term_string\"}}],\"inLanguage\":\"es\"},{\"@type\":\"Person\",\"@id\":\"https:\\\/\\\/www.prooptica.pt\\\/home\\\/#\\\/schema\\\/person\\\/1cbd826a9322a3c38a052e43d1638306\",\"name\":\"admin\",\"image\":{\"@type\":\"ImageObject\",\"inLanguage\":\"es\",\"@id\":\"https:\\\/\\\/secure.gravatar.com\\\/avatar\\\/528c714482569d81724b02603aa719344e9ad7c0b50becf07272b2086b2c1cfd?s=96&d=mm&r=g\",\"url\":\"https:\\\/\\\/secure.gravatar.com\\\/avatar\\\/528c714482569d81724b02603aa719344e9ad7c0b50becf07272b2086b2c1cfd?s=96&d=mm&r=g\",\"contentUrl\":\"https:\\\/\\\/secure.gravatar.com\\\/avatar\\\/528c714482569d81724b02603aa719344e9ad7c0b50becf07272b2086b2c1cfd?s=96&d=mm&r=g\",\"caption\":\"admin\"},\"url\":\"https:\\\/\\\/www.prooptica.pt\\\/es\\\/author\\\/admin\\\/\"}]}<\/script>\n<!-- \/ Yoast SEO plugin. -->","yoast_head_json":{"title":"Quebramar presenta nuevas im\u00e1genes | Celebrando el verano","description":"En esta nueva producci\u00f3n, Quebramar recrea un ambiente fresco, ligero e informal, manteni\u00e9ndose fiel a su ADN, que siempre ha sido joven y aventurero.","robots":{"index":"index","follow":"follow","max-snippet":"max-snippet:-1","max-image-preview":"max-image-preview:large","max-video-preview":"max-video-preview:-1"},"canonical":"https:\/\/www.prooptica.pt\/es\/quebramar-presenta-nuevas-imagenes-que-celebran-el-verano-y-la-esencia-nautica-de-la-marca\/","og_locale":"es_ES","og_type":"article","og_title":"Quebramar apresenta novas imagens | Celebram o ver\u00e3o","og_description":"Nesta nova produ\u00e7\u00e3o, a Quebramar recria um ambiente fresco, leve e informal, mantendo-se fiel ao seu ADN, sempre jovem e aventureiro.","og_url":"https:\/\/www.prooptica.pt\/es\/quebramar-presenta-nuevas-imagenes-que-celebran-el-verano-y-la-esencia-nautica-de-la-marca\/","og_site_name":"Prooptica","article_published_time":"2025-06-20T13:55:08+00:00","og_image":[{"width":852,"height":514,"url":"https:\/\/www.prooptica.pt\/wp-content\/uploads\/2025\/06\/Capa-artigo-blog-6.jpg","type":"image\/jpeg"}],"author":"admin","twitter_card":"summary_large_image","twitter_misc":{"Escrito por":"admin","Tiempo de lectura":"2 minutos"},"schema":{"@context":"https:\/\/schema.org","@graph":[{"@type":"Article","@id":"https:\/\/www.prooptica.pt\/quebramar-apresenta-novas-imagens-celebram-o-verao-e-a-essencia-nautica-da-marca\/#article","isPartOf":{"@id":"https:\/\/www.prooptica.pt\/quebramar-apresenta-novas-imagens-celebram-o-verao-e-a-essencia-nautica-da-marca\/"},"author":{"name":"admin","@id":"https:\/\/www.prooptica.pt\/home\/#\/schema\/person\/1cbd826a9322a3c38a052e43d1638306"},"headline":"Quebramar apresenta novas imagens | Celebram o ver\u00e3o e a ess\u00eancia n\u00e1utica da marca","datePublished":"2025-06-20T13:55:08+00:00","mainEntityOfPage":{"@id":"https:\/\/www.prooptica.pt\/quebramar-apresenta-novas-imagens-celebram-o-verao-e-a-essencia-nautica-da-marca\/"},"wordCount":217,"image":{"@id":"https:\/\/www.prooptica.pt\/quebramar-apresenta-novas-imagens-celebram-o-verao-e-a-essencia-nautica-da-marca\/#primaryimage"},"thumbnailUrl":"https:\/\/www.prooptica.pt\/wp-content\/uploads\/2025\/06\/Capa-artigo-blog-6.jpg","articleSection":["Moda Portuguesa","\u00d3culos"],"inLanguage":"es"},{"@type":"WebPage","@id":"https:\/\/www.prooptica.pt\/quebramar-apresenta-novas-imagens-celebram-o-verao-e-a-essencia-nautica-da-marca\/","url":"https:\/\/www.prooptica.pt\/quebramar-apresenta-novas-imagens-celebram-o-verao-e-a-essencia-nautica-da-marca\/","name":"Quebramar presenta nuevas im\u00e1genes | Celebrando el verano","isPartOf":{"@id":"https:\/\/www.prooptica.pt\/home\/#website"},"primaryImageOfPage":{"@id":"https:\/\/www.prooptica.pt\/quebramar-apresenta-novas-imagens-celebram-o-verao-e-a-essencia-nautica-da-marca\/#primaryimage"},"image":{"@id":"https:\/\/www.prooptica.pt\/quebramar-apresenta-novas-imagens-celebram-o-verao-e-a-essencia-nautica-da-marca\/#primaryimage"},"thumbnailUrl":"https:\/\/www.prooptica.pt\/wp-content\/uploads\/2025\/06\/Capa-artigo-blog-6.jpg","datePublished":"2025-06-20T13:55:08+00:00","author":{"@id":"https:\/\/www.prooptica.pt\/home\/#\/schema\/person\/1cbd826a9322a3c38a052e43d1638306"},"description":"En esta nueva producci\u00f3n, Quebramar recrea un ambiente fresco, ligero e informal, manteni\u00e9ndose fiel a su ADN, que siempre ha sido joven y aventurero.","breadcrumb":{"@id":"https:\/\/www.prooptica.pt\/quebramar-apresenta-novas-imagens-celebram-o-verao-e-a-essencia-nautica-da-marca\/#breadcrumb"},"inLanguage":"es","potentialAction":[{"@type":"ReadAction","target":["https:\/\/www.prooptica.pt\/quebramar-apresenta-novas-imagens-celebram-o-verao-e-a-essencia-nautica-da-marca\/"]}]},{"@type":"ImageObject","inLanguage":"es","@id":"https:\/\/www.prooptica.pt\/quebramar-apresenta-novas-imagens-celebram-o-verao-e-a-essencia-nautica-da-marca\/#primaryimage","url":"https:\/\/www.prooptica.pt\/wp-content\/uploads\/2025\/06\/Capa-artigo-blog-6.jpg","contentUrl":"https:\/\/www.prooptica.pt\/wp-content\/uploads\/2025\/06\/Capa-artigo-blog-6.jpg","width":852,"height":514},{"@type":"BreadcrumbList","@id":"https:\/\/www.prooptica.pt\/quebramar-apresenta-novas-imagens-celebram-o-verao-e-a-essencia-nautica-da-marca\/#breadcrumb","itemListElement":[{"@type":"ListItem","position":1,"name":"In\u00edcio","item":"https:\/\/www.prooptica.pt\/"},{"@type":"ListItem","position":2,"name":"Quebramar apresenta novas imagens | Celebram o ver\u00e3o e a ess\u00eancia n\u00e1utica da marca"}]},{"@type":"WebSite","@id":"https:\/\/www.prooptica.pt\/home\/#website","url":"https:\/\/www.prooptica.pt\/home\/","name":"Prooptica","description":"Concepto de gafas completas","potentialAction":[{"@type":"SearchAction","target":{"@type":"EntryPoint","urlTemplate":"https:\/\/www.prooptica.pt\/home\/?s={search_term_string}"},"query-input":{"@type":"PropertyValueSpecification","valueRequired":true,"valueName":"search_term_string"}}],"inLanguage":"es"},{"@type":"Person","@id":"https:\/\/www.prooptica.pt\/home\/#\/schema\/person\/1cbd826a9322a3c38a052e43d1638306","name":"admin","image":{"@type":"ImageObject","inLanguage":"es","@id":"https:\/\/secure.gravatar.com\/avatar\/528c714482569d81724b02603aa719344e9ad7c0b50becf07272b2086b2c1cfd?s=96&d=mm&r=g","url":"https:\/\/secure.gravatar.com\/avatar\/528c714482569d81724b02603aa719344e9ad7c0b50becf07272b2086b2c1cfd?s=96&d=mm&r=g","contentUrl":"https:\/\/secure.gravatar.com\/avatar\/528c714482569d81724b02603aa719344e9ad7c0b50becf07272b2086b2c1cfd?s=96&d=mm&r=g","caption":"admin"},"url":"https:\/\/www.prooptica.pt\/es\/author\/admin\/"}]}},"_links":{"self":[{"href":"https:\/\/www.prooptica.pt\/es\/wp-json\/wp\/v2\/posts\/23608","targetHints":{"allow":["GET"]}}],"collection":[{"href":"https:\/\/www.prooptica.pt\/es\/wp-json\/wp\/v2\/posts"}],"about":[{"href":"https:\/\/www.prooptica.pt\/es\/wp-json\/wp\/v2\/types\/post"}],"author":[{"embeddable":true,"href":"https:\/\/www.prooptica.pt\/es\/wp-json\/wp\/v2\/users\/2"}],"replies":[{"embeddable":true,"href":"https:\/\/www.prooptica.pt\/es\/wp-json\/wp\/v2\/comments?post=23608"}],"version-history":[{"count":2,"href":"https:\/\/www.prooptica.pt\/es\/wp-json\/wp\/v2\/posts\/23608\/revisions"}],"predecessor-version":[{"id":23611,"href":"https:\/\/www.prooptica.pt\/es\/wp-json\/wp\/v2\/posts\/23608\/revisions\/23611"}],"wp:featuredmedia":[{"embeddable":true,"href":"https:\/\/www.prooptica.pt\/es\/wp-json\/wp\/v2\/media\/23609"}],"wp:attachment":[{"href":"https:\/\/www.prooptica.pt\/es\/wp-json\/wp\/v2\/media?parent=23608"}],"wp:term":[{"taxonomy":"category","embeddable":true,"href":"https:\/\/www.prooptica.pt\/es\/wp-json\/wp\/v2\/categories?post=23608"},{"taxonomy":"post_tag","embeddable":true,"href":"https:\/\/www.prooptica.pt\/es\/wp-json\/wp\/v2\/tags?post=23608"}],"curies":[{"name":"wp","href":"https:\/\/api.w.org\/{rel}","templated":true}]}}