{"id":23738,"date":"2025-07-11T11:37:16","date_gmt":"2025-07-11T11:37:16","guid":{"rendered":"https:\/\/www.prooptica.pt\/?p=23738"},"modified":"2025-07-11T11:37:16","modified_gmt":"2025-07-11T11:37:16","slug":"masai-la-coleccion-de-gafas-que-celebra-la-diversidad","status":"publish","type":"post","link":"https:\/\/www.prooptica.pt\/es\/masai-a-colecao-de-eyewear-que-celebra-a-diversidade\/","title":{"rendered":"Masai | La colecci\u00f3n de gafas que celebra la diversidad"},"content":{"rendered":"<p>Masai se presenta como la colecci\u00f3n de gafas m\u00e1s multicultural del momento, una verdadera afirmaci\u00f3n de inclusi\u00f3n, representatividad y libertad de expresi\u00f3n individual. Dise\u00f1ada para acoger a todo el mundo, independientemente de su color, origen, raza o edad, Masai es m\u00e1s que una l\u00ednea de gafas: es una declaraci\u00f3n de valores universales.<\/p>\n<p>La colecci\u00f3n incluye monturas y gafas de sol con un dise\u00f1o minimalista y sofisticado, que utiliza l\u00edneas sencillas y colores sutiles para crear piezas vers\u00e1tiles y elegantes. Cada modelo est\u00e1 dise\u00f1ado para adaptarse a diferentes estilos, rostros y personalidades, reforzando la idea de que todo el mundo debe sentirse representado e incluido.<\/p>\n<p>El ADN de la marca Masai est\u00e1 visiblemente presente en sus im\u00e1genes de campa\u00f1a, que retratan con sensibilidad y fuerza el esp\u00edritu de una colecci\u00f3n inclusiva, donde cada par de gafas se convierte en un s\u00edmbolo de identidad y autoexpresi\u00f3n.<\/p>\n<p>En un momento en que la moda se cruza cada vez m\u00e1s con las causas sociales y los valores humanos, Masai se posiciona como una marca con prop\u00f3sito, con una colecci\u00f3n que celebra la belleza en la pluralidad.<\/p>\n<p>&nbsp;<\/p>","protected":false},"excerpt":{"rendered":"<p>A Masai apresenta-se como a cole\u00e7\u00e3o de \u00f3culos mais multicultural do momento, uma verdadeira afirma\u00e7\u00e3o de inclus\u00e3o, representatividade e liberdade de express\u00e3o individual. Concebida para abra\u00e7ar todas as pessoas, independentemente da sua cor, origem, ra\u00e7a ou idade, a Masai \u00e9 mais do que uma linha de eyewear \u2014 \u00e9 uma declara\u00e7\u00e3o de valores universais. A [&hellip;]<\/p>\n","protected":false},"author":2,"featured_media":23753,"comment_status":"closed","ping_status":"closed","sticky":false,"template":"","format":"standard","meta":{"footnotes":""},"categories":[189],"tags":[],"class_list":["post-23738","post","type-post","status-publish","format-standard","has-post-thumbnail","hentry","category-oculos"],"yoast_head":"<!-- This site is optimized with the Yoast SEO plugin v27.4 - https:\/\/yoast.com\/product\/yoast-seo-wordpress\/ -->\n<title>Masai | A cole\u00e7\u00e3o de eyewear que celebra a diversidade<\/title>\n<meta name=\"description\" content=\"Numa altura em que a moda se cruza cada vez mais com causas sociais e valores humanos, a Masai posiciona-se como uma marca com prop\u00f3sito.\" \/>\n<meta name=\"robots\" content=\"index, follow, max-snippet:-1, max-image-preview:large, max-video-preview:-1\" \/>\n<link rel=\"canonical\" href=\"https:\/\/www.prooptica.pt\/es\/masai-la-coleccion-de-gafas-que-celebra-la-diversidad\/\" \/>\n<meta property=\"og:locale\" content=\"es_ES\" \/>\n<meta property=\"og:type\" content=\"article\" \/>\n<meta property=\"og:title\" content=\"Masai | A cole\u00e7\u00e3o de eyewear que celebra a diversidade\" \/>\n<meta property=\"og:description\" content=\"Numa altura em que a moda se cruza cada vez mais com causas sociais e valores humanos, a Masai posiciona-se como uma marca com prop\u00f3sito.\" \/>\n<meta property=\"og:url\" content=\"https:\/\/www.prooptica.pt\/es\/masai-la-coleccion-de-gafas-que-celebra-la-diversidad\/\" \/>\n<meta property=\"og:site_name\" content=\"Prooptica\" \/>\n<meta property=\"article:published_time\" content=\"2025-07-11T11:37:16+00:00\" \/>\n<meta property=\"og:image\" content=\"https:\/\/www.prooptica.pt\/wp-content\/uploads\/2025\/07\/Capa-artigo-blog.jpg\" \/>\n\t<meta property=\"og:image:width\" content=\"852\" \/>\n\t<meta property=\"og:image:height\" content=\"514\" \/>\n\t<meta property=\"og:image:type\" content=\"image\/jpeg\" \/>\n<meta name=\"author\" content=\"admin\" \/>\n<meta name=\"twitter:card\" content=\"summary_large_image\" \/>\n<meta name=\"twitter:label1\" content=\"Escrito por\" \/>\n\t<meta name=\"twitter:data1\" content=\"admin\" \/>\n\t<meta name=\"twitter:label2\" content=\"Tiempo de lectura\" \/>\n\t<meta name=\"twitter:data2\" content=\"2 minutos\" \/>\n<script type=\"application\/ld+json\" class=\"yoast-schema-graph\">{\"@context\":\"https:\\\/\\\/schema.org\",\"@graph\":[{\"@type\":\"Article\",\"@id\":\"https:\\\/\\\/www.prooptica.pt\\\/masai-a-colecao-de-eyewear-que-celebra-a-diversidade\\\/#article\",\"isPartOf\":{\"@id\":\"https:\\\/\\\/www.prooptica.pt\\\/masai-a-colecao-de-eyewear-que-celebra-a-diversidade\\\/\"},\"author\":{\"name\":\"admin\",\"@id\":\"https:\\\/\\\/www.prooptica.pt\\\/home\\\/#\\\/schema\\\/person\\\/1cbd826a9322a3c38a052e43d1638306\"},\"headline\":\"Masai | A cole\u00e7\u00e3o de eyewear que celebra a diversidade\",\"datePublished\":\"2025-07-11T11:37:16+00:00\",\"mainEntityOfPage\":{\"@id\":\"https:\\\/\\\/www.prooptica.pt\\\/masai-a-colecao-de-eyewear-que-celebra-a-diversidade\\\/\"},\"wordCount\":203,\"image\":{\"@id\":\"https:\\\/\\\/www.prooptica.pt\\\/masai-a-colecao-de-eyewear-que-celebra-a-diversidade\\\/#primaryimage\"},\"thumbnailUrl\":\"https:\\\/\\\/www.prooptica.pt\\\/wp-content\\\/uploads\\\/2025\\\/07\\\/Capa-artigo-blog.jpg\",\"articleSection\":[\"\u00d3culos\"],\"inLanguage\":\"es\"},{\"@type\":\"WebPage\",\"@id\":\"https:\\\/\\\/www.prooptica.pt\\\/masai-a-colecao-de-eyewear-que-celebra-a-diversidade\\\/\",\"url\":\"https:\\\/\\\/www.prooptica.pt\\\/masai-a-colecao-de-eyewear-que-celebra-a-diversidade\\\/\",\"name\":\"Masai | A cole\u00e7\u00e3o de eyewear que celebra a diversidade\",\"isPartOf\":{\"@id\":\"https:\\\/\\\/www.prooptica.pt\\\/home\\\/#website\"},\"primaryImageOfPage\":{\"@id\":\"https:\\\/\\\/www.prooptica.pt\\\/masai-a-colecao-de-eyewear-que-celebra-a-diversidade\\\/#primaryimage\"},\"image\":{\"@id\":\"https:\\\/\\\/www.prooptica.pt\\\/masai-a-colecao-de-eyewear-que-celebra-a-diversidade\\\/#primaryimage\"},\"thumbnailUrl\":\"https:\\\/\\\/www.prooptica.pt\\\/wp-content\\\/uploads\\\/2025\\\/07\\\/Capa-artigo-blog.jpg\",\"datePublished\":\"2025-07-11T11:37:16+00:00\",\"author\":{\"@id\":\"https:\\\/\\\/www.prooptica.pt\\\/home\\\/#\\\/schema\\\/person\\\/1cbd826a9322a3c38a052e43d1638306\"},\"description\":\"Numa altura em que a moda se cruza cada vez mais com causas sociais e valores humanos, a Masai posiciona-se como uma marca com prop\u00f3sito.\",\"breadcrumb\":{\"@id\":\"https:\\\/\\\/www.prooptica.pt\\\/masai-a-colecao-de-eyewear-que-celebra-a-diversidade\\\/#breadcrumb\"},\"inLanguage\":\"es\",\"potentialAction\":[{\"@type\":\"ReadAction\",\"target\":[\"https:\\\/\\\/www.prooptica.pt\\\/masai-a-colecao-de-eyewear-que-celebra-a-diversidade\\\/\"]}]},{\"@type\":\"ImageObject\",\"inLanguage\":\"es\",\"@id\":\"https:\\\/\\\/www.prooptica.pt\\\/masai-a-colecao-de-eyewear-que-celebra-a-diversidade\\\/#primaryimage\",\"url\":\"https:\\\/\\\/www.prooptica.pt\\\/wp-content\\\/uploads\\\/2025\\\/07\\\/Capa-artigo-blog.jpg\",\"contentUrl\":\"https:\\\/\\\/www.prooptica.pt\\\/wp-content\\\/uploads\\\/2025\\\/07\\\/Capa-artigo-blog.jpg\",\"width\":852,\"height\":514},{\"@type\":\"BreadcrumbList\",\"@id\":\"https:\\\/\\\/www.prooptica.pt\\\/masai-a-colecao-de-eyewear-que-celebra-a-diversidade\\\/#breadcrumb\",\"itemListElement\":[{\"@type\":\"ListItem\",\"position\":1,\"name\":\"In\u00edcio\",\"item\":\"https:\\\/\\\/www.prooptica.pt\\\/\"},{\"@type\":\"ListItem\",\"position\":2,\"name\":\"Masai | A cole\u00e7\u00e3o de eyewear que celebra a diversidade\"}]},{\"@type\":\"WebSite\",\"@id\":\"https:\\\/\\\/www.prooptica.pt\\\/home\\\/#website\",\"url\":\"https:\\\/\\\/www.prooptica.pt\\\/home\\\/\",\"name\":\"Prooptica\",\"description\":\"Full Eyewear Concept\",\"potentialAction\":[{\"@type\":\"SearchAction\",\"target\":{\"@type\":\"EntryPoint\",\"urlTemplate\":\"https:\\\/\\\/www.prooptica.pt\\\/home\\\/?s={search_term_string}\"},\"query-input\":{\"@type\":\"PropertyValueSpecification\",\"valueRequired\":true,\"valueName\":\"search_term_string\"}}],\"inLanguage\":\"es\"},{\"@type\":\"Person\",\"@id\":\"https:\\\/\\\/www.prooptica.pt\\\/home\\\/#\\\/schema\\\/person\\\/1cbd826a9322a3c38a052e43d1638306\",\"name\":\"admin\",\"image\":{\"@type\":\"ImageObject\",\"inLanguage\":\"es\",\"@id\":\"https:\\\/\\\/secure.gravatar.com\\\/avatar\\\/528c714482569d81724b02603aa719344e9ad7c0b50becf07272b2086b2c1cfd?s=96&d=mm&r=g\",\"url\":\"https:\\\/\\\/secure.gravatar.com\\\/avatar\\\/528c714482569d81724b02603aa719344e9ad7c0b50becf07272b2086b2c1cfd?s=96&d=mm&r=g\",\"contentUrl\":\"https:\\\/\\\/secure.gravatar.com\\\/avatar\\\/528c714482569d81724b02603aa719344e9ad7c0b50becf07272b2086b2c1cfd?s=96&d=mm&r=g\",\"caption\":\"admin\"},\"url\":\"https:\\\/\\\/www.prooptica.pt\\\/es\\\/author\\\/admin\\\/\"}]}<\/script>\n<!-- \/ Yoast SEO plugin. -->","yoast_head_json":{"title":"Masai | La colecci\u00f3n de gafas que celebra la diversidad","description":"En un momento en que la moda se cruza cada vez m\u00e1s con las causas sociales y los valores humanos, Masai se est\u00e1 posicionando como una marca con prop\u00f3sito.","robots":{"index":"index","follow":"follow","max-snippet":"max-snippet:-1","max-image-preview":"max-image-preview:large","max-video-preview":"max-video-preview:-1"},"canonical":"https:\/\/www.prooptica.pt\/es\/masai-la-coleccion-de-gafas-que-celebra-la-diversidad\/","og_locale":"es_ES","og_type":"article","og_title":"Masai | A cole\u00e7\u00e3o de eyewear que celebra a diversidade","og_description":"Numa altura em que a moda se cruza cada vez mais com causas sociais e valores humanos, a Masai posiciona-se como uma marca com prop\u00f3sito.","og_url":"https:\/\/www.prooptica.pt\/es\/masai-la-coleccion-de-gafas-que-celebra-la-diversidad\/","og_site_name":"Prooptica","article_published_time":"2025-07-11T11:37:16+00:00","og_image":[{"width":852,"height":514,"url":"https:\/\/www.prooptica.pt\/wp-content\/uploads\/2025\/07\/Capa-artigo-blog.jpg","type":"image\/jpeg"}],"author":"admin","twitter_card":"summary_large_image","twitter_misc":{"Escrito por":"admin","Tiempo de lectura":"2 minutos"},"schema":{"@context":"https:\/\/schema.org","@graph":[{"@type":"Article","@id":"https:\/\/www.prooptica.pt\/masai-a-colecao-de-eyewear-que-celebra-a-diversidade\/#article","isPartOf":{"@id":"https:\/\/www.prooptica.pt\/masai-a-colecao-de-eyewear-que-celebra-a-diversidade\/"},"author":{"name":"admin","@id":"https:\/\/www.prooptica.pt\/home\/#\/schema\/person\/1cbd826a9322a3c38a052e43d1638306"},"headline":"Masai | A cole\u00e7\u00e3o de eyewear que celebra a diversidade","datePublished":"2025-07-11T11:37:16+00:00","mainEntityOfPage":{"@id":"https:\/\/www.prooptica.pt\/masai-a-colecao-de-eyewear-que-celebra-a-diversidade\/"},"wordCount":203,"image":{"@id":"https:\/\/www.prooptica.pt\/masai-a-colecao-de-eyewear-que-celebra-a-diversidade\/#primaryimage"},"thumbnailUrl":"https:\/\/www.prooptica.pt\/wp-content\/uploads\/2025\/07\/Capa-artigo-blog.jpg","articleSection":["\u00d3culos"],"inLanguage":"es"},{"@type":"WebPage","@id":"https:\/\/www.prooptica.pt\/masai-a-colecao-de-eyewear-que-celebra-a-diversidade\/","url":"https:\/\/www.prooptica.pt\/masai-a-colecao-de-eyewear-que-celebra-a-diversidade\/","name":"Masai | La colecci\u00f3n de gafas que celebra la diversidad","isPartOf":{"@id":"https:\/\/www.prooptica.pt\/home\/#website"},"primaryImageOfPage":{"@id":"https:\/\/www.prooptica.pt\/masai-a-colecao-de-eyewear-que-celebra-a-diversidade\/#primaryimage"},"image":{"@id":"https:\/\/www.prooptica.pt\/masai-a-colecao-de-eyewear-que-celebra-a-diversidade\/#primaryimage"},"thumbnailUrl":"https:\/\/www.prooptica.pt\/wp-content\/uploads\/2025\/07\/Capa-artigo-blog.jpg","datePublished":"2025-07-11T11:37:16+00:00","author":{"@id":"https:\/\/www.prooptica.pt\/home\/#\/schema\/person\/1cbd826a9322a3c38a052e43d1638306"},"description":"En un momento en que la moda se cruza cada vez m\u00e1s con las causas sociales y los valores humanos, Masai se est\u00e1 posicionando como una marca con prop\u00f3sito.","breadcrumb":{"@id":"https:\/\/www.prooptica.pt\/masai-a-colecao-de-eyewear-que-celebra-a-diversidade\/#breadcrumb"},"inLanguage":"es","potentialAction":[{"@type":"ReadAction","target":["https:\/\/www.prooptica.pt\/masai-a-colecao-de-eyewear-que-celebra-a-diversidade\/"]}]},{"@type":"ImageObject","inLanguage":"es","@id":"https:\/\/www.prooptica.pt\/masai-a-colecao-de-eyewear-que-celebra-a-diversidade\/#primaryimage","url":"https:\/\/www.prooptica.pt\/wp-content\/uploads\/2025\/07\/Capa-artigo-blog.jpg","contentUrl":"https:\/\/www.prooptica.pt\/wp-content\/uploads\/2025\/07\/Capa-artigo-blog.jpg","width":852,"height":514},{"@type":"BreadcrumbList","@id":"https:\/\/www.prooptica.pt\/masai-a-colecao-de-eyewear-que-celebra-a-diversidade\/#breadcrumb","itemListElement":[{"@type":"ListItem","position":1,"name":"In\u00edcio","item":"https:\/\/www.prooptica.pt\/"},{"@type":"ListItem","position":2,"name":"Masai | A cole\u00e7\u00e3o de eyewear que celebra a diversidade"}]},{"@type":"WebSite","@id":"https:\/\/www.prooptica.pt\/home\/#website","url":"https:\/\/www.prooptica.pt\/home\/","name":"Prooptica","description":"Concepto de gafas completas","potentialAction":[{"@type":"SearchAction","target":{"@type":"EntryPoint","urlTemplate":"https:\/\/www.prooptica.pt\/home\/?s={search_term_string}"},"query-input":{"@type":"PropertyValueSpecification","valueRequired":true,"valueName":"search_term_string"}}],"inLanguage":"es"},{"@type":"Person","@id":"https:\/\/www.prooptica.pt\/home\/#\/schema\/person\/1cbd826a9322a3c38a052e43d1638306","name":"admin","image":{"@type":"ImageObject","inLanguage":"es","@id":"https:\/\/secure.gravatar.com\/avatar\/528c714482569d81724b02603aa719344e9ad7c0b50becf07272b2086b2c1cfd?s=96&d=mm&r=g","url":"https:\/\/secure.gravatar.com\/avatar\/528c714482569d81724b02603aa719344e9ad7c0b50becf07272b2086b2c1cfd?s=96&d=mm&r=g","contentUrl":"https:\/\/secure.gravatar.com\/avatar\/528c714482569d81724b02603aa719344e9ad7c0b50becf07272b2086b2c1cfd?s=96&d=mm&r=g","caption":"admin"},"url":"https:\/\/www.prooptica.pt\/es\/author\/admin\/"}]}},"_links":{"self":[{"href":"https:\/\/www.prooptica.pt\/es\/wp-json\/wp\/v2\/posts\/23738","targetHints":{"allow":["GET"]}}],"collection":[{"href":"https:\/\/www.prooptica.pt\/es\/wp-json\/wp\/v2\/posts"}],"about":[{"href":"https:\/\/www.prooptica.pt\/es\/wp-json\/wp\/v2\/types\/post"}],"author":[{"embeddable":true,"href":"https:\/\/www.prooptica.pt\/es\/wp-json\/wp\/v2\/users\/2"}],"replies":[{"embeddable":true,"href":"https:\/\/www.prooptica.pt\/es\/wp-json\/wp\/v2\/comments?post=23738"}],"version-history":[{"count":1,"href":"https:\/\/www.prooptica.pt\/es\/wp-json\/wp\/v2\/posts\/23738\/revisions"}],"predecessor-version":[{"id":23739,"href":"https:\/\/www.prooptica.pt\/es\/wp-json\/wp\/v2\/posts\/23738\/revisions\/23739"}],"wp:featuredmedia":[{"embeddable":true,"href":"https:\/\/www.prooptica.pt\/es\/wp-json\/wp\/v2\/media\/23753"}],"wp:attachment":[{"href":"https:\/\/www.prooptica.pt\/es\/wp-json\/wp\/v2\/media?parent=23738"}],"wp:term":[{"taxonomy":"category","embeddable":true,"href":"https:\/\/www.prooptica.pt\/es\/wp-json\/wp\/v2\/categories?post=23738"},{"taxonomy":"post_tag","embeddable":true,"href":"https:\/\/www.prooptica.pt\/es\/wp-json\/wp\/v2\/tags?post=23738"}],"curies":[{"name":"wp","href":"https:\/\/api.w.org\/{rel}","templated":true}]}}