{"id":23751,"date":"2025-07-11T12:07:44","date_gmt":"2025-07-11T12:07:44","guid":{"rendered":"https:\/\/www.prooptica.pt\/?p=23751"},"modified":"2025-07-11T12:07:44","modified_gmt":"2025-07-11T12:07:44","slug":"nuxe-eyewear-la-inspiracion-de-las-fragancias-replicada-en-el-universo-de-las-gafas","status":"publish","type":"post","link":"https:\/\/www.prooptica.pt\/es\/nuxe-eyewear-a-inspiracao-das-fragancias-replicada-no-universo-eyewear\/","title":{"rendered":"Nuxe Eyewear | La inspiraci\u00f3n de las fragancias replicada en el universo Eyewear"},"content":{"rendered":"<p>Nuxe presenta su nueva colecci\u00f3n de gafas, ahora con modelos a\u00fan m\u00e1s de tendencia, pensados para quienes buscan un estilo llamativo y sofisticado. Las novedades refuerzan el posicionamiento \u00fanico de la marca, que combina naturaleza, elegancia e innovaci\u00f3n en un \u00fanico accesorio.<\/p>\n<p>Cada modelo se inspira en la pasi\u00f3n por las fragancias y el compromiso con el planeta, ofreciendo un dise\u00f1o distintivo lleno de personalidad. El detalle especial de la punta, que recrea delicadamente una gota de aceite en honor al ic\u00f3nico Huile Prodigieuse, transforma cada pieza en una aut\u00e9ntica obra de arte, una firma sutil que refleja la esencia de Nuxe.<\/p>\n<p>La paleta de colores, en suaves y envolventes tonos pastel, transmite serenidad y armon\u00eda, reflejando el lujo natural que la marca valora. Estos nuevos modelos no s\u00f3lo siguen las \u00faltimas tendencias, sino que llevan el concepto de gafas a un nuevo nivel, combinando moda y funcionalidad con un profundo respeto por la naturaleza.<\/p>\n<p>M\u00e1s que un simple accesorio, las gafas Nuxe son una declaraci\u00f3n de estilo y actitud. Descubra esta colecci\u00f3n \u00fanica y d\u00e9jese conquistar por un look elegante, consciente y absolutamente irresistible.<\/p>\n<p style=\"text-align: center;\"><a href=\"https:\/\/loja.prooptica.pt\/wp-content\/uploads\/Catalogo-NUXE-2025_LR.pdf\"><strong><span style=\"color: #000000;\">Haga clic aqu\u00ed para descubrir la Colecci\u00f3n<\/span><\/strong><\/a><\/p>","protected":false},"excerpt":{"rendered":"<p>A Nuxe apresenta a sua nova cole\u00e7\u00e3o de \u00f3culos, agora com modelos ainda mais tend\u00eancia, pensados para quem procura um estilo marcante e sofisticado. As novidades, refor\u00e7am o posicionamento \u00fanico da marca, combinando natureza, eleg\u00e2ncia e inova\u00e7\u00e3o num s\u00f3 acess\u00f3rio. Cada modelo \u00e9 inspirado na paix\u00e3o pelas fragr\u00e2ncias e no compromisso com o planeta, oferecendo [&hellip;]<\/p>\n","protected":false},"author":2,"featured_media":23758,"comment_status":"closed","ping_status":"closed","sticky":false,"template":"","format":"standard","meta":{"footnotes":""},"categories":[189],"tags":[],"class_list":["post-23751","post","type-post","status-publish","format-standard","has-post-thumbnail","hentry","category-oculos"],"yoast_head":"<!-- This site is optimized with the Yoast SEO plugin v27.4 - https:\/\/yoast.com\/product\/yoast-seo-wordpress\/ -->\n<title>Nuxe Eyewear | A inspira\u00e7\u00e3o das frag\u00e2ncias<\/title>\n<meta name=\"description\" content=\"Descubra esta cole\u00e7\u00e3o \u00fanica e deixe-se conquistar por um olhar elegante, consciente e absolutamente irresist\u00edvel.\" \/>\n<meta name=\"robots\" content=\"index, follow, max-snippet:-1, max-image-preview:large, max-video-preview:-1\" \/>\n<link rel=\"canonical\" href=\"https:\/\/www.prooptica.pt\/es\/nuxe-eyewear-la-inspiracion-de-las-fragancias-replicada-en-el-universo-de-las-gafas\/\" \/>\n<meta property=\"og:locale\" content=\"es_ES\" \/>\n<meta property=\"og:type\" content=\"article\" \/>\n<meta property=\"og:title\" content=\"Nuxe Eyewear | A inspira\u00e7\u00e3o das frag\u00e2ncias\" \/>\n<meta property=\"og:description\" content=\"Descubra esta cole\u00e7\u00e3o \u00fanica e deixe-se conquistar por um olhar elegante, consciente e absolutamente irresist\u00edvel.\" \/>\n<meta property=\"og:url\" content=\"https:\/\/www.prooptica.pt\/es\/nuxe-eyewear-la-inspiracion-de-las-fragancias-replicada-en-el-universo-de-las-gafas\/\" \/>\n<meta property=\"og:site_name\" content=\"Prooptica\" \/>\n<meta property=\"article:published_time\" content=\"2025-07-11T12:07:44+00:00\" \/>\n<meta property=\"og:image\" content=\"https:\/\/www.prooptica.pt\/wp-content\/uploads\/2025\/07\/Capa-artigo-blog-2.jpg\" \/>\n\t<meta property=\"og:image:width\" content=\"852\" \/>\n\t<meta property=\"og:image:height\" content=\"514\" \/>\n\t<meta property=\"og:image:type\" content=\"image\/jpeg\" \/>\n<meta name=\"author\" content=\"admin\" \/>\n<meta name=\"twitter:card\" content=\"summary_large_image\" \/>\n<meta name=\"twitter:label1\" content=\"Escrito por\" \/>\n\t<meta name=\"twitter:data1\" content=\"admin\" \/>\n\t<meta name=\"twitter:label2\" content=\"Tiempo de lectura\" \/>\n\t<meta name=\"twitter:data2\" content=\"2 minutos\" \/>\n<script type=\"application\/ld+json\" class=\"yoast-schema-graph\">{\"@context\":\"https:\\\/\\\/schema.org\",\"@graph\":[{\"@type\":\"Article\",\"@id\":\"https:\\\/\\\/www.prooptica.pt\\\/nuxe-eyewear-a-inspiracao-das-fragancias-replicada-no-universo-eyewear\\\/#article\",\"isPartOf\":{\"@id\":\"https:\\\/\\\/www.prooptica.pt\\\/nuxe-eyewear-a-inspiracao-das-fragancias-replicada-no-universo-eyewear\\\/\"},\"author\":{\"name\":\"admin\",\"@id\":\"https:\\\/\\\/www.prooptica.pt\\\/home\\\/#\\\/schema\\\/person\\\/1cbd826a9322a3c38a052e43d1638306\"},\"headline\":\"Nuxe Eyewear | A inspira\u00e7\u00e3o das frag\u00e2ncias replicada no universo Eyewear\",\"datePublished\":\"2025-07-11T12:07:44+00:00\",\"mainEntityOfPage\":{\"@id\":\"https:\\\/\\\/www.prooptica.pt\\\/nuxe-eyewear-a-inspiracao-das-fragancias-replicada-no-universo-eyewear\\\/\"},\"wordCount\":215,\"image\":{\"@id\":\"https:\\\/\\\/www.prooptica.pt\\\/nuxe-eyewear-a-inspiracao-das-fragancias-replicada-no-universo-eyewear\\\/#primaryimage\"},\"thumbnailUrl\":\"https:\\\/\\\/www.prooptica.pt\\\/wp-content\\\/uploads\\\/2025\\\/07\\\/Capa-artigo-blog-2.jpg\",\"articleSection\":[\"\u00d3culos\"],\"inLanguage\":\"es\"},{\"@type\":\"WebPage\",\"@id\":\"https:\\\/\\\/www.prooptica.pt\\\/nuxe-eyewear-a-inspiracao-das-fragancias-replicada-no-universo-eyewear\\\/\",\"url\":\"https:\\\/\\\/www.prooptica.pt\\\/nuxe-eyewear-a-inspiracao-das-fragancias-replicada-no-universo-eyewear\\\/\",\"name\":\"Nuxe Eyewear | A inspira\u00e7\u00e3o das frag\u00e2ncias\",\"isPartOf\":{\"@id\":\"https:\\\/\\\/www.prooptica.pt\\\/home\\\/#website\"},\"primaryImageOfPage\":{\"@id\":\"https:\\\/\\\/www.prooptica.pt\\\/nuxe-eyewear-a-inspiracao-das-fragancias-replicada-no-universo-eyewear\\\/#primaryimage\"},\"image\":{\"@id\":\"https:\\\/\\\/www.prooptica.pt\\\/nuxe-eyewear-a-inspiracao-das-fragancias-replicada-no-universo-eyewear\\\/#primaryimage\"},\"thumbnailUrl\":\"https:\\\/\\\/www.prooptica.pt\\\/wp-content\\\/uploads\\\/2025\\\/07\\\/Capa-artigo-blog-2.jpg\",\"datePublished\":\"2025-07-11T12:07:44+00:00\",\"author\":{\"@id\":\"https:\\\/\\\/www.prooptica.pt\\\/home\\\/#\\\/schema\\\/person\\\/1cbd826a9322a3c38a052e43d1638306\"},\"description\":\"Descubra esta cole\u00e7\u00e3o \u00fanica e deixe-se conquistar por um olhar elegante, consciente e absolutamente irresist\u00edvel.\",\"breadcrumb\":{\"@id\":\"https:\\\/\\\/www.prooptica.pt\\\/nuxe-eyewear-a-inspiracao-das-fragancias-replicada-no-universo-eyewear\\\/#breadcrumb\"},\"inLanguage\":\"es\",\"potentialAction\":[{\"@type\":\"ReadAction\",\"target\":[\"https:\\\/\\\/www.prooptica.pt\\\/nuxe-eyewear-a-inspiracao-das-fragancias-replicada-no-universo-eyewear\\\/\"]}]},{\"@type\":\"ImageObject\",\"inLanguage\":\"es\",\"@id\":\"https:\\\/\\\/www.prooptica.pt\\\/nuxe-eyewear-a-inspiracao-das-fragancias-replicada-no-universo-eyewear\\\/#primaryimage\",\"url\":\"https:\\\/\\\/www.prooptica.pt\\\/wp-content\\\/uploads\\\/2025\\\/07\\\/Capa-artigo-blog-2.jpg\",\"contentUrl\":\"https:\\\/\\\/www.prooptica.pt\\\/wp-content\\\/uploads\\\/2025\\\/07\\\/Capa-artigo-blog-2.jpg\",\"width\":852,\"height\":514},{\"@type\":\"BreadcrumbList\",\"@id\":\"https:\\\/\\\/www.prooptica.pt\\\/nuxe-eyewear-a-inspiracao-das-fragancias-replicada-no-universo-eyewear\\\/#breadcrumb\",\"itemListElement\":[{\"@type\":\"ListItem\",\"position\":1,\"name\":\"In\u00edcio\",\"item\":\"https:\\\/\\\/www.prooptica.pt\\\/\"},{\"@type\":\"ListItem\",\"position\":2,\"name\":\"Nuxe Eyewear | A inspira\u00e7\u00e3o das frag\u00e2ncias replicada no universo Eyewear\"}]},{\"@type\":\"WebSite\",\"@id\":\"https:\\\/\\\/www.prooptica.pt\\\/home\\\/#website\",\"url\":\"https:\\\/\\\/www.prooptica.pt\\\/home\\\/\",\"name\":\"Prooptica\",\"description\":\"Full Eyewear Concept\",\"potentialAction\":[{\"@type\":\"SearchAction\",\"target\":{\"@type\":\"EntryPoint\",\"urlTemplate\":\"https:\\\/\\\/www.prooptica.pt\\\/home\\\/?s={search_term_string}\"},\"query-input\":{\"@type\":\"PropertyValueSpecification\",\"valueRequired\":true,\"valueName\":\"search_term_string\"}}],\"inLanguage\":\"es\"},{\"@type\":\"Person\",\"@id\":\"https:\\\/\\\/www.prooptica.pt\\\/home\\\/#\\\/schema\\\/person\\\/1cbd826a9322a3c38a052e43d1638306\",\"name\":\"admin\",\"image\":{\"@type\":\"ImageObject\",\"inLanguage\":\"es\",\"@id\":\"https:\\\/\\\/secure.gravatar.com\\\/avatar\\\/528c714482569d81724b02603aa719344e9ad7c0b50becf07272b2086b2c1cfd?s=96&d=mm&r=g\",\"url\":\"https:\\\/\\\/secure.gravatar.com\\\/avatar\\\/528c714482569d81724b02603aa719344e9ad7c0b50becf07272b2086b2c1cfd?s=96&d=mm&r=g\",\"contentUrl\":\"https:\\\/\\\/secure.gravatar.com\\\/avatar\\\/528c714482569d81724b02603aa719344e9ad7c0b50becf07272b2086b2c1cfd?s=96&d=mm&r=g\",\"caption\":\"admin\"},\"url\":\"https:\\\/\\\/www.prooptica.pt\\\/es\\\/author\\\/admin\\\/\"}]}<\/script>\n<!-- \/ Yoast SEO plugin. -->","yoast_head_json":{"title":"Nuxe Eyewear | La inspiraci\u00f3n de las fragancias","description":"Descubra esta colecci\u00f3n \u00fanica y d\u00e9jese conquistar por un look elegante, consciente y absolutamente irresistible.","robots":{"index":"index","follow":"follow","max-snippet":"max-snippet:-1","max-image-preview":"max-image-preview:large","max-video-preview":"max-video-preview:-1"},"canonical":"https:\/\/www.prooptica.pt\/es\/nuxe-eyewear-la-inspiracion-de-las-fragancias-replicada-en-el-universo-de-las-gafas\/","og_locale":"es_ES","og_type":"article","og_title":"Nuxe Eyewear | A inspira\u00e7\u00e3o das frag\u00e2ncias","og_description":"Descubra esta cole\u00e7\u00e3o \u00fanica e deixe-se conquistar por um olhar elegante, consciente e absolutamente irresist\u00edvel.","og_url":"https:\/\/www.prooptica.pt\/es\/nuxe-eyewear-la-inspiracion-de-las-fragancias-replicada-en-el-universo-de-las-gafas\/","og_site_name":"Prooptica","article_published_time":"2025-07-11T12:07:44+00:00","og_image":[{"width":852,"height":514,"url":"https:\/\/www.prooptica.pt\/wp-content\/uploads\/2025\/07\/Capa-artigo-blog-2.jpg","type":"image\/jpeg"}],"author":"admin","twitter_card":"summary_large_image","twitter_misc":{"Escrito por":"admin","Tiempo de lectura":"2 minutos"},"schema":{"@context":"https:\/\/schema.org","@graph":[{"@type":"Article","@id":"https:\/\/www.prooptica.pt\/nuxe-eyewear-a-inspiracao-das-fragancias-replicada-no-universo-eyewear\/#article","isPartOf":{"@id":"https:\/\/www.prooptica.pt\/nuxe-eyewear-a-inspiracao-das-fragancias-replicada-no-universo-eyewear\/"},"author":{"name":"admin","@id":"https:\/\/www.prooptica.pt\/home\/#\/schema\/person\/1cbd826a9322a3c38a052e43d1638306"},"headline":"Nuxe Eyewear | A inspira\u00e7\u00e3o das frag\u00e2ncias replicada no universo Eyewear","datePublished":"2025-07-11T12:07:44+00:00","mainEntityOfPage":{"@id":"https:\/\/www.prooptica.pt\/nuxe-eyewear-a-inspiracao-das-fragancias-replicada-no-universo-eyewear\/"},"wordCount":215,"image":{"@id":"https:\/\/www.prooptica.pt\/nuxe-eyewear-a-inspiracao-das-fragancias-replicada-no-universo-eyewear\/#primaryimage"},"thumbnailUrl":"https:\/\/www.prooptica.pt\/wp-content\/uploads\/2025\/07\/Capa-artigo-blog-2.jpg","articleSection":["\u00d3culos"],"inLanguage":"es"},{"@type":"WebPage","@id":"https:\/\/www.prooptica.pt\/nuxe-eyewear-a-inspiracao-das-fragancias-replicada-no-universo-eyewear\/","url":"https:\/\/www.prooptica.pt\/nuxe-eyewear-a-inspiracao-das-fragancias-replicada-no-universo-eyewear\/","name":"Nuxe Eyewear | La inspiraci\u00f3n de las fragancias","isPartOf":{"@id":"https:\/\/www.prooptica.pt\/home\/#website"},"primaryImageOfPage":{"@id":"https:\/\/www.prooptica.pt\/nuxe-eyewear-a-inspiracao-das-fragancias-replicada-no-universo-eyewear\/#primaryimage"},"image":{"@id":"https:\/\/www.prooptica.pt\/nuxe-eyewear-a-inspiracao-das-fragancias-replicada-no-universo-eyewear\/#primaryimage"},"thumbnailUrl":"https:\/\/www.prooptica.pt\/wp-content\/uploads\/2025\/07\/Capa-artigo-blog-2.jpg","datePublished":"2025-07-11T12:07:44+00:00","author":{"@id":"https:\/\/www.prooptica.pt\/home\/#\/schema\/person\/1cbd826a9322a3c38a052e43d1638306"},"description":"Descubra esta colecci\u00f3n \u00fanica y d\u00e9jese conquistar por un look elegante, consciente y absolutamente irresistible.","breadcrumb":{"@id":"https:\/\/www.prooptica.pt\/nuxe-eyewear-a-inspiracao-das-fragancias-replicada-no-universo-eyewear\/#breadcrumb"},"inLanguage":"es","potentialAction":[{"@type":"ReadAction","target":["https:\/\/www.prooptica.pt\/nuxe-eyewear-a-inspiracao-das-fragancias-replicada-no-universo-eyewear\/"]}]},{"@type":"ImageObject","inLanguage":"es","@id":"https:\/\/www.prooptica.pt\/nuxe-eyewear-a-inspiracao-das-fragancias-replicada-no-universo-eyewear\/#primaryimage","url":"https:\/\/www.prooptica.pt\/wp-content\/uploads\/2025\/07\/Capa-artigo-blog-2.jpg","contentUrl":"https:\/\/www.prooptica.pt\/wp-content\/uploads\/2025\/07\/Capa-artigo-blog-2.jpg","width":852,"height":514},{"@type":"BreadcrumbList","@id":"https:\/\/www.prooptica.pt\/nuxe-eyewear-a-inspiracao-das-fragancias-replicada-no-universo-eyewear\/#breadcrumb","itemListElement":[{"@type":"ListItem","position":1,"name":"In\u00edcio","item":"https:\/\/www.prooptica.pt\/"},{"@type":"ListItem","position":2,"name":"Nuxe Eyewear | A inspira\u00e7\u00e3o das frag\u00e2ncias replicada no universo Eyewear"}]},{"@type":"WebSite","@id":"https:\/\/www.prooptica.pt\/home\/#website","url":"https:\/\/www.prooptica.pt\/home\/","name":"Prooptica","description":"Concepto de gafas completas","potentialAction":[{"@type":"SearchAction","target":{"@type":"EntryPoint","urlTemplate":"https:\/\/www.prooptica.pt\/home\/?s={search_term_string}"},"query-input":{"@type":"PropertyValueSpecification","valueRequired":true,"valueName":"search_term_string"}}],"inLanguage":"es"},{"@type":"Person","@id":"https:\/\/www.prooptica.pt\/home\/#\/schema\/person\/1cbd826a9322a3c38a052e43d1638306","name":"admin","image":{"@type":"ImageObject","inLanguage":"es","@id":"https:\/\/secure.gravatar.com\/avatar\/528c714482569d81724b02603aa719344e9ad7c0b50becf07272b2086b2c1cfd?s=96&d=mm&r=g","url":"https:\/\/secure.gravatar.com\/avatar\/528c714482569d81724b02603aa719344e9ad7c0b50becf07272b2086b2c1cfd?s=96&d=mm&r=g","contentUrl":"https:\/\/secure.gravatar.com\/avatar\/528c714482569d81724b02603aa719344e9ad7c0b50becf07272b2086b2c1cfd?s=96&d=mm&r=g","caption":"admin"},"url":"https:\/\/www.prooptica.pt\/es\/author\/admin\/"}]}},"_links":{"self":[{"href":"https:\/\/www.prooptica.pt\/es\/wp-json\/wp\/v2\/posts\/23751","targetHints":{"allow":["GET"]}}],"collection":[{"href":"https:\/\/www.prooptica.pt\/es\/wp-json\/wp\/v2\/posts"}],"about":[{"href":"https:\/\/www.prooptica.pt\/es\/wp-json\/wp\/v2\/types\/post"}],"author":[{"embeddable":true,"href":"https:\/\/www.prooptica.pt\/es\/wp-json\/wp\/v2\/users\/2"}],"replies":[{"embeddable":true,"href":"https:\/\/www.prooptica.pt\/es\/wp-json\/wp\/v2\/comments?post=23751"}],"version-history":[{"count":1,"href":"https:\/\/www.prooptica.pt\/es\/wp-json\/wp\/v2\/posts\/23751\/revisions"}],"predecessor-version":[{"id":23752,"href":"https:\/\/www.prooptica.pt\/es\/wp-json\/wp\/v2\/posts\/23751\/revisions\/23752"}],"wp:featuredmedia":[{"embeddable":true,"href":"https:\/\/www.prooptica.pt\/es\/wp-json\/wp\/v2\/media\/23758"}],"wp:attachment":[{"href":"https:\/\/www.prooptica.pt\/es\/wp-json\/wp\/v2\/media?parent=23751"}],"wp:term":[{"taxonomy":"category","embeddable":true,"href":"https:\/\/www.prooptica.pt\/es\/wp-json\/wp\/v2\/categories?post=23751"},{"taxonomy":"post_tag","embeddable":true,"href":"https:\/\/www.prooptica.pt\/es\/wp-json\/wp\/v2\/tags?post=23751"}],"curies":[{"name":"wp","href":"https:\/\/api.w.org\/{rel}","templated":true}]}}