{"id":23755,"date":"2025-07-11T12:01:41","date_gmt":"2025-07-11T12:01:41","guid":{"rendered":"https:\/\/www.prooptica.pt\/?p=23755"},"modified":"2025-07-11T12:01:41","modified_gmt":"2025-07-11T12:01:41","slug":"sevenoaks-gafas-irreverentes-para-los-que-viven-sin-filtros","status":"publish","type":"post","link":"https:\/\/www.prooptica.pt\/es\/sevenoaks-eyewear-irreverente-para-quem-vive-sem-filtros\/","title":{"rendered":"Sevenoaks | Gafas irreverentes para los que viven sin filtros"},"content":{"rendered":"<p>Sevenoaks es la marca independiente de gafas que conquista a quienes buscan un estilo aut\u00e9ntico, atrevido y lleno de actitud. Unisex y ultra trendy, cada creaci\u00f3n combina detalles vintage con un dise\u00f1o contempor\u00e1neo, dando como resultado piezas \u00fanicas llenas de personalidad.<\/p>\n<p>Fabricados con acetatos y resinas de alta calidad, los modelos Sevenoaks presentan una irreverente explosi\u00f3n de color, perfecta para quienes desean destacar y expresar su estilo de forma libre y original.<\/p>\n<p>Con sus formas llamativas y acabados impecables, las gafas de sol Sevenoaks son el accesorio ideal para quienes no temen atreverse. Cada detalle est\u00e1 pensado para garantizar comodidad, durabilidad y un look impactante, transformando cualquier atuendo en una aut\u00e9ntica declaraci\u00f3n de autenticidad y confianza.<\/p>\n<p>Sevenoaks no son s\u00f3lo gafas: son una extensi\u00f3n de la personalidad de alguien que se niega a pasar desapercibido y cree que la moda debe ser una expresi\u00f3n libre y sin l\u00edmites.<\/p>","protected":false},"excerpt":{"rendered":"<p>A Sevenoaks \u00e9 a marca independente de eyewear que conquista quem procura um estilo aut\u00eantico, ousado e cheio de atitude. Unissex e ultra trendy, cada cria\u00e7\u00e3o combina pormenores vintage com um design contempor\u00e2neo, resultando em pe\u00e7as \u00fanicas, cheias de personalidade. Produzidos em acetatos e resinas de alta qualidade, os modelos Sevenoaks apresentam uma explos\u00e3o de [&hellip;]<\/p>\n","protected":false},"author":2,"featured_media":23756,"comment_status":"closed","ping_status":"closed","sticky":false,"template":"","format":"standard","meta":{"footnotes":""},"categories":[189],"tags":[],"class_list":["post-23755","post","type-post","status-publish","format-standard","has-post-thumbnail","hentry","category-oculos"],"yoast_head":"<!-- This site is optimized with the Yoast SEO plugin v27.4 - https:\/\/yoast.com\/product\/yoast-seo-wordpress\/ -->\n<title>Sevenoaks | Eyewear irreverente para quem vive sem filtros<\/title>\n<meta name=\"description\" content=\"Sevenoaks \u00e9 a extens\u00e3o da personalidade de quem recusa passar despercebido e acredita que a moda deve ser uma express\u00e3o livre e sem limites.\" \/>\n<meta name=\"robots\" content=\"index, follow, max-snippet:-1, max-image-preview:large, max-video-preview:-1\" \/>\n<link rel=\"canonical\" href=\"https:\/\/www.prooptica.pt\/es\/sevenoaks-gafas-irreverentes-para-los-que-viven-sin-filtros\/\" \/>\n<meta property=\"og:locale\" content=\"es_ES\" \/>\n<meta property=\"og:type\" content=\"article\" \/>\n<meta property=\"og:title\" content=\"Sevenoaks | Eyewear irreverente para quem vive sem filtros\" \/>\n<meta property=\"og:description\" content=\"Sevenoaks \u00e9 a extens\u00e3o da personalidade de quem recusa passar despercebido e acredita que a moda deve ser uma express\u00e3o livre e sem limites.\" \/>\n<meta property=\"og:url\" content=\"https:\/\/www.prooptica.pt\/es\/sevenoaks-gafas-irreverentes-para-los-que-viven-sin-filtros\/\" \/>\n<meta property=\"og:site_name\" content=\"Prooptica\" \/>\n<meta property=\"article:published_time\" content=\"2025-07-11T12:01:41+00:00\" \/>\n<meta property=\"og:image\" content=\"https:\/\/www.prooptica.pt\/wp-content\/uploads\/2025\/07\/Capa-artigo-blog-1.jpg\" \/>\n\t<meta property=\"og:image:width\" content=\"852\" \/>\n\t<meta property=\"og:image:height\" content=\"514\" \/>\n\t<meta property=\"og:image:type\" content=\"image\/jpeg\" \/>\n<meta name=\"author\" content=\"admin\" \/>\n<meta name=\"twitter:card\" content=\"summary_large_image\" \/>\n<meta name=\"twitter:label1\" content=\"Escrito por\" \/>\n\t<meta name=\"twitter:data1\" content=\"admin\" \/>\n\t<meta name=\"twitter:label2\" content=\"Tiempo de lectura\" \/>\n\t<meta name=\"twitter:data2\" content=\"1 minuto\" \/>\n<script type=\"application\/ld+json\" class=\"yoast-schema-graph\">{\"@context\":\"https:\\\/\\\/schema.org\",\"@graph\":[{\"@type\":\"Article\",\"@id\":\"https:\\\/\\\/www.prooptica.pt\\\/sevenoaks-eyewear-irreverente-para-quem-vive-sem-filtros\\\/#article\",\"isPartOf\":{\"@id\":\"https:\\\/\\\/www.prooptica.pt\\\/sevenoaks-eyewear-irreverente-para-quem-vive-sem-filtros\\\/\"},\"author\":{\"name\":\"admin\",\"@id\":\"https:\\\/\\\/www.prooptica.pt\\\/home\\\/#\\\/schema\\\/person\\\/1cbd826a9322a3c38a052e43d1638306\"},\"headline\":\"Sevenoaks | Eyewear irreverente para quem vive sem filtros\",\"datePublished\":\"2025-07-11T12:01:41+00:00\",\"mainEntityOfPage\":{\"@id\":\"https:\\\/\\\/www.prooptica.pt\\\/sevenoaks-eyewear-irreverente-para-quem-vive-sem-filtros\\\/\"},\"wordCount\":160,\"image\":{\"@id\":\"https:\\\/\\\/www.prooptica.pt\\\/sevenoaks-eyewear-irreverente-para-quem-vive-sem-filtros\\\/#primaryimage\"},\"thumbnailUrl\":\"https:\\\/\\\/www.prooptica.pt\\\/wp-content\\\/uploads\\\/2025\\\/07\\\/Capa-artigo-blog-1.jpg\",\"articleSection\":[\"\u00d3culos\"],\"inLanguage\":\"es\"},{\"@type\":\"WebPage\",\"@id\":\"https:\\\/\\\/www.prooptica.pt\\\/sevenoaks-eyewear-irreverente-para-quem-vive-sem-filtros\\\/\",\"url\":\"https:\\\/\\\/www.prooptica.pt\\\/sevenoaks-eyewear-irreverente-para-quem-vive-sem-filtros\\\/\",\"name\":\"Sevenoaks | Eyewear irreverente para quem vive sem filtros\",\"isPartOf\":{\"@id\":\"https:\\\/\\\/www.prooptica.pt\\\/home\\\/#website\"},\"primaryImageOfPage\":{\"@id\":\"https:\\\/\\\/www.prooptica.pt\\\/sevenoaks-eyewear-irreverente-para-quem-vive-sem-filtros\\\/#primaryimage\"},\"image\":{\"@id\":\"https:\\\/\\\/www.prooptica.pt\\\/sevenoaks-eyewear-irreverente-para-quem-vive-sem-filtros\\\/#primaryimage\"},\"thumbnailUrl\":\"https:\\\/\\\/www.prooptica.pt\\\/wp-content\\\/uploads\\\/2025\\\/07\\\/Capa-artigo-blog-1.jpg\",\"datePublished\":\"2025-07-11T12:01:41+00:00\",\"author\":{\"@id\":\"https:\\\/\\\/www.prooptica.pt\\\/home\\\/#\\\/schema\\\/person\\\/1cbd826a9322a3c38a052e43d1638306\"},\"description\":\"Sevenoaks \u00e9 a extens\u00e3o da personalidade de quem recusa passar despercebido e acredita que a moda deve ser uma express\u00e3o livre e sem limites.\",\"breadcrumb\":{\"@id\":\"https:\\\/\\\/www.prooptica.pt\\\/sevenoaks-eyewear-irreverente-para-quem-vive-sem-filtros\\\/#breadcrumb\"},\"inLanguage\":\"es\",\"potentialAction\":[{\"@type\":\"ReadAction\",\"target\":[\"https:\\\/\\\/www.prooptica.pt\\\/sevenoaks-eyewear-irreverente-para-quem-vive-sem-filtros\\\/\"]}]},{\"@type\":\"ImageObject\",\"inLanguage\":\"es\",\"@id\":\"https:\\\/\\\/www.prooptica.pt\\\/sevenoaks-eyewear-irreverente-para-quem-vive-sem-filtros\\\/#primaryimage\",\"url\":\"https:\\\/\\\/www.prooptica.pt\\\/wp-content\\\/uploads\\\/2025\\\/07\\\/Capa-artigo-blog-1.jpg\",\"contentUrl\":\"https:\\\/\\\/www.prooptica.pt\\\/wp-content\\\/uploads\\\/2025\\\/07\\\/Capa-artigo-blog-1.jpg\",\"width\":852,\"height\":514},{\"@type\":\"BreadcrumbList\",\"@id\":\"https:\\\/\\\/www.prooptica.pt\\\/sevenoaks-eyewear-irreverente-para-quem-vive-sem-filtros\\\/#breadcrumb\",\"itemListElement\":[{\"@type\":\"ListItem\",\"position\":1,\"name\":\"In\u00edcio\",\"item\":\"https:\\\/\\\/www.prooptica.pt\\\/\"},{\"@type\":\"ListItem\",\"position\":2,\"name\":\"Sevenoaks | Eyewear irreverente para quem vive sem filtros\"}]},{\"@type\":\"WebSite\",\"@id\":\"https:\\\/\\\/www.prooptica.pt\\\/home\\\/#website\",\"url\":\"https:\\\/\\\/www.prooptica.pt\\\/home\\\/\",\"name\":\"Prooptica\",\"description\":\"Full Eyewear Concept\",\"potentialAction\":[{\"@type\":\"SearchAction\",\"target\":{\"@type\":\"EntryPoint\",\"urlTemplate\":\"https:\\\/\\\/www.prooptica.pt\\\/home\\\/?s={search_term_string}\"},\"query-input\":{\"@type\":\"PropertyValueSpecification\",\"valueRequired\":true,\"valueName\":\"search_term_string\"}}],\"inLanguage\":\"es\"},{\"@type\":\"Person\",\"@id\":\"https:\\\/\\\/www.prooptica.pt\\\/home\\\/#\\\/schema\\\/person\\\/1cbd826a9322a3c38a052e43d1638306\",\"name\":\"admin\",\"image\":{\"@type\":\"ImageObject\",\"inLanguage\":\"es\",\"@id\":\"https:\\\/\\\/secure.gravatar.com\\\/avatar\\\/528c714482569d81724b02603aa719344e9ad7c0b50becf07272b2086b2c1cfd?s=96&d=mm&r=g\",\"url\":\"https:\\\/\\\/secure.gravatar.com\\\/avatar\\\/528c714482569d81724b02603aa719344e9ad7c0b50becf07272b2086b2c1cfd?s=96&d=mm&r=g\",\"contentUrl\":\"https:\\\/\\\/secure.gravatar.com\\\/avatar\\\/528c714482569d81724b02603aa719344e9ad7c0b50becf07272b2086b2c1cfd?s=96&d=mm&r=g\",\"caption\":\"admin\"},\"url\":\"https:\\\/\\\/www.prooptica.pt\\\/es\\\/author\\\/admin\\\/\"}]}<\/script>\n<!-- \/ Yoast SEO plugin. -->","yoast_head_json":{"title":"Sevenoaks | Gafas irreverentes para los que viven sin filtros","description":"Sevenoaks es la prolongaci\u00f3n de la personalidad de alguien que se niega a pasar desapercibido y cree que la moda debe ser una expresi\u00f3n libre y sin l\u00edmites.","robots":{"index":"index","follow":"follow","max-snippet":"max-snippet:-1","max-image-preview":"max-image-preview:large","max-video-preview":"max-video-preview:-1"},"canonical":"https:\/\/www.prooptica.pt\/es\/sevenoaks-gafas-irreverentes-para-los-que-viven-sin-filtros\/","og_locale":"es_ES","og_type":"article","og_title":"Sevenoaks | Eyewear irreverente para quem vive sem filtros","og_description":"Sevenoaks \u00e9 a extens\u00e3o da personalidade de quem recusa passar despercebido e acredita que a moda deve ser uma express\u00e3o livre e sem limites.","og_url":"https:\/\/www.prooptica.pt\/es\/sevenoaks-gafas-irreverentes-para-los-que-viven-sin-filtros\/","og_site_name":"Prooptica","article_published_time":"2025-07-11T12:01:41+00:00","og_image":[{"width":852,"height":514,"url":"https:\/\/www.prooptica.pt\/wp-content\/uploads\/2025\/07\/Capa-artigo-blog-1.jpg","type":"image\/jpeg"}],"author":"admin","twitter_card":"summary_large_image","twitter_misc":{"Escrito por":"admin","Tiempo de lectura":"1 minuto"},"schema":{"@context":"https:\/\/schema.org","@graph":[{"@type":"Article","@id":"https:\/\/www.prooptica.pt\/sevenoaks-eyewear-irreverente-para-quem-vive-sem-filtros\/#article","isPartOf":{"@id":"https:\/\/www.prooptica.pt\/sevenoaks-eyewear-irreverente-para-quem-vive-sem-filtros\/"},"author":{"name":"admin","@id":"https:\/\/www.prooptica.pt\/home\/#\/schema\/person\/1cbd826a9322a3c38a052e43d1638306"},"headline":"Sevenoaks | Eyewear irreverente para quem vive sem filtros","datePublished":"2025-07-11T12:01:41+00:00","mainEntityOfPage":{"@id":"https:\/\/www.prooptica.pt\/sevenoaks-eyewear-irreverente-para-quem-vive-sem-filtros\/"},"wordCount":160,"image":{"@id":"https:\/\/www.prooptica.pt\/sevenoaks-eyewear-irreverente-para-quem-vive-sem-filtros\/#primaryimage"},"thumbnailUrl":"https:\/\/www.prooptica.pt\/wp-content\/uploads\/2025\/07\/Capa-artigo-blog-1.jpg","articleSection":["\u00d3culos"],"inLanguage":"es"},{"@type":"WebPage","@id":"https:\/\/www.prooptica.pt\/sevenoaks-eyewear-irreverente-para-quem-vive-sem-filtros\/","url":"https:\/\/www.prooptica.pt\/sevenoaks-eyewear-irreverente-para-quem-vive-sem-filtros\/","name":"Sevenoaks | Gafas irreverentes para los que viven sin filtros","isPartOf":{"@id":"https:\/\/www.prooptica.pt\/home\/#website"},"primaryImageOfPage":{"@id":"https:\/\/www.prooptica.pt\/sevenoaks-eyewear-irreverente-para-quem-vive-sem-filtros\/#primaryimage"},"image":{"@id":"https:\/\/www.prooptica.pt\/sevenoaks-eyewear-irreverente-para-quem-vive-sem-filtros\/#primaryimage"},"thumbnailUrl":"https:\/\/www.prooptica.pt\/wp-content\/uploads\/2025\/07\/Capa-artigo-blog-1.jpg","datePublished":"2025-07-11T12:01:41+00:00","author":{"@id":"https:\/\/www.prooptica.pt\/home\/#\/schema\/person\/1cbd826a9322a3c38a052e43d1638306"},"description":"Sevenoaks es la prolongaci\u00f3n de la personalidad de alguien que se niega a pasar desapercibido y cree que la moda debe ser una expresi\u00f3n libre y sin l\u00edmites.","breadcrumb":{"@id":"https:\/\/www.prooptica.pt\/sevenoaks-eyewear-irreverente-para-quem-vive-sem-filtros\/#breadcrumb"},"inLanguage":"es","potentialAction":[{"@type":"ReadAction","target":["https:\/\/www.prooptica.pt\/sevenoaks-eyewear-irreverente-para-quem-vive-sem-filtros\/"]}]},{"@type":"ImageObject","inLanguage":"es","@id":"https:\/\/www.prooptica.pt\/sevenoaks-eyewear-irreverente-para-quem-vive-sem-filtros\/#primaryimage","url":"https:\/\/www.prooptica.pt\/wp-content\/uploads\/2025\/07\/Capa-artigo-blog-1.jpg","contentUrl":"https:\/\/www.prooptica.pt\/wp-content\/uploads\/2025\/07\/Capa-artigo-blog-1.jpg","width":852,"height":514},{"@type":"BreadcrumbList","@id":"https:\/\/www.prooptica.pt\/sevenoaks-eyewear-irreverente-para-quem-vive-sem-filtros\/#breadcrumb","itemListElement":[{"@type":"ListItem","position":1,"name":"In\u00edcio","item":"https:\/\/www.prooptica.pt\/"},{"@type":"ListItem","position":2,"name":"Sevenoaks | Eyewear irreverente para quem vive sem filtros"}]},{"@type":"WebSite","@id":"https:\/\/www.prooptica.pt\/home\/#website","url":"https:\/\/www.prooptica.pt\/home\/","name":"Prooptica","description":"Concepto de gafas completas","potentialAction":[{"@type":"SearchAction","target":{"@type":"EntryPoint","urlTemplate":"https:\/\/www.prooptica.pt\/home\/?s={search_term_string}"},"query-input":{"@type":"PropertyValueSpecification","valueRequired":true,"valueName":"search_term_string"}}],"inLanguage":"es"},{"@type":"Person","@id":"https:\/\/www.prooptica.pt\/home\/#\/schema\/person\/1cbd826a9322a3c38a052e43d1638306","name":"admin","image":{"@type":"ImageObject","inLanguage":"es","@id":"https:\/\/secure.gravatar.com\/avatar\/528c714482569d81724b02603aa719344e9ad7c0b50becf07272b2086b2c1cfd?s=96&d=mm&r=g","url":"https:\/\/secure.gravatar.com\/avatar\/528c714482569d81724b02603aa719344e9ad7c0b50becf07272b2086b2c1cfd?s=96&d=mm&r=g","contentUrl":"https:\/\/secure.gravatar.com\/avatar\/528c714482569d81724b02603aa719344e9ad7c0b50becf07272b2086b2c1cfd?s=96&d=mm&r=g","caption":"admin"},"url":"https:\/\/www.prooptica.pt\/es\/author\/admin\/"}]}},"_links":{"self":[{"href":"https:\/\/www.prooptica.pt\/es\/wp-json\/wp\/v2\/posts\/23755","targetHints":{"allow":["GET"]}}],"collection":[{"href":"https:\/\/www.prooptica.pt\/es\/wp-json\/wp\/v2\/posts"}],"about":[{"href":"https:\/\/www.prooptica.pt\/es\/wp-json\/wp\/v2\/types\/post"}],"author":[{"embeddable":true,"href":"https:\/\/www.prooptica.pt\/es\/wp-json\/wp\/v2\/users\/2"}],"replies":[{"embeddable":true,"href":"https:\/\/www.prooptica.pt\/es\/wp-json\/wp\/v2\/comments?post=23755"}],"version-history":[{"count":1,"href":"https:\/\/www.prooptica.pt\/es\/wp-json\/wp\/v2\/posts\/23755\/revisions"}],"predecessor-version":[{"id":23757,"href":"https:\/\/www.prooptica.pt\/es\/wp-json\/wp\/v2\/posts\/23755\/revisions\/23757"}],"wp:featuredmedia":[{"embeddable":true,"href":"https:\/\/www.prooptica.pt\/es\/wp-json\/wp\/v2\/media\/23756"}],"wp:attachment":[{"href":"https:\/\/www.prooptica.pt\/es\/wp-json\/wp\/v2\/media?parent=23755"}],"wp:term":[{"taxonomy":"category","embeddable":true,"href":"https:\/\/www.prooptica.pt\/es\/wp-json\/wp\/v2\/categories?post=23755"},{"taxonomy":"post_tag","embeddable":true,"href":"https:\/\/www.prooptica.pt\/es\/wp-json\/wp\/v2\/tags?post=23755"}],"curies":[{"name":"wp","href":"https:\/\/api.w.org\/{rel}","templated":true}]}}