{"id":23775,"date":"2025-07-17T16:31:04","date_gmt":"2025-07-17T16:31:04","guid":{"rendered":"https:\/\/www.prooptica.pt\/?p=23775"},"modified":"2025-07-18T09:26:32","modified_gmt":"2025-07-18T09:26:32","slug":"organizacion-del-punto-de-venta-la-importancia-de-los-estimulos","status":"publish","type":"post","link":"https:\/\/www.prooptica.pt\/es\/organizacao-do-ponto-de-venda-a-importancia-dos-estimulos\/","title":{"rendered":"Organizaci\u00f3n en el punto de venta | La importancia de los est\u00edmulos"},"content":{"rendered":"<p>Las emociones son respuestas autom\u00e1ticas a est\u00edmulos sensoriales y desempe\u00f1an un papel fundamental en nuestras decisiones de compra. En un mercado saturado y con exceso de oferta, a menudo son los sentimientos de los consumidores los que determinan la decisi\u00f3n final. Por tanto, comprender c\u00f3mo influyen los est\u00edmulos en el comportamiento de compra es esencial para cualquier empresa.<\/p>\n<p>Para algunos consumidores, los est\u00edmulos de la tienda act\u00faan como verdaderas pistas que les ayudan a recordar lo que tienen que comprar. Para otros, aunque vayan con una lista bien definida, acaban dej\u00e1ndose llevar por est\u00edmulos inesperados, lo que da lugar a compras imprevistas. En ambos casos, estos est\u00edmulos act\u00faan como \"desencadenantes\" que despiertan necesidades inconscientes u olvidadas.<\/p>\n<p>Varios factores relacionados con el producto pueden impulsar este comportamiento impulsivo: precios atractivos, muestras, promociones, envases atractivos, disposici\u00f3n estrat\u00e9gica en la tienda, publicidad, distribuci\u00f3n a gran escala y facilidad de acceso (servicio gratuito).<\/p>\n<p>Pero no s\u00f3lo cuenta el producto. El equipo de ventas desempe\u00f1a un papel clave: un personal de confianza, servicial y amable anima al consumidor a permanecer m\u00e1s tiempo en la tienda, y cuanto m\u00e1s tiempo, mayor es la probabilidad de una compra impulsiva.<\/p>\n<p>Adem\u00e1s, factores sensoriales como el ambiente, el olor, la m\u00fasica, la iluminaci\u00f3n y los colores son decisivos. Un entorno bien elaborado no s\u00f3lo mejora el estado de \u00e1nimo del consumidor, sino que aumenta considerablemente las posibilidades de compra. Incluso hay tiendas que crean ambientes dise\u00f1ados para estimular varios impulsos simult\u00e1neamente.<\/p>\n<p>Por tanto, la organizaci\u00f3n del punto de venta debe ofrecer una experiencia \u00fanica y atractiva. M\u00e1s que un lugar donde comprar, la tienda se convierte en un escenario donde el consumidor siente, descubre y se inspira. Los eventos y activaciones dentro del espacio f\u00edsico tambi\u00e9n refuerzan esta conexi\u00f3n emocional, creando momentos memorables que influyen positivamente en la decisi\u00f3n de compra.<\/p>\n<p>En resumen, la forma en que se trabajan los est\u00edmulos en el punto de venta puede ser la diferencia entre una visita r\u00e1pida y una experiencia de compra completa, con un impacto directo en el volumen de ventas y la fidelidad del consumidor.<\/p>\n<p>&nbsp;<\/p>","protected":false},"excerpt":{"rendered":"<p>As emo\u00e7\u00f5es s\u00e3o respostas autom\u00e1ticas aos est\u00edmulos sensoriais e desempenham um papel cr\u00edtico nas nossas decis\u00f5es de compra. Num mercado saturado e com excesso de oferta, s\u00e3o os sentimentos dos consumidores que, muitas vezes, direcionam a decis\u00e3o final. Por isso, compreender de que modo os est\u00edmulos influenciam o comportamento de compra \u00e9 essencial para qualquer [&hellip;]<\/p>\n","protected":false},"author":2,"featured_media":23779,"comment_status":"closed","ping_status":"closed","sticky":false,"template":"","format":"standard","meta":{"footnotes":""},"categories":[41,238],"tags":[],"class_list":["post-23775","post","type-post","status-publish","format-standard","has-post-thumbnail","hentry","category-design-arquitetura","category-insight"],"yoast_head":"<!-- This site is optimized with the Yoast SEO plugin v27.4 - https:\/\/yoast.com\/product\/yoast-seo-wordpress\/ -->\n<title>Organiza\u00e7\u00e3o do Ponto de venda | A Import\u00e2ncia dos est\u00edmulos<\/title>\n<meta name=\"description\" content=\"A forma como os est\u00edmulos s\u00e3o trabalhados no ponto de venda pode ser a diferen\u00e7a entre uma visita r\u00e1pida e uma experi\u00eancia de compra completa\" \/>\n<meta name=\"robots\" content=\"index, follow, max-snippet:-1, max-image-preview:large, max-video-preview:-1\" \/>\n<link rel=\"canonical\" href=\"https:\/\/www.prooptica.pt\/es\/organizacion-del-punto-de-venta-la-importancia-de-los-estimulos\/\" \/>\n<meta property=\"og:locale\" content=\"es_ES\" \/>\n<meta property=\"og:type\" content=\"article\" \/>\n<meta property=\"og:title\" content=\"Organiza\u00e7\u00e3o do Ponto de venda | A Import\u00e2ncia dos est\u00edmulos\" \/>\n<meta property=\"og:description\" content=\"A forma como os est\u00edmulos s\u00e3o trabalhados no ponto de venda pode ser a diferen\u00e7a entre uma visita r\u00e1pida e uma experi\u00eancia de compra completa\" \/>\n<meta property=\"og:url\" content=\"https:\/\/www.prooptica.pt\/es\/organizacion-del-punto-de-venta-la-importancia-de-los-estimulos\/\" \/>\n<meta property=\"og:site_name\" content=\"Prooptica\" \/>\n<meta property=\"article:published_time\" content=\"2025-07-17T16:31:04+00:00\" \/>\n<meta property=\"article:modified_time\" content=\"2025-07-18T09:26:32+00:00\" \/>\n<meta property=\"og:image\" content=\"https:\/\/www.prooptica.pt\/wp-content\/uploads\/2025\/07\/Capa-artigo-blog-6.jpg\" \/>\n\t<meta property=\"og:image:width\" content=\"852\" \/>\n\t<meta property=\"og:image:height\" content=\"514\" \/>\n\t<meta property=\"og:image:type\" content=\"image\/jpeg\" \/>\n<meta name=\"author\" content=\"admin\" \/>\n<meta name=\"twitter:card\" content=\"summary_large_image\" \/>\n<meta name=\"twitter:label1\" content=\"Escrito por\" \/>\n\t<meta name=\"twitter:data1\" content=\"admin\" \/>\n\t<meta name=\"twitter:label2\" content=\"Tiempo de lectura\" \/>\n\t<meta name=\"twitter:data2\" content=\"3 minutos\" \/>\n<script type=\"application\/ld+json\" class=\"yoast-schema-graph\">{\"@context\":\"https:\\\/\\\/schema.org\",\"@graph\":[{\"@type\":\"Article\",\"@id\":\"https:\\\/\\\/www.prooptica.pt\\\/organizacao-do-ponto-de-venda-a-importancia-dos-estimulos\\\/#article\",\"isPartOf\":{\"@id\":\"https:\\\/\\\/www.prooptica.pt\\\/organizacao-do-ponto-de-venda-a-importancia-dos-estimulos\\\/\"},\"author\":{\"name\":\"admin\",\"@id\":\"https:\\\/\\\/www.prooptica.pt\\\/home\\\/#\\\/schema\\\/person\\\/1cbd826a9322a3c38a052e43d1638306\"},\"headline\":\"Organiza\u00e7\u00e3o no Ponto de venda | A Import\u00e2ncia dos est\u00edmulos\",\"datePublished\":\"2025-07-17T16:31:04+00:00\",\"dateModified\":\"2025-07-18T09:26:32+00:00\",\"mainEntityOfPage\":{\"@id\":\"https:\\\/\\\/www.prooptica.pt\\\/organizacao-do-ponto-de-venda-a-importancia-dos-estimulos\\\/\"},\"wordCount\":399,\"image\":{\"@id\":\"https:\\\/\\\/www.prooptica.pt\\\/organizacao-do-ponto-de-venda-a-importancia-dos-estimulos\\\/#primaryimage\"},\"thumbnailUrl\":\"https:\\\/\\\/www.prooptica.pt\\\/wp-content\\\/uploads\\\/2025\\\/07\\\/Capa-artigo-blog-6.jpg\",\"articleSection\":[\"Design + Arquitetura\",\"Insight\"],\"inLanguage\":\"es\"},{\"@type\":\"WebPage\",\"@id\":\"https:\\\/\\\/www.prooptica.pt\\\/organizacao-do-ponto-de-venda-a-importancia-dos-estimulos\\\/\",\"url\":\"https:\\\/\\\/www.prooptica.pt\\\/organizacao-do-ponto-de-venda-a-importancia-dos-estimulos\\\/\",\"name\":\"Organiza\u00e7\u00e3o do Ponto de venda | A Import\u00e2ncia dos est\u00edmulos\",\"isPartOf\":{\"@id\":\"https:\\\/\\\/www.prooptica.pt\\\/home\\\/#website\"},\"primaryImageOfPage\":{\"@id\":\"https:\\\/\\\/www.prooptica.pt\\\/organizacao-do-ponto-de-venda-a-importancia-dos-estimulos\\\/#primaryimage\"},\"image\":{\"@id\":\"https:\\\/\\\/www.prooptica.pt\\\/organizacao-do-ponto-de-venda-a-importancia-dos-estimulos\\\/#primaryimage\"},\"thumbnailUrl\":\"https:\\\/\\\/www.prooptica.pt\\\/wp-content\\\/uploads\\\/2025\\\/07\\\/Capa-artigo-blog-6.jpg\",\"datePublished\":\"2025-07-17T16:31:04+00:00\",\"dateModified\":\"2025-07-18T09:26:32+00:00\",\"author\":{\"@id\":\"https:\\\/\\\/www.prooptica.pt\\\/home\\\/#\\\/schema\\\/person\\\/1cbd826a9322a3c38a052e43d1638306\"},\"description\":\"A forma como os est\u00edmulos s\u00e3o trabalhados no ponto de venda pode ser a diferen\u00e7a entre uma visita r\u00e1pida e uma experi\u00eancia de compra completa\",\"breadcrumb\":{\"@id\":\"https:\\\/\\\/www.prooptica.pt\\\/organizacao-do-ponto-de-venda-a-importancia-dos-estimulos\\\/#breadcrumb\"},\"inLanguage\":\"es\",\"potentialAction\":[{\"@type\":\"ReadAction\",\"target\":[\"https:\\\/\\\/www.prooptica.pt\\\/organizacao-do-ponto-de-venda-a-importancia-dos-estimulos\\\/\"]}]},{\"@type\":\"ImageObject\",\"inLanguage\":\"es\",\"@id\":\"https:\\\/\\\/www.prooptica.pt\\\/organizacao-do-ponto-de-venda-a-importancia-dos-estimulos\\\/#primaryimage\",\"url\":\"https:\\\/\\\/www.prooptica.pt\\\/wp-content\\\/uploads\\\/2025\\\/07\\\/Capa-artigo-blog-6.jpg\",\"contentUrl\":\"https:\\\/\\\/www.prooptica.pt\\\/wp-content\\\/uploads\\\/2025\\\/07\\\/Capa-artigo-blog-6.jpg\",\"width\":852,\"height\":514},{\"@type\":\"BreadcrumbList\",\"@id\":\"https:\\\/\\\/www.prooptica.pt\\\/organizacao-do-ponto-de-venda-a-importancia-dos-estimulos\\\/#breadcrumb\",\"itemListElement\":[{\"@type\":\"ListItem\",\"position\":1,\"name\":\"In\u00edcio\",\"item\":\"https:\\\/\\\/www.prooptica.pt\\\/\"},{\"@type\":\"ListItem\",\"position\":2,\"name\":\"Organiza\u00e7\u00e3o no Ponto de venda | A Import\u00e2ncia dos est\u00edmulos\"}]},{\"@type\":\"WebSite\",\"@id\":\"https:\\\/\\\/www.prooptica.pt\\\/home\\\/#website\",\"url\":\"https:\\\/\\\/www.prooptica.pt\\\/home\\\/\",\"name\":\"Prooptica\",\"description\":\"Full Eyewear Concept\",\"potentialAction\":[{\"@type\":\"SearchAction\",\"target\":{\"@type\":\"EntryPoint\",\"urlTemplate\":\"https:\\\/\\\/www.prooptica.pt\\\/home\\\/?s={search_term_string}\"},\"query-input\":{\"@type\":\"PropertyValueSpecification\",\"valueRequired\":true,\"valueName\":\"search_term_string\"}}],\"inLanguage\":\"es\"},{\"@type\":\"Person\",\"@id\":\"https:\\\/\\\/www.prooptica.pt\\\/home\\\/#\\\/schema\\\/person\\\/1cbd826a9322a3c38a052e43d1638306\",\"name\":\"admin\",\"image\":{\"@type\":\"ImageObject\",\"inLanguage\":\"es\",\"@id\":\"https:\\\/\\\/secure.gravatar.com\\\/avatar\\\/528c714482569d81724b02603aa719344e9ad7c0b50becf07272b2086b2c1cfd?s=96&d=mm&r=g\",\"url\":\"https:\\\/\\\/secure.gravatar.com\\\/avatar\\\/528c714482569d81724b02603aa719344e9ad7c0b50becf07272b2086b2c1cfd?s=96&d=mm&r=g\",\"contentUrl\":\"https:\\\/\\\/secure.gravatar.com\\\/avatar\\\/528c714482569d81724b02603aa719344e9ad7c0b50becf07272b2086b2c1cfd?s=96&d=mm&r=g\",\"caption\":\"admin\"},\"url\":\"https:\\\/\\\/www.prooptica.pt\\\/es\\\/author\\\/admin\\\/\"}]}<\/script>\n<!-- \/ Yoast SEO plugin. -->","yoast_head_json":{"title":"Organizar el punto de venta | La importancia de los est\u00edmulos","description":"La forma en que se trabajan los est\u00edmulos en el punto de venta puede ser la diferencia entre una visita r\u00e1pida y una experiencia de compra completa","robots":{"index":"index","follow":"follow","max-snippet":"max-snippet:-1","max-image-preview":"max-image-preview:large","max-video-preview":"max-video-preview:-1"},"canonical":"https:\/\/www.prooptica.pt\/es\/organizacion-del-punto-de-venta-la-importancia-de-los-estimulos\/","og_locale":"es_ES","og_type":"article","og_title":"Organiza\u00e7\u00e3o do Ponto de venda | A Import\u00e2ncia dos est\u00edmulos","og_description":"A forma como os est\u00edmulos s\u00e3o trabalhados no ponto de venda pode ser a diferen\u00e7a entre uma visita r\u00e1pida e uma experi\u00eancia de compra completa","og_url":"https:\/\/www.prooptica.pt\/es\/organizacion-del-punto-de-venta-la-importancia-de-los-estimulos\/","og_site_name":"Prooptica","article_published_time":"2025-07-17T16:31:04+00:00","article_modified_time":"2025-07-18T09:26:32+00:00","og_image":[{"width":852,"height":514,"url":"https:\/\/www.prooptica.pt\/wp-content\/uploads\/2025\/07\/Capa-artigo-blog-6.jpg","type":"image\/jpeg"}],"author":"admin","twitter_card":"summary_large_image","twitter_misc":{"Escrito por":"admin","Tiempo de lectura":"3 minutos"},"schema":{"@context":"https:\/\/schema.org","@graph":[{"@type":"Article","@id":"https:\/\/www.prooptica.pt\/organizacao-do-ponto-de-venda-a-importancia-dos-estimulos\/#article","isPartOf":{"@id":"https:\/\/www.prooptica.pt\/organizacao-do-ponto-de-venda-a-importancia-dos-estimulos\/"},"author":{"name":"admin","@id":"https:\/\/www.prooptica.pt\/home\/#\/schema\/person\/1cbd826a9322a3c38a052e43d1638306"},"headline":"Organiza\u00e7\u00e3o no Ponto de venda | A Import\u00e2ncia dos est\u00edmulos","datePublished":"2025-07-17T16:31:04+00:00","dateModified":"2025-07-18T09:26:32+00:00","mainEntityOfPage":{"@id":"https:\/\/www.prooptica.pt\/organizacao-do-ponto-de-venda-a-importancia-dos-estimulos\/"},"wordCount":399,"image":{"@id":"https:\/\/www.prooptica.pt\/organizacao-do-ponto-de-venda-a-importancia-dos-estimulos\/#primaryimage"},"thumbnailUrl":"https:\/\/www.prooptica.pt\/wp-content\/uploads\/2025\/07\/Capa-artigo-blog-6.jpg","articleSection":["Design + Arquitetura","Insight"],"inLanguage":"es"},{"@type":"WebPage","@id":"https:\/\/www.prooptica.pt\/organizacao-do-ponto-de-venda-a-importancia-dos-estimulos\/","url":"https:\/\/www.prooptica.pt\/organizacao-do-ponto-de-venda-a-importancia-dos-estimulos\/","name":"Organizar el punto de venta | La importancia de los est\u00edmulos","isPartOf":{"@id":"https:\/\/www.prooptica.pt\/home\/#website"},"primaryImageOfPage":{"@id":"https:\/\/www.prooptica.pt\/organizacao-do-ponto-de-venda-a-importancia-dos-estimulos\/#primaryimage"},"image":{"@id":"https:\/\/www.prooptica.pt\/organizacao-do-ponto-de-venda-a-importancia-dos-estimulos\/#primaryimage"},"thumbnailUrl":"https:\/\/www.prooptica.pt\/wp-content\/uploads\/2025\/07\/Capa-artigo-blog-6.jpg","datePublished":"2025-07-17T16:31:04+00:00","dateModified":"2025-07-18T09:26:32+00:00","author":{"@id":"https:\/\/www.prooptica.pt\/home\/#\/schema\/person\/1cbd826a9322a3c38a052e43d1638306"},"description":"La forma en que se trabajan los est\u00edmulos en el punto de venta puede ser la diferencia entre una visita r\u00e1pida y una experiencia de compra completa","breadcrumb":{"@id":"https:\/\/www.prooptica.pt\/organizacao-do-ponto-de-venda-a-importancia-dos-estimulos\/#breadcrumb"},"inLanguage":"es","potentialAction":[{"@type":"ReadAction","target":["https:\/\/www.prooptica.pt\/organizacao-do-ponto-de-venda-a-importancia-dos-estimulos\/"]}]},{"@type":"ImageObject","inLanguage":"es","@id":"https:\/\/www.prooptica.pt\/organizacao-do-ponto-de-venda-a-importancia-dos-estimulos\/#primaryimage","url":"https:\/\/www.prooptica.pt\/wp-content\/uploads\/2025\/07\/Capa-artigo-blog-6.jpg","contentUrl":"https:\/\/www.prooptica.pt\/wp-content\/uploads\/2025\/07\/Capa-artigo-blog-6.jpg","width":852,"height":514},{"@type":"BreadcrumbList","@id":"https:\/\/www.prooptica.pt\/organizacao-do-ponto-de-venda-a-importancia-dos-estimulos\/#breadcrumb","itemListElement":[{"@type":"ListItem","position":1,"name":"In\u00edcio","item":"https:\/\/www.prooptica.pt\/"},{"@type":"ListItem","position":2,"name":"Organiza\u00e7\u00e3o no Ponto de venda | A Import\u00e2ncia dos est\u00edmulos"}]},{"@type":"WebSite","@id":"https:\/\/www.prooptica.pt\/home\/#website","url":"https:\/\/www.prooptica.pt\/home\/","name":"Prooptica","description":"Concepto de gafas completas","potentialAction":[{"@type":"SearchAction","target":{"@type":"EntryPoint","urlTemplate":"https:\/\/www.prooptica.pt\/home\/?s={search_term_string}"},"query-input":{"@type":"PropertyValueSpecification","valueRequired":true,"valueName":"search_term_string"}}],"inLanguage":"es"},{"@type":"Person","@id":"https:\/\/www.prooptica.pt\/home\/#\/schema\/person\/1cbd826a9322a3c38a052e43d1638306","name":"admin","image":{"@type":"ImageObject","inLanguage":"es","@id":"https:\/\/secure.gravatar.com\/avatar\/528c714482569d81724b02603aa719344e9ad7c0b50becf07272b2086b2c1cfd?s=96&d=mm&r=g","url":"https:\/\/secure.gravatar.com\/avatar\/528c714482569d81724b02603aa719344e9ad7c0b50becf07272b2086b2c1cfd?s=96&d=mm&r=g","contentUrl":"https:\/\/secure.gravatar.com\/avatar\/528c714482569d81724b02603aa719344e9ad7c0b50becf07272b2086b2c1cfd?s=96&d=mm&r=g","caption":"admin"},"url":"https:\/\/www.prooptica.pt\/es\/author\/admin\/"}]}},"_links":{"self":[{"href":"https:\/\/www.prooptica.pt\/es\/wp-json\/wp\/v2\/posts\/23775","targetHints":{"allow":["GET"]}}],"collection":[{"href":"https:\/\/www.prooptica.pt\/es\/wp-json\/wp\/v2\/posts"}],"about":[{"href":"https:\/\/www.prooptica.pt\/es\/wp-json\/wp\/v2\/types\/post"}],"author":[{"embeddable":true,"href":"https:\/\/www.prooptica.pt\/es\/wp-json\/wp\/v2\/users\/2"}],"replies":[{"embeddable":true,"href":"https:\/\/www.prooptica.pt\/es\/wp-json\/wp\/v2\/comments?post=23775"}],"version-history":[{"count":2,"href":"https:\/\/www.prooptica.pt\/es\/wp-json\/wp\/v2\/posts\/23775\/revisions"}],"predecessor-version":[{"id":23778,"href":"https:\/\/www.prooptica.pt\/es\/wp-json\/wp\/v2\/posts\/23775\/revisions\/23778"}],"wp:featuredmedia":[{"embeddable":true,"href":"https:\/\/www.prooptica.pt\/es\/wp-json\/wp\/v2\/media\/23779"}],"wp:attachment":[{"href":"https:\/\/www.prooptica.pt\/es\/wp-json\/wp\/v2\/media?parent=23775"}],"wp:term":[{"taxonomy":"category","embeddable":true,"href":"https:\/\/www.prooptica.pt\/es\/wp-json\/wp\/v2\/categories?post=23775"},{"taxonomy":"post_tag","embeddable":true,"href":"https:\/\/www.prooptica.pt\/es\/wp-json\/wp\/v2\/tags?post=23775"}],"curies":[{"name":"wp","href":"https:\/\/api.w.org\/{rel}","templated":true}]}}