{"id":23796,"date":"2025-07-31T08:33:05","date_gmt":"2025-07-31T08:33:05","guid":{"rendered":"https:\/\/www.prooptica.pt\/?p=23796"},"modified":"2025-07-31T08:33:18","modified_gmt":"2025-07-31T08:33:18","slug":"minamoto-el-origen-de-la-elegancia-japonesa","status":"publish","type":"post","link":"https:\/\/www.prooptica.pt\/es\/minamoto-a-origem-da-elegancia-japonesa\/","title":{"rendered":"Minamoto | El origen de la elegancia japonesa"},"content":{"rendered":"<p>La colecci\u00f3n Minamoto es un verdadero homenaje al arte y la est\u00e9tica japoneses. Dise\u00f1ada en Jap\u00f3n y elaborada meticulosamente con titanio japon\u00e9s de la m\u00e1s alta calidad, cada pieza de la colecci\u00f3n Minamoto refleja un compromiso con la durabilidad, el rigor y la belleza atemporal.<\/p>\n<p>Minamoto significa \"origen\" en japon\u00e9s, un nombre que refleja una vuelta a las ra\u00edces de la cultura japonesa, fusionando el dise\u00f1o cl\u00e1sico con la artesan\u00eda tradicional. La colecci\u00f3n destaca por su refinado lenguaje visual, donde el amor por el detalle y el aprecio por el minimalismo se unen para crear piezas elegantes, funcionales y aut\u00e9nticas.<\/p>\n<p>Inspirada en la palabra zen japonesa a-one, la colecci\u00f3n explora la armon\u00eda de los opuestos. Esta filosof\u00eda se plasma visualmente a trav\u00e9s de contrastes equilibrados: modelos asi\u00e1ticas y europeas, moda contempor\u00e1nea y trajes tradicionales japoneses, y expresiones sutiles que evocan el gesto simb\u00f3lico de a-one, un momento de transici\u00f3n entre la inspiraci\u00f3n y la expiraci\u00f3n, entre el principio y el fin.<\/p>\n<p>Cada par de gafas Minamoto es m\u00e1s que un accesorio: es una expresi\u00f3n del alma japonesa, de su serenidad, precisi\u00f3n y belleza perdurable. Las monturas totalmente de titanio combinan partes finas y anchas, mientras que el segundo segmento presenta combinaciones de materiales como el acetato y el titanio.<\/p>\n<p style=\"text-align: center;\"><a href=\"https:\/\/loja.prooptica.pt\/wp-content\/uploads\/Catalogo-Minamoto.pdf\"><span style=\"color: #000000;\"><strong>Haga clic aqu\u00ed para descubrir el cat\u00e1logo<\/strong><\/span><\/a><\/p>","protected":false},"excerpt":{"rendered":"<p>A cole\u00e7\u00e3o Minamoto \u00e9 uma verdadeira homenagem \u00e0 arte e \u00e0 est\u00e9tica japonesa. Desenhada no Jap\u00e3o e meticulosamente fabricada com tit\u00e2nio japon\u00eas da mais alta qualidade, cada pe\u00e7a da cole\u00e7\u00e3o Minamoto reflete um compromisso com a durabilidade, o rigor e a beleza intemporal. Minamoto significa &#8220;origem&#8221; em japon\u00eas \u2014 um nome que traduz o regresso [&hellip;]<\/p>\n","protected":false},"author":2,"featured_media":23798,"comment_status":"closed","ping_status":"closed","sticky":false,"template":"","format":"standard","meta":{"footnotes":""},"categories":[189],"tags":[],"class_list":["post-23796","post","type-post","status-publish","format-standard","has-post-thumbnail","hentry","category-oculos"],"yoast_head":"<!-- This site is optimized with the Yoast SEO plugin v27.5 - https:\/\/yoast.com\/product\/yoast-seo-wordpress\/ -->\n<title>Minamoto | A Origem da Eleg\u00e2ncia Japonesa<\/title>\n<meta name=\"description\" content=\"Cada par de \u00f3culos Minamoto \u00e9 mais do que um acess\u00f3rio \u2014 \u00e9 uma express\u00e3o da alma japonesa, da sua serenidade, precis\u00e3o e beleza duradoura.\" \/>\n<meta name=\"robots\" content=\"index, follow, max-snippet:-1, max-image-preview:large, max-video-preview:-1\" \/>\n<link rel=\"canonical\" href=\"https:\/\/www.prooptica.pt\/es\/minamoto-el-origen-de-la-elegancia-japonesa\/\" \/>\n<meta property=\"og:locale\" content=\"es_ES\" \/>\n<meta property=\"og:type\" content=\"article\" \/>\n<meta property=\"og:title\" content=\"Minamoto | A Origem da Eleg\u00e2ncia Japonesa\" \/>\n<meta property=\"og:description\" content=\"Cada par de \u00f3culos Minamoto \u00e9 mais do que um acess\u00f3rio \u2014 \u00e9 uma express\u00e3o da alma japonesa, da sua serenidade, precis\u00e3o e beleza duradoura.\" \/>\n<meta property=\"og:url\" content=\"https:\/\/www.prooptica.pt\/es\/minamoto-el-origen-de-la-elegancia-japonesa\/\" \/>\n<meta property=\"og:site_name\" content=\"Prooptica\" \/>\n<meta property=\"article:published_time\" content=\"2025-07-31T08:33:05+00:00\" \/>\n<meta property=\"article:modified_time\" content=\"2025-07-31T08:33:18+00:00\" \/>\n<meta property=\"og:image\" content=\"https:\/\/www.prooptica.pt\/wp-content\/uploads\/2025\/07\/Capa-artigo-blog-10.jpg\" \/>\n\t<meta property=\"og:image:width\" content=\"852\" \/>\n\t<meta property=\"og:image:height\" content=\"514\" \/>\n\t<meta property=\"og:image:type\" content=\"image\/jpeg\" \/>\n<meta name=\"author\" content=\"admin\" \/>\n<meta name=\"twitter:card\" content=\"summary_large_image\" \/>\n<meta name=\"twitter:label1\" content=\"Escrito por\" \/>\n\t<meta name=\"twitter:data1\" content=\"admin\" \/>\n\t<meta name=\"twitter:label2\" content=\"Tiempo de lectura\" \/>\n\t<meta name=\"twitter:data2\" content=\"2 minutos\" \/>\n<script type=\"application\/ld+json\" class=\"yoast-schema-graph\">{\"@context\":\"https:\\\/\\\/schema.org\",\"@graph\":[{\"@type\":\"Article\",\"@id\":\"https:\\\/\\\/www.prooptica.pt\\\/minamoto-a-origem-da-elegancia-japonesa\\\/#article\",\"isPartOf\":{\"@id\":\"https:\\\/\\\/www.prooptica.pt\\\/minamoto-a-origem-da-elegancia-japonesa\\\/\"},\"author\":{\"name\":\"admin\",\"@id\":\"https:\\\/\\\/www.prooptica.pt\\\/home\\\/#\\\/schema\\\/person\\\/1cbd826a9322a3c38a052e43d1638306\"},\"headline\":\"Minamoto | A Origem da Eleg\u00e2ncia Japonesa\",\"datePublished\":\"2025-07-31T08:33:05+00:00\",\"dateModified\":\"2025-07-31T08:33:18+00:00\",\"mainEntityOfPage\":{\"@id\":\"https:\\\/\\\/www.prooptica.pt\\\/minamoto-a-origem-da-elegancia-japonesa\\\/\"},\"wordCount\":238,\"image\":{\"@id\":\"https:\\\/\\\/www.prooptica.pt\\\/minamoto-a-origem-da-elegancia-japonesa\\\/#primaryimage\"},\"thumbnailUrl\":\"https:\\\/\\\/www.prooptica.pt\\\/wp-content\\\/uploads\\\/2025\\\/07\\\/Capa-artigo-blog-10.jpg\",\"articleSection\":[\"\u00d3culos\"],\"inLanguage\":\"es\"},{\"@type\":\"WebPage\",\"@id\":\"https:\\\/\\\/www.prooptica.pt\\\/minamoto-a-origem-da-elegancia-japonesa\\\/\",\"url\":\"https:\\\/\\\/www.prooptica.pt\\\/minamoto-a-origem-da-elegancia-japonesa\\\/\",\"name\":\"Minamoto | A Origem da Eleg\u00e2ncia Japonesa\",\"isPartOf\":{\"@id\":\"https:\\\/\\\/www.prooptica.pt\\\/home\\\/#website\"},\"primaryImageOfPage\":{\"@id\":\"https:\\\/\\\/www.prooptica.pt\\\/minamoto-a-origem-da-elegancia-japonesa\\\/#primaryimage\"},\"image\":{\"@id\":\"https:\\\/\\\/www.prooptica.pt\\\/minamoto-a-origem-da-elegancia-japonesa\\\/#primaryimage\"},\"thumbnailUrl\":\"https:\\\/\\\/www.prooptica.pt\\\/wp-content\\\/uploads\\\/2025\\\/07\\\/Capa-artigo-blog-10.jpg\",\"datePublished\":\"2025-07-31T08:33:05+00:00\",\"dateModified\":\"2025-07-31T08:33:18+00:00\",\"author\":{\"@id\":\"https:\\\/\\\/www.prooptica.pt\\\/home\\\/#\\\/schema\\\/person\\\/1cbd826a9322a3c38a052e43d1638306\"},\"description\":\"Cada par de \u00f3culos Minamoto \u00e9 mais do que um acess\u00f3rio \u2014 \u00e9 uma express\u00e3o da alma japonesa, da sua serenidade, precis\u00e3o e beleza duradoura.\",\"breadcrumb\":{\"@id\":\"https:\\\/\\\/www.prooptica.pt\\\/minamoto-a-origem-da-elegancia-japonesa\\\/#breadcrumb\"},\"inLanguage\":\"es\",\"potentialAction\":[{\"@type\":\"ReadAction\",\"target\":[\"https:\\\/\\\/www.prooptica.pt\\\/minamoto-a-origem-da-elegancia-japonesa\\\/\"]}]},{\"@type\":\"ImageObject\",\"inLanguage\":\"es\",\"@id\":\"https:\\\/\\\/www.prooptica.pt\\\/minamoto-a-origem-da-elegancia-japonesa\\\/#primaryimage\",\"url\":\"https:\\\/\\\/www.prooptica.pt\\\/wp-content\\\/uploads\\\/2025\\\/07\\\/Capa-artigo-blog-10.jpg\",\"contentUrl\":\"https:\\\/\\\/www.prooptica.pt\\\/wp-content\\\/uploads\\\/2025\\\/07\\\/Capa-artigo-blog-10.jpg\",\"width\":852,\"height\":514},{\"@type\":\"BreadcrumbList\",\"@id\":\"https:\\\/\\\/www.prooptica.pt\\\/minamoto-a-origem-da-elegancia-japonesa\\\/#breadcrumb\",\"itemListElement\":[{\"@type\":\"ListItem\",\"position\":1,\"name\":\"In\u00edcio\",\"item\":\"https:\\\/\\\/www.prooptica.pt\\\/\"},{\"@type\":\"ListItem\",\"position\":2,\"name\":\"Minamoto | A Origem da Eleg\u00e2ncia Japonesa\"}]},{\"@type\":\"WebSite\",\"@id\":\"https:\\\/\\\/www.prooptica.pt\\\/home\\\/#website\",\"url\":\"https:\\\/\\\/www.prooptica.pt\\\/home\\\/\",\"name\":\"Prooptica\",\"description\":\"Full Eyewear Concept\",\"potentialAction\":[{\"@type\":\"SearchAction\",\"target\":{\"@type\":\"EntryPoint\",\"urlTemplate\":\"https:\\\/\\\/www.prooptica.pt\\\/home\\\/?s={search_term_string}\"},\"query-input\":{\"@type\":\"PropertyValueSpecification\",\"valueRequired\":true,\"valueName\":\"search_term_string\"}}],\"inLanguage\":\"es\"},{\"@type\":\"Person\",\"@id\":\"https:\\\/\\\/www.prooptica.pt\\\/home\\\/#\\\/schema\\\/person\\\/1cbd826a9322a3c38a052e43d1638306\",\"name\":\"admin\",\"image\":{\"@type\":\"ImageObject\",\"inLanguage\":\"es\",\"@id\":\"https:\\\/\\\/secure.gravatar.com\\\/avatar\\\/528c714482569d81724b02603aa719344e9ad7c0b50becf07272b2086b2c1cfd?s=96&d=mm&r=g\",\"url\":\"https:\\\/\\\/secure.gravatar.com\\\/avatar\\\/528c714482569d81724b02603aa719344e9ad7c0b50becf07272b2086b2c1cfd?s=96&d=mm&r=g\",\"contentUrl\":\"https:\\\/\\\/secure.gravatar.com\\\/avatar\\\/528c714482569d81724b02603aa719344e9ad7c0b50becf07272b2086b2c1cfd?s=96&d=mm&r=g\",\"caption\":\"admin\"},\"url\":\"https:\\\/\\\/www.prooptica.pt\\\/es\\\/author\\\/admin\\\/\"}]}<\/script>\n<!-- \/ Yoast SEO plugin. -->","yoast_head_json":{"title":"Minamoto | El origen de la elegancia japonesa","description":"Cada par de gafas Minamoto es m\u00e1s que un accesorio: es una expresi\u00f3n del alma japonesa, de su serenidad, precisi\u00f3n y belleza perdurable.","robots":{"index":"index","follow":"follow","max-snippet":"max-snippet:-1","max-image-preview":"max-image-preview:large","max-video-preview":"max-video-preview:-1"},"canonical":"https:\/\/www.prooptica.pt\/es\/minamoto-el-origen-de-la-elegancia-japonesa\/","og_locale":"es_ES","og_type":"article","og_title":"Minamoto | A Origem da Eleg\u00e2ncia Japonesa","og_description":"Cada par de \u00f3culos Minamoto \u00e9 mais do que um acess\u00f3rio \u2014 \u00e9 uma express\u00e3o da alma japonesa, da sua serenidade, precis\u00e3o e beleza duradoura.","og_url":"https:\/\/www.prooptica.pt\/es\/minamoto-el-origen-de-la-elegancia-japonesa\/","og_site_name":"Prooptica","article_published_time":"2025-07-31T08:33:05+00:00","article_modified_time":"2025-07-31T08:33:18+00:00","og_image":[{"width":852,"height":514,"url":"https:\/\/www.prooptica.pt\/wp-content\/uploads\/2025\/07\/Capa-artigo-blog-10.jpg","type":"image\/jpeg"}],"author":"admin","twitter_card":"summary_large_image","twitter_misc":{"Escrito por":"admin","Tiempo de lectura":"2 minutos"},"schema":{"@context":"https:\/\/schema.org","@graph":[{"@type":"Article","@id":"https:\/\/www.prooptica.pt\/minamoto-a-origem-da-elegancia-japonesa\/#article","isPartOf":{"@id":"https:\/\/www.prooptica.pt\/minamoto-a-origem-da-elegancia-japonesa\/"},"author":{"name":"admin","@id":"https:\/\/www.prooptica.pt\/home\/#\/schema\/person\/1cbd826a9322a3c38a052e43d1638306"},"headline":"Minamoto | A Origem da Eleg\u00e2ncia Japonesa","datePublished":"2025-07-31T08:33:05+00:00","dateModified":"2025-07-31T08:33:18+00:00","mainEntityOfPage":{"@id":"https:\/\/www.prooptica.pt\/minamoto-a-origem-da-elegancia-japonesa\/"},"wordCount":238,"image":{"@id":"https:\/\/www.prooptica.pt\/minamoto-a-origem-da-elegancia-japonesa\/#primaryimage"},"thumbnailUrl":"https:\/\/www.prooptica.pt\/wp-content\/uploads\/2025\/07\/Capa-artigo-blog-10.jpg","articleSection":["\u00d3culos"],"inLanguage":"es"},{"@type":"WebPage","@id":"https:\/\/www.prooptica.pt\/minamoto-a-origem-da-elegancia-japonesa\/","url":"https:\/\/www.prooptica.pt\/minamoto-a-origem-da-elegancia-japonesa\/","name":"Minamoto | El origen de la elegancia japonesa","isPartOf":{"@id":"https:\/\/www.prooptica.pt\/home\/#website"},"primaryImageOfPage":{"@id":"https:\/\/www.prooptica.pt\/minamoto-a-origem-da-elegancia-japonesa\/#primaryimage"},"image":{"@id":"https:\/\/www.prooptica.pt\/minamoto-a-origem-da-elegancia-japonesa\/#primaryimage"},"thumbnailUrl":"https:\/\/www.prooptica.pt\/wp-content\/uploads\/2025\/07\/Capa-artigo-blog-10.jpg","datePublished":"2025-07-31T08:33:05+00:00","dateModified":"2025-07-31T08:33:18+00:00","author":{"@id":"https:\/\/www.prooptica.pt\/home\/#\/schema\/person\/1cbd826a9322a3c38a052e43d1638306"},"description":"Cada par de gafas Minamoto es m\u00e1s que un accesorio: es una expresi\u00f3n del alma japonesa, de su serenidad, precisi\u00f3n y belleza perdurable.","breadcrumb":{"@id":"https:\/\/www.prooptica.pt\/minamoto-a-origem-da-elegancia-japonesa\/#breadcrumb"},"inLanguage":"es","potentialAction":[{"@type":"ReadAction","target":["https:\/\/www.prooptica.pt\/minamoto-a-origem-da-elegancia-japonesa\/"]}]},{"@type":"ImageObject","inLanguage":"es","@id":"https:\/\/www.prooptica.pt\/minamoto-a-origem-da-elegancia-japonesa\/#primaryimage","url":"https:\/\/www.prooptica.pt\/wp-content\/uploads\/2025\/07\/Capa-artigo-blog-10.jpg","contentUrl":"https:\/\/www.prooptica.pt\/wp-content\/uploads\/2025\/07\/Capa-artigo-blog-10.jpg","width":852,"height":514},{"@type":"BreadcrumbList","@id":"https:\/\/www.prooptica.pt\/minamoto-a-origem-da-elegancia-japonesa\/#breadcrumb","itemListElement":[{"@type":"ListItem","position":1,"name":"In\u00edcio","item":"https:\/\/www.prooptica.pt\/"},{"@type":"ListItem","position":2,"name":"Minamoto | A Origem da Eleg\u00e2ncia Japonesa"}]},{"@type":"WebSite","@id":"https:\/\/www.prooptica.pt\/home\/#website","url":"https:\/\/www.prooptica.pt\/home\/","name":"Prooptica","description":"Concepto de gafas completas","potentialAction":[{"@type":"SearchAction","target":{"@type":"EntryPoint","urlTemplate":"https:\/\/www.prooptica.pt\/home\/?s={search_term_string}"},"query-input":{"@type":"PropertyValueSpecification","valueRequired":true,"valueName":"search_term_string"}}],"inLanguage":"es"},{"@type":"Person","@id":"https:\/\/www.prooptica.pt\/home\/#\/schema\/person\/1cbd826a9322a3c38a052e43d1638306","name":"admin","image":{"@type":"ImageObject","inLanguage":"es","@id":"https:\/\/secure.gravatar.com\/avatar\/528c714482569d81724b02603aa719344e9ad7c0b50becf07272b2086b2c1cfd?s=96&d=mm&r=g","url":"https:\/\/secure.gravatar.com\/avatar\/528c714482569d81724b02603aa719344e9ad7c0b50becf07272b2086b2c1cfd?s=96&d=mm&r=g","contentUrl":"https:\/\/secure.gravatar.com\/avatar\/528c714482569d81724b02603aa719344e9ad7c0b50becf07272b2086b2c1cfd?s=96&d=mm&r=g","caption":"admin"},"url":"https:\/\/www.prooptica.pt\/es\/author\/admin\/"}]}},"_links":{"self":[{"href":"https:\/\/www.prooptica.pt\/es\/wp-json\/wp\/v2\/posts\/23796","targetHints":{"allow":["GET"]}}],"collection":[{"href":"https:\/\/www.prooptica.pt\/es\/wp-json\/wp\/v2\/posts"}],"about":[{"href":"https:\/\/www.prooptica.pt\/es\/wp-json\/wp\/v2\/types\/post"}],"author":[{"embeddable":true,"href":"https:\/\/www.prooptica.pt\/es\/wp-json\/wp\/v2\/users\/2"}],"replies":[{"embeddable":true,"href":"https:\/\/www.prooptica.pt\/es\/wp-json\/wp\/v2\/comments?post=23796"}],"version-history":[{"count":2,"href":"https:\/\/www.prooptica.pt\/es\/wp-json\/wp\/v2\/posts\/23796\/revisions"}],"predecessor-version":[{"id":23800,"href":"https:\/\/www.prooptica.pt\/es\/wp-json\/wp\/v2\/posts\/23796\/revisions\/23800"}],"wp:featuredmedia":[{"embeddable":true,"href":"https:\/\/www.prooptica.pt\/es\/wp-json\/wp\/v2\/media\/23798"}],"wp:attachment":[{"href":"https:\/\/www.prooptica.pt\/es\/wp-json\/wp\/v2\/media?parent=23796"}],"wp:term":[{"taxonomy":"category","embeddable":true,"href":"https:\/\/www.prooptica.pt\/es\/wp-json\/wp\/v2\/categories?post=23796"},{"taxonomy":"post_tag","embeddable":true,"href":"https:\/\/www.prooptica.pt\/es\/wp-json\/wp\/v2\/tags?post=23796"}],"curies":[{"name":"wp","href":"https:\/\/api.w.org\/{rel}","templated":true}]}}