{"id":23826,"date":"2025-08-21T12:29:35","date_gmt":"2025-08-21T12:29:35","guid":{"rendered":"https:\/\/www.prooptica.pt\/?p=23826"},"modified":"2025-08-21T12:29:35","modified_gmt":"2025-08-21T12:29:35","slug":"dia-internacional-de-la-moda-el-estilo-a-traves-de-los-ojos","status":"publish","type":"post","link":"https:\/\/www.prooptica.pt\/es\/dia-internacional-da-moda-celebrar-o-estilo-atraves-do-olhar\/","title":{"rendered":"D\u00eda Internacional de la Moda | Celebrar el estilo a trav\u00e9s de los ojos"},"content":{"rendered":"<p>El D\u00eda Internacional de la Moda es una ocasi\u00f3n para celebrar la creatividad, la expresi\u00f3n personal y la capacidad de la moda para transformar nuestra vida cotidiana. M\u00e1s que ropa, la moda es actitud, identidad y visi\u00f3n, y las gafas son hoy uno de sus protagonistas m\u00e1s llamativos.<\/p>\n<p>En Prooptica, creemos que las gafas son mucho m\u00e1s que un accesorio funcional: son piezas de moda que completan el look, traducen estilo y reflejan la personalidad de quien las lleva.<\/p>\n<p><strong>Apostar por la moda portuguesa e ib\u00e9rica<\/strong><\/p>\n<p>Desde hace m\u00e1s de tres d\u00e9cadas, Prooptica apuesta por valorizar la moda portuguesa e ib\u00e9rica a trav\u00e9s de colecciones exclusivas de gafas. Estas l\u00edneas combinan dise\u00f1o, calidad y tendencias internacionales, pero siempre con la firma creativa de nuestra identidad cultural.<\/p>\n<p>Un ejemplo de ello son las asociaciones con marcas l\u00edderes como <strong>Dielmar<\/strong>un icono de la sastrer\u00eda masculina de lujo que traslada toda su tradici\u00f3n de elegancia y refinamiento al mundo de las gafas, y <strong>Lanidor<\/strong>una de las marcas portuguesas de moda femenina m\u00e1s prestigiosas, que inspira colecciones de gafas sofisticadas y modernas, dise\u00f1adas para mujeres cosmopolitas.<\/p>\n<p>Junto a ellas, la <strong>Duyos<\/strong>creada en colaboraci\u00f3n con el renombrado dise\u00f1ador espa\u00f1ol Juan Duyos. Reconocido por su estilo elegante, sofisticado y atemporal, Duyos traslada al mundo de las gafas la esencia de la moda ib\u00e9rica: moderna, expresiva y llena de personalidad.<\/p>\n<p>Con estas colecciones, Prooptica refuerza su papel de embajadora de la moda en el sector \u00f3ptico, ofreciendo al mercado piezas que no s\u00f3lo siguen las tendencias, sino que cuentan historias y traducen la esencia de un look \u00fanico.<\/p>\n<p><strong>El futuro de la moda depende de la mirada<\/strong><\/p>\n<p>En este D\u00eda Internacional de la Moda, celebramos todas las formas de expresi\u00f3n que surgen de la creatividad - y tambi\u00e9n el poder transformador de un par de gafas. Porque cada gafa es una declaraci\u00f3n, y en Prooptica seguiremos desarrollando colecciones que den voz (y estilo) a la moda portuguesa e ib\u00e9rica.<\/p>\n<p>&nbsp;<\/p>","protected":false},"excerpt":{"rendered":"<p>O Dia Internacional da Moda \u00e9 uma ocasi\u00e3o para celebrar a criatividade, a express\u00e3o pessoal e a capacidade da moda de transformar o nosso quotidiano. Mais do que roupa, a moda \u00e9 atitude, identidade e vis\u00e3o \u2014 e o eyewear \u00e9 hoje um dos seus protagonistas mais marcantes. Na Prooptica, acreditamos que os \u00f3culos s\u00e3o [&hellip;]<\/p>\n","protected":false},"author":2,"featured_media":23827,"comment_status":"closed","ping_status":"closed","sticky":false,"template":"","format":"standard","meta":{"footnotes":""},"categories":[238,67],"tags":[],"class_list":["post-23826","post","type-post","status-publish","format-standard","has-post-thumbnail","hentry","category-insight","category-moda-portuguesa"],"yoast_head":"<!-- This site is optimized with the Yoast SEO plugin v27.5 - https:\/\/yoast.com\/product\/yoast-seo-wordpress\/ -->\n<title>Dia Internacional da Moda | Celebrar o estilo atrav\u00e9s do olhar<\/title>\n<meta name=\"description\" content=\"H\u00e1 mais de tr\u00eas d\u00e9cadas que a Prooptica aposta em valorizar a moda portuguesa e ib\u00e9rica, atrav\u00e9s de cole\u00e7\u00f5es de eyewear exclusivas.\" \/>\n<meta name=\"robots\" content=\"index, follow, max-snippet:-1, max-image-preview:large, max-video-preview:-1\" \/>\n<link rel=\"canonical\" href=\"https:\/\/www.prooptica.pt\/es\/dia-internacional-de-la-moda-el-estilo-a-traves-de-los-ojos\/\" \/>\n<meta property=\"og:locale\" content=\"es_ES\" \/>\n<meta property=\"og:type\" content=\"article\" \/>\n<meta property=\"og:title\" content=\"Dia Internacional da Moda | Celebrar o estilo atrav\u00e9s do olhar\" \/>\n<meta property=\"og:description\" content=\"H\u00e1 mais de tr\u00eas d\u00e9cadas que a Prooptica aposta em valorizar a moda portuguesa e ib\u00e9rica, atrav\u00e9s de cole\u00e7\u00f5es de eyewear exclusivas.\" \/>\n<meta property=\"og:url\" content=\"https:\/\/www.prooptica.pt\/es\/dia-internacional-de-la-moda-el-estilo-a-traves-de-los-ojos\/\" \/>\n<meta property=\"og:site_name\" content=\"Prooptica\" \/>\n<meta property=\"article:published_time\" content=\"2025-08-21T12:29:35+00:00\" \/>\n<meta property=\"og:image\" content=\"https:\/\/www.prooptica.pt\/wp-content\/uploads\/2025\/08\/Capa-artigo-blog-1.jpg\" \/>\n\t<meta property=\"og:image:width\" content=\"852\" \/>\n\t<meta property=\"og:image:height\" content=\"514\" \/>\n\t<meta property=\"og:image:type\" content=\"image\/jpeg\" \/>\n<meta name=\"author\" content=\"admin\" \/>\n<meta name=\"twitter:card\" content=\"summary_large_image\" \/>\n<meta name=\"twitter:label1\" content=\"Escrito por\" \/>\n\t<meta name=\"twitter:data1\" content=\"admin\" \/>\n\t<meta name=\"twitter:label2\" content=\"Tiempo de lectura\" \/>\n\t<meta name=\"twitter:data2\" content=\"2 minutos\" \/>\n<script type=\"application\/ld+json\" class=\"yoast-schema-graph\">{\"@context\":\"https:\\\/\\\/schema.org\",\"@graph\":[{\"@type\":\"Article\",\"@id\":\"https:\\\/\\\/www.prooptica.pt\\\/dia-internacional-da-moda-celebrar-o-estilo-atraves-do-olhar\\\/#article\",\"isPartOf\":{\"@id\":\"https:\\\/\\\/www.prooptica.pt\\\/dia-internacional-da-moda-celebrar-o-estilo-atraves-do-olhar\\\/\"},\"author\":{\"name\":\"admin\",\"@id\":\"https:\\\/\\\/www.prooptica.pt\\\/home\\\/#\\\/schema\\\/person\\\/1cbd826a9322a3c38a052e43d1638306\"},\"headline\":\"Dia Internacional da Moda | Celebrar o estilo atrav\u00e9s do olhar\",\"datePublished\":\"2025-08-21T12:29:35+00:00\",\"mainEntityOfPage\":{\"@id\":\"https:\\\/\\\/www.prooptica.pt\\\/dia-internacional-da-moda-celebrar-o-estilo-atraves-do-olhar\\\/\"},\"wordCount\":368,\"image\":{\"@id\":\"https:\\\/\\\/www.prooptica.pt\\\/dia-internacional-da-moda-celebrar-o-estilo-atraves-do-olhar\\\/#primaryimage\"},\"thumbnailUrl\":\"https:\\\/\\\/www.prooptica.pt\\\/wp-content\\\/uploads\\\/2025\\\/08\\\/Capa-artigo-blog-1.jpg\",\"articleSection\":[\"Insight\",\"Moda Portuguesa\"],\"inLanguage\":\"es\"},{\"@type\":\"WebPage\",\"@id\":\"https:\\\/\\\/www.prooptica.pt\\\/dia-internacional-da-moda-celebrar-o-estilo-atraves-do-olhar\\\/\",\"url\":\"https:\\\/\\\/www.prooptica.pt\\\/dia-internacional-da-moda-celebrar-o-estilo-atraves-do-olhar\\\/\",\"name\":\"Dia Internacional da Moda | Celebrar o estilo atrav\u00e9s do olhar\",\"isPartOf\":{\"@id\":\"https:\\\/\\\/www.prooptica.pt\\\/home\\\/#website\"},\"primaryImageOfPage\":{\"@id\":\"https:\\\/\\\/www.prooptica.pt\\\/dia-internacional-da-moda-celebrar-o-estilo-atraves-do-olhar\\\/#primaryimage\"},\"image\":{\"@id\":\"https:\\\/\\\/www.prooptica.pt\\\/dia-internacional-da-moda-celebrar-o-estilo-atraves-do-olhar\\\/#primaryimage\"},\"thumbnailUrl\":\"https:\\\/\\\/www.prooptica.pt\\\/wp-content\\\/uploads\\\/2025\\\/08\\\/Capa-artigo-blog-1.jpg\",\"datePublished\":\"2025-08-21T12:29:35+00:00\",\"author\":{\"@id\":\"https:\\\/\\\/www.prooptica.pt\\\/home\\\/#\\\/schema\\\/person\\\/1cbd826a9322a3c38a052e43d1638306\"},\"description\":\"H\u00e1 mais de tr\u00eas d\u00e9cadas que a Prooptica aposta em valorizar a moda portuguesa e ib\u00e9rica, atrav\u00e9s de cole\u00e7\u00f5es de eyewear exclusivas.\",\"breadcrumb\":{\"@id\":\"https:\\\/\\\/www.prooptica.pt\\\/dia-internacional-da-moda-celebrar-o-estilo-atraves-do-olhar\\\/#breadcrumb\"},\"inLanguage\":\"es\",\"potentialAction\":[{\"@type\":\"ReadAction\",\"target\":[\"https:\\\/\\\/www.prooptica.pt\\\/dia-internacional-da-moda-celebrar-o-estilo-atraves-do-olhar\\\/\"]}]},{\"@type\":\"ImageObject\",\"inLanguage\":\"es\",\"@id\":\"https:\\\/\\\/www.prooptica.pt\\\/dia-internacional-da-moda-celebrar-o-estilo-atraves-do-olhar\\\/#primaryimage\",\"url\":\"https:\\\/\\\/www.prooptica.pt\\\/wp-content\\\/uploads\\\/2025\\\/08\\\/Capa-artigo-blog-1.jpg\",\"contentUrl\":\"https:\\\/\\\/www.prooptica.pt\\\/wp-content\\\/uploads\\\/2025\\\/08\\\/Capa-artigo-blog-1.jpg\",\"width\":852,\"height\":514},{\"@type\":\"BreadcrumbList\",\"@id\":\"https:\\\/\\\/www.prooptica.pt\\\/dia-internacional-da-moda-celebrar-o-estilo-atraves-do-olhar\\\/#breadcrumb\",\"itemListElement\":[{\"@type\":\"ListItem\",\"position\":1,\"name\":\"In\u00edcio\",\"item\":\"https:\\\/\\\/www.prooptica.pt\\\/\"},{\"@type\":\"ListItem\",\"position\":2,\"name\":\"Dia Internacional da Moda | Celebrar o estilo atrav\u00e9s do olhar\"}]},{\"@type\":\"WebSite\",\"@id\":\"https:\\\/\\\/www.prooptica.pt\\\/home\\\/#website\",\"url\":\"https:\\\/\\\/www.prooptica.pt\\\/home\\\/\",\"name\":\"Prooptica\",\"description\":\"Full Eyewear Concept\",\"potentialAction\":[{\"@type\":\"SearchAction\",\"target\":{\"@type\":\"EntryPoint\",\"urlTemplate\":\"https:\\\/\\\/www.prooptica.pt\\\/home\\\/?s={search_term_string}\"},\"query-input\":{\"@type\":\"PropertyValueSpecification\",\"valueRequired\":true,\"valueName\":\"search_term_string\"}}],\"inLanguage\":\"es\"},{\"@type\":\"Person\",\"@id\":\"https:\\\/\\\/www.prooptica.pt\\\/home\\\/#\\\/schema\\\/person\\\/1cbd826a9322a3c38a052e43d1638306\",\"name\":\"admin\",\"image\":{\"@type\":\"ImageObject\",\"inLanguage\":\"es\",\"@id\":\"https:\\\/\\\/secure.gravatar.com\\\/avatar\\\/528c714482569d81724b02603aa719344e9ad7c0b50becf07272b2086b2c1cfd?s=96&d=mm&r=g\",\"url\":\"https:\\\/\\\/secure.gravatar.com\\\/avatar\\\/528c714482569d81724b02603aa719344e9ad7c0b50becf07272b2086b2c1cfd?s=96&d=mm&r=g\",\"contentUrl\":\"https:\\\/\\\/secure.gravatar.com\\\/avatar\\\/528c714482569d81724b02603aa719344e9ad7c0b50becf07272b2086b2c1cfd?s=96&d=mm&r=g\",\"caption\":\"admin\"},\"url\":\"https:\\\/\\\/www.prooptica.pt\\\/es\\\/author\\\/admin\\\/\"}]}<\/script>\n<!-- \/ Yoast SEO plugin. -->","yoast_head_json":{"title":"D\u00eda Internacional de la Moda | Celebrar el estilo a trav\u00e9s de los ojos","description":"Desde hace m\u00e1s de tres d\u00e9cadas, Prooptica apuesta por la moda portuguesa e ib\u00e9rica a trav\u00e9s de colecciones exclusivas de gafas.","robots":{"index":"index","follow":"follow","max-snippet":"max-snippet:-1","max-image-preview":"max-image-preview:large","max-video-preview":"max-video-preview:-1"},"canonical":"https:\/\/www.prooptica.pt\/es\/dia-internacional-de-la-moda-el-estilo-a-traves-de-los-ojos\/","og_locale":"es_ES","og_type":"article","og_title":"Dia Internacional da Moda | Celebrar o estilo atrav\u00e9s do olhar","og_description":"H\u00e1 mais de tr\u00eas d\u00e9cadas que a Prooptica aposta em valorizar a moda portuguesa e ib\u00e9rica, atrav\u00e9s de cole\u00e7\u00f5es de eyewear exclusivas.","og_url":"https:\/\/www.prooptica.pt\/es\/dia-internacional-de-la-moda-el-estilo-a-traves-de-los-ojos\/","og_site_name":"Prooptica","article_published_time":"2025-08-21T12:29:35+00:00","og_image":[{"width":852,"height":514,"url":"https:\/\/www.prooptica.pt\/wp-content\/uploads\/2025\/08\/Capa-artigo-blog-1.jpg","type":"image\/jpeg"}],"author":"admin","twitter_card":"summary_large_image","twitter_misc":{"Escrito por":"admin","Tiempo de lectura":"2 minutos"},"schema":{"@context":"https:\/\/schema.org","@graph":[{"@type":"Article","@id":"https:\/\/www.prooptica.pt\/dia-internacional-da-moda-celebrar-o-estilo-atraves-do-olhar\/#article","isPartOf":{"@id":"https:\/\/www.prooptica.pt\/dia-internacional-da-moda-celebrar-o-estilo-atraves-do-olhar\/"},"author":{"name":"admin","@id":"https:\/\/www.prooptica.pt\/home\/#\/schema\/person\/1cbd826a9322a3c38a052e43d1638306"},"headline":"Dia Internacional da Moda | Celebrar o estilo atrav\u00e9s do olhar","datePublished":"2025-08-21T12:29:35+00:00","mainEntityOfPage":{"@id":"https:\/\/www.prooptica.pt\/dia-internacional-da-moda-celebrar-o-estilo-atraves-do-olhar\/"},"wordCount":368,"image":{"@id":"https:\/\/www.prooptica.pt\/dia-internacional-da-moda-celebrar-o-estilo-atraves-do-olhar\/#primaryimage"},"thumbnailUrl":"https:\/\/www.prooptica.pt\/wp-content\/uploads\/2025\/08\/Capa-artigo-blog-1.jpg","articleSection":["Insight","Moda Portuguesa"],"inLanguage":"es"},{"@type":"WebPage","@id":"https:\/\/www.prooptica.pt\/dia-internacional-da-moda-celebrar-o-estilo-atraves-do-olhar\/","url":"https:\/\/www.prooptica.pt\/dia-internacional-da-moda-celebrar-o-estilo-atraves-do-olhar\/","name":"D\u00eda Internacional de la Moda | Celebrar el estilo a trav\u00e9s de los ojos","isPartOf":{"@id":"https:\/\/www.prooptica.pt\/home\/#website"},"primaryImageOfPage":{"@id":"https:\/\/www.prooptica.pt\/dia-internacional-da-moda-celebrar-o-estilo-atraves-do-olhar\/#primaryimage"},"image":{"@id":"https:\/\/www.prooptica.pt\/dia-internacional-da-moda-celebrar-o-estilo-atraves-do-olhar\/#primaryimage"},"thumbnailUrl":"https:\/\/www.prooptica.pt\/wp-content\/uploads\/2025\/08\/Capa-artigo-blog-1.jpg","datePublished":"2025-08-21T12:29:35+00:00","author":{"@id":"https:\/\/www.prooptica.pt\/home\/#\/schema\/person\/1cbd826a9322a3c38a052e43d1638306"},"description":"Desde hace m\u00e1s de tres d\u00e9cadas, Prooptica apuesta por la moda portuguesa e ib\u00e9rica a trav\u00e9s de colecciones exclusivas de gafas.","breadcrumb":{"@id":"https:\/\/www.prooptica.pt\/dia-internacional-da-moda-celebrar-o-estilo-atraves-do-olhar\/#breadcrumb"},"inLanguage":"es","potentialAction":[{"@type":"ReadAction","target":["https:\/\/www.prooptica.pt\/dia-internacional-da-moda-celebrar-o-estilo-atraves-do-olhar\/"]}]},{"@type":"ImageObject","inLanguage":"es","@id":"https:\/\/www.prooptica.pt\/dia-internacional-da-moda-celebrar-o-estilo-atraves-do-olhar\/#primaryimage","url":"https:\/\/www.prooptica.pt\/wp-content\/uploads\/2025\/08\/Capa-artigo-blog-1.jpg","contentUrl":"https:\/\/www.prooptica.pt\/wp-content\/uploads\/2025\/08\/Capa-artigo-blog-1.jpg","width":852,"height":514},{"@type":"BreadcrumbList","@id":"https:\/\/www.prooptica.pt\/dia-internacional-da-moda-celebrar-o-estilo-atraves-do-olhar\/#breadcrumb","itemListElement":[{"@type":"ListItem","position":1,"name":"In\u00edcio","item":"https:\/\/www.prooptica.pt\/"},{"@type":"ListItem","position":2,"name":"Dia Internacional da Moda | Celebrar o estilo atrav\u00e9s do olhar"}]},{"@type":"WebSite","@id":"https:\/\/www.prooptica.pt\/home\/#website","url":"https:\/\/www.prooptica.pt\/home\/","name":"Prooptica","description":"Concepto de gafas completas","potentialAction":[{"@type":"SearchAction","target":{"@type":"EntryPoint","urlTemplate":"https:\/\/www.prooptica.pt\/home\/?s={search_term_string}"},"query-input":{"@type":"PropertyValueSpecification","valueRequired":true,"valueName":"search_term_string"}}],"inLanguage":"es"},{"@type":"Person","@id":"https:\/\/www.prooptica.pt\/home\/#\/schema\/person\/1cbd826a9322a3c38a052e43d1638306","name":"admin","image":{"@type":"ImageObject","inLanguage":"es","@id":"https:\/\/secure.gravatar.com\/avatar\/528c714482569d81724b02603aa719344e9ad7c0b50becf07272b2086b2c1cfd?s=96&d=mm&r=g","url":"https:\/\/secure.gravatar.com\/avatar\/528c714482569d81724b02603aa719344e9ad7c0b50becf07272b2086b2c1cfd?s=96&d=mm&r=g","contentUrl":"https:\/\/secure.gravatar.com\/avatar\/528c714482569d81724b02603aa719344e9ad7c0b50becf07272b2086b2c1cfd?s=96&d=mm&r=g","caption":"admin"},"url":"https:\/\/www.prooptica.pt\/es\/author\/admin\/"}]}},"_links":{"self":[{"href":"https:\/\/www.prooptica.pt\/es\/wp-json\/wp\/v2\/posts\/23826","targetHints":{"allow":["GET"]}}],"collection":[{"href":"https:\/\/www.prooptica.pt\/es\/wp-json\/wp\/v2\/posts"}],"about":[{"href":"https:\/\/www.prooptica.pt\/es\/wp-json\/wp\/v2\/types\/post"}],"author":[{"embeddable":true,"href":"https:\/\/www.prooptica.pt\/es\/wp-json\/wp\/v2\/users\/2"}],"replies":[{"embeddable":true,"href":"https:\/\/www.prooptica.pt\/es\/wp-json\/wp\/v2\/comments?post=23826"}],"version-history":[{"count":1,"href":"https:\/\/www.prooptica.pt\/es\/wp-json\/wp\/v2\/posts\/23826\/revisions"}],"predecessor-version":[{"id":23828,"href":"https:\/\/www.prooptica.pt\/es\/wp-json\/wp\/v2\/posts\/23826\/revisions\/23828"}],"wp:featuredmedia":[{"embeddable":true,"href":"https:\/\/www.prooptica.pt\/es\/wp-json\/wp\/v2\/media\/23827"}],"wp:attachment":[{"href":"https:\/\/www.prooptica.pt\/es\/wp-json\/wp\/v2\/media?parent=23826"}],"wp:term":[{"taxonomy":"category","embeddable":true,"href":"https:\/\/www.prooptica.pt\/es\/wp-json\/wp\/v2\/categories?post=23826"},{"taxonomy":"post_tag","embeddable":true,"href":"https:\/\/www.prooptica.pt\/es\/wp-json\/wp\/v2\/tags?post=23826"}],"curies":[{"name":"wp","href":"https:\/\/api.w.org\/{rel}","templated":true}]}}