{"id":23830,"date":"2025-08-22T14:18:39","date_gmt":"2025-08-22T14:18:39","guid":{"rendered":"https:\/\/www.prooptica.pt\/?p=23830"},"modified":"2025-08-22T14:45:41","modified_gmt":"2025-08-22T14:45:41","slug":"organizacion-del-punto-de-venta-estimulos-visuales","status":"publish","type":"post","link":"https:\/\/www.prooptica.pt\/es\/organizacao-do-ponto-de-venda-estimulos-visuais\/","title":{"rendered":"Organizaci\u00f3n del punto de venta | Est\u00edmulos visuales"},"content":{"rendered":"<p>En el punto de venta, cada detalle cuenta para captar la atenci\u00f3n e influir en la decisi\u00f3n de compra. Los estudios demuestran que nuestra atenci\u00f3n se fija en un objeto entre <strong>De 2 a 10 segundos<\/strong> y que el tiempo medio de decisi\u00f3n no supere <strong>5 segundos<\/strong>. En total, desde que el cliente se detiene, observa, identifica la marca y compara precios, hasta que elige el art\u00edculo, rara vez pasan m\u00e1s de unos minutos. <strong>15 segundos<\/strong>.<\/p>\n<p>Es <strong>percepci\u00f3n visual<\/strong> que determina qu\u00e9 producto se tomar\u00e1. La mano va casi instintivamente a por el art\u00edculo correcto despu\u00e9s de que el cerebro reaccione al primer est\u00edmulo: la vista.<\/p>\n<ol>\n<li>\n<h6><strong> La iluminaci\u00f3n como punto culminante<\/strong><\/h6>\n<\/li>\n<\/ol>\n<p>La iluminaci\u00f3n influye directamente en la imagen de la tienda y en la forma de ver y manipular los productos. Debe ser luminosa y eficaz, pero sin excesos que causen molestias.<\/p>\n<ul>\n<li><strong>Iluminaci\u00f3n general<\/strong>: garantiza la visibilidad en todo el espacio.<\/li>\n<li><strong>Iluminaci\u00f3n dirigida<\/strong>El \"foco\": se utiliza para destacar \u00e1reas, productos o campa\u00f1as espec\u00edficas.<\/li>\n<\/ul>\n<p>Una precauci\u00f3n esencial es evitar que la luz deslumbre o sobrecaliente la sala, poniendo en peligro la experiencia del comprador.<\/p>\n<ol start=\"2\">\n<li>\n<h6><strong> El espacio como aliado de la experiencia de compra<\/strong><\/h6>\n<\/li>\n<\/ol>\n<p>El entorno de la tienda debe transmitir dinamismo, originalidad y movimiento, creando una experiencia agradable y memorable. La forma de organizar el espacio, combinada con el uso del color, puede cambiar por completo la percepci\u00f3n del cliente.<\/p>\n<h6><strong>Estrategias de color y percepci\u00f3n del espacio:<\/strong><\/h6>\n<ul>\n<li><strong>Acortar espacios<\/strong>pintar las paredes transversales en colores m\u00e1s oscuros.<\/li>\n<li><strong>Ampliar espacios cuadrados<\/strong>Aplique colores m\u00e1s oscuros a dos paredes opuestas.<\/li>\n<li><strong>Ocultar objetos<\/strong>pintar la pared del mismo color que el objeto.<\/li>\n<li><strong>Destacar productos\/zonas<\/strong>utilizar colores intensos o contrastados en el fondo.<\/li>\n<li><strong>Bajar el techo<\/strong>pintar el techo m\u00e1s oscuro que las paredes.<\/li>\n<li><strong>Levantar el techo<\/strong>pintar el techo de un color m\u00e1s claro que las paredes.<\/li>\n<li><strong>Ampliaci\u00f3n de corredores<\/strong>Lo mejor es aplicar colores oscuros en los bordes y el techo, dejando las paredes laterales en tonos claros.<\/li>\n<li><strong>Acortamiento de muros altos<\/strong>Pinta la parte superior de un tono m\u00e1s oscuro que la base.<\/li>\n<\/ul>\n<h6><strong>El poder de la visi\u00f3n en las decisiones de compra<\/strong><\/h6>\n<p>En el comercio minorista, el \u00e9xito radica en comprender c\u00f3mo recorre el espacio el ojo del cliente. Una buena estrategia visual no solo destaca los productos, sino que mejora la experiencia de compra, aumenta el tiempo de permanencia e impulsa las ventas.<\/p>\n<p>M\u00e1s que organizar estanter\u00edas, se trata de crear <strong>un escenario inmersivo en el que cada est\u00edmulo visual conduce a una decisi\u00f3n de compra<\/strong>.<\/p>","protected":false},"excerpt":{"rendered":"<p>No ponto de venda, cada detalhe conta para captar a aten\u00e7\u00e3o e influenciar a decis\u00e3o de compra. Estudos mostram que a nossa aten\u00e7\u00e3o fixa-se num objeto entre 2 a 10 segundos e que o tempo m\u00e9dio de decis\u00e3o n\u00e3o ultrapassa os 5 segundos. No total, desde o momento em que o cliente p\u00e1ra, observa, identifica [&hellip;]<\/p>\n","protected":false},"author":2,"featured_media":23832,"comment_status":"closed","ping_status":"closed","sticky":false,"template":"","format":"standard","meta":{"footnotes":""},"categories":[41,238],"tags":[],"class_list":["post-23830","post","type-post","status-publish","format-standard","has-post-thumbnail","hentry","category-design-arquitetura","category-insight"],"yoast_head":"<!-- This site is optimized with the Yoast SEO plugin v27.5 - https:\/\/yoast.com\/product\/yoast-seo-wordpress\/ -->\n<title>Organiza\u00e7\u00e3o do Ponto de Venda | Est\u00edmulos Visuais<\/title>\n<meta name=\"description\" content=\"Uma boa estrat\u00e9gia visual destaca produtos, melhora a experi\u00eancia de compra, aumenta o tempo de perman\u00eancia e potencia as vendas.\" \/>\n<meta name=\"robots\" content=\"index, follow, max-snippet:-1, max-image-preview:large, max-video-preview:-1\" \/>\n<link rel=\"canonical\" href=\"https:\/\/www.prooptica.pt\/es\/organizacion-del-punto-de-venta-estimulos-visuales\/\" \/>\n<meta property=\"og:locale\" content=\"es_ES\" \/>\n<meta property=\"og:type\" content=\"article\" \/>\n<meta property=\"og:title\" content=\"Organiza\u00e7\u00e3o do Ponto de Venda | Est\u00edmulos Visuais\" \/>\n<meta property=\"og:description\" content=\"Uma boa estrat\u00e9gia visual destaca produtos, melhora a experi\u00eancia de compra, aumenta o tempo de perman\u00eancia e potencia as vendas.\" \/>\n<meta property=\"og:url\" content=\"https:\/\/www.prooptica.pt\/es\/organizacion-del-punto-de-venta-estimulos-visuales\/\" \/>\n<meta property=\"og:site_name\" content=\"Prooptica\" \/>\n<meta property=\"article:published_time\" content=\"2025-08-22T14:18:39+00:00\" \/>\n<meta property=\"article:modified_time\" content=\"2025-08-22T14:45:41+00:00\" \/>\n<meta property=\"og:image\" content=\"https:\/\/www.prooptica.pt\/wp-content\/uploads\/2025\/08\/Capa-artigo-blog-2.jpg\" \/>\n\t<meta property=\"og:image:width\" content=\"852\" \/>\n\t<meta property=\"og:image:height\" content=\"514\" \/>\n\t<meta property=\"og:image:type\" content=\"image\/jpeg\" \/>\n<meta name=\"author\" content=\"admin\" \/>\n<meta name=\"twitter:card\" content=\"summary_large_image\" \/>\n<meta name=\"twitter:label1\" content=\"Escrito por\" \/>\n\t<meta name=\"twitter:data1\" content=\"admin\" \/>\n\t<meta name=\"twitter:label2\" content=\"Tiempo de lectura\" \/>\n\t<meta name=\"twitter:data2\" content=\"3 minutos\" \/>\n<script type=\"application\/ld+json\" class=\"yoast-schema-graph\">{\"@context\":\"https:\\\/\\\/schema.org\",\"@graph\":[{\"@type\":\"Article\",\"@id\":\"https:\\\/\\\/www.prooptica.pt\\\/organizacao-do-ponto-de-venda-estimulos-visuais\\\/#article\",\"isPartOf\":{\"@id\":\"https:\\\/\\\/www.prooptica.pt\\\/organizacao-do-ponto-de-venda-estimulos-visuais\\\/\"},\"author\":{\"name\":\"admin\",\"@id\":\"https:\\\/\\\/www.prooptica.pt\\\/home\\\/#\\\/schema\\\/person\\\/1cbd826a9322a3c38a052e43d1638306\"},\"headline\":\"Organiza\u00e7\u00e3o do Ponto de Venda | Est\u00edmulos Visuais\",\"datePublished\":\"2025-08-22T14:18:39+00:00\",\"dateModified\":\"2025-08-22T14:45:41+00:00\",\"mainEntityOfPage\":{\"@id\":\"https:\\\/\\\/www.prooptica.pt\\\/organizacao-do-ponto-de-venda-estimulos-visuais\\\/\"},\"wordCount\":436,\"image\":{\"@id\":\"https:\\\/\\\/www.prooptica.pt\\\/organizacao-do-ponto-de-venda-estimulos-visuais\\\/#primaryimage\"},\"thumbnailUrl\":\"https:\\\/\\\/www.prooptica.pt\\\/wp-content\\\/uploads\\\/2025\\\/08\\\/Capa-artigo-blog-2.jpg\",\"articleSection\":[\"Design + Arquitetura\",\"Insight\"],\"inLanguage\":\"es\"},{\"@type\":\"WebPage\",\"@id\":\"https:\\\/\\\/www.prooptica.pt\\\/organizacao-do-ponto-de-venda-estimulos-visuais\\\/\",\"url\":\"https:\\\/\\\/www.prooptica.pt\\\/organizacao-do-ponto-de-venda-estimulos-visuais\\\/\",\"name\":\"Organiza\u00e7\u00e3o do Ponto de Venda | Est\u00edmulos Visuais\",\"isPartOf\":{\"@id\":\"https:\\\/\\\/www.prooptica.pt\\\/home\\\/#website\"},\"primaryImageOfPage\":{\"@id\":\"https:\\\/\\\/www.prooptica.pt\\\/organizacao-do-ponto-de-venda-estimulos-visuais\\\/#primaryimage\"},\"image\":{\"@id\":\"https:\\\/\\\/www.prooptica.pt\\\/organizacao-do-ponto-de-venda-estimulos-visuais\\\/#primaryimage\"},\"thumbnailUrl\":\"https:\\\/\\\/www.prooptica.pt\\\/wp-content\\\/uploads\\\/2025\\\/08\\\/Capa-artigo-blog-2.jpg\",\"datePublished\":\"2025-08-22T14:18:39+00:00\",\"dateModified\":\"2025-08-22T14:45:41+00:00\",\"author\":{\"@id\":\"https:\\\/\\\/www.prooptica.pt\\\/home\\\/#\\\/schema\\\/person\\\/1cbd826a9322a3c38a052e43d1638306\"},\"description\":\"Uma boa estrat\u00e9gia visual destaca produtos, melhora a experi\u00eancia de compra, aumenta o tempo de perman\u00eancia e potencia as vendas.\",\"breadcrumb\":{\"@id\":\"https:\\\/\\\/www.prooptica.pt\\\/organizacao-do-ponto-de-venda-estimulos-visuais\\\/#breadcrumb\"},\"inLanguage\":\"es\",\"potentialAction\":[{\"@type\":\"ReadAction\",\"target\":[\"https:\\\/\\\/www.prooptica.pt\\\/organizacao-do-ponto-de-venda-estimulos-visuais\\\/\"]}]},{\"@type\":\"ImageObject\",\"inLanguage\":\"es\",\"@id\":\"https:\\\/\\\/www.prooptica.pt\\\/organizacao-do-ponto-de-venda-estimulos-visuais\\\/#primaryimage\",\"url\":\"https:\\\/\\\/www.prooptica.pt\\\/wp-content\\\/uploads\\\/2025\\\/08\\\/Capa-artigo-blog-2.jpg\",\"contentUrl\":\"https:\\\/\\\/www.prooptica.pt\\\/wp-content\\\/uploads\\\/2025\\\/08\\\/Capa-artigo-blog-2.jpg\",\"width\":852,\"height\":514},{\"@type\":\"BreadcrumbList\",\"@id\":\"https:\\\/\\\/www.prooptica.pt\\\/organizacao-do-ponto-de-venda-estimulos-visuais\\\/#breadcrumb\",\"itemListElement\":[{\"@type\":\"ListItem\",\"position\":1,\"name\":\"In\u00edcio\",\"item\":\"https:\\\/\\\/www.prooptica.pt\\\/\"},{\"@type\":\"ListItem\",\"position\":2,\"name\":\"Organiza\u00e7\u00e3o do Ponto de Venda | Est\u00edmulos Visuais\"}]},{\"@type\":\"WebSite\",\"@id\":\"https:\\\/\\\/www.prooptica.pt\\\/home\\\/#website\",\"url\":\"https:\\\/\\\/www.prooptica.pt\\\/home\\\/\",\"name\":\"Prooptica\",\"description\":\"Full Eyewear Concept\",\"potentialAction\":[{\"@type\":\"SearchAction\",\"target\":{\"@type\":\"EntryPoint\",\"urlTemplate\":\"https:\\\/\\\/www.prooptica.pt\\\/home\\\/?s={search_term_string}\"},\"query-input\":{\"@type\":\"PropertyValueSpecification\",\"valueRequired\":true,\"valueName\":\"search_term_string\"}}],\"inLanguage\":\"es\"},{\"@type\":\"Person\",\"@id\":\"https:\\\/\\\/www.prooptica.pt\\\/home\\\/#\\\/schema\\\/person\\\/1cbd826a9322a3c38a052e43d1638306\",\"name\":\"admin\",\"image\":{\"@type\":\"ImageObject\",\"inLanguage\":\"es\",\"@id\":\"https:\\\/\\\/secure.gravatar.com\\\/avatar\\\/528c714482569d81724b02603aa719344e9ad7c0b50becf07272b2086b2c1cfd?s=96&d=mm&r=g\",\"url\":\"https:\\\/\\\/secure.gravatar.com\\\/avatar\\\/528c714482569d81724b02603aa719344e9ad7c0b50becf07272b2086b2c1cfd?s=96&d=mm&r=g\",\"contentUrl\":\"https:\\\/\\\/secure.gravatar.com\\\/avatar\\\/528c714482569d81724b02603aa719344e9ad7c0b50becf07272b2086b2c1cfd?s=96&d=mm&r=g\",\"caption\":\"admin\"},\"url\":\"https:\\\/\\\/www.prooptica.pt\\\/es\\\/author\\\/admin\\\/\"}]}<\/script>\n<!-- \/ Yoast SEO plugin. -->","yoast_head_json":{"title":"Organizaci\u00f3n del punto de venta | Est\u00edmulos visuales","description":"Una buena estrategia visual destaca los productos, mejora la experiencia de compra, aumenta el tiempo de permanencia e impulsa las ventas.","robots":{"index":"index","follow":"follow","max-snippet":"max-snippet:-1","max-image-preview":"max-image-preview:large","max-video-preview":"max-video-preview:-1"},"canonical":"https:\/\/www.prooptica.pt\/es\/organizacion-del-punto-de-venta-estimulos-visuales\/","og_locale":"es_ES","og_type":"article","og_title":"Organiza\u00e7\u00e3o do Ponto de Venda | Est\u00edmulos Visuais","og_description":"Uma boa estrat\u00e9gia visual destaca produtos, melhora a experi\u00eancia de compra, aumenta o tempo de perman\u00eancia e potencia as vendas.","og_url":"https:\/\/www.prooptica.pt\/es\/organizacion-del-punto-de-venta-estimulos-visuales\/","og_site_name":"Prooptica","article_published_time":"2025-08-22T14:18:39+00:00","article_modified_time":"2025-08-22T14:45:41+00:00","og_image":[{"width":852,"height":514,"url":"https:\/\/www.prooptica.pt\/wp-content\/uploads\/2025\/08\/Capa-artigo-blog-2.jpg","type":"image\/jpeg"}],"author":"admin","twitter_card":"summary_large_image","twitter_misc":{"Escrito por":"admin","Tiempo de lectura":"3 minutos"},"schema":{"@context":"https:\/\/schema.org","@graph":[{"@type":"Article","@id":"https:\/\/www.prooptica.pt\/organizacao-do-ponto-de-venda-estimulos-visuais\/#article","isPartOf":{"@id":"https:\/\/www.prooptica.pt\/organizacao-do-ponto-de-venda-estimulos-visuais\/"},"author":{"name":"admin","@id":"https:\/\/www.prooptica.pt\/home\/#\/schema\/person\/1cbd826a9322a3c38a052e43d1638306"},"headline":"Organiza\u00e7\u00e3o do Ponto de Venda | Est\u00edmulos Visuais","datePublished":"2025-08-22T14:18:39+00:00","dateModified":"2025-08-22T14:45:41+00:00","mainEntityOfPage":{"@id":"https:\/\/www.prooptica.pt\/organizacao-do-ponto-de-venda-estimulos-visuais\/"},"wordCount":436,"image":{"@id":"https:\/\/www.prooptica.pt\/organizacao-do-ponto-de-venda-estimulos-visuais\/#primaryimage"},"thumbnailUrl":"https:\/\/www.prooptica.pt\/wp-content\/uploads\/2025\/08\/Capa-artigo-blog-2.jpg","articleSection":["Design + Arquitetura","Insight"],"inLanguage":"es"},{"@type":"WebPage","@id":"https:\/\/www.prooptica.pt\/organizacao-do-ponto-de-venda-estimulos-visuais\/","url":"https:\/\/www.prooptica.pt\/organizacao-do-ponto-de-venda-estimulos-visuais\/","name":"Organizaci\u00f3n del punto de venta | Est\u00edmulos visuales","isPartOf":{"@id":"https:\/\/www.prooptica.pt\/home\/#website"},"primaryImageOfPage":{"@id":"https:\/\/www.prooptica.pt\/organizacao-do-ponto-de-venda-estimulos-visuais\/#primaryimage"},"image":{"@id":"https:\/\/www.prooptica.pt\/organizacao-do-ponto-de-venda-estimulos-visuais\/#primaryimage"},"thumbnailUrl":"https:\/\/www.prooptica.pt\/wp-content\/uploads\/2025\/08\/Capa-artigo-blog-2.jpg","datePublished":"2025-08-22T14:18:39+00:00","dateModified":"2025-08-22T14:45:41+00:00","author":{"@id":"https:\/\/www.prooptica.pt\/home\/#\/schema\/person\/1cbd826a9322a3c38a052e43d1638306"},"description":"Una buena estrategia visual destaca los productos, mejora la experiencia de compra, aumenta el tiempo de permanencia e impulsa las ventas.","breadcrumb":{"@id":"https:\/\/www.prooptica.pt\/organizacao-do-ponto-de-venda-estimulos-visuais\/#breadcrumb"},"inLanguage":"es","potentialAction":[{"@type":"ReadAction","target":["https:\/\/www.prooptica.pt\/organizacao-do-ponto-de-venda-estimulos-visuais\/"]}]},{"@type":"ImageObject","inLanguage":"es","@id":"https:\/\/www.prooptica.pt\/organizacao-do-ponto-de-venda-estimulos-visuais\/#primaryimage","url":"https:\/\/www.prooptica.pt\/wp-content\/uploads\/2025\/08\/Capa-artigo-blog-2.jpg","contentUrl":"https:\/\/www.prooptica.pt\/wp-content\/uploads\/2025\/08\/Capa-artigo-blog-2.jpg","width":852,"height":514},{"@type":"BreadcrumbList","@id":"https:\/\/www.prooptica.pt\/organizacao-do-ponto-de-venda-estimulos-visuais\/#breadcrumb","itemListElement":[{"@type":"ListItem","position":1,"name":"In\u00edcio","item":"https:\/\/www.prooptica.pt\/"},{"@type":"ListItem","position":2,"name":"Organiza\u00e7\u00e3o do Ponto de Venda | Est\u00edmulos Visuais"}]},{"@type":"WebSite","@id":"https:\/\/www.prooptica.pt\/home\/#website","url":"https:\/\/www.prooptica.pt\/home\/","name":"Prooptica","description":"Concepto de gafas completas","potentialAction":[{"@type":"SearchAction","target":{"@type":"EntryPoint","urlTemplate":"https:\/\/www.prooptica.pt\/home\/?s={search_term_string}"},"query-input":{"@type":"PropertyValueSpecification","valueRequired":true,"valueName":"search_term_string"}}],"inLanguage":"es"},{"@type":"Person","@id":"https:\/\/www.prooptica.pt\/home\/#\/schema\/person\/1cbd826a9322a3c38a052e43d1638306","name":"admin","image":{"@type":"ImageObject","inLanguage":"es","@id":"https:\/\/secure.gravatar.com\/avatar\/528c714482569d81724b02603aa719344e9ad7c0b50becf07272b2086b2c1cfd?s=96&d=mm&r=g","url":"https:\/\/secure.gravatar.com\/avatar\/528c714482569d81724b02603aa719344e9ad7c0b50becf07272b2086b2c1cfd?s=96&d=mm&r=g","contentUrl":"https:\/\/secure.gravatar.com\/avatar\/528c714482569d81724b02603aa719344e9ad7c0b50becf07272b2086b2c1cfd?s=96&d=mm&r=g","caption":"admin"},"url":"https:\/\/www.prooptica.pt\/es\/author\/admin\/"}]}},"_links":{"self":[{"href":"https:\/\/www.prooptica.pt\/es\/wp-json\/wp\/v2\/posts\/23830","targetHints":{"allow":["GET"]}}],"collection":[{"href":"https:\/\/www.prooptica.pt\/es\/wp-json\/wp\/v2\/posts"}],"about":[{"href":"https:\/\/www.prooptica.pt\/es\/wp-json\/wp\/v2\/types\/post"}],"author":[{"embeddable":true,"href":"https:\/\/www.prooptica.pt\/es\/wp-json\/wp\/v2\/users\/2"}],"replies":[{"embeddable":true,"href":"https:\/\/www.prooptica.pt\/es\/wp-json\/wp\/v2\/comments?post=23830"}],"version-history":[{"count":4,"href":"https:\/\/www.prooptica.pt\/es\/wp-json\/wp\/v2\/posts\/23830\/revisions"}],"predecessor-version":[{"id":23835,"href":"https:\/\/www.prooptica.pt\/es\/wp-json\/wp\/v2\/posts\/23830\/revisions\/23835"}],"wp:featuredmedia":[{"embeddable":true,"href":"https:\/\/www.prooptica.pt\/es\/wp-json\/wp\/v2\/media\/23832"}],"wp:attachment":[{"href":"https:\/\/www.prooptica.pt\/es\/wp-json\/wp\/v2\/media?parent=23830"}],"wp:term":[{"taxonomy":"category","embeddable":true,"href":"https:\/\/www.prooptica.pt\/es\/wp-json\/wp\/v2\/categories?post=23830"},{"taxonomy":"post_tag","embeddable":true,"href":"https:\/\/www.prooptica.pt\/es\/wp-json\/wp\/v2\/tags?post=23830"}],"curies":[{"name":"wp","href":"https:\/\/api.w.org\/{rel}","templated":true}]}}