{"id":24103,"date":"2025-09-26T09:18:35","date_gmt":"2025-09-26T09:18:35","guid":{"rendered":"https:\/\/www.prooptica.pt\/?p=24103"},"modified":"2025-09-26T09:18:35","modified_gmt":"2025-09-26T09:18:35","slug":"el-poder-del-escaparate-en-el-diseno-de-tiendas","status":"publish","type":"post","link":"https:\/\/www.prooptica.pt\/es\/o-poder-da-montra-no-design-de-lojas\/","title":{"rendered":"El poder del escaparate en el dise\u00f1o de tiendas"},"content":{"rendered":"<p>El exterior de una tienda es m\u00e1s que una fachada: es una invitaci\u00f3n. Es el primer contacto entre la marca y el comprador, el momento en el que se decide si merece la pena entrar y saber m\u00e1s. Un escaparate bien dise\u00f1ado no es s\u00f3lo un escaparate de productos, es una declaraci\u00f3n de identidad, un reflejo de la estrategia comercial y, sobre todo, una experiencia visual capaz de generar deseo, emoci\u00f3n y fidelidad.<\/p>\n<h6><strong>Escaparate: el primer vistazo cuenta<\/strong><\/h6>\n<p>El escaparate act\u00faa como escenario donde la marca comunica su esencia. Cuando est\u00e1 bien planificado, atrae la atenci\u00f3n, despierta la curiosidad y crea una conexi\u00f3n inmediata con el visitante. El secreto est\u00e1 en el equilibrio: menos informaci\u00f3n visual, m\u00e1s impacto.<\/p>\n<p>Hay distintas formas de ver el escaparate, cada una con un papel estrat\u00e9gico en el dise\u00f1o del espacio:<\/p>\n<ul>\n<li><strong>Escaparates de prestigio<\/strong> - transforman los art\u00edculos en iconos, creando un impacto visual y transmitiendo exclusividad.<\/li>\n<li><strong>Ventanas de la estaci\u00f3n<\/strong> - revelan tendencias y novedades, acordes con los tiempos y estilos de vida.<\/li>\n<li><strong>Escaparates informativos<\/strong> - mostrar piezas nuevas o menos exploradas.<\/li>\n<li><strong>Escaparates promocionales<\/strong> - apelar a la oportunidad y fomentar la compra inmediata.<\/li>\n<li><strong>Ventanas de precios<\/strong> - hacen hincapi\u00e9 en la competitividad y la accesibilidad como argumentos centrales.<\/li>\n<\/ul>\n<h6><strong>Dise\u00f1o que gu\u00eda la mirada<\/strong><\/h6>\n<p>La composici\u00f3n visual del escaparate es decisiva. Las l\u00edneas verticales transmiten altura, las horizontales amplitud, las diagonales sugieren dinamismo y las curvas evocan movimiento. La iluminaci\u00f3n, a su vez, transforma los productos, crea atm\u00f3sferas y puede ser la diferencia entre lo ordinario y lo memorable.<\/p>\n<p>La disposici\u00f3n de los objetos tambi\u00e9n sigue una l\u00f3gica: a la altura de los ojos, el impacto es mayor; por encima o por debajo, la atenci\u00f3n se dispersa. Una organizaci\u00f3n en zigzag, con diferentes alturas, invita al ojo a deambular por el escaparate, descubriendo detalles y creando una narrativa visual.<\/p>\n<h6><strong>M\u00e1s all\u00e1 de la exposici\u00f3n<\/strong><\/h6>\n<p>En \u00faltima instancia, el escaparate no es s\u00f3lo un espacio de exposici\u00f3n. Es una herramienta de comunicaci\u00f3n que traduce valores, diferencia la marca y genera implicaci\u00f3n emocional. Es un lugar donde el dise\u00f1o y la arquitectura se unen para crear experiencias que no solo atraigan a los visitantes, sino que tambi\u00e9n construyan relaciones duraderas entre la tienda y el cliente.<\/p>\n<h6><strong>Porque en el dise\u00f1o de espacios comerciales, el exterior no es s\u00f3lo la entrada: es el principio de la historia que queremos contar.<\/strong><\/h6>","protected":false},"excerpt":{"rendered":"<p>O exterior de uma loja \u00e9 mais do que uma fachada: \u00e9 um convite. \u00c9 o primeiro contacto entre a marca e o comprador, o momento em que se decide se vale a pena entrar e descobrir mais. Uma montra bem concebida n\u00e3o \u00e9 apenas uma vitrine de produtos, \u00e9 uma declara\u00e7\u00e3o de identidade, um [&hellip;]<\/p>\n","protected":false},"author":2,"featured_media":24104,"comment_status":"closed","ping_status":"closed","sticky":false,"template":"","format":"standard","meta":{"footnotes":""},"categories":[41,238],"tags":[],"class_list":["post-24103","post","type-post","status-publish","format-standard","has-post-thumbnail","hentry","category-design-arquitetura","category-insight"],"yoast_head":"<!-- This site is optimized with the Yoast SEO plugin v27.4 - https:\/\/yoast.com\/product\/yoast-seo-wordpress\/ -->\n<title>O Poder da Montra no Design de Lojas<\/title>\n<meta name=\"description\" content=\"A montra \u00e9 uma ferramenta de comunica\u00e7\u00e3o que traduz valores, diferencia a marca e gera envolvimento emocional.\" \/>\n<meta name=\"robots\" content=\"index, follow, max-snippet:-1, max-image-preview:large, max-video-preview:-1\" \/>\n<link rel=\"canonical\" href=\"https:\/\/www.prooptica.pt\/es\/el-poder-del-escaparate-en-el-diseno-de-tiendas\/\" \/>\n<meta property=\"og:locale\" content=\"es_ES\" \/>\n<meta property=\"og:type\" content=\"article\" \/>\n<meta property=\"og:title\" content=\"O Poder da Montra no Design de Lojas\" \/>\n<meta property=\"og:description\" content=\"A montra \u00e9 uma ferramenta de comunica\u00e7\u00e3o que traduz valores, diferencia a marca e gera envolvimento emocional.\" \/>\n<meta property=\"og:url\" content=\"https:\/\/www.prooptica.pt\/es\/el-poder-del-escaparate-en-el-diseno-de-tiendas\/\" \/>\n<meta property=\"og:site_name\" content=\"Prooptica\" \/>\n<meta property=\"article:published_time\" content=\"2025-09-26T09:18:35+00:00\" \/>\n<meta property=\"og:image\" content=\"https:\/\/www.prooptica.pt\/wp-content\/uploads\/2025\/09\/Capa-artigo-blog-9.jpg\" \/>\n\t<meta property=\"og:image:width\" content=\"852\" \/>\n\t<meta property=\"og:image:height\" content=\"514\" \/>\n\t<meta property=\"og:image:type\" content=\"image\/jpeg\" \/>\n<meta name=\"author\" content=\"admin\" \/>\n<meta name=\"twitter:card\" content=\"summary_large_image\" \/>\n<meta name=\"twitter:label1\" content=\"Escrito por\" \/>\n\t<meta name=\"twitter:data1\" content=\"admin\" \/>\n\t<meta name=\"twitter:label2\" content=\"Tiempo de lectura\" \/>\n\t<meta name=\"twitter:data2\" content=\"3 minutos\" \/>\n<script type=\"application\/ld+json\" class=\"yoast-schema-graph\">{\"@context\":\"https:\\\/\\\/schema.org\",\"@graph\":[{\"@type\":\"Article\",\"@id\":\"https:\\\/\\\/www.prooptica.pt\\\/o-poder-da-montra-no-design-de-lojas\\\/#article\",\"isPartOf\":{\"@id\":\"https:\\\/\\\/www.prooptica.pt\\\/o-poder-da-montra-no-design-de-lojas\\\/\"},\"author\":{\"name\":\"admin\",\"@id\":\"https:\\\/\\\/www.prooptica.pt\\\/home\\\/#\\\/schema\\\/person\\\/1cbd826a9322a3c38a052e43d1638306\"},\"headline\":\"O Poder da Montra no Design de Lojas\",\"datePublished\":\"2025-09-26T09:18:35+00:00\",\"mainEntityOfPage\":{\"@id\":\"https:\\\/\\\/www.prooptica.pt\\\/o-poder-da-montra-no-design-de-lojas\\\/\"},\"wordCount\":400,\"image\":{\"@id\":\"https:\\\/\\\/www.prooptica.pt\\\/o-poder-da-montra-no-design-de-lojas\\\/#primaryimage\"},\"thumbnailUrl\":\"https:\\\/\\\/www.prooptica.pt\\\/wp-content\\\/uploads\\\/2025\\\/09\\\/Capa-artigo-blog-9.jpg\",\"articleSection\":[\"Design + Arquitetura\",\"Insight\"],\"inLanguage\":\"es\"},{\"@type\":\"WebPage\",\"@id\":\"https:\\\/\\\/www.prooptica.pt\\\/o-poder-da-montra-no-design-de-lojas\\\/\",\"url\":\"https:\\\/\\\/www.prooptica.pt\\\/o-poder-da-montra-no-design-de-lojas\\\/\",\"name\":\"O Poder da Montra no Design de Lojas\",\"isPartOf\":{\"@id\":\"https:\\\/\\\/www.prooptica.pt\\\/home\\\/#website\"},\"primaryImageOfPage\":{\"@id\":\"https:\\\/\\\/www.prooptica.pt\\\/o-poder-da-montra-no-design-de-lojas\\\/#primaryimage\"},\"image\":{\"@id\":\"https:\\\/\\\/www.prooptica.pt\\\/o-poder-da-montra-no-design-de-lojas\\\/#primaryimage\"},\"thumbnailUrl\":\"https:\\\/\\\/www.prooptica.pt\\\/wp-content\\\/uploads\\\/2025\\\/09\\\/Capa-artigo-blog-9.jpg\",\"datePublished\":\"2025-09-26T09:18:35+00:00\",\"author\":{\"@id\":\"https:\\\/\\\/www.prooptica.pt\\\/home\\\/#\\\/schema\\\/person\\\/1cbd826a9322a3c38a052e43d1638306\"},\"description\":\"A montra \u00e9 uma ferramenta de comunica\u00e7\u00e3o que traduz valores, diferencia a marca e gera envolvimento emocional.\",\"breadcrumb\":{\"@id\":\"https:\\\/\\\/www.prooptica.pt\\\/o-poder-da-montra-no-design-de-lojas\\\/#breadcrumb\"},\"inLanguage\":\"es\",\"potentialAction\":[{\"@type\":\"ReadAction\",\"target\":[\"https:\\\/\\\/www.prooptica.pt\\\/o-poder-da-montra-no-design-de-lojas\\\/\"]}]},{\"@type\":\"ImageObject\",\"inLanguage\":\"es\",\"@id\":\"https:\\\/\\\/www.prooptica.pt\\\/o-poder-da-montra-no-design-de-lojas\\\/#primaryimage\",\"url\":\"https:\\\/\\\/www.prooptica.pt\\\/wp-content\\\/uploads\\\/2025\\\/09\\\/Capa-artigo-blog-9.jpg\",\"contentUrl\":\"https:\\\/\\\/www.prooptica.pt\\\/wp-content\\\/uploads\\\/2025\\\/09\\\/Capa-artigo-blog-9.jpg\",\"width\":852,\"height\":514},{\"@type\":\"BreadcrumbList\",\"@id\":\"https:\\\/\\\/www.prooptica.pt\\\/o-poder-da-montra-no-design-de-lojas\\\/#breadcrumb\",\"itemListElement\":[{\"@type\":\"ListItem\",\"position\":1,\"name\":\"In\u00edcio\",\"item\":\"https:\\\/\\\/www.prooptica.pt\\\/\"},{\"@type\":\"ListItem\",\"position\":2,\"name\":\"O Poder da Montra no Design de Lojas\"}]},{\"@type\":\"WebSite\",\"@id\":\"https:\\\/\\\/www.prooptica.pt\\\/home\\\/#website\",\"url\":\"https:\\\/\\\/www.prooptica.pt\\\/home\\\/\",\"name\":\"Prooptica\",\"description\":\"Full Eyewear Concept\",\"potentialAction\":[{\"@type\":\"SearchAction\",\"target\":{\"@type\":\"EntryPoint\",\"urlTemplate\":\"https:\\\/\\\/www.prooptica.pt\\\/home\\\/?s={search_term_string}\"},\"query-input\":{\"@type\":\"PropertyValueSpecification\",\"valueRequired\":true,\"valueName\":\"search_term_string\"}}],\"inLanguage\":\"es\"},{\"@type\":\"Person\",\"@id\":\"https:\\\/\\\/www.prooptica.pt\\\/home\\\/#\\\/schema\\\/person\\\/1cbd826a9322a3c38a052e43d1638306\",\"name\":\"admin\",\"image\":{\"@type\":\"ImageObject\",\"inLanguage\":\"es\",\"@id\":\"https:\\\/\\\/secure.gravatar.com\\\/avatar\\\/528c714482569d81724b02603aa719344e9ad7c0b50becf07272b2086b2c1cfd?s=96&d=mm&r=g\",\"url\":\"https:\\\/\\\/secure.gravatar.com\\\/avatar\\\/528c714482569d81724b02603aa719344e9ad7c0b50becf07272b2086b2c1cfd?s=96&d=mm&r=g\",\"contentUrl\":\"https:\\\/\\\/secure.gravatar.com\\\/avatar\\\/528c714482569d81724b02603aa719344e9ad7c0b50becf07272b2086b2c1cfd?s=96&d=mm&r=g\",\"caption\":\"admin\"},\"url\":\"https:\\\/\\\/www.prooptica.pt\\\/es\\\/author\\\/admin\\\/\"}]}<\/script>\n<!-- \/ Yoast SEO plugin. -->","yoast_head_json":{"title":"El poder del escaparate en el dise\u00f1o de tiendas","description":"El escaparate es una herramienta de comunicaci\u00f3n que traduce valores, diferencia la marca y genera implicaci\u00f3n emocional.","robots":{"index":"index","follow":"follow","max-snippet":"max-snippet:-1","max-image-preview":"max-image-preview:large","max-video-preview":"max-video-preview:-1"},"canonical":"https:\/\/www.prooptica.pt\/es\/el-poder-del-escaparate-en-el-diseno-de-tiendas\/","og_locale":"es_ES","og_type":"article","og_title":"O Poder da Montra no Design de Lojas","og_description":"A montra \u00e9 uma ferramenta de comunica\u00e7\u00e3o que traduz valores, diferencia a marca e gera envolvimento emocional.","og_url":"https:\/\/www.prooptica.pt\/es\/el-poder-del-escaparate-en-el-diseno-de-tiendas\/","og_site_name":"Prooptica","article_published_time":"2025-09-26T09:18:35+00:00","og_image":[{"width":852,"height":514,"url":"https:\/\/www.prooptica.pt\/wp-content\/uploads\/2025\/09\/Capa-artigo-blog-9.jpg","type":"image\/jpeg"}],"author":"admin","twitter_card":"summary_large_image","twitter_misc":{"Escrito por":"admin","Tiempo de lectura":"3 minutos"},"schema":{"@context":"https:\/\/schema.org","@graph":[{"@type":"Article","@id":"https:\/\/www.prooptica.pt\/o-poder-da-montra-no-design-de-lojas\/#article","isPartOf":{"@id":"https:\/\/www.prooptica.pt\/o-poder-da-montra-no-design-de-lojas\/"},"author":{"name":"admin","@id":"https:\/\/www.prooptica.pt\/home\/#\/schema\/person\/1cbd826a9322a3c38a052e43d1638306"},"headline":"O Poder da Montra no Design de Lojas","datePublished":"2025-09-26T09:18:35+00:00","mainEntityOfPage":{"@id":"https:\/\/www.prooptica.pt\/o-poder-da-montra-no-design-de-lojas\/"},"wordCount":400,"image":{"@id":"https:\/\/www.prooptica.pt\/o-poder-da-montra-no-design-de-lojas\/#primaryimage"},"thumbnailUrl":"https:\/\/www.prooptica.pt\/wp-content\/uploads\/2025\/09\/Capa-artigo-blog-9.jpg","articleSection":["Design + Arquitetura","Insight"],"inLanguage":"es"},{"@type":"WebPage","@id":"https:\/\/www.prooptica.pt\/o-poder-da-montra-no-design-de-lojas\/","url":"https:\/\/www.prooptica.pt\/o-poder-da-montra-no-design-de-lojas\/","name":"El poder del escaparate en el dise\u00f1o de tiendas","isPartOf":{"@id":"https:\/\/www.prooptica.pt\/home\/#website"},"primaryImageOfPage":{"@id":"https:\/\/www.prooptica.pt\/o-poder-da-montra-no-design-de-lojas\/#primaryimage"},"image":{"@id":"https:\/\/www.prooptica.pt\/o-poder-da-montra-no-design-de-lojas\/#primaryimage"},"thumbnailUrl":"https:\/\/www.prooptica.pt\/wp-content\/uploads\/2025\/09\/Capa-artigo-blog-9.jpg","datePublished":"2025-09-26T09:18:35+00:00","author":{"@id":"https:\/\/www.prooptica.pt\/home\/#\/schema\/person\/1cbd826a9322a3c38a052e43d1638306"},"description":"El escaparate es una herramienta de comunicaci\u00f3n que traduce valores, diferencia la marca y genera implicaci\u00f3n emocional.","breadcrumb":{"@id":"https:\/\/www.prooptica.pt\/o-poder-da-montra-no-design-de-lojas\/#breadcrumb"},"inLanguage":"es","potentialAction":[{"@type":"ReadAction","target":["https:\/\/www.prooptica.pt\/o-poder-da-montra-no-design-de-lojas\/"]}]},{"@type":"ImageObject","inLanguage":"es","@id":"https:\/\/www.prooptica.pt\/o-poder-da-montra-no-design-de-lojas\/#primaryimage","url":"https:\/\/www.prooptica.pt\/wp-content\/uploads\/2025\/09\/Capa-artigo-blog-9.jpg","contentUrl":"https:\/\/www.prooptica.pt\/wp-content\/uploads\/2025\/09\/Capa-artigo-blog-9.jpg","width":852,"height":514},{"@type":"BreadcrumbList","@id":"https:\/\/www.prooptica.pt\/o-poder-da-montra-no-design-de-lojas\/#breadcrumb","itemListElement":[{"@type":"ListItem","position":1,"name":"In\u00edcio","item":"https:\/\/www.prooptica.pt\/"},{"@type":"ListItem","position":2,"name":"O Poder da Montra no Design de Lojas"}]},{"@type":"WebSite","@id":"https:\/\/www.prooptica.pt\/home\/#website","url":"https:\/\/www.prooptica.pt\/home\/","name":"Prooptica","description":"Concepto de gafas completas","potentialAction":[{"@type":"SearchAction","target":{"@type":"EntryPoint","urlTemplate":"https:\/\/www.prooptica.pt\/home\/?s={search_term_string}"},"query-input":{"@type":"PropertyValueSpecification","valueRequired":true,"valueName":"search_term_string"}}],"inLanguage":"es"},{"@type":"Person","@id":"https:\/\/www.prooptica.pt\/home\/#\/schema\/person\/1cbd826a9322a3c38a052e43d1638306","name":"admin","image":{"@type":"ImageObject","inLanguage":"es","@id":"https:\/\/secure.gravatar.com\/avatar\/528c714482569d81724b02603aa719344e9ad7c0b50becf07272b2086b2c1cfd?s=96&d=mm&r=g","url":"https:\/\/secure.gravatar.com\/avatar\/528c714482569d81724b02603aa719344e9ad7c0b50becf07272b2086b2c1cfd?s=96&d=mm&r=g","contentUrl":"https:\/\/secure.gravatar.com\/avatar\/528c714482569d81724b02603aa719344e9ad7c0b50becf07272b2086b2c1cfd?s=96&d=mm&r=g","caption":"admin"},"url":"https:\/\/www.prooptica.pt\/es\/author\/admin\/"}]}},"_links":{"self":[{"href":"https:\/\/www.prooptica.pt\/es\/wp-json\/wp\/v2\/posts\/24103","targetHints":{"allow":["GET"]}}],"collection":[{"href":"https:\/\/www.prooptica.pt\/es\/wp-json\/wp\/v2\/posts"}],"about":[{"href":"https:\/\/www.prooptica.pt\/es\/wp-json\/wp\/v2\/types\/post"}],"author":[{"embeddable":true,"href":"https:\/\/www.prooptica.pt\/es\/wp-json\/wp\/v2\/users\/2"}],"replies":[{"embeddable":true,"href":"https:\/\/www.prooptica.pt\/es\/wp-json\/wp\/v2\/comments?post=24103"}],"version-history":[{"count":1,"href":"https:\/\/www.prooptica.pt\/es\/wp-json\/wp\/v2\/posts\/24103\/revisions"}],"predecessor-version":[{"id":24105,"href":"https:\/\/www.prooptica.pt\/es\/wp-json\/wp\/v2\/posts\/24103\/revisions\/24105"}],"wp:featuredmedia":[{"embeddable":true,"href":"https:\/\/www.prooptica.pt\/es\/wp-json\/wp\/v2\/media\/24104"}],"wp:attachment":[{"href":"https:\/\/www.prooptica.pt\/es\/wp-json\/wp\/v2\/media?parent=24103"}],"wp:term":[{"taxonomy":"category","embeddable":true,"href":"https:\/\/www.prooptica.pt\/es\/wp-json\/wp\/v2\/categories?post=24103"},{"taxonomy":"post_tag","embeddable":true,"href":"https:\/\/www.prooptica.pt\/es\/wp-json\/wp\/v2\/tags?post=24103"}],"curies":[{"name":"wp","href":"https:\/\/api.w.org\/{rel}","templated":true}]}}