{"id":24117,"date":"2025-10-02T16:31:45","date_gmt":"2025-10-02T16:31:45","guid":{"rendered":"https:\/\/www.prooptica.pt\/?p=24117"},"modified":"2025-10-02T16:38:27","modified_gmt":"2025-10-02T16:38:27","slug":"dia-mundial-del-profesor-una-vision-clara-para-los-que-ensenan-el-futuro","status":"publish","type":"post","link":"https:\/\/www.prooptica.pt\/es\/dia-mundial-do-professor-visao-clara-para-quem-ensina-o-futuro\/","title":{"rendered":"D\u00eda Mundial de los Docentes | Una visi\u00f3n clara para quienes ense\u00f1an el futuro"},"content":{"rendered":"<p>El 5 de octubre es <strong>D\u00eda Mundial de los Docentes<\/strong>es una fecha que honra a todos aquellos que dedican su vida a ense\u00f1ar, inspirando y transformando generaciones. El papel de los profesores es exigente: requiere dedicaci\u00f3n, paciencia y, sobre todo, una visi\u00f3n clara, literal y figuradamente.<\/p>\n<p>Al igual que el conocimiento debe transmitirse sin barreras, la visi\u00f3n de un profesor debe estar libre de limitaciones. Las horas dedicadas a preparar las clases, corregir las tareas, leer en la pizarra o en el ordenador requieren mucho tiempo. <strong>lentes oft\u00e1lmicas adecuadas<\/strong>Esto garantiza comodidad y claridad durante todo el d\u00eda.<\/p>\n<h6><strong>La importancia de unas lentes adecuadas para la profesi\u00f3n docente<\/strong><\/h6>\n<ul>\n<li><strong>Visi\u00f3n n\u00edtida a diferentes distancias<\/strong>desde la pantalla del ordenador situada al fondo del aula.<\/li>\n<li><strong>Confort visual duradero<\/strong>esencial en viajes largos e intensos.<\/li>\n<li><strong>Reducci\u00f3n de la fatiga ocular<\/strong>causada por el uso frecuente de dispositivos digitales.<\/li>\n<li><strong>Postura m\u00e1s natural<\/strong>esto contribuye al bienestar general.<\/li>\n<\/ul>\n<p>Al igual que los profesores adaptan sus m\u00e9todos de ense\u00f1anza a las necesidades de cada alumno, las lentillas tambi\u00e9n deben personalizarse en funci\u00f3n de las exigencias de la profesi\u00f3n. <strong>Lentes progresivas u optimizadas digitalmente<\/strong> suelen ser la opci\u00f3n ideal para quienes necesitan pasar r\u00e1pidamente del ordenador al contacto visual con los alumnos, manteniendo la claridad a todas las distancias.<\/p>\n<h6><strong>Un homenaje a la visi\u00f3n que inspira<\/strong><\/h6>\n<p>En el D\u00eda Mundial de los Docentes, celebramos no s\u00f3lo el conocimiento, sino tambi\u00e9n la capacidad de ver el futuro con claridad. Porque para ense\u00f1ar e inspirar es esencial ver bien, y las lentes adecuadas pueden ser una herramienta tan importante como la pizarra, el libro o la voz que gu\u00eda cada lecci\u00f3n.<\/p>","protected":false},"excerpt":{"rendered":"<p>No dia 5 de outubro celebra-se o Dia Mundial do Professor, uma data que homenageia todos aqueles que dedicam a sua vida a ensinar, inspirar e transformar gera\u00e7\u00f5es. O papel dos professores \u00e9 exigente: requer dedica\u00e7\u00e3o, paci\u00eancia e, acima de tudo, uma vis\u00e3o clara \u2013 no sentido literal e figurado. Tal como o conhecimento deve [&hellip;]<\/p>\n","protected":false},"author":2,"featured_media":24118,"comment_status":"closed","ping_status":"closed","sticky":false,"template":"","format":"standard","meta":{"footnotes":""},"categories":[187],"tags":[],"class_list":["post-24117","post","type-post","status-publish","format-standard","has-post-thumbnail","hentry","category-lentes"],"yoast_head":"<!-- This site is optimized with the Yoast SEO plugin v27.4 - https:\/\/yoast.com\/product\/yoast-seo-wordpress\/ -->\n<title>Dia Mundial do Professor | Vis\u00e3o clara para quem ensina o futuro<\/title>\n<meta name=\"description\" content=\"Hoje celebramos o conhecimento e tamb\u00e9m a capacidade de olhar o futuro com clareza, porque, para ensinar e inspirar, \u00e9 fundamental ver bem.\" \/>\n<meta name=\"robots\" content=\"index, follow, max-snippet:-1, max-image-preview:large, max-video-preview:-1\" \/>\n<link rel=\"canonical\" href=\"https:\/\/www.prooptica.pt\/es\/dia-mundial-del-profesor-una-vision-clara-para-los-que-ensenan-el-futuro\/\" \/>\n<meta property=\"og:locale\" content=\"es_ES\" \/>\n<meta property=\"og:type\" content=\"article\" \/>\n<meta property=\"og:title\" content=\"Dia Mundial do Professor | Vis\u00e3o clara para quem ensina o futuro\" \/>\n<meta property=\"og:description\" content=\"Hoje celebramos o conhecimento e tamb\u00e9m a capacidade de olhar o futuro com clareza, porque, para ensinar e inspirar, \u00e9 fundamental ver bem.\" \/>\n<meta property=\"og:url\" content=\"https:\/\/www.prooptica.pt\/es\/dia-mundial-del-profesor-una-vision-clara-para-los-que-ensenan-el-futuro\/\" \/>\n<meta property=\"og:site_name\" content=\"Prooptica\" \/>\n<meta property=\"article:published_time\" content=\"2025-10-02T16:31:45+00:00\" \/>\n<meta property=\"article:modified_time\" content=\"2025-10-02T16:38:27+00:00\" \/>\n<meta property=\"og:image\" content=\"https:\/\/www.prooptica.pt\/wp-content\/uploads\/2025\/10\/Capa-artigo-blog-1.jpg\" \/>\n\t<meta property=\"og:image:width\" content=\"852\" \/>\n\t<meta property=\"og:image:height\" content=\"514\" \/>\n\t<meta property=\"og:image:type\" content=\"image\/jpeg\" \/>\n<meta name=\"author\" content=\"admin\" \/>\n<meta name=\"twitter:card\" content=\"summary_large_image\" \/>\n<meta name=\"twitter:label1\" content=\"Escrito por\" \/>\n\t<meta name=\"twitter:data1\" content=\"admin\" \/>\n\t<meta name=\"twitter:label2\" content=\"Tiempo de lectura\" \/>\n\t<meta name=\"twitter:data2\" content=\"2 minutos\" \/>\n<script type=\"application\/ld+json\" class=\"yoast-schema-graph\">{\"@context\":\"https:\\\/\\\/schema.org\",\"@graph\":[{\"@type\":\"Article\",\"@id\":\"https:\\\/\\\/www.prooptica.pt\\\/dia-mundial-do-professor-visao-clara-para-quem-ensina-o-futuro\\\/#article\",\"isPartOf\":{\"@id\":\"https:\\\/\\\/www.prooptica.pt\\\/dia-mundial-do-professor-visao-clara-para-quem-ensina-o-futuro\\\/\"},\"author\":{\"name\":\"admin\",\"@id\":\"https:\\\/\\\/www.prooptica.pt\\\/home\\\/#\\\/schema\\\/person\\\/1cbd826a9322a3c38a052e43d1638306\"},\"headline\":\"Dia Mundial do Professor | Vis\u00e3o clara para quem ensina o futuro\",\"datePublished\":\"2025-10-02T16:31:45+00:00\",\"dateModified\":\"2025-10-02T16:38:27+00:00\",\"mainEntityOfPage\":{\"@id\":\"https:\\\/\\\/www.prooptica.pt\\\/dia-mundial-do-professor-visao-clara-para-quem-ensina-o-futuro\\\/\"},\"wordCount\":302,\"image\":{\"@id\":\"https:\\\/\\\/www.prooptica.pt\\\/dia-mundial-do-professor-visao-clara-para-quem-ensina-o-futuro\\\/#primaryimage\"},\"thumbnailUrl\":\"https:\\\/\\\/www.prooptica.pt\\\/wp-content\\\/uploads\\\/2025\\\/10\\\/Capa-artigo-blog-1.jpg\",\"articleSection\":[\"Lentes\"],\"inLanguage\":\"es\"},{\"@type\":\"WebPage\",\"@id\":\"https:\\\/\\\/www.prooptica.pt\\\/dia-mundial-do-professor-visao-clara-para-quem-ensina-o-futuro\\\/\",\"url\":\"https:\\\/\\\/www.prooptica.pt\\\/dia-mundial-do-professor-visao-clara-para-quem-ensina-o-futuro\\\/\",\"name\":\"Dia Mundial do Professor | Vis\u00e3o clara para quem ensina o futuro\",\"isPartOf\":{\"@id\":\"https:\\\/\\\/www.prooptica.pt\\\/home\\\/#website\"},\"primaryImageOfPage\":{\"@id\":\"https:\\\/\\\/www.prooptica.pt\\\/dia-mundial-do-professor-visao-clara-para-quem-ensina-o-futuro\\\/#primaryimage\"},\"image\":{\"@id\":\"https:\\\/\\\/www.prooptica.pt\\\/dia-mundial-do-professor-visao-clara-para-quem-ensina-o-futuro\\\/#primaryimage\"},\"thumbnailUrl\":\"https:\\\/\\\/www.prooptica.pt\\\/wp-content\\\/uploads\\\/2025\\\/10\\\/Capa-artigo-blog-1.jpg\",\"datePublished\":\"2025-10-02T16:31:45+00:00\",\"dateModified\":\"2025-10-02T16:38:27+00:00\",\"author\":{\"@id\":\"https:\\\/\\\/www.prooptica.pt\\\/home\\\/#\\\/schema\\\/person\\\/1cbd826a9322a3c38a052e43d1638306\"},\"description\":\"Hoje celebramos o conhecimento e tamb\u00e9m a capacidade de olhar o futuro com clareza, porque, para ensinar e inspirar, \u00e9 fundamental ver bem.\",\"breadcrumb\":{\"@id\":\"https:\\\/\\\/www.prooptica.pt\\\/dia-mundial-do-professor-visao-clara-para-quem-ensina-o-futuro\\\/#breadcrumb\"},\"inLanguage\":\"es\",\"potentialAction\":[{\"@type\":\"ReadAction\",\"target\":[\"https:\\\/\\\/www.prooptica.pt\\\/dia-mundial-do-professor-visao-clara-para-quem-ensina-o-futuro\\\/\"]}]},{\"@type\":\"ImageObject\",\"inLanguage\":\"es\",\"@id\":\"https:\\\/\\\/www.prooptica.pt\\\/dia-mundial-do-professor-visao-clara-para-quem-ensina-o-futuro\\\/#primaryimage\",\"url\":\"https:\\\/\\\/www.prooptica.pt\\\/wp-content\\\/uploads\\\/2025\\\/10\\\/Capa-artigo-blog-1.jpg\",\"contentUrl\":\"https:\\\/\\\/www.prooptica.pt\\\/wp-content\\\/uploads\\\/2025\\\/10\\\/Capa-artigo-blog-1.jpg\",\"width\":852,\"height\":514},{\"@type\":\"BreadcrumbList\",\"@id\":\"https:\\\/\\\/www.prooptica.pt\\\/dia-mundial-do-professor-visao-clara-para-quem-ensina-o-futuro\\\/#breadcrumb\",\"itemListElement\":[{\"@type\":\"ListItem\",\"position\":1,\"name\":\"In\u00edcio\",\"item\":\"https:\\\/\\\/www.prooptica.pt\\\/\"},{\"@type\":\"ListItem\",\"position\":2,\"name\":\"Dia Mundial do Professor | Vis\u00e3o clara para quem ensina o futuro\"}]},{\"@type\":\"WebSite\",\"@id\":\"https:\\\/\\\/www.prooptica.pt\\\/home\\\/#website\",\"url\":\"https:\\\/\\\/www.prooptica.pt\\\/home\\\/\",\"name\":\"Prooptica\",\"description\":\"Full Eyewear Concept\",\"potentialAction\":[{\"@type\":\"SearchAction\",\"target\":{\"@type\":\"EntryPoint\",\"urlTemplate\":\"https:\\\/\\\/www.prooptica.pt\\\/home\\\/?s={search_term_string}\"},\"query-input\":{\"@type\":\"PropertyValueSpecification\",\"valueRequired\":true,\"valueName\":\"search_term_string\"}}],\"inLanguage\":\"es\"},{\"@type\":\"Person\",\"@id\":\"https:\\\/\\\/www.prooptica.pt\\\/home\\\/#\\\/schema\\\/person\\\/1cbd826a9322a3c38a052e43d1638306\",\"name\":\"admin\",\"image\":{\"@type\":\"ImageObject\",\"inLanguage\":\"es\",\"@id\":\"https:\\\/\\\/secure.gravatar.com\\\/avatar\\\/528c714482569d81724b02603aa719344e9ad7c0b50becf07272b2086b2c1cfd?s=96&d=mm&r=g\",\"url\":\"https:\\\/\\\/secure.gravatar.com\\\/avatar\\\/528c714482569d81724b02603aa719344e9ad7c0b50becf07272b2086b2c1cfd?s=96&d=mm&r=g\",\"contentUrl\":\"https:\\\/\\\/secure.gravatar.com\\\/avatar\\\/528c714482569d81724b02603aa719344e9ad7c0b50becf07272b2086b2c1cfd?s=96&d=mm&r=g\",\"caption\":\"admin\"},\"url\":\"https:\\\/\\\/www.prooptica.pt\\\/es\\\/author\\\/admin\\\/\"}]}<\/script>\n<!-- \/ Yoast SEO plugin. -->","yoast_head_json":{"title":"D\u00eda Mundial de los Docentes | Una visi\u00f3n clara para quienes ense\u00f1an el futuro","description":"Hoy celebramos el conocimiento y tambi\u00e9n la capacidad de ver el futuro con claridad, porque para ense\u00f1ar e inspirar es esencial ver bien.","robots":{"index":"index","follow":"follow","max-snippet":"max-snippet:-1","max-image-preview":"max-image-preview:large","max-video-preview":"max-video-preview:-1"},"canonical":"https:\/\/www.prooptica.pt\/es\/dia-mundial-del-profesor-una-vision-clara-para-los-que-ensenan-el-futuro\/","og_locale":"es_ES","og_type":"article","og_title":"Dia Mundial do Professor | Vis\u00e3o clara para quem ensina o futuro","og_description":"Hoje celebramos o conhecimento e tamb\u00e9m a capacidade de olhar o futuro com clareza, porque, para ensinar e inspirar, \u00e9 fundamental ver bem.","og_url":"https:\/\/www.prooptica.pt\/es\/dia-mundial-del-profesor-una-vision-clara-para-los-que-ensenan-el-futuro\/","og_site_name":"Prooptica","article_published_time":"2025-10-02T16:31:45+00:00","article_modified_time":"2025-10-02T16:38:27+00:00","og_image":[{"width":852,"height":514,"url":"https:\/\/www.prooptica.pt\/wp-content\/uploads\/2025\/10\/Capa-artigo-blog-1.jpg","type":"image\/jpeg"}],"author":"admin","twitter_card":"summary_large_image","twitter_misc":{"Escrito por":"admin","Tiempo de lectura":"2 minutos"},"schema":{"@context":"https:\/\/schema.org","@graph":[{"@type":"Article","@id":"https:\/\/www.prooptica.pt\/dia-mundial-do-professor-visao-clara-para-quem-ensina-o-futuro\/#article","isPartOf":{"@id":"https:\/\/www.prooptica.pt\/dia-mundial-do-professor-visao-clara-para-quem-ensina-o-futuro\/"},"author":{"name":"admin","@id":"https:\/\/www.prooptica.pt\/home\/#\/schema\/person\/1cbd826a9322a3c38a052e43d1638306"},"headline":"Dia Mundial do Professor | Vis\u00e3o clara para quem ensina o futuro","datePublished":"2025-10-02T16:31:45+00:00","dateModified":"2025-10-02T16:38:27+00:00","mainEntityOfPage":{"@id":"https:\/\/www.prooptica.pt\/dia-mundial-do-professor-visao-clara-para-quem-ensina-o-futuro\/"},"wordCount":302,"image":{"@id":"https:\/\/www.prooptica.pt\/dia-mundial-do-professor-visao-clara-para-quem-ensina-o-futuro\/#primaryimage"},"thumbnailUrl":"https:\/\/www.prooptica.pt\/wp-content\/uploads\/2025\/10\/Capa-artigo-blog-1.jpg","articleSection":["Lentes"],"inLanguage":"es"},{"@type":"WebPage","@id":"https:\/\/www.prooptica.pt\/dia-mundial-do-professor-visao-clara-para-quem-ensina-o-futuro\/","url":"https:\/\/www.prooptica.pt\/dia-mundial-do-professor-visao-clara-para-quem-ensina-o-futuro\/","name":"D\u00eda Mundial de los Docentes | Una visi\u00f3n clara para quienes ense\u00f1an el futuro","isPartOf":{"@id":"https:\/\/www.prooptica.pt\/home\/#website"},"primaryImageOfPage":{"@id":"https:\/\/www.prooptica.pt\/dia-mundial-do-professor-visao-clara-para-quem-ensina-o-futuro\/#primaryimage"},"image":{"@id":"https:\/\/www.prooptica.pt\/dia-mundial-do-professor-visao-clara-para-quem-ensina-o-futuro\/#primaryimage"},"thumbnailUrl":"https:\/\/www.prooptica.pt\/wp-content\/uploads\/2025\/10\/Capa-artigo-blog-1.jpg","datePublished":"2025-10-02T16:31:45+00:00","dateModified":"2025-10-02T16:38:27+00:00","author":{"@id":"https:\/\/www.prooptica.pt\/home\/#\/schema\/person\/1cbd826a9322a3c38a052e43d1638306"},"description":"Hoy celebramos el conocimiento y tambi\u00e9n la capacidad de ver el futuro con claridad, porque para ense\u00f1ar e inspirar es esencial ver bien.","breadcrumb":{"@id":"https:\/\/www.prooptica.pt\/dia-mundial-do-professor-visao-clara-para-quem-ensina-o-futuro\/#breadcrumb"},"inLanguage":"es","potentialAction":[{"@type":"ReadAction","target":["https:\/\/www.prooptica.pt\/dia-mundial-do-professor-visao-clara-para-quem-ensina-o-futuro\/"]}]},{"@type":"ImageObject","inLanguage":"es","@id":"https:\/\/www.prooptica.pt\/dia-mundial-do-professor-visao-clara-para-quem-ensina-o-futuro\/#primaryimage","url":"https:\/\/www.prooptica.pt\/wp-content\/uploads\/2025\/10\/Capa-artigo-blog-1.jpg","contentUrl":"https:\/\/www.prooptica.pt\/wp-content\/uploads\/2025\/10\/Capa-artigo-blog-1.jpg","width":852,"height":514},{"@type":"BreadcrumbList","@id":"https:\/\/www.prooptica.pt\/dia-mundial-do-professor-visao-clara-para-quem-ensina-o-futuro\/#breadcrumb","itemListElement":[{"@type":"ListItem","position":1,"name":"In\u00edcio","item":"https:\/\/www.prooptica.pt\/"},{"@type":"ListItem","position":2,"name":"Dia Mundial do Professor | Vis\u00e3o clara para quem ensina o futuro"}]},{"@type":"WebSite","@id":"https:\/\/www.prooptica.pt\/home\/#website","url":"https:\/\/www.prooptica.pt\/home\/","name":"Prooptica","description":"Concepto de gafas completas","potentialAction":[{"@type":"SearchAction","target":{"@type":"EntryPoint","urlTemplate":"https:\/\/www.prooptica.pt\/home\/?s={search_term_string}"},"query-input":{"@type":"PropertyValueSpecification","valueRequired":true,"valueName":"search_term_string"}}],"inLanguage":"es"},{"@type":"Person","@id":"https:\/\/www.prooptica.pt\/home\/#\/schema\/person\/1cbd826a9322a3c38a052e43d1638306","name":"admin","image":{"@type":"ImageObject","inLanguage":"es","@id":"https:\/\/secure.gravatar.com\/avatar\/528c714482569d81724b02603aa719344e9ad7c0b50becf07272b2086b2c1cfd?s=96&d=mm&r=g","url":"https:\/\/secure.gravatar.com\/avatar\/528c714482569d81724b02603aa719344e9ad7c0b50becf07272b2086b2c1cfd?s=96&d=mm&r=g","contentUrl":"https:\/\/secure.gravatar.com\/avatar\/528c714482569d81724b02603aa719344e9ad7c0b50becf07272b2086b2c1cfd?s=96&d=mm&r=g","caption":"admin"},"url":"https:\/\/www.prooptica.pt\/es\/author\/admin\/"}]}},"_links":{"self":[{"href":"https:\/\/www.prooptica.pt\/es\/wp-json\/wp\/v2\/posts\/24117","targetHints":{"allow":["GET"]}}],"collection":[{"href":"https:\/\/www.prooptica.pt\/es\/wp-json\/wp\/v2\/posts"}],"about":[{"href":"https:\/\/www.prooptica.pt\/es\/wp-json\/wp\/v2\/types\/post"}],"author":[{"embeddable":true,"href":"https:\/\/www.prooptica.pt\/es\/wp-json\/wp\/v2\/users\/2"}],"replies":[{"embeddable":true,"href":"https:\/\/www.prooptica.pt\/es\/wp-json\/wp\/v2\/comments?post=24117"}],"version-history":[{"count":1,"href":"https:\/\/www.prooptica.pt\/es\/wp-json\/wp\/v2\/posts\/24117\/revisions"}],"predecessor-version":[{"id":24119,"href":"https:\/\/www.prooptica.pt\/es\/wp-json\/wp\/v2\/posts\/24117\/revisions\/24119"}],"wp:featuredmedia":[{"embeddable":true,"href":"https:\/\/www.prooptica.pt\/es\/wp-json\/wp\/v2\/media\/24118"}],"wp:attachment":[{"href":"https:\/\/www.prooptica.pt\/es\/wp-json\/wp\/v2\/media?parent=24117"}],"wp:term":[{"taxonomy":"category","embeddable":true,"href":"https:\/\/www.prooptica.pt\/es\/wp-json\/wp\/v2\/categories?post=24117"},{"taxonomy":"post_tag","embeddable":true,"href":"https:\/\/www.prooptica.pt\/es\/wp-json\/wp\/v2\/tags?post=24117"}],"curies":[{"name":"wp","href":"https:\/\/api.w.org\/{rel}","templated":true}]}}