{"id":24120,"date":"2025-10-02T16:56:50","date_gmt":"2025-10-02T16:56:50","guid":{"rendered":"https:\/\/www.prooptica.pt\/?p=24120"},"modified":"2026-04-09T10:57:36","modified_gmt":"2026-04-09T10:57:36","slug":"que-hace-a-un-arquitecto-la-vision-de-arquitectos-y-disenadores-prooptica","status":"publish","type":"post","link":"https:\/\/www.prooptica.pt\/es\/o-que-faz-um-arquiteto-a-visao-dos-arquitetos-e-designers-prooptica\/","title":{"rendered":"Qu\u00e9 hace un arquitecto | La visi\u00f3n de Prooptica arquitectos y dise\u00f1adores"},"content":{"rendered":"<p>Cuando pensamos en arquitectura, a menudo la asociamos inmediatamente con dibujos t\u00e9cnicos y planos. Pero el trabajo de un arquitecto va mucho m\u00e1s all\u00e1. Con creatividad, t\u00e9cnica y visi\u00f3n, estos profesionales transforman las necesidades en soluciones espaciales que repercuten en la vida cotidiana de personas y empresas.<\/p>\n<p>El arquitecto es ante todo un observador. Analiza cada detalle: la fluidez de movimientos, la entrada de luz natural, los materiales adecuados, el confort t\u00e9rmico y ac\u00fastico, la funcionalidad e incluso la forma en que las personas interact\u00faan con el espacio. Su objetivo final es claro: crear entornos armoniosos que sirvan e inspiren a sus habitantes.<\/p>\n<h6><strong>La mirada de Prooptica sobre la arquitectura y el dise\u00f1o<\/strong><\/h6>\n<p>En Prooptica, a trav\u00e9s de nuestro departamento de Dise\u00f1o + Arquitectura, compartimos exactamente esta visi\u00f3n. Nuestro know-how naci\u00f3 en el sector \u00f3ptico, donde la personalizaci\u00f3n y funcionalidad de los espacios \u00f3pticos son fundamentales para la experiencia del cliente. Pero nuestra trayectoria ha ido m\u00e1s all\u00e1: hoy tambi\u00e9n desarrollamos proyectos para cl\u00ednicas, oficinas y otros espacios comerciales.<\/p>\n<p>Al igual que un arquitecto dise\u00f1a edificios adaptados a diferentes contextos y necesidades, nosotros creamos conceptos que combinan identidad de marca, innovaci\u00f3n y funcionalidad. Cada proyecto es una oportunidad para dise\u00f1ar no solo espacios, sino experiencias \u00fanicas que traduzcan la esencia de cada cliente.<\/p>\n<h6><strong>Arquitectos que dise\u00f1an experiencias<\/strong><\/h6>\n<p>Los arquitectos de Prooptica no se limitan a construir paredes u organizar habitaciones. Su misi\u00f3n es crear proyectos de ensue\u00f1o que reflejen las necesidades y la personalidad de cada cliente. Son espacios dise\u00f1ados para acoger, inspirar y crear conexiones emocionales duraderas.<\/p>\n<p>M\u00e1s que espacios comerciales funcionales, creemos que cada proyecto debe reflejar la demanda, la motivaci\u00f3n y la esencia de quienes acuden a nosotros. Por eso decimos que en Prooptica dise\u00f1amos experiencias, no solo espacios.<\/p>\n<h6><strong>Dise\u00f1ar es dar vida<\/strong><\/h6>\n<p>Celebrar la arquitectura es reconocer que dise\u00f1ar es mucho m\u00e1s que construir. Se trata de crear historias, inspirar relaciones y dejar huellas que perduren en el tiempo.<\/p>\n<p>En Prooptica, nuestros arquitectos y dise\u00f1adores comparten esta convicci\u00f3n y trabajan cada d\u00eda para transformar las ideas en realidades \u00fanicas, capaces de emocionar y a\u00f1adir valor.<\/p>","protected":false},"excerpt":{"rendered":"<p>Quando pensamos em arquitetura, \u00e9 comum associarmos imediatamente a desenhos t\u00e9cnicos e plantas. Mas o trabalho de um arquiteto vai muito al\u00e9m disso. Com criatividade, t\u00e9cnica e vis\u00e3o, estes profissionais transformam necessidades em solu\u00e7\u00f5es espaciais que impactam o dia a dia das pessoas e dos neg\u00f3cios. O arquiteto \u00e9, antes de mais, um observador. Ele [&hellip;]<\/p>\n","protected":false},"author":2,"featured_media":24580,"comment_status":"closed","ping_status":"closed","sticky":false,"template":"","format":"standard","meta":{"footnotes":""},"categories":[41],"tags":[],"class_list":["post-24120","post","type-post","status-publish","format-standard","has-post-thumbnail","hentry","category-design-arquitetura"],"yoast_head":"<!-- This site is optimized with the Yoast SEO plugin v27.4 - https:\/\/yoast.com\/product\/yoast-seo-wordpress\/ -->\n<title>O que faz um arquiteto | A vis\u00e3o dos arquitetos Prooptica<\/title>\n<meta name=\"description\" content=\"Os arquitetos Prooptica trabalham todos os dias para transformar ideias em realidades \u00fanicas, capazes de emocionar e de acrescentar valor.\" \/>\n<meta name=\"robots\" content=\"index, follow, max-snippet:-1, max-image-preview:large, max-video-preview:-1\" \/>\n<link rel=\"canonical\" href=\"https:\/\/www.prooptica.pt\/es\/que-hace-a-un-arquitecto-la-vision-de-arquitectos-y-disenadores-prooptica\/\" \/>\n<meta property=\"og:locale\" content=\"es_ES\" \/>\n<meta property=\"og:type\" content=\"article\" \/>\n<meta property=\"og:title\" content=\"O que faz um arquiteto | A vis\u00e3o dos arquitetos Prooptica\" \/>\n<meta property=\"og:description\" content=\"Os arquitetos Prooptica trabalham todos os dias para transformar ideias em realidades \u00fanicas, capazes de emocionar e de acrescentar valor.\" \/>\n<meta property=\"og:url\" content=\"https:\/\/www.prooptica.pt\/es\/que-hace-a-un-arquitecto-la-vision-de-arquitectos-y-disenadores-prooptica\/\" \/>\n<meta property=\"og:site_name\" content=\"Prooptica\" \/>\n<meta property=\"article:published_time\" content=\"2025-10-02T16:56:50+00:00\" \/>\n<meta property=\"article:modified_time\" content=\"2026-04-09T10:57:36+00:00\" \/>\n<meta property=\"og:image\" content=\"https:\/\/www.prooptica.pt\/wp-content\/uploads\/2025\/10\/Capa-artigo-blog-13.jpg\" \/>\n\t<meta property=\"og:image:width\" content=\"852\" \/>\n\t<meta property=\"og:image:height\" content=\"514\" \/>\n\t<meta property=\"og:image:type\" content=\"image\/jpeg\" \/>\n<meta name=\"author\" content=\"admin\" \/>\n<meta name=\"twitter:card\" content=\"summary_large_image\" \/>\n<meta name=\"twitter:label1\" content=\"Escrito por\" \/>\n\t<meta name=\"twitter:data1\" content=\"admin\" \/>\n\t<meta name=\"twitter:label2\" content=\"Tiempo de lectura\" \/>\n\t<meta name=\"twitter:data2\" content=\"3 minutos\" \/>\n<script type=\"application\/ld+json\" class=\"yoast-schema-graph\">{\"@context\":\"https:\\\/\\\/schema.org\",\"@graph\":[{\"@type\":\"Article\",\"@id\":\"https:\\\/\\\/www.prooptica.pt\\\/o-que-faz-um-arquiteto-a-visao-dos-arquitetos-e-designers-prooptica\\\/#article\",\"isPartOf\":{\"@id\":\"https:\\\/\\\/www.prooptica.pt\\\/o-que-faz-um-arquiteto-a-visao-dos-arquitetos-e-designers-prooptica\\\/\"},\"author\":{\"name\":\"admin\",\"@id\":\"https:\\\/\\\/www.prooptica.pt\\\/home\\\/#\\\/schema\\\/person\\\/1cbd826a9322a3c38a052e43d1638306\"},\"headline\":\"O que faz um arquiteto | A vis\u00e3o dos arquitetos e designers Prooptica\",\"datePublished\":\"2025-10-02T16:56:50+00:00\",\"dateModified\":\"2026-04-09T10:57:36+00:00\",\"mainEntityOfPage\":{\"@id\":\"https:\\\/\\\/www.prooptica.pt\\\/o-que-faz-um-arquiteto-a-visao-dos-arquitetos-e-designers-prooptica\\\/\"},\"wordCount\":399,\"image\":{\"@id\":\"https:\\\/\\\/www.prooptica.pt\\\/o-que-faz-um-arquiteto-a-visao-dos-arquitetos-e-designers-prooptica\\\/#primaryimage\"},\"thumbnailUrl\":\"https:\\\/\\\/www.prooptica.pt\\\/wp-content\\\/uploads\\\/2025\\\/10\\\/Capa-artigo-blog-13.jpg\",\"articleSection\":[\"Design + Arquitetura\"],\"inLanguage\":\"es\"},{\"@type\":\"WebPage\",\"@id\":\"https:\\\/\\\/www.prooptica.pt\\\/o-que-faz-um-arquiteto-a-visao-dos-arquitetos-e-designers-prooptica\\\/\",\"url\":\"https:\\\/\\\/www.prooptica.pt\\\/o-que-faz-um-arquiteto-a-visao-dos-arquitetos-e-designers-prooptica\\\/\",\"name\":\"O que faz um arquiteto | A vis\u00e3o dos arquitetos Prooptica\",\"isPartOf\":{\"@id\":\"https:\\\/\\\/www.prooptica.pt\\\/home\\\/#website\"},\"primaryImageOfPage\":{\"@id\":\"https:\\\/\\\/www.prooptica.pt\\\/o-que-faz-um-arquiteto-a-visao-dos-arquitetos-e-designers-prooptica\\\/#primaryimage\"},\"image\":{\"@id\":\"https:\\\/\\\/www.prooptica.pt\\\/o-que-faz-um-arquiteto-a-visao-dos-arquitetos-e-designers-prooptica\\\/#primaryimage\"},\"thumbnailUrl\":\"https:\\\/\\\/www.prooptica.pt\\\/wp-content\\\/uploads\\\/2025\\\/10\\\/Capa-artigo-blog-13.jpg\",\"datePublished\":\"2025-10-02T16:56:50+00:00\",\"dateModified\":\"2026-04-09T10:57:36+00:00\",\"author\":{\"@id\":\"https:\\\/\\\/www.prooptica.pt\\\/home\\\/#\\\/schema\\\/person\\\/1cbd826a9322a3c38a052e43d1638306\"},\"description\":\"Os arquitetos Prooptica trabalham todos os dias para transformar ideias em realidades \u00fanicas, capazes de emocionar e de acrescentar valor.\",\"breadcrumb\":{\"@id\":\"https:\\\/\\\/www.prooptica.pt\\\/o-que-faz-um-arquiteto-a-visao-dos-arquitetos-e-designers-prooptica\\\/#breadcrumb\"},\"inLanguage\":\"es\",\"potentialAction\":[{\"@type\":\"ReadAction\",\"target\":[\"https:\\\/\\\/www.prooptica.pt\\\/o-que-faz-um-arquiteto-a-visao-dos-arquitetos-e-designers-prooptica\\\/\"]}]},{\"@type\":\"ImageObject\",\"inLanguage\":\"es\",\"@id\":\"https:\\\/\\\/www.prooptica.pt\\\/o-que-faz-um-arquiteto-a-visao-dos-arquitetos-e-designers-prooptica\\\/#primaryimage\",\"url\":\"https:\\\/\\\/www.prooptica.pt\\\/wp-content\\\/uploads\\\/2025\\\/10\\\/Capa-artigo-blog-13.jpg\",\"contentUrl\":\"https:\\\/\\\/www.prooptica.pt\\\/wp-content\\\/uploads\\\/2025\\\/10\\\/Capa-artigo-blog-13.jpg\",\"width\":852,\"height\":514},{\"@type\":\"BreadcrumbList\",\"@id\":\"https:\\\/\\\/www.prooptica.pt\\\/o-que-faz-um-arquiteto-a-visao-dos-arquitetos-e-designers-prooptica\\\/#breadcrumb\",\"itemListElement\":[{\"@type\":\"ListItem\",\"position\":1,\"name\":\"In\u00edcio\",\"item\":\"https:\\\/\\\/www.prooptica.pt\\\/\"},{\"@type\":\"ListItem\",\"position\":2,\"name\":\"O que faz um arquiteto | A vis\u00e3o dos arquitetos e designers Prooptica\"}]},{\"@type\":\"WebSite\",\"@id\":\"https:\\\/\\\/www.prooptica.pt\\\/home\\\/#website\",\"url\":\"https:\\\/\\\/www.prooptica.pt\\\/home\\\/\",\"name\":\"Prooptica\",\"description\":\"Full Eyewear Concept\",\"potentialAction\":[{\"@type\":\"SearchAction\",\"target\":{\"@type\":\"EntryPoint\",\"urlTemplate\":\"https:\\\/\\\/www.prooptica.pt\\\/home\\\/?s={search_term_string}\"},\"query-input\":{\"@type\":\"PropertyValueSpecification\",\"valueRequired\":true,\"valueName\":\"search_term_string\"}}],\"inLanguage\":\"es\"},{\"@type\":\"Person\",\"@id\":\"https:\\\/\\\/www.prooptica.pt\\\/home\\\/#\\\/schema\\\/person\\\/1cbd826a9322a3c38a052e43d1638306\",\"name\":\"admin\",\"image\":{\"@type\":\"ImageObject\",\"inLanguage\":\"es\",\"@id\":\"https:\\\/\\\/secure.gravatar.com\\\/avatar\\\/528c714482569d81724b02603aa719344e9ad7c0b50becf07272b2086b2c1cfd?s=96&d=mm&r=g\",\"url\":\"https:\\\/\\\/secure.gravatar.com\\\/avatar\\\/528c714482569d81724b02603aa719344e9ad7c0b50becf07272b2086b2c1cfd?s=96&d=mm&r=g\",\"contentUrl\":\"https:\\\/\\\/secure.gravatar.com\\\/avatar\\\/528c714482569d81724b02603aa719344e9ad7c0b50becf07272b2086b2c1cfd?s=96&d=mm&r=g\",\"caption\":\"admin\"},\"url\":\"https:\\\/\\\/www.prooptica.pt\\\/es\\\/author\\\/admin\\\/\"}]}<\/script>\n<!-- \/ Yoast SEO plugin. -->","yoast_head_json":{"title":"Qu\u00e9 hace un arquitecto | La visi\u00f3n de Prooptica architects","description":"Los arquitectos de Prooptica trabajan cada d\u00eda para transformar ideas en realidades \u00fanicas, capaces de emocionar y aportar valor a\u00f1adido.","robots":{"index":"index","follow":"follow","max-snippet":"max-snippet:-1","max-image-preview":"max-image-preview:large","max-video-preview":"max-video-preview:-1"},"canonical":"https:\/\/www.prooptica.pt\/es\/que-hace-a-un-arquitecto-la-vision-de-arquitectos-y-disenadores-prooptica\/","og_locale":"es_ES","og_type":"article","og_title":"O que faz um arquiteto | A vis\u00e3o dos arquitetos Prooptica","og_description":"Os arquitetos Prooptica trabalham todos os dias para transformar ideias em realidades \u00fanicas, capazes de emocionar e de acrescentar valor.","og_url":"https:\/\/www.prooptica.pt\/es\/que-hace-a-un-arquitecto-la-vision-de-arquitectos-y-disenadores-prooptica\/","og_site_name":"Prooptica","article_published_time":"2025-10-02T16:56:50+00:00","article_modified_time":"2026-04-09T10:57:36+00:00","og_image":[{"width":852,"height":514,"url":"https:\/\/www.prooptica.pt\/wp-content\/uploads\/2025\/10\/Capa-artigo-blog-13.jpg","type":"image\/jpeg"}],"author":"admin","twitter_card":"summary_large_image","twitter_misc":{"Escrito por":"admin","Tiempo de lectura":"3 minutos"},"schema":{"@context":"https:\/\/schema.org","@graph":[{"@type":"Article","@id":"https:\/\/www.prooptica.pt\/o-que-faz-um-arquiteto-a-visao-dos-arquitetos-e-designers-prooptica\/#article","isPartOf":{"@id":"https:\/\/www.prooptica.pt\/o-que-faz-um-arquiteto-a-visao-dos-arquitetos-e-designers-prooptica\/"},"author":{"name":"admin","@id":"https:\/\/www.prooptica.pt\/home\/#\/schema\/person\/1cbd826a9322a3c38a052e43d1638306"},"headline":"O que faz um arquiteto | A vis\u00e3o dos arquitetos e designers Prooptica","datePublished":"2025-10-02T16:56:50+00:00","dateModified":"2026-04-09T10:57:36+00:00","mainEntityOfPage":{"@id":"https:\/\/www.prooptica.pt\/o-que-faz-um-arquiteto-a-visao-dos-arquitetos-e-designers-prooptica\/"},"wordCount":399,"image":{"@id":"https:\/\/www.prooptica.pt\/o-que-faz-um-arquiteto-a-visao-dos-arquitetos-e-designers-prooptica\/#primaryimage"},"thumbnailUrl":"https:\/\/www.prooptica.pt\/wp-content\/uploads\/2025\/10\/Capa-artigo-blog-13.jpg","articleSection":["Design + Arquitetura"],"inLanguage":"es"},{"@type":"WebPage","@id":"https:\/\/www.prooptica.pt\/o-que-faz-um-arquiteto-a-visao-dos-arquitetos-e-designers-prooptica\/","url":"https:\/\/www.prooptica.pt\/o-que-faz-um-arquiteto-a-visao-dos-arquitetos-e-designers-prooptica\/","name":"Qu\u00e9 hace un arquitecto | La visi\u00f3n de Prooptica architects","isPartOf":{"@id":"https:\/\/www.prooptica.pt\/home\/#website"},"primaryImageOfPage":{"@id":"https:\/\/www.prooptica.pt\/o-que-faz-um-arquiteto-a-visao-dos-arquitetos-e-designers-prooptica\/#primaryimage"},"image":{"@id":"https:\/\/www.prooptica.pt\/o-que-faz-um-arquiteto-a-visao-dos-arquitetos-e-designers-prooptica\/#primaryimage"},"thumbnailUrl":"https:\/\/www.prooptica.pt\/wp-content\/uploads\/2025\/10\/Capa-artigo-blog-13.jpg","datePublished":"2025-10-02T16:56:50+00:00","dateModified":"2026-04-09T10:57:36+00:00","author":{"@id":"https:\/\/www.prooptica.pt\/home\/#\/schema\/person\/1cbd826a9322a3c38a052e43d1638306"},"description":"Los arquitectos de Prooptica trabajan cada d\u00eda para transformar ideas en realidades \u00fanicas, capaces de emocionar y aportar valor a\u00f1adido.","breadcrumb":{"@id":"https:\/\/www.prooptica.pt\/o-que-faz-um-arquiteto-a-visao-dos-arquitetos-e-designers-prooptica\/#breadcrumb"},"inLanguage":"es","potentialAction":[{"@type":"ReadAction","target":["https:\/\/www.prooptica.pt\/o-que-faz-um-arquiteto-a-visao-dos-arquitetos-e-designers-prooptica\/"]}]},{"@type":"ImageObject","inLanguage":"es","@id":"https:\/\/www.prooptica.pt\/o-que-faz-um-arquiteto-a-visao-dos-arquitetos-e-designers-prooptica\/#primaryimage","url":"https:\/\/www.prooptica.pt\/wp-content\/uploads\/2025\/10\/Capa-artigo-blog-13.jpg","contentUrl":"https:\/\/www.prooptica.pt\/wp-content\/uploads\/2025\/10\/Capa-artigo-blog-13.jpg","width":852,"height":514},{"@type":"BreadcrumbList","@id":"https:\/\/www.prooptica.pt\/o-que-faz-um-arquiteto-a-visao-dos-arquitetos-e-designers-prooptica\/#breadcrumb","itemListElement":[{"@type":"ListItem","position":1,"name":"In\u00edcio","item":"https:\/\/www.prooptica.pt\/"},{"@type":"ListItem","position":2,"name":"O que faz um arquiteto | A vis\u00e3o dos arquitetos e designers Prooptica"}]},{"@type":"WebSite","@id":"https:\/\/www.prooptica.pt\/home\/#website","url":"https:\/\/www.prooptica.pt\/home\/","name":"Prooptica","description":"Concepto de gafas completas","potentialAction":[{"@type":"SearchAction","target":{"@type":"EntryPoint","urlTemplate":"https:\/\/www.prooptica.pt\/home\/?s={search_term_string}"},"query-input":{"@type":"PropertyValueSpecification","valueRequired":true,"valueName":"search_term_string"}}],"inLanguage":"es"},{"@type":"Person","@id":"https:\/\/www.prooptica.pt\/home\/#\/schema\/person\/1cbd826a9322a3c38a052e43d1638306","name":"admin","image":{"@type":"ImageObject","inLanguage":"es","@id":"https:\/\/secure.gravatar.com\/avatar\/528c714482569d81724b02603aa719344e9ad7c0b50becf07272b2086b2c1cfd?s=96&d=mm&r=g","url":"https:\/\/secure.gravatar.com\/avatar\/528c714482569d81724b02603aa719344e9ad7c0b50becf07272b2086b2c1cfd?s=96&d=mm&r=g","contentUrl":"https:\/\/secure.gravatar.com\/avatar\/528c714482569d81724b02603aa719344e9ad7c0b50becf07272b2086b2c1cfd?s=96&d=mm&r=g","caption":"admin"},"url":"https:\/\/www.prooptica.pt\/es\/author\/admin\/"}]}},"_links":{"self":[{"href":"https:\/\/www.prooptica.pt\/es\/wp-json\/wp\/v2\/posts\/24120","targetHints":{"allow":["GET"]}}],"collection":[{"href":"https:\/\/www.prooptica.pt\/es\/wp-json\/wp\/v2\/posts"}],"about":[{"href":"https:\/\/www.prooptica.pt\/es\/wp-json\/wp\/v2\/types\/post"}],"author":[{"embeddable":true,"href":"https:\/\/www.prooptica.pt\/es\/wp-json\/wp\/v2\/users\/2"}],"replies":[{"embeddable":true,"href":"https:\/\/www.prooptica.pt\/es\/wp-json\/wp\/v2\/comments?post=24120"}],"version-history":[{"count":1,"href":"https:\/\/www.prooptica.pt\/es\/wp-json\/wp\/v2\/posts\/24120\/revisions"}],"predecessor-version":[{"id":24122,"href":"https:\/\/www.prooptica.pt\/es\/wp-json\/wp\/v2\/posts\/24120\/revisions\/24122"}],"wp:featuredmedia":[{"embeddable":true,"href":"https:\/\/www.prooptica.pt\/es\/wp-json\/wp\/v2\/media\/24580"}],"wp:attachment":[{"href":"https:\/\/www.prooptica.pt\/es\/wp-json\/wp\/v2\/media?parent=24120"}],"wp:term":[{"taxonomy":"category","embeddable":true,"href":"https:\/\/www.prooptica.pt\/es\/wp-json\/wp\/v2\/categories?post=24120"},{"taxonomy":"post_tag","embeddable":true,"href":"https:\/\/www.prooptica.pt\/es\/wp-json\/wp\/v2\/tags?post=24120"}],"curies":[{"name":"wp","href":"https:\/\/api.w.org\/{rel}","templated":true}]}}