{"id":24204,"date":"2025-10-29T18:05:35","date_gmt":"2025-10-29T18:05:35","guid":{"rendered":"https:\/\/www.prooptica.pt\/?p=24204"},"modified":"2025-10-29T18:06:41","modified_gmt":"2025-10-29T18:06:41","slug":"%f0%9f%92%99-prooptica-y-prolente-en-accion-solidaria-en-el-centro-sociocultural-de-brejao-%f0%9f%92%99","status":"publish","type":"post","link":"https:\/\/www.prooptica.pt\/es\/%f0%9f%92%99-prooptica-e-prolente-em-acao-solidaria-no-centro-socio-cultural-do-brejao-%f0%9f%92%99\/","title":{"rendered":"\ud83d\udc99 Prooptica y Prolente en acci\u00f3n solidaria en el Centro Sociocultural de Brej\u00e3o \ud83d\udc99"},"content":{"rendered":"<p>Recientemente <strong>Prooptica<\/strong> y <strong>Prolente<\/strong> particip\u00f3 en un <strong>acci\u00f3n solidaria<\/strong> en <strong>Centro Sociocultural de Brej\u00e3o<\/strong>, en el que se llevaron a cabo consultas de evaluaci\u00f3n visual con la poblaci\u00f3n, en colaboraci\u00f3n con el <strong>Fundaci\u00f3n Am\u00e1lia Rodrigues<\/strong> y <strong>Ayuntamiento de Odemira<\/strong>.<\/p>\n<p>El <strong>Brej\u00e3o<\/strong> es una tierra llena de significado - aqu\u00ed es donde <strong>Am\u00e1lia Rodrigues<\/strong> vivi\u00f3 gran parte de su vida y donde dej\u00f3 una profunda huella de amor y generosidad. El artista <strong>patrocin\u00f3 el Centro Sociocultural de Brej\u00e3o<\/strong>, Es una instituci\u00f3n que sigue honrando sus valores de proximidad, cultura y solidaridad. Inspirados por este legado, hemos querido continuar su ejemplo llevando un gesto de solidaridad a la comunidad. <strong>atenci\u00f3n, empat\u00eda y compromiso social<\/strong>. \ud83c\udf3f<\/p>\n<p>Durante la iniciativa, llevamos a cabo <strong>consultas de evaluaci\u00f3n visual <\/strong>a la poblaci\u00f3n local, con el objetivo de identificar las dificultades de visi\u00f3n y concienciar sobre la importancia de la <strong>control peri\u00f3dico de la salud ocular<\/strong>. A menudo, las peque\u00f1as patolog\u00edas visuales pasan desapercibidas y, cuando no se tratan, pueden afectar significativamente al bienestar y la calidad de vida.<\/p>\n<p>Estas acciones son una forma de <strong>llegar a quienes m\u00e1s lo necesitan<\/strong>, reforzando la misi\u00f3n de Prooptica y Prolente en <strong>promover el acceso a la salud visual de forma inclusiva y solidaria<\/strong>. Para nosotros, cuidar la vista es tambi\u00e9n cuidar a las personas. \ud83d\udc99<\/p>\n<p>Un <strong>agradecimiento especial a la Fundaci\u00f3n Am\u00e1lia Rodrigues<\/strong> y <strong>Ayuntamiento de Odemira<\/strong> por confiar en nosotros para abrazar esta iniciativa de gran relevancia social, y para <strong>experto Rui Teixeira, de Prolente<\/strong>, por su dedicaci\u00f3n y profesionalidad, que han sido esenciales para el \u00e9xito de esta acci\u00f3n.<\/p>\n<p>En <strong>Prooptica<\/strong> y <strong>Prolente<\/strong>, creemos que <strong>ver mejor es vivir mejor<\/strong> - y que la verdadera visi\u00f3n reside en <strong>mirar a los dem\u00e1s con empat\u00eda, respeto y solidaridad<\/strong>.<\/p>","protected":false},"excerpt":{"rendered":"<p>Recentemente, a Prooptica e a Prolente participaram numa a\u00e7\u00e3o de solidariedade no Centro S\u00f3cio-Cultural do Brej\u00e3o, onde foram realizadas consultas de avalia\u00e7\u00e3o visual \u00e0 popula\u00e7\u00e3o, em parceria com a Funda\u00e7\u00e3o Am\u00e1lia Rodrigues e a C\u00e2mara Municipal de Odemira. O Brej\u00e3o \u00e9 uma terra cheia de significado \u2014 foi aqui que Am\u00e1lia Rodrigues viveu grande parte [&hellip;]<\/p>\n","protected":false},"author":2,"featured_media":24205,"comment_status":"closed","ping_status":"closed","sticky":false,"template":"","format":"standard","meta":{"footnotes":""},"categories":[195],"tags":[],"class_list":["post-24204","post","type-post","status-publish","format-standard","has-post-thumbnail","hentry","category-institucional"],"yoast_head":"<!-- This site is optimized with the Yoast SEO plugin v27.5 - https:\/\/yoast.com\/product\/yoast-seo-wordpress\/ -->\n<title>Prooptica e Prolente em a\u00e7\u00e3o solid\u00e1ria no Brej\u00e3o<\/title>\n<meta name=\"description\" content=\"Um agradecimento especial \u00e0 Funda\u00e7\u00e3o Am\u00e1lia Rodrigues e \u00e0 C\u00e2mara Municipal de Odemira e ao especialista Rui Teixeira, da Prolente.\" \/>\n<meta name=\"robots\" content=\"index, follow, max-snippet:-1, max-image-preview:large, max-video-preview:-1\" \/>\n<link rel=\"canonical\" href=\"https:\/\/www.prooptica.pt\/es\/\ud83d\udc99-prooptica-y-prolente-en-accion-solidaria-en-el-centro-sociocultural-de-brejao-\ud83d\udc99\/\" \/>\n<meta property=\"og:locale\" content=\"es_ES\" \/>\n<meta property=\"og:type\" content=\"article\" \/>\n<meta property=\"og:title\" content=\"Prooptica e Prolente em a\u00e7\u00e3o solid\u00e1ria no Brej\u00e3o\" \/>\n<meta property=\"og:description\" content=\"Um agradecimento especial \u00e0 Funda\u00e7\u00e3o Am\u00e1lia Rodrigues e \u00e0 C\u00e2mara Municipal de Odemira e ao especialista Rui Teixeira, da Prolente.\" \/>\n<meta property=\"og:url\" content=\"https:\/\/www.prooptica.pt\/es\/\ud83d\udc99-prooptica-y-prolente-en-accion-solidaria-en-el-centro-sociocultural-de-brejao-\ud83d\udc99\/\" \/>\n<meta property=\"og:site_name\" content=\"Prooptica\" \/>\n<meta property=\"article:published_time\" content=\"2025-10-29T18:05:35+00:00\" \/>\n<meta property=\"article:modified_time\" content=\"2025-10-29T18:06:41+00:00\" \/>\n<meta property=\"og:image\" content=\"https:\/\/www.prooptica.pt\/wp-content\/uploads\/2025\/10\/Capa-artigo-blog-12.jpg\" \/>\n\t<meta property=\"og:image:width\" content=\"852\" \/>\n\t<meta property=\"og:image:height\" content=\"514\" \/>\n\t<meta property=\"og:image:type\" content=\"image\/jpeg\" \/>\n<meta name=\"author\" content=\"admin\" \/>\n<meta name=\"twitter:card\" content=\"summary_large_image\" \/>\n<meta name=\"twitter:label1\" content=\"Escrito por\" \/>\n\t<meta name=\"twitter:data1\" content=\"admin\" \/>\n\t<meta name=\"twitter:label2\" content=\"Tiempo de lectura\" \/>\n\t<meta name=\"twitter:data2\" content=\"2 minutos\" \/>\n<script type=\"application\/ld+json\" class=\"yoast-schema-graph\">{\"@context\":\"https:\\\/\\\/schema.org\",\"@graph\":[{\"@type\":\"Article\",\"@id\":\"https:\\\/\\\/www.prooptica.pt\\\/%f0%9f%92%99-prooptica-e-prolente-em-acao-solidaria-no-centro-socio-cultural-do-brejao-%f0%9f%92%99\\\/#article\",\"isPartOf\":{\"@id\":\"https:\\\/\\\/www.prooptica.pt\\\/%f0%9f%92%99-prooptica-e-prolente-em-acao-solidaria-no-centro-socio-cultural-do-brejao-%f0%9f%92%99\\\/\"},\"author\":{\"name\":\"admin\",\"@id\":\"https:\\\/\\\/www.prooptica.pt\\\/home\\\/#\\\/schema\\\/person\\\/1cbd826a9322a3c38a052e43d1638306\"},\"headline\":\"\ud83d\udc99 Prooptica e Prolente em a\u00e7\u00e3o solid\u00e1ria no Centro S\u00f3cio-Cultural do Brej\u00e3o \ud83d\udc99\",\"datePublished\":\"2025-10-29T18:05:35+00:00\",\"dateModified\":\"2025-10-29T18:06:41+00:00\",\"mainEntityOfPage\":{\"@id\":\"https:\\\/\\\/www.prooptica.pt\\\/%f0%9f%92%99-prooptica-e-prolente-em-acao-solidaria-no-centro-socio-cultural-do-brejao-%f0%9f%92%99\\\/\"},\"wordCount\":319,\"image\":{\"@id\":\"https:\\\/\\\/www.prooptica.pt\\\/%f0%9f%92%99-prooptica-e-prolente-em-acao-solidaria-no-centro-socio-cultural-do-brejao-%f0%9f%92%99\\\/#primaryimage\"},\"thumbnailUrl\":\"https:\\\/\\\/www.prooptica.pt\\\/wp-content\\\/uploads\\\/2025\\\/10\\\/Capa-artigo-blog-12.jpg\",\"articleSection\":[\"Institucional\"],\"inLanguage\":\"es\"},{\"@type\":\"WebPage\",\"@id\":\"https:\\\/\\\/www.prooptica.pt\\\/%f0%9f%92%99-prooptica-e-prolente-em-acao-solidaria-no-centro-socio-cultural-do-brejao-%f0%9f%92%99\\\/\",\"url\":\"https:\\\/\\\/www.prooptica.pt\\\/%f0%9f%92%99-prooptica-e-prolente-em-acao-solidaria-no-centro-socio-cultural-do-brejao-%f0%9f%92%99\\\/\",\"name\":\"Prooptica e Prolente em a\u00e7\u00e3o solid\u00e1ria no Brej\u00e3o\",\"isPartOf\":{\"@id\":\"https:\\\/\\\/www.prooptica.pt\\\/home\\\/#website\"},\"primaryImageOfPage\":{\"@id\":\"https:\\\/\\\/www.prooptica.pt\\\/%f0%9f%92%99-prooptica-e-prolente-em-acao-solidaria-no-centro-socio-cultural-do-brejao-%f0%9f%92%99\\\/#primaryimage\"},\"image\":{\"@id\":\"https:\\\/\\\/www.prooptica.pt\\\/%f0%9f%92%99-prooptica-e-prolente-em-acao-solidaria-no-centro-socio-cultural-do-brejao-%f0%9f%92%99\\\/#primaryimage\"},\"thumbnailUrl\":\"https:\\\/\\\/www.prooptica.pt\\\/wp-content\\\/uploads\\\/2025\\\/10\\\/Capa-artigo-blog-12.jpg\",\"datePublished\":\"2025-10-29T18:05:35+00:00\",\"dateModified\":\"2025-10-29T18:06:41+00:00\",\"author\":{\"@id\":\"https:\\\/\\\/www.prooptica.pt\\\/home\\\/#\\\/schema\\\/person\\\/1cbd826a9322a3c38a052e43d1638306\"},\"description\":\"Um agradecimento especial \u00e0 Funda\u00e7\u00e3o Am\u00e1lia Rodrigues e \u00e0 C\u00e2mara Municipal de Odemira e ao especialista Rui Teixeira, da Prolente.\",\"breadcrumb\":{\"@id\":\"https:\\\/\\\/www.prooptica.pt\\\/%f0%9f%92%99-prooptica-e-prolente-em-acao-solidaria-no-centro-socio-cultural-do-brejao-%f0%9f%92%99\\\/#breadcrumb\"},\"inLanguage\":\"es\",\"potentialAction\":[{\"@type\":\"ReadAction\",\"target\":[\"https:\\\/\\\/www.prooptica.pt\\\/%f0%9f%92%99-prooptica-e-prolente-em-acao-solidaria-no-centro-socio-cultural-do-brejao-%f0%9f%92%99\\\/\"]}]},{\"@type\":\"ImageObject\",\"inLanguage\":\"es\",\"@id\":\"https:\\\/\\\/www.prooptica.pt\\\/%f0%9f%92%99-prooptica-e-prolente-em-acao-solidaria-no-centro-socio-cultural-do-brejao-%f0%9f%92%99\\\/#primaryimage\",\"url\":\"https:\\\/\\\/www.prooptica.pt\\\/wp-content\\\/uploads\\\/2025\\\/10\\\/Capa-artigo-blog-12.jpg\",\"contentUrl\":\"https:\\\/\\\/www.prooptica.pt\\\/wp-content\\\/uploads\\\/2025\\\/10\\\/Capa-artigo-blog-12.jpg\",\"width\":852,\"height\":514},{\"@type\":\"BreadcrumbList\",\"@id\":\"https:\\\/\\\/www.prooptica.pt\\\/%f0%9f%92%99-prooptica-e-prolente-em-acao-solidaria-no-centro-socio-cultural-do-brejao-%f0%9f%92%99\\\/#breadcrumb\",\"itemListElement\":[{\"@type\":\"ListItem\",\"position\":1,\"name\":\"In\u00edcio\",\"item\":\"https:\\\/\\\/www.prooptica.pt\\\/\"},{\"@type\":\"ListItem\",\"position\":2,\"name\":\"\ud83d\udc99 Prooptica e Prolente em a\u00e7\u00e3o solid\u00e1ria no Centro S\u00f3cio-Cultural do Brej\u00e3o \ud83d\udc99\"}]},{\"@type\":\"WebSite\",\"@id\":\"https:\\\/\\\/www.prooptica.pt\\\/home\\\/#website\",\"url\":\"https:\\\/\\\/www.prooptica.pt\\\/home\\\/\",\"name\":\"Prooptica\",\"description\":\"Full Eyewear Concept\",\"potentialAction\":[{\"@type\":\"SearchAction\",\"target\":{\"@type\":\"EntryPoint\",\"urlTemplate\":\"https:\\\/\\\/www.prooptica.pt\\\/home\\\/?s={search_term_string}\"},\"query-input\":{\"@type\":\"PropertyValueSpecification\",\"valueRequired\":true,\"valueName\":\"search_term_string\"}}],\"inLanguage\":\"es\"},{\"@type\":\"Person\",\"@id\":\"https:\\\/\\\/www.prooptica.pt\\\/home\\\/#\\\/schema\\\/person\\\/1cbd826a9322a3c38a052e43d1638306\",\"name\":\"admin\",\"image\":{\"@type\":\"ImageObject\",\"inLanguage\":\"es\",\"@id\":\"https:\\\/\\\/secure.gravatar.com\\\/avatar\\\/528c714482569d81724b02603aa719344e9ad7c0b50becf07272b2086b2c1cfd?s=96&d=mm&r=g\",\"url\":\"https:\\\/\\\/secure.gravatar.com\\\/avatar\\\/528c714482569d81724b02603aa719344e9ad7c0b50becf07272b2086b2c1cfd?s=96&d=mm&r=g\",\"contentUrl\":\"https:\\\/\\\/secure.gravatar.com\\\/avatar\\\/528c714482569d81724b02603aa719344e9ad7c0b50becf07272b2086b2c1cfd?s=96&d=mm&r=g\",\"caption\":\"admin\"},\"url\":\"https:\\\/\\\/www.prooptica.pt\\\/es\\\/author\\\/admin\\\/\"}]}<\/script>\n<!-- \/ Yoast SEO plugin. -->","yoast_head_json":{"title":"Prooptica y Prolente en acci\u00f3n solidaria en Brej\u00e3o","description":"Un agradecimiento especial a la Fundaci\u00f3n Am\u00e1lia Rodrigues y al Ayuntamiento de Odemira, as\u00ed como al especialista de Prolente Rui Teixeira.","robots":{"index":"index","follow":"follow","max-snippet":"max-snippet:-1","max-image-preview":"max-image-preview:large","max-video-preview":"max-video-preview:-1"},"canonical":"https:\/\/www.prooptica.pt\/es\/\ud83d\udc99-prooptica-y-prolente-en-accion-solidaria-en-el-centro-sociocultural-de-brejao-\ud83d\udc99\/","og_locale":"es_ES","og_type":"article","og_title":"Prooptica e Prolente em a\u00e7\u00e3o solid\u00e1ria no Brej\u00e3o","og_description":"Um agradecimento especial \u00e0 Funda\u00e7\u00e3o Am\u00e1lia Rodrigues e \u00e0 C\u00e2mara Municipal de Odemira e ao especialista Rui Teixeira, da Prolente.","og_url":"https:\/\/www.prooptica.pt\/es\/\ud83d\udc99-prooptica-y-prolente-en-accion-solidaria-en-el-centro-sociocultural-de-brejao-\ud83d\udc99\/","og_site_name":"Prooptica","article_published_time":"2025-10-29T18:05:35+00:00","article_modified_time":"2025-10-29T18:06:41+00:00","og_image":[{"width":852,"height":514,"url":"https:\/\/www.prooptica.pt\/wp-content\/uploads\/2025\/10\/Capa-artigo-blog-12.jpg","type":"image\/jpeg"}],"author":"admin","twitter_card":"summary_large_image","twitter_misc":{"Escrito por":"admin","Tiempo de lectura":"2 minutos"},"schema":{"@context":"https:\/\/schema.org","@graph":[{"@type":"Article","@id":"https:\/\/www.prooptica.pt\/%f0%9f%92%99-prooptica-e-prolente-em-acao-solidaria-no-centro-socio-cultural-do-brejao-%f0%9f%92%99\/#article","isPartOf":{"@id":"https:\/\/www.prooptica.pt\/%f0%9f%92%99-prooptica-e-prolente-em-acao-solidaria-no-centro-socio-cultural-do-brejao-%f0%9f%92%99\/"},"author":{"name":"admin","@id":"https:\/\/www.prooptica.pt\/home\/#\/schema\/person\/1cbd826a9322a3c38a052e43d1638306"},"headline":"\ud83d\udc99 Prooptica e Prolente em a\u00e7\u00e3o solid\u00e1ria no Centro S\u00f3cio-Cultural do Brej\u00e3o \ud83d\udc99","datePublished":"2025-10-29T18:05:35+00:00","dateModified":"2025-10-29T18:06:41+00:00","mainEntityOfPage":{"@id":"https:\/\/www.prooptica.pt\/%f0%9f%92%99-prooptica-e-prolente-em-acao-solidaria-no-centro-socio-cultural-do-brejao-%f0%9f%92%99\/"},"wordCount":319,"image":{"@id":"https:\/\/www.prooptica.pt\/%f0%9f%92%99-prooptica-e-prolente-em-acao-solidaria-no-centro-socio-cultural-do-brejao-%f0%9f%92%99\/#primaryimage"},"thumbnailUrl":"https:\/\/www.prooptica.pt\/wp-content\/uploads\/2025\/10\/Capa-artigo-blog-12.jpg","articleSection":["Institucional"],"inLanguage":"es"},{"@type":"WebPage","@id":"https:\/\/www.prooptica.pt\/%f0%9f%92%99-prooptica-e-prolente-em-acao-solidaria-no-centro-socio-cultural-do-brejao-%f0%9f%92%99\/","url":"https:\/\/www.prooptica.pt\/%f0%9f%92%99-prooptica-e-prolente-em-acao-solidaria-no-centro-socio-cultural-do-brejao-%f0%9f%92%99\/","name":"Prooptica y Prolente en acci\u00f3n solidaria en Brej\u00e3o","isPartOf":{"@id":"https:\/\/www.prooptica.pt\/home\/#website"},"primaryImageOfPage":{"@id":"https:\/\/www.prooptica.pt\/%f0%9f%92%99-prooptica-e-prolente-em-acao-solidaria-no-centro-socio-cultural-do-brejao-%f0%9f%92%99\/#primaryimage"},"image":{"@id":"https:\/\/www.prooptica.pt\/%f0%9f%92%99-prooptica-e-prolente-em-acao-solidaria-no-centro-socio-cultural-do-brejao-%f0%9f%92%99\/#primaryimage"},"thumbnailUrl":"https:\/\/www.prooptica.pt\/wp-content\/uploads\/2025\/10\/Capa-artigo-blog-12.jpg","datePublished":"2025-10-29T18:05:35+00:00","dateModified":"2025-10-29T18:06:41+00:00","author":{"@id":"https:\/\/www.prooptica.pt\/home\/#\/schema\/person\/1cbd826a9322a3c38a052e43d1638306"},"description":"Un agradecimiento especial a la Fundaci\u00f3n Am\u00e1lia Rodrigues y al Ayuntamiento de Odemira, as\u00ed como al especialista de Prolente Rui Teixeira.","breadcrumb":{"@id":"https:\/\/www.prooptica.pt\/%f0%9f%92%99-prooptica-e-prolente-em-acao-solidaria-no-centro-socio-cultural-do-brejao-%f0%9f%92%99\/#breadcrumb"},"inLanguage":"es","potentialAction":[{"@type":"ReadAction","target":["https:\/\/www.prooptica.pt\/%f0%9f%92%99-prooptica-e-prolente-em-acao-solidaria-no-centro-socio-cultural-do-brejao-%f0%9f%92%99\/"]}]},{"@type":"ImageObject","inLanguage":"es","@id":"https:\/\/www.prooptica.pt\/%f0%9f%92%99-prooptica-e-prolente-em-acao-solidaria-no-centro-socio-cultural-do-brejao-%f0%9f%92%99\/#primaryimage","url":"https:\/\/www.prooptica.pt\/wp-content\/uploads\/2025\/10\/Capa-artigo-blog-12.jpg","contentUrl":"https:\/\/www.prooptica.pt\/wp-content\/uploads\/2025\/10\/Capa-artigo-blog-12.jpg","width":852,"height":514},{"@type":"BreadcrumbList","@id":"https:\/\/www.prooptica.pt\/%f0%9f%92%99-prooptica-e-prolente-em-acao-solidaria-no-centro-socio-cultural-do-brejao-%f0%9f%92%99\/#breadcrumb","itemListElement":[{"@type":"ListItem","position":1,"name":"In\u00edcio","item":"https:\/\/www.prooptica.pt\/"},{"@type":"ListItem","position":2,"name":"\ud83d\udc99 Prooptica e Prolente em a\u00e7\u00e3o solid\u00e1ria no Centro S\u00f3cio-Cultural do Brej\u00e3o \ud83d\udc99"}]},{"@type":"WebSite","@id":"https:\/\/www.prooptica.pt\/home\/#website","url":"https:\/\/www.prooptica.pt\/home\/","name":"Prooptica","description":"Concepto de gafas completas","potentialAction":[{"@type":"SearchAction","target":{"@type":"EntryPoint","urlTemplate":"https:\/\/www.prooptica.pt\/home\/?s={search_term_string}"},"query-input":{"@type":"PropertyValueSpecification","valueRequired":true,"valueName":"search_term_string"}}],"inLanguage":"es"},{"@type":"Person","@id":"https:\/\/www.prooptica.pt\/home\/#\/schema\/person\/1cbd826a9322a3c38a052e43d1638306","name":"admin","image":{"@type":"ImageObject","inLanguage":"es","@id":"https:\/\/secure.gravatar.com\/avatar\/528c714482569d81724b02603aa719344e9ad7c0b50becf07272b2086b2c1cfd?s=96&d=mm&r=g","url":"https:\/\/secure.gravatar.com\/avatar\/528c714482569d81724b02603aa719344e9ad7c0b50becf07272b2086b2c1cfd?s=96&d=mm&r=g","contentUrl":"https:\/\/secure.gravatar.com\/avatar\/528c714482569d81724b02603aa719344e9ad7c0b50becf07272b2086b2c1cfd?s=96&d=mm&r=g","caption":"admin"},"url":"https:\/\/www.prooptica.pt\/es\/author\/admin\/"}]}},"_links":{"self":[{"href":"https:\/\/www.prooptica.pt\/es\/wp-json\/wp\/v2\/posts\/24204","targetHints":{"allow":["GET"]}}],"collection":[{"href":"https:\/\/www.prooptica.pt\/es\/wp-json\/wp\/v2\/posts"}],"about":[{"href":"https:\/\/www.prooptica.pt\/es\/wp-json\/wp\/v2\/types\/post"}],"author":[{"embeddable":true,"href":"https:\/\/www.prooptica.pt\/es\/wp-json\/wp\/v2\/users\/2"}],"replies":[{"embeddable":true,"href":"https:\/\/www.prooptica.pt\/es\/wp-json\/wp\/v2\/comments?post=24204"}],"version-history":[{"count":2,"href":"https:\/\/www.prooptica.pt\/es\/wp-json\/wp\/v2\/posts\/24204\/revisions"}],"predecessor-version":[{"id":24207,"href":"https:\/\/www.prooptica.pt\/es\/wp-json\/wp\/v2\/posts\/24204\/revisions\/24207"}],"wp:featuredmedia":[{"embeddable":true,"href":"https:\/\/www.prooptica.pt\/es\/wp-json\/wp\/v2\/media\/24205"}],"wp:attachment":[{"href":"https:\/\/www.prooptica.pt\/es\/wp-json\/wp\/v2\/media?parent=24204"}],"wp:term":[{"taxonomy":"category","embeddable":true,"href":"https:\/\/www.prooptica.pt\/es\/wp-json\/wp\/v2\/categories?post=24204"},{"taxonomy":"post_tag","embeddable":true,"href":"https:\/\/www.prooptica.pt\/es\/wp-json\/wp\/v2\/tags?post=24204"}],"curies":[{"name":"wp","href":"https:\/\/api.w.org\/{rel}","templated":true}]}}