{"id":24698,"date":"2026-05-03T09:58:51","date_gmt":"2026-05-03T09:58:51","guid":{"rendered":"https:\/\/www.prooptica.pt\/?p=24698"},"modified":"2026-05-02T10:02:28","modified_gmt":"2026-05-02T10:02:28","slug":"prooptica-dia-da-mae","status":"publish","type":"post","link":"https:\/\/www.prooptica.pt\/es\/prooptica-dia-da-mae\/","title":{"rendered":"Prooptica | Dia da M\u00e3e"},"content":{"rendered":"<p>Antecip\u00e1mos a celebra\u00e7\u00e3o do <strong>Dia da M\u00e3e<\/strong> com um gesto simples, mas cheio de significado: oferecemos flores \u00e0s nossas m\u00e3es e mulheres, como forma de reconhecimento, carinho e gratid\u00e3o.<\/p>\n<p>Na Prooptica, acreditamos que momentos como este fazem a diferen\u00e7a. Ao longo do ano, procuramos dinamizar pequenas a\u00e7\u00f5es que valorizem as nossas pessoas e reforcem o esp\u00edrito de equipa, especialmente em datas t\u00e3o simb\u00f3licas.<\/p>\n<p>Ser m\u00e3e \u00e9 sin\u00f3nimo de for\u00e7a, resili\u00eancia e inspira\u00e7\u00e3o di\u00e1ria. \u00c9 a capacidade \u00fanica de cuidar, liderar e transformar, muitas vezes de forma silenciosa, mas profundamente impactante. Celebrar este papel \u00e9 reconhecer o poder de quem inspira, apoia e faz crescer \u2014 dentro e fora da empresa.<\/p>\n<p>Porque cuidar de quem faz parte do nosso dia a dia \u00e9, tamb\u00e9m, uma forma de construir uma empresa mais pr\u00f3xima, humana e inspiradora.<\/p>\n<p>&nbsp;<\/p>\n<p>&nbsp;<\/p>","protected":false},"excerpt":{"rendered":"<p>Antecip\u00e1mos a celebra\u00e7\u00e3o do Dia da M\u00e3e com um gesto simples, mas cheio de significado: oferecemos flores \u00e0s nossas m\u00e3es e mulheres, como forma de reconhecimento, carinho e gratid\u00e3o. Na Prooptica, acreditamos que momentos como este fazem a diferen\u00e7a. Ao longo do ano, procuramos dinamizar pequenas a\u00e7\u00f5es que valorizem as nossas pessoas e reforcem o [&hellip;]<\/p>\n","protected":false},"author":2,"featured_media":24699,"comment_status":"closed","ping_status":"closed","sticky":false,"template":"","format":"standard","meta":{"footnotes":""},"categories":[195],"tags":[],"class_list":["post-24698","post","type-post","status-publish","format-standard","has-post-thumbnail","hentry","category-institucional"],"yoast_head":"<!-- This site is optimized with the Yoast SEO plugin v27.5 - https:\/\/yoast.com\/product\/yoast-seo-wordpress\/ -->\n<title>Prooptica | Dia da M\u00e3e<\/title>\n<meta name=\"description\" content=\"Porque cuidar de quem faz parte do nosso dia a dia \u00e9, tamb\u00e9m, uma forma de construir uma empresa mais pr\u00f3xima, humana e inspiradora.\" \/>\n<meta name=\"robots\" content=\"index, follow, max-snippet:-1, max-image-preview:large, max-video-preview:-1\" \/>\n<link rel=\"canonical\" href=\"https:\/\/www.prooptica.pt\/es\/prooptica-dia-da-mae\/\" \/>\n<meta property=\"og:locale\" content=\"es_ES\" \/>\n<meta property=\"og:type\" content=\"article\" \/>\n<meta property=\"og:title\" content=\"Prooptica | Dia da M\u00e3e\" \/>\n<meta property=\"og:description\" content=\"Porque cuidar de quem faz parte do nosso dia a dia \u00e9, tamb\u00e9m, uma forma de construir uma empresa mais pr\u00f3xima, humana e inspiradora.\" \/>\n<meta property=\"og:url\" content=\"https:\/\/www.prooptica.pt\/es\/prooptica-dia-da-mae\/\" \/>\n<meta property=\"og:site_name\" content=\"Prooptica\" \/>\n<meta property=\"article:published_time\" content=\"2026-05-03T09:58:51+00:00\" \/>\n<meta property=\"og:image\" content=\"https:\/\/www.prooptica.pt\/wp-content\/uploads\/2026\/05\/Capa-artigo-blog.jpg\" \/>\n\t<meta property=\"og:image:width\" content=\"852\" \/>\n\t<meta property=\"og:image:height\" content=\"514\" \/>\n\t<meta property=\"og:image:type\" content=\"image\/jpeg\" \/>\n<meta name=\"author\" content=\"admin\" \/>\n<meta name=\"twitter:card\" content=\"summary_large_image\" \/>\n<meta name=\"twitter:label1\" content=\"Escrito por\" \/>\n\t<meta name=\"twitter:data1\" content=\"admin\" \/>\n\t<meta name=\"twitter:label2\" content=\"Tiempo de lectura\" \/>\n\t<meta name=\"twitter:data2\" content=\"1 minuto\" \/>\n<script type=\"application\/ld+json\" class=\"yoast-schema-graph\">{\"@context\":\"https:\\\/\\\/schema.org\",\"@graph\":[{\"@type\":\"Article\",\"@id\":\"https:\\\/\\\/www.prooptica.pt\\\/prooptica-dia-da-mae\\\/#article\",\"isPartOf\":{\"@id\":\"https:\\\/\\\/www.prooptica.pt\\\/prooptica-dia-da-mae\\\/\"},\"author\":{\"name\":\"admin\",\"@id\":\"https:\\\/\\\/www.prooptica.pt\\\/home\\\/#\\\/schema\\\/person\\\/1cbd826a9322a3c38a052e43d1638306\"},\"headline\":\"Prooptica | Dia da M\u00e3e\",\"datePublished\":\"2026-05-03T09:58:51+00:00\",\"mainEntityOfPage\":{\"@id\":\"https:\\\/\\\/www.prooptica.pt\\\/prooptica-dia-da-mae\\\/\"},\"wordCount\":154,\"image\":{\"@id\":\"https:\\\/\\\/www.prooptica.pt\\\/prooptica-dia-da-mae\\\/#primaryimage\"},\"thumbnailUrl\":\"https:\\\/\\\/www.prooptica.pt\\\/wp-content\\\/uploads\\\/2026\\\/05\\\/Capa-artigo-blog.jpg\",\"articleSection\":[\"Institucional\"],\"inLanguage\":\"es\"},{\"@type\":\"WebPage\",\"@id\":\"https:\\\/\\\/www.prooptica.pt\\\/prooptica-dia-da-mae\\\/\",\"url\":\"https:\\\/\\\/www.prooptica.pt\\\/prooptica-dia-da-mae\\\/\",\"name\":\"Prooptica | Dia da M\u00e3e\",\"isPartOf\":{\"@id\":\"https:\\\/\\\/www.prooptica.pt\\\/home\\\/#website\"},\"primaryImageOfPage\":{\"@id\":\"https:\\\/\\\/www.prooptica.pt\\\/prooptica-dia-da-mae\\\/#primaryimage\"},\"image\":{\"@id\":\"https:\\\/\\\/www.prooptica.pt\\\/prooptica-dia-da-mae\\\/#primaryimage\"},\"thumbnailUrl\":\"https:\\\/\\\/www.prooptica.pt\\\/wp-content\\\/uploads\\\/2026\\\/05\\\/Capa-artigo-blog.jpg\",\"datePublished\":\"2026-05-03T09:58:51+00:00\",\"author\":{\"@id\":\"https:\\\/\\\/www.prooptica.pt\\\/home\\\/#\\\/schema\\\/person\\\/1cbd826a9322a3c38a052e43d1638306\"},\"description\":\"Porque cuidar de quem faz parte do nosso dia a dia \u00e9, tamb\u00e9m, uma forma de construir uma empresa mais pr\u00f3xima, humana e inspiradora.\",\"breadcrumb\":{\"@id\":\"https:\\\/\\\/www.prooptica.pt\\\/prooptica-dia-da-mae\\\/#breadcrumb\"},\"inLanguage\":\"es\",\"potentialAction\":[{\"@type\":\"ReadAction\",\"target\":[\"https:\\\/\\\/www.prooptica.pt\\\/prooptica-dia-da-mae\\\/\"]}]},{\"@type\":\"ImageObject\",\"inLanguage\":\"es\",\"@id\":\"https:\\\/\\\/www.prooptica.pt\\\/prooptica-dia-da-mae\\\/#primaryimage\",\"url\":\"https:\\\/\\\/www.prooptica.pt\\\/wp-content\\\/uploads\\\/2026\\\/05\\\/Capa-artigo-blog.jpg\",\"contentUrl\":\"https:\\\/\\\/www.prooptica.pt\\\/wp-content\\\/uploads\\\/2026\\\/05\\\/Capa-artigo-blog.jpg\",\"width\":852,\"height\":514},{\"@type\":\"BreadcrumbList\",\"@id\":\"https:\\\/\\\/www.prooptica.pt\\\/prooptica-dia-da-mae\\\/#breadcrumb\",\"itemListElement\":[{\"@type\":\"ListItem\",\"position\":1,\"name\":\"In\u00edcio\",\"item\":\"https:\\\/\\\/www.prooptica.pt\\\/\"},{\"@type\":\"ListItem\",\"position\":2,\"name\":\"Prooptica | Dia da M\u00e3e\"}]},{\"@type\":\"WebSite\",\"@id\":\"https:\\\/\\\/www.prooptica.pt\\\/home\\\/#website\",\"url\":\"https:\\\/\\\/www.prooptica.pt\\\/home\\\/\",\"name\":\"Prooptica\",\"description\":\"Full Eyewear Concept\",\"potentialAction\":[{\"@type\":\"SearchAction\",\"target\":{\"@type\":\"EntryPoint\",\"urlTemplate\":\"https:\\\/\\\/www.prooptica.pt\\\/home\\\/?s={search_term_string}\"},\"query-input\":{\"@type\":\"PropertyValueSpecification\",\"valueRequired\":true,\"valueName\":\"search_term_string\"}}],\"inLanguage\":\"es\"},{\"@type\":\"Person\",\"@id\":\"https:\\\/\\\/www.prooptica.pt\\\/home\\\/#\\\/schema\\\/person\\\/1cbd826a9322a3c38a052e43d1638306\",\"name\":\"admin\",\"image\":{\"@type\":\"ImageObject\",\"inLanguage\":\"es\",\"@id\":\"https:\\\/\\\/secure.gravatar.com\\\/avatar\\\/528c714482569d81724b02603aa719344e9ad7c0b50becf07272b2086b2c1cfd?s=96&d=mm&r=g\",\"url\":\"https:\\\/\\\/secure.gravatar.com\\\/avatar\\\/528c714482569d81724b02603aa719344e9ad7c0b50becf07272b2086b2c1cfd?s=96&d=mm&r=g\",\"contentUrl\":\"https:\\\/\\\/secure.gravatar.com\\\/avatar\\\/528c714482569d81724b02603aa719344e9ad7c0b50becf07272b2086b2c1cfd?s=96&d=mm&r=g\",\"caption\":\"admin\"},\"url\":\"https:\\\/\\\/www.prooptica.pt\\\/es\\\/author\\\/admin\\\/\"}]}<\/script>\n<!-- \/ Yoast SEO plugin. -->","yoast_head_json":{"title":"Prooptica | Dia da M\u00e3e","description":"Porque cuidar de quem faz parte do nosso dia a dia \u00e9, tamb\u00e9m, uma forma de construir uma empresa mais pr\u00f3xima, humana e inspiradora.","robots":{"index":"index","follow":"follow","max-snippet":"max-snippet:-1","max-image-preview":"max-image-preview:large","max-video-preview":"max-video-preview:-1"},"canonical":"https:\/\/www.prooptica.pt\/es\/prooptica-dia-da-mae\/","og_locale":"es_ES","og_type":"article","og_title":"Prooptica | Dia da M\u00e3e","og_description":"Porque cuidar de quem faz parte do nosso dia a dia \u00e9, tamb\u00e9m, uma forma de construir uma empresa mais pr\u00f3xima, humana e inspiradora.","og_url":"https:\/\/www.prooptica.pt\/es\/prooptica-dia-da-mae\/","og_site_name":"Prooptica","article_published_time":"2026-05-03T09:58:51+00:00","og_image":[{"width":852,"height":514,"url":"https:\/\/www.prooptica.pt\/wp-content\/uploads\/2026\/05\/Capa-artigo-blog.jpg","type":"image\/jpeg"}],"author":"admin","twitter_card":"summary_large_image","twitter_misc":{"Escrito por":"admin","Tiempo de lectura":"1 minuto"},"schema":{"@context":"https:\/\/schema.org","@graph":[{"@type":"Article","@id":"https:\/\/www.prooptica.pt\/prooptica-dia-da-mae\/#article","isPartOf":{"@id":"https:\/\/www.prooptica.pt\/prooptica-dia-da-mae\/"},"author":{"name":"admin","@id":"https:\/\/www.prooptica.pt\/home\/#\/schema\/person\/1cbd826a9322a3c38a052e43d1638306"},"headline":"Prooptica | Dia da M\u00e3e","datePublished":"2026-05-03T09:58:51+00:00","mainEntityOfPage":{"@id":"https:\/\/www.prooptica.pt\/prooptica-dia-da-mae\/"},"wordCount":154,"image":{"@id":"https:\/\/www.prooptica.pt\/prooptica-dia-da-mae\/#primaryimage"},"thumbnailUrl":"https:\/\/www.prooptica.pt\/wp-content\/uploads\/2026\/05\/Capa-artigo-blog.jpg","articleSection":["Institucional"],"inLanguage":"es"},{"@type":"WebPage","@id":"https:\/\/www.prooptica.pt\/prooptica-dia-da-mae\/","url":"https:\/\/www.prooptica.pt\/prooptica-dia-da-mae\/","name":"Prooptica | Dia da M\u00e3e","isPartOf":{"@id":"https:\/\/www.prooptica.pt\/home\/#website"},"primaryImageOfPage":{"@id":"https:\/\/www.prooptica.pt\/prooptica-dia-da-mae\/#primaryimage"},"image":{"@id":"https:\/\/www.prooptica.pt\/prooptica-dia-da-mae\/#primaryimage"},"thumbnailUrl":"https:\/\/www.prooptica.pt\/wp-content\/uploads\/2026\/05\/Capa-artigo-blog.jpg","datePublished":"2026-05-03T09:58:51+00:00","author":{"@id":"https:\/\/www.prooptica.pt\/home\/#\/schema\/person\/1cbd826a9322a3c38a052e43d1638306"},"description":"Porque cuidar de quem faz parte do nosso dia a dia \u00e9, tamb\u00e9m, uma forma de construir uma empresa mais pr\u00f3xima, humana e inspiradora.","breadcrumb":{"@id":"https:\/\/www.prooptica.pt\/prooptica-dia-da-mae\/#breadcrumb"},"inLanguage":"es","potentialAction":[{"@type":"ReadAction","target":["https:\/\/www.prooptica.pt\/prooptica-dia-da-mae\/"]}]},{"@type":"ImageObject","inLanguage":"es","@id":"https:\/\/www.prooptica.pt\/prooptica-dia-da-mae\/#primaryimage","url":"https:\/\/www.prooptica.pt\/wp-content\/uploads\/2026\/05\/Capa-artigo-blog.jpg","contentUrl":"https:\/\/www.prooptica.pt\/wp-content\/uploads\/2026\/05\/Capa-artigo-blog.jpg","width":852,"height":514},{"@type":"BreadcrumbList","@id":"https:\/\/www.prooptica.pt\/prooptica-dia-da-mae\/#breadcrumb","itemListElement":[{"@type":"ListItem","position":1,"name":"In\u00edcio","item":"https:\/\/www.prooptica.pt\/"},{"@type":"ListItem","position":2,"name":"Prooptica | Dia da M\u00e3e"}]},{"@type":"WebSite","@id":"https:\/\/www.prooptica.pt\/home\/#website","url":"https:\/\/www.prooptica.pt\/home\/","name":"Prooptica","description":"Concepto de gafas completas","potentialAction":[{"@type":"SearchAction","target":{"@type":"EntryPoint","urlTemplate":"https:\/\/www.prooptica.pt\/home\/?s={search_term_string}"},"query-input":{"@type":"PropertyValueSpecification","valueRequired":true,"valueName":"search_term_string"}}],"inLanguage":"es"},{"@type":"Person","@id":"https:\/\/www.prooptica.pt\/home\/#\/schema\/person\/1cbd826a9322a3c38a052e43d1638306","name":"admin","image":{"@type":"ImageObject","inLanguage":"es","@id":"https:\/\/secure.gravatar.com\/avatar\/528c714482569d81724b02603aa719344e9ad7c0b50becf07272b2086b2c1cfd?s=96&d=mm&r=g","url":"https:\/\/secure.gravatar.com\/avatar\/528c714482569d81724b02603aa719344e9ad7c0b50becf07272b2086b2c1cfd?s=96&d=mm&r=g","contentUrl":"https:\/\/secure.gravatar.com\/avatar\/528c714482569d81724b02603aa719344e9ad7c0b50becf07272b2086b2c1cfd?s=96&d=mm&r=g","caption":"admin"},"url":"https:\/\/www.prooptica.pt\/es\/author\/admin\/"}]}},"_links":{"self":[{"href":"https:\/\/www.prooptica.pt\/es\/wp-json\/wp\/v2\/posts\/24698","targetHints":{"allow":["GET"]}}],"collection":[{"href":"https:\/\/www.prooptica.pt\/es\/wp-json\/wp\/v2\/posts"}],"about":[{"href":"https:\/\/www.prooptica.pt\/es\/wp-json\/wp\/v2\/types\/post"}],"author":[{"embeddable":true,"href":"https:\/\/www.prooptica.pt\/es\/wp-json\/wp\/v2\/users\/2"}],"replies":[{"embeddable":true,"href":"https:\/\/www.prooptica.pt\/es\/wp-json\/wp\/v2\/comments?post=24698"}],"version-history":[{"count":1,"href":"https:\/\/www.prooptica.pt\/es\/wp-json\/wp\/v2\/posts\/24698\/revisions"}],"predecessor-version":[{"id":24700,"href":"https:\/\/www.prooptica.pt\/es\/wp-json\/wp\/v2\/posts\/24698\/revisions\/24700"}],"wp:featuredmedia":[{"embeddable":true,"href":"https:\/\/www.prooptica.pt\/es\/wp-json\/wp\/v2\/media\/24699"}],"wp:attachment":[{"href":"https:\/\/www.prooptica.pt\/es\/wp-json\/wp\/v2\/media?parent=24698"}],"wp:term":[{"taxonomy":"category","embeddable":true,"href":"https:\/\/www.prooptica.pt\/es\/wp-json\/wp\/v2\/categories?post=24698"},{"taxonomy":"post_tag","embeddable":true,"href":"https:\/\/www.prooptica.pt\/es\/wp-json\/wp\/v2\/tags?post=24698"}],"curies":[{"name":"wp","href":"https:\/\/api.w.org\/{rel}","templated":true}]}}