{"id":24983,"date":"2026-08-28T15:03:22","date_gmt":"2026-08-28T15:03:22","guid":{"rendered":"https:\/\/www.prooptica.pt\/?p=24983"},"modified":"2026-08-28T15:04:25","modified_gmt":"2026-08-28T15:04:25","slug":"regresso-as-aulas-ver-bem-para-aprender-brincar-e-descobrir","status":"publish","type":"post","link":"https:\/\/www.prooptica.pt\/es\/regresso-as-aulas-ver-bem-para-aprender-brincar-e-descobrir\/","title":{"rendered":"Regresso \u00e0s aulas | Ver bem para aprender, brincar e descobrir"},"content":{"rendered":"<p>O in\u00edcio de um novo ano letivo \u00e9 sin\u00f3nimo de novas experi\u00eancias, aprendizagens e desafios. Entre a escolha da mochila, a prepara\u00e7\u00e3o do material escolar e o regresso \u00e0s rotinas, existe um cuidado que n\u00e3o deve ser esquecido: <strong>a sa\u00fade visual das crian\u00e7as<\/strong>.<\/p>\n<p>A vis\u00e3o desempenha um papel fundamental no desenvolvimento e na aprendizagem. Ao longo do dia, os olhos s\u00e3o constantemente solicitados para ler, acompanhar o quadro, realizar tarefas, utilizar dispositivos digitais, praticar desporto e explorar tudo o que acontece \u00e0 sua volta.<\/p>\n<h6><strong>A vis\u00e3o das crian\u00e7as tamb\u00e9m muda<\/strong><\/h6>\n<p>Tal como crescem e mudam rapidamente, tamb\u00e9m a vis\u00e3o das crian\u00e7as pode sofrer altera\u00e7\u00f5es. O problema \u00e9 que nem sempre conseguem perceber ou explicar que n\u00e3o est\u00e3o a ver corretamente, assumindo muitas vezes que todas as pessoas veem o mundo da mesma forma.<\/p>\n<p>Alguns sinais podem ser mais evidentes, como <strong>semicerrar os olhos, aproximar-se demasiado dos livros ou ecr\u00e3s ou queixar-se de dores de cabe\u00e7a<\/strong>. Outros podem passar mais facilmente despercebidos, como dificuldade de concentra\u00e7\u00e3o, cansa\u00e7o depois das aulas ou menor facilidade em acompanhar determinadas atividades.<\/p>\n<p>Por isso, o per\u00edodo que antecede o regresso \u00e0s aulas pode ser uma excelente oportunidade para realizar uma <strong>avalia\u00e7\u00e3o da vis\u00e3o<\/strong> e garantir que tudo est\u00e1 preparado para come\u00e7ar o novo ano escolar nas melhores condi\u00e7\u00f5es.<\/p>\n<h6><strong>\u00d3culos que acompanham todas as aventuras<\/strong><\/h6>\n<p>Quando existe necessidade de utilizar \u00f3culos, escolher a arma\u00e7\u00e3o certa e as lentes adequadas, torna-se igualmente importante. Afinal, as crian\u00e7as correm, saltam, brincam, praticam desporto e est\u00e3o em constante movimento.<\/p>\n<p><strong>Conforto, resist\u00eancia, leveza e um ajuste adequado<\/strong> s\u00e3o caracter\u00edsticas essenciais para que os \u00f3culos acompanhem naturalmente todas estas atividades.<\/p>\n<p>Mas o design tamb\u00e9m conta. Envolver a crian\u00e7a na escolha da arma\u00e7\u00e3o pode ajudar a transformar os \u00f3culos num acess\u00f3rio com o qual se identifica e que gosta verdadeiramente de usar. Cores, formas e detalhes permitem encontrar modelos capazes de refletir diferentes personalidades e tornar a experi\u00eancia mais positiva.<\/p>\n<h6><strong>Ver melhor tamb\u00e9m pode significar sentir-se mais confiante<\/strong><\/h6>\n<p>Os \u00f3culos representam muito mais do que uma solu\u00e7\u00e3o para ver com maior nitidez. Quando uma crian\u00e7a consegue acompanhar melhor o que acontece na sala de aula, reconhecer os amigos \u00e0 dist\u00e2ncia ou participar confortavelmente nas suas atividades favoritas, pode tamb\u00e9m sentir-se mais segura e confiante.<\/p>\n<p>Uma boa experi\u00eancia visual contribui, assim, para que possa concentrar-se no que realmente importa: <strong>aprender, brincar, crescer e descobrir o mundo<\/strong>.<\/p>\n<h6><strong>Preparados para um novo ano escolar<\/strong><\/h6>\n<p>O regresso \u00e0s aulas \u00e9 feito de cadernos novos, reencontros, novas amizades e muitas descobertas. E todas elas come\u00e7am com a capacidade de observar claramente aquilo que nos rodeia.<\/p>\n<p>Por isso, entre todos os preparativos para o novo ano letivo, vale a pena reservar tamb\u00e9m um momento para cuidar da vis\u00e3o dos mais pequenos.<\/p>\n<h6><strong>Porque um novo ano cheio de descobertas merece ser visto com toda a clareza.<\/strong><\/h6>\n<p>&nbsp;<\/p>","protected":false},"excerpt":{"rendered":"<p>O in\u00edcio de um novo ano letivo \u00e9 sin\u00f3nimo de novas experi\u00eancias, aprendizagens e desafios. Entre a escolha da mochila, a prepara\u00e7\u00e3o do material escolar e o regresso \u00e0s rotinas, existe um cuidado que n\u00e3o deve ser esquecido: a sa\u00fade visual das crian\u00e7as. A vis\u00e3o desempenha um papel fundamental no desenvolvimento e na aprendizagem. Ao [&hellip;]<\/p>\n","protected":false},"author":2,"featured_media":24984,"comment_status":"closed","ping_status":"closed","sticky":false,"template":"","format":"standard","meta":{"footnotes":""},"categories":[238,187],"tags":[],"class_list":["post-24983","post","type-post","status-publish","format-standard","has-post-thumbnail","hentry","category-insight","category-lentes"],"yoast_head":"<!-- This site is optimized with the Yoast SEO plugin v28.3 - https:\/\/yoast.com\/product\/yoast-seo-wordpress\/ -->\n<title>Regresso \u00e0s aulas | Ver bem para aprender, brincar e descobrir<\/title>\n<meta name=\"description\" content=\"Por isso, entre todos os preparativos para o novo ano letivo, vale a pena reservar tamb\u00e9m um momento para cuidar da vis\u00e3o dos mais pequenos.\" \/>\n<meta name=\"robots\" content=\"index, follow, max-snippet:-1, max-image-preview:large, max-video-preview:-1\" \/>\n<link rel=\"canonical\" href=\"https:\/\/www.prooptica.pt\/es\/regresso-as-aulas-ver-bem-para-aprender-brincar-e-descobrir\/\" \/>\n<meta property=\"og:locale\" content=\"es_ES\" \/>\n<meta property=\"og:type\" content=\"article\" \/>\n<meta property=\"og:title\" content=\"Regresso \u00e0s aulas | Ver bem para aprender, brincar e descobrir\" \/>\n<meta property=\"og:description\" content=\"Por isso, entre todos os preparativos para o novo ano letivo, vale a pena reservar tamb\u00e9m um momento para cuidar da vis\u00e3o dos mais pequenos.\" \/>\n<meta property=\"og:url\" content=\"https:\/\/www.prooptica.pt\/es\/regresso-as-aulas-ver-bem-para-aprender-brincar-e-descobrir\/\" \/>\n<meta property=\"og:site_name\" content=\"Prooptica\" \/>\n<meta property=\"article:published_time\" content=\"2026-08-28T15:03:22+00:00\" \/>\n<meta property=\"article:modified_time\" content=\"2026-08-28T15:04:25+00:00\" \/>\n<meta property=\"og:image\" content=\"https:\/\/www.prooptica.pt\/wp-content\/uploads\/2026\/08\/Capa-artigo-blog-3.jpg\" \/>\n\t<meta property=\"og:image:width\" content=\"852\" \/>\n\t<meta property=\"og:image:height\" content=\"514\" \/>\n\t<meta property=\"og:image:type\" content=\"image\/jpeg\" \/>\n<meta name=\"author\" content=\"admin\" \/>\n<meta name=\"twitter:card\" content=\"summary_large_image\" \/>\n<meta name=\"twitter:label1\" content=\"Escrito por\" \/>\n\t<meta name=\"twitter:data1\" content=\"admin\" \/>\n\t<meta name=\"twitter:label2\" content=\"Tiempo de lectura\" \/>\n\t<meta name=\"twitter:data2\" content=\"3 minutos\" \/>\n<script type=\"application\/ld+json\" class=\"yoast-schema-graph\">{\"@context\":\"https:\\\/\\\/schema.org\",\"@graph\":[{\"@type\":\"Article\",\"@id\":\"https:\\\/\\\/www.prooptica.pt\\\/regresso-as-aulas-ver-bem-para-aprender-brincar-e-descobrir\\\/#article\",\"isPartOf\":{\"@id\":\"https:\\\/\\\/www.prooptica.pt\\\/regresso-as-aulas-ver-bem-para-aprender-brincar-e-descobrir\\\/\"},\"author\":{\"name\":\"admin\",\"@id\":\"https:\\\/\\\/www.prooptica.pt\\\/home\\\/#\\\/schema\\\/person\\\/1cbd826a9322a3c38a052e43d1638306\"},\"headline\":\"Regresso \u00e0s aulas | Ver bem para aprender, brincar e descobrir\",\"datePublished\":\"2026-08-28T15:03:22+00:00\",\"dateModified\":\"2026-08-28T15:04:25+00:00\",\"mainEntityOfPage\":{\"@id\":\"https:\\\/\\\/www.prooptica.pt\\\/regresso-as-aulas-ver-bem-para-aprender-brincar-e-descobrir\\\/\"},\"wordCount\":518,\"image\":{\"@id\":\"https:\\\/\\\/www.prooptica.pt\\\/regresso-as-aulas-ver-bem-para-aprender-brincar-e-descobrir\\\/#primaryimage\"},\"thumbnailUrl\":\"https:\\\/\\\/www.prooptica.pt\\\/wp-content\\\/uploads\\\/2026\\\/08\\\/Capa-artigo-blog-3.jpg\",\"articleSection\":[\"Insight\",\"Lentes\"],\"inLanguage\":\"es\"},{\"@type\":\"WebPage\",\"@id\":\"https:\\\/\\\/www.prooptica.pt\\\/regresso-as-aulas-ver-bem-para-aprender-brincar-e-descobrir\\\/\",\"url\":\"https:\\\/\\\/www.prooptica.pt\\\/regresso-as-aulas-ver-bem-para-aprender-brincar-e-descobrir\\\/\",\"name\":\"Regresso \u00e0s aulas | Ver bem para aprender, brincar e descobrir\",\"isPartOf\":{\"@id\":\"https:\\\/\\\/www.prooptica.pt\\\/home\\\/#website\"},\"primaryImageOfPage\":{\"@id\":\"https:\\\/\\\/www.prooptica.pt\\\/regresso-as-aulas-ver-bem-para-aprender-brincar-e-descobrir\\\/#primaryimage\"},\"image\":{\"@id\":\"https:\\\/\\\/www.prooptica.pt\\\/regresso-as-aulas-ver-bem-para-aprender-brincar-e-descobrir\\\/#primaryimage\"},\"thumbnailUrl\":\"https:\\\/\\\/www.prooptica.pt\\\/wp-content\\\/uploads\\\/2026\\\/08\\\/Capa-artigo-blog-3.jpg\",\"datePublished\":\"2026-08-28T15:03:22+00:00\",\"dateModified\":\"2026-08-28T15:04:25+00:00\",\"author\":{\"@id\":\"https:\\\/\\\/www.prooptica.pt\\\/home\\\/#\\\/schema\\\/person\\\/1cbd826a9322a3c38a052e43d1638306\"},\"description\":\"Por isso, entre todos os preparativos para o novo ano letivo, vale a pena reservar tamb\u00e9m um momento para cuidar da vis\u00e3o dos mais pequenos.\",\"breadcrumb\":{\"@id\":\"https:\\\/\\\/www.prooptica.pt\\\/regresso-as-aulas-ver-bem-para-aprender-brincar-e-descobrir\\\/#breadcrumb\"},\"inLanguage\":\"es\",\"potentialAction\":[{\"@type\":\"ReadAction\",\"target\":[\"https:\\\/\\\/www.prooptica.pt\\\/regresso-as-aulas-ver-bem-para-aprender-brincar-e-descobrir\\\/\"]}]},{\"@type\":\"ImageObject\",\"inLanguage\":\"es\",\"@id\":\"https:\\\/\\\/www.prooptica.pt\\\/regresso-as-aulas-ver-bem-para-aprender-brincar-e-descobrir\\\/#primaryimage\",\"url\":\"https:\\\/\\\/www.prooptica.pt\\\/wp-content\\\/uploads\\\/2026\\\/08\\\/Capa-artigo-blog-3.jpg\",\"contentUrl\":\"https:\\\/\\\/www.prooptica.pt\\\/wp-content\\\/uploads\\\/2026\\\/08\\\/Capa-artigo-blog-3.jpg\",\"width\":852,\"height\":514},{\"@type\":\"BreadcrumbList\",\"@id\":\"https:\\\/\\\/www.prooptica.pt\\\/regresso-as-aulas-ver-bem-para-aprender-brincar-e-descobrir\\\/#breadcrumb\",\"itemListElement\":[{\"@type\":\"ListItem\",\"position\":1,\"name\":\"In\u00edcio\",\"item\":\"https:\\\/\\\/www.prooptica.pt\\\/\"},{\"@type\":\"ListItem\",\"position\":2,\"name\":\"Regresso \u00e0s aulas | Ver bem para aprender, brincar e descobrir\"}]},{\"@type\":\"WebSite\",\"@id\":\"https:\\\/\\\/www.prooptica.pt\\\/home\\\/#website\",\"url\":\"https:\\\/\\\/www.prooptica.pt\\\/home\\\/\",\"name\":\"Prooptica\",\"description\":\"Full Eyewear Concept\",\"potentialAction\":[{\"@type\":\"SearchAction\",\"target\":{\"@type\":\"EntryPoint\",\"urlTemplate\":\"https:\\\/\\\/www.prooptica.pt\\\/home\\\/?s={search_term_string}\"},\"query-input\":{\"@type\":\"PropertyValueSpecification\",\"valueRequired\":true,\"valueName\":\"search_term_string\"}}],\"inLanguage\":\"es\"},{\"@type\":\"Person\",\"@id\":\"https:\\\/\\\/www.prooptica.pt\\\/home\\\/#\\\/schema\\\/person\\\/1cbd826a9322a3c38a052e43d1638306\",\"name\":\"admin\",\"image\":{\"@type\":\"ImageObject\",\"inLanguage\":\"es\",\"@id\":\"https:\\\/\\\/secure.gravatar.com\\\/avatar\\\/528c714482569d81724b02603aa719344e9ad7c0b50becf07272b2086b2c1cfd?s=96&d=mm&r=g\",\"url\":\"https:\\\/\\\/secure.gravatar.com\\\/avatar\\\/528c714482569d81724b02603aa719344e9ad7c0b50becf07272b2086b2c1cfd?s=96&d=mm&r=g\",\"contentUrl\":\"https:\\\/\\\/secure.gravatar.com\\\/avatar\\\/528c714482569d81724b02603aa719344e9ad7c0b50becf07272b2086b2c1cfd?s=96&d=mm&r=g\",\"caption\":\"admin\"},\"url\":\"https:\\\/\\\/www.prooptica.pt\\\/es\\\/author\\\/admin\\\/\"}]}<\/script>\n<!-- \/ Yoast SEO plugin. -->","yoast_head_json":{"title":"Regresso \u00e0s aulas | Ver bem para aprender, brincar e descobrir","description":"Por isso, entre todos os preparativos para o novo ano letivo, vale a pena reservar tamb\u00e9m um momento para cuidar da vis\u00e3o dos mais pequenos.","robots":{"index":"index","follow":"follow","max-snippet":"max-snippet:-1","max-image-preview":"max-image-preview:large","max-video-preview":"max-video-preview:-1"},"canonical":"https:\/\/www.prooptica.pt\/es\/regresso-as-aulas-ver-bem-para-aprender-brincar-e-descobrir\/","og_locale":"es_ES","og_type":"article","og_title":"Regresso \u00e0s aulas | Ver bem para aprender, brincar e descobrir","og_description":"Por isso, entre todos os preparativos para o novo ano letivo, vale a pena reservar tamb\u00e9m um momento para cuidar da vis\u00e3o dos mais pequenos.","og_url":"https:\/\/www.prooptica.pt\/es\/regresso-as-aulas-ver-bem-para-aprender-brincar-e-descobrir\/","og_site_name":"Prooptica","article_published_time":"2026-08-28T15:03:22+00:00","article_modified_time":"2026-08-28T15:04:25+00:00","og_image":[{"width":852,"height":514,"url":"https:\/\/www.prooptica.pt\/wp-content\/uploads\/2026\/08\/Capa-artigo-blog-3.jpg","type":"image\/jpeg"}],"author":"admin","twitter_card":"summary_large_image","twitter_misc":{"Escrito por":"admin","Tiempo de lectura":"3 minutos"},"schema":{"@context":"https:\/\/schema.org","@graph":[{"@type":"Article","@id":"https:\/\/www.prooptica.pt\/regresso-as-aulas-ver-bem-para-aprender-brincar-e-descobrir\/#article","isPartOf":{"@id":"https:\/\/www.prooptica.pt\/regresso-as-aulas-ver-bem-para-aprender-brincar-e-descobrir\/"},"author":{"name":"admin","@id":"https:\/\/www.prooptica.pt\/home\/#\/schema\/person\/1cbd826a9322a3c38a052e43d1638306"},"headline":"Regresso \u00e0s aulas | Ver bem para aprender, brincar e descobrir","datePublished":"2026-08-28T15:03:22+00:00","dateModified":"2026-08-28T15:04:25+00:00","mainEntityOfPage":{"@id":"https:\/\/www.prooptica.pt\/regresso-as-aulas-ver-bem-para-aprender-brincar-e-descobrir\/"},"wordCount":518,"image":{"@id":"https:\/\/www.prooptica.pt\/regresso-as-aulas-ver-bem-para-aprender-brincar-e-descobrir\/#primaryimage"},"thumbnailUrl":"https:\/\/www.prooptica.pt\/wp-content\/uploads\/2026\/08\/Capa-artigo-blog-3.jpg","articleSection":["Insight","Lentes"],"inLanguage":"es"},{"@type":"WebPage","@id":"https:\/\/www.prooptica.pt\/regresso-as-aulas-ver-bem-para-aprender-brincar-e-descobrir\/","url":"https:\/\/www.prooptica.pt\/regresso-as-aulas-ver-bem-para-aprender-brincar-e-descobrir\/","name":"Regresso \u00e0s aulas | Ver bem para aprender, brincar e descobrir","isPartOf":{"@id":"https:\/\/www.prooptica.pt\/home\/#website"},"primaryImageOfPage":{"@id":"https:\/\/www.prooptica.pt\/regresso-as-aulas-ver-bem-para-aprender-brincar-e-descobrir\/#primaryimage"},"image":{"@id":"https:\/\/www.prooptica.pt\/regresso-as-aulas-ver-bem-para-aprender-brincar-e-descobrir\/#primaryimage"},"thumbnailUrl":"https:\/\/www.prooptica.pt\/wp-content\/uploads\/2026\/08\/Capa-artigo-blog-3.jpg","datePublished":"2026-08-28T15:03:22+00:00","dateModified":"2026-08-28T15:04:25+00:00","author":{"@id":"https:\/\/www.prooptica.pt\/home\/#\/schema\/person\/1cbd826a9322a3c38a052e43d1638306"},"description":"Por isso, entre todos os preparativos para o novo ano letivo, vale a pena reservar tamb\u00e9m um momento para cuidar da vis\u00e3o dos mais pequenos.","breadcrumb":{"@id":"https:\/\/www.prooptica.pt\/regresso-as-aulas-ver-bem-para-aprender-brincar-e-descobrir\/#breadcrumb"},"inLanguage":"es","potentialAction":[{"@type":"ReadAction","target":["https:\/\/www.prooptica.pt\/regresso-as-aulas-ver-bem-para-aprender-brincar-e-descobrir\/"]}]},{"@type":"ImageObject","inLanguage":"es","@id":"https:\/\/www.prooptica.pt\/regresso-as-aulas-ver-bem-para-aprender-brincar-e-descobrir\/#primaryimage","url":"https:\/\/www.prooptica.pt\/wp-content\/uploads\/2026\/08\/Capa-artigo-blog-3.jpg","contentUrl":"https:\/\/www.prooptica.pt\/wp-content\/uploads\/2026\/08\/Capa-artigo-blog-3.jpg","width":852,"height":514},{"@type":"BreadcrumbList","@id":"https:\/\/www.prooptica.pt\/regresso-as-aulas-ver-bem-para-aprender-brincar-e-descobrir\/#breadcrumb","itemListElement":[{"@type":"ListItem","position":1,"name":"In\u00edcio","item":"https:\/\/www.prooptica.pt\/"},{"@type":"ListItem","position":2,"name":"Regresso \u00e0s aulas | Ver bem para aprender, brincar e descobrir"}]},{"@type":"WebSite","@id":"https:\/\/www.prooptica.pt\/home\/#website","url":"https:\/\/www.prooptica.pt\/home\/","name":"Prooptica","description":"Concepto de gafas completas","potentialAction":[{"@type":"SearchAction","target":{"@type":"EntryPoint","urlTemplate":"https:\/\/www.prooptica.pt\/home\/?s={search_term_string}"},"query-input":{"@type":"PropertyValueSpecification","valueRequired":true,"valueName":"search_term_string"}}],"inLanguage":"es"},{"@type":"Person","@id":"https:\/\/www.prooptica.pt\/home\/#\/schema\/person\/1cbd826a9322a3c38a052e43d1638306","name":"admin","image":{"@type":"ImageObject","inLanguage":"es","@id":"https:\/\/secure.gravatar.com\/avatar\/528c714482569d81724b02603aa719344e9ad7c0b50becf07272b2086b2c1cfd?s=96&d=mm&r=g","url":"https:\/\/secure.gravatar.com\/avatar\/528c714482569d81724b02603aa719344e9ad7c0b50becf07272b2086b2c1cfd?s=96&d=mm&r=g","contentUrl":"https:\/\/secure.gravatar.com\/avatar\/528c714482569d81724b02603aa719344e9ad7c0b50becf07272b2086b2c1cfd?s=96&d=mm&r=g","caption":"admin"},"url":"https:\/\/www.prooptica.pt\/es\/author\/admin\/"}]}},"_links":{"self":[{"href":"https:\/\/www.prooptica.pt\/es\/wp-json\/wp\/v2\/posts\/24983","targetHints":{"allow":["GET"]}}],"collection":[{"href":"https:\/\/www.prooptica.pt\/es\/wp-json\/wp\/v2\/posts"}],"about":[{"href":"https:\/\/www.prooptica.pt\/es\/wp-json\/wp\/v2\/types\/post"}],"author":[{"embeddable":true,"href":"https:\/\/www.prooptica.pt\/es\/wp-json\/wp\/v2\/users\/2"}],"replies":[{"embeddable":true,"href":"https:\/\/www.prooptica.pt\/es\/wp-json\/wp\/v2\/comments?post=24983"}],"version-history":[{"count":1,"href":"https:\/\/www.prooptica.pt\/es\/wp-json\/wp\/v2\/posts\/24983\/revisions"}],"predecessor-version":[{"id":24985,"href":"https:\/\/www.prooptica.pt\/es\/wp-json\/wp\/v2\/posts\/24983\/revisions\/24985"}],"wp:featuredmedia":[{"embeddable":true,"href":"https:\/\/www.prooptica.pt\/es\/wp-json\/wp\/v2\/media\/24984"}],"wp:attachment":[{"href":"https:\/\/www.prooptica.pt\/es\/wp-json\/wp\/v2\/media?parent=24983"}],"wp:term":[{"taxonomy":"category","embeddable":true,"href":"https:\/\/www.prooptica.pt\/es\/wp-json\/wp\/v2\/categories?post=24983"},{"taxonomy":"post_tag","embeddable":true,"href":"https:\/\/www.prooptica.pt\/es\/wp-json\/wp\/v2\/tags?post=24983"}],"curies":[{"name":"wp","href":"https:\/\/api.w.org\/{rel}","templated":true}]}}